{"id":385473,"date":"2026-03-04T00:45:33","date_gmt":"2026-03-04T03:45:33","guid":{"rendered":"https:\/\/www.notibras.com\/site\/?p=385473"},"modified":"2026-03-03T23:23:32","modified_gmt":"2026-03-04T02:23:32","slug":"tecidas-de-historias-leva-protagonismo-feminino-a-camara-legislativa","status":"publish","type":"post","link":"https:\/\/www.notibras.com\/site\/tecidas-de-historias-leva-protagonismo-feminino-a-camara-legislativa\/","title":{"rendered":"\u2018Tecidas de Hist\u00f3rias\u2019 leva protagonismo feminino \u00e0 C\u00e2mara Legislativa"},"content":{"rendered":"<p>Como parte da programa\u00e7\u00e3o da campanha Mar\u00e7o Mais Mulher, promovida pela Secretaria da Mulher (SMDF), a C\u00e2mara Legislativa do Distrito Federal (CLDF) apresenta, \u00e0s 17h de sexta-feira (6), o desfile Tecidas de Hist\u00f3rias. A iniciativa transforma o espa\u00e7o institucional em palco de protagonismo feminino, reunindo mulheres assistidas pelos comit\u00eas de prote\u00e7\u00e3o para celebrar supera\u00e7\u00e3o, autoestima e autonomia.<\/p>\n<p>O desfile marca presen\u00e7a como a\u00e7\u00e3o estrat\u00e9gica de pol\u00edtica p\u00fablica. A passarela ser\u00e1 ocupada por mulheres assistidas pelos comit\u00eas, em grande parte v\u00edtimas de viol\u00eancia, e convidadas especiais. Cada entrada simboliza identidade, pertencimento e empoderamento.<\/p>\n<p>As unidades do Comit\u00ea de Prote\u00e7\u00e3o \u00e0 Mulher atuam como pol\u00edtica p\u00fablica recente do Governo do Distrito Federal (GDF), criada para ampliar a rede de acolhimento e fortalecer a busca ativa de v\u00edtimas de viol\u00eancia.<\/p>\n<p>A proposta \u00e9 levar escuta qualificada e orienta\u00e7\u00e3o diretamente aos territ\u00f3rios, aproximando o Estado de mulheres que, muitas vezes, n\u00e3o se sentem preparadas ou seguras para procurar, por exemplo, uma delegacia.<\/p>\n<p>\u201cOs comit\u00eas s\u00e3o uma pol\u00edtica estrat\u00e9gica porque nos permitem fazer a busca ativa\u201d, afirma a secret\u00e1ria da Mulher, Giselle Ferreira. \u201cMuitas mulheres ainda t\u00eam medo ou resist\u00eancia em procurar uma delegacia. N\u00f3s vamos at\u00e9 elas, levamos informa\u00e7\u00e3o, acolhimento e mostramos que elas n\u00e3o est\u00e3o sozinhas.\u201d<\/p>\n<p><strong>Visibilidade<\/strong><\/p>\n<p>Para a titular da SMDF, o desfile simboliza exatamente esse processo de reconstru\u00e7\u00e3o. \u201cO Tecidas de Hist\u00f3rias \u00e9 mais do que um desfile; \u00e9 a materializa\u00e7\u00e3o de uma pol\u00edtica p\u00fablica que devolve autoestima, visibilidade e dignidade\u201d, enfatiza. \u201cQuando essas mulheres ocupam a passarela da C\u00e2mara Legislativa, elas est\u00e3o ocupando um espa\u00e7o de poder. Isso \u00e9 representatividade e \u00e9 transforma\u00e7\u00e3o social\u201d.<\/p>\n<p>A subsecret\u00e1ria de Prote\u00e7\u00e3o \u00e0 Mulher, Luana Maia, refor\u00e7a: \u201cCada mulher que pisa na passarela carrega sua hist\u00f3ria e reafirma sua pot\u00eancia. Celebrar o M\u00eas da Mulher \u00e9 garantir visibilidade, voz e espa\u00e7o para essas trajet\u00f3rias\u201d.<\/p>\n<p>O desfile ter\u00e1 cole\u00e7\u00f5es assinadas pelo estilista Fernando Cardoso e pela Estilosa Boutique. Apoiam a iniciativa a Ag\u00eancia Sprint, o jornal Correio Braziliense, a Publicidade e Marketing, a 3M Casting e a Purble Acervo.<\/p>\n<p><strong>Desfile Tecidas de Hist\u00f3rias<\/strong><\/p>\n<p>\u25ba Data: sexta-feira (6)<br \/>\n\u25ba Hor\u00e1rio: 17h<br \/>\n\u25ba Local: C\u00e2mara Legislativa do Distrito Federal.<\/p>\n","protected":false},"excerpt":{"rendered":"<p>Como parte da programa\u00e7\u00e3o da campanha Mar\u00e7o Mais Mulher, promovida pela Secretaria da Mulher (SMDF), a C\u00e2mara Legislativa do Distrito Federal (CLDF) apresenta, \u00e0s 17h de sexta-feira (6), o desfile Tecidas de Hist\u00f3rias. A iniciativa transforma o espa\u00e7o institucional em palco de protagonismo feminino, reunindo mulheres assistidas pelos comit\u00eas de prote\u00e7\u00e3o para celebrar supera\u00e7\u00e3o, autoestima [&hellip;]<\/p>\n","protected":false},"author":21,"featured_media":385474,"comment_status":"closed","ping_status":"closed","sticky":false,"template":"","format":"standard","meta":{"_acf_changed":false,"footnotes":""},"categories":[161],"tags":[],"class_list":["post-385473","post","type-post","status-publish","format-standard","has-post-thumbnail","hentry","category-quadradinho-em-foco"],"acf":[],"yoast_head":"<!-- This site is optimized with the Yoast SEO plugin v27.2 - https:\/\/yoast.com\/product\/yoast-seo-wordpress\/ -->\n<title>\u2018Tecidas de Hist\u00f3rias\u2019 leva protagonismo feminino \u00e0 C\u00e2mara Legislativa - Notibras<\/title>\n<meta name=\"robots\" content=\"index, follow, max-snippet:-1, max-image-preview:large, max-video-preview:-1\" \/>\n<link rel=\"canonical\" href=\"https:\/\/www.notibras.com\/site\/tecidas-de-historias-leva-protagonismo-feminino-a-camara-legislativa\/\" \/>\n<meta property=\"og:locale\" content=\"pt_BR\" \/>\n<meta property=\"og:type\" content=\"article\" \/>\n<meta property=\"og:title\" content=\"\u2018Tecidas de Hist\u00f3rias\u2019 leva protagonismo feminino \u00e0 C\u00e2mara Legislativa - Notibras\" \/>\n<meta property=\"og:description\" content=\"Como parte da programa\u00e7\u00e3o da campanha Mar\u00e7o Mais Mulher, promovida pela Secretaria da Mulher (SMDF), a C\u00e2mara Legislativa do Distrito Federal (CLDF) apresenta, \u00e0s 17h de sexta-feira (6), o desfile Tecidas de Hist\u00f3rias. A iniciativa transforma o espa\u00e7o institucional em palco de protagonismo feminino, reunindo mulheres assistidas pelos comit\u00eas de prote\u00e7\u00e3o para celebrar supera\u00e7\u00e3o, autoestima [&hellip;]\" \/>\n<meta property=\"og:url\" content=\"https:\/\/www.notibras.com\/site\/tecidas-de-historias-leva-protagonismo-feminino-a-camara-legislativa\/\" \/>\n<meta property=\"og:site_name\" content=\"Notibras\" \/>\n<meta property=\"article:publisher\" content=\"https:\/\/www.facebook.com\/notibras\/\" \/>\n<meta property=\"article:published_time\" content=\"2026-03-04T03:45:33+00:00\" \/>\n<meta property=\"og:image\" content=\"https:\/\/www.notibras.com\/site\/wp-content\/uploads\/2026\/03\/3.3.-Foto-Divulgacao-SMDF.4.jpeg\" \/>\n\t<meta property=\"og:image:width\" content=\"1280\" \/>\n\t<meta property=\"og:image:height\" content=\"960\" \/>\n\t<meta property=\"og:image:type\" content=\"image\/jpeg\" \/>\n<meta name=\"author\" content=\"Eduardo Mart\u00ednez\" \/>\n<meta name=\"twitter:card\" content=\"summary_large_image\" \/>\n<meta name=\"twitter:creator\" content=\"@Notibras\" \/>\n<meta name=\"twitter:site\" content=\"@Notibras\" \/>\n<meta name=\"twitter:label1\" content=\"Escrito por\" \/>\n\t<meta name=\"twitter:data1\" content=\"Eduardo Mart\u00ednez\" \/>\n\t<meta name=\"twitter:label2\" content=\"Est. tempo de leitura\" \/>\n\t<meta name=\"twitter:data2\" content=\"3 minutos\" \/>\n<script type=\"application\/ld+json\" class=\"yoast-schema-graph\">{\"@context\":\"https:\/\/schema.org\",\"@graph\":[{\"@type\":\"Article\",\"@id\":\"https:\/\/www.notibras.com\/site\/tecidas-de-historias-leva-protagonismo-feminino-a-camara-legislativa\/#article\",\"isPartOf\":{\"@id\":\"https:\/\/www.notibras.com\/site\/tecidas-de-historias-leva-protagonismo-feminino-a-camara-legislativa\/\"},\"author\":{\"name\":\"Eduardo Mart\u00ednez\",\"@id\":\"https:\/\/www.notibras.com\/site\/#\/schema\/person\/5b7fabf2aedc3ada2105f03b22b4d3dd\"},\"headline\":\"\u2018Tecidas de Hist\u00f3rias\u2019 leva protagonismo feminino \u00e0 C\u00e2mara Legislativa\",\"datePublished\":\"2026-03-04T03:45:33+00:00\",\"mainEntityOfPage\":{\"@id\":\"https:\/\/www.notibras.com\/site\/tecidas-de-historias-leva-protagonismo-feminino-a-camara-legislativa\/\"},\"wordCount\":406,\"publisher\":{\"@id\":\"https:\/\/www.notibras.com\/site\/#organization\"},\"image\":{\"@id\":\"https:\/\/www.notibras.com\/site\/tecidas-de-historias-leva-protagonismo-feminino-a-camara-legislativa\/#primaryimage\"},\"thumbnailUrl\":\"https:\/\/www.notibras.com\/site\/wp-content\/uploads\/2026\/03\/3.3.-Foto-Divulgacao-SMDF.4.jpeg\",\"articleSection\":[\"Quadradinho em Foco\"],\"inLanguage\":\"pt-BR\"},{\"@type\":\"WebPage\",\"@id\":\"https:\/\/www.notibras.com\/site\/tecidas-de-historias-leva-protagonismo-feminino-a-camara-legislativa\/\",\"url\":\"https:\/\/www.notibras.com\/site\/tecidas-de-historias-leva-protagonismo-feminino-a-camara-legislativa\/\",\"name\":\"\u2018Tecidas de Hist\u00f3rias\u2019 leva protagonismo feminino \u00e0 C\u00e2mara Legislativa - Notibras\",\"isPartOf\":{\"@id\":\"https:\/\/www.notibras.com\/site\/#website\"},\"primaryImageOfPage\":{\"@id\":\"https:\/\/www.notibras.com\/site\/tecidas-de-historias-leva-protagonismo-feminino-a-camara-legislativa\/#primaryimage\"},\"image\":{\"@id\":\"https:\/\/www.notibras.com\/site\/tecidas-de-historias-leva-protagonismo-feminino-a-camara-legislativa\/#primaryimage\"},\"thumbnailUrl\":\"https:\/\/www.notibras.com\/site\/wp-content\/uploads\/2026\/03\/3.3.-Foto-Divulgacao-SMDF.4.jpeg\",\"datePublished\":\"2026-03-04T03:45:33+00:00\",\"breadcrumb\":{\"@id\":\"https:\/\/www.notibras.com\/site\/tecidas-de-historias-leva-protagonismo-feminino-a-camara-legislativa\/#breadcrumb\"},\"inLanguage\":\"pt-BR\",\"potentialAction\":[{\"@type\":\"ReadAction\",\"target\":[\"https:\/\/www.notibras.com\/site\/tecidas-de-historias-leva-protagonismo-feminino-a-camara-legislativa\/\"]}]},{\"@type\":\"ImageObject\",\"inLanguage\":\"pt-BR\",\"@id\":\"https:\/\/www.notibras.com\/site\/tecidas-de-historias-leva-protagonismo-feminino-a-camara-legislativa\/#primaryimage\",\"url\":\"https:\/\/www.notibras.com\/site\/wp-content\/uploads\/2026\/03\/3.3.-Foto-Divulgacao-SMDF.4.jpeg\",\"contentUrl\":\"https:\/\/www.notibras.com\/site\/wp-content\/uploads\/2026\/03\/3.3.-Foto-Divulgacao-SMDF.4.jpeg\",\"width\":1280,\"height\":960},{\"@type\":\"BreadcrumbList\",\"@id\":\"https:\/\/www.notibras.com\/site\/tecidas-de-historias-leva-protagonismo-feminino-a-camara-legislativa\/#breadcrumb\",\"itemListElement\":[{\"@type\":\"ListItem\",\"position\":1,\"name\":\"In\u00edcio\",\"item\":\"https:\/\/www.notibras.com\/site\/\"},{\"@type\":\"ListItem\",\"position\":2,\"name\":\"\u2018Tecidas de Hist\u00f3rias\u2019 leva protagonismo feminino \u00e0 C\u00e2mara Legislativa\"}]},{\"@type\":\"WebSite\",\"@id\":\"https:\/\/www.notibras.com\/site\/#website\",\"url\":\"https:\/\/www.notibras.com\/site\/\",\"name\":\"Notibras\",\"description\":\"Not\u00edcias de Bras\u00edlia, do Brasil e do Mundo\",\"publisher\":{\"@id\":\"https:\/\/www.notibras.com\/site\/#organization\"},\"potentialAction\":[{\"@type\":\"SearchAction\",\"target\":{\"@type\":\"EntryPoint\",\"urlTemplate\":\"https:\/\/www.notibras.com\/site\/?s={search_term_string}\"},\"query-input\":{\"@type\":\"PropertyValueSpecification\",\"valueRequired\":true,\"valueName\":\"search_term_string\"}}],\"inLanguage\":\"pt-BR\"},{\"@type\":\"Organization\",\"@id\":\"https:\/\/www.notibras.com\/site\/#organization\",\"name\":\"Grupo Notibras de Comunica\u00e7\u00e3o\",\"url\":\"https:\/\/www.notibras.com\/site\/\",\"logo\":{\"@type\":\"ImageObject\",\"inLanguage\":\"pt-BR\",\"@id\":\"https:\/\/www.notibras.com\/site\/#\/schema\/logo\/image\/\",\"url\":\"https:\/\/www.notibras.com\/site\/wp-content\/uploads\/2023\/01\/notibras23.png\",\"contentUrl\":\"https:\/\/www.notibras.com\/site\/wp-content\/uploads\/2023\/01\/notibras23.png\",\"width\":350,\"height\":87,\"caption\":\"Grupo Notibras de Comunica\u00e7\u00e3o\"},\"image\":{\"@id\":\"https:\/\/www.notibras.com\/site\/#\/schema\/logo\/image\/\"},\"sameAs\":[\"https:\/\/www.facebook.com\/notibras\/\",\"https:\/\/x.com\/Notibras\",\"https:\/\/www.instagram.com\/notibras\/\"]},{\"@type\":\"Person\",\"@id\":\"https:\/\/www.notibras.com\/site\/#\/schema\/person\/5b7fabf2aedc3ada2105f03b22b4d3dd\",\"name\":\"Eduardo Mart\u00ednez\",\"image\":{\"@type\":\"ImageObject\",\"inLanguage\":\"pt-BR\",\"@id\":\"https:\/\/secure.gravatar.com\/avatar\/7902f906289926289cbcda644b5197c796b893c6ffd7b9a536a42d290f7704a0?s=96&d=mm&r=g\",\"url\":\"https:\/\/secure.gravatar.com\/avatar\/7902f906289926289cbcda644b5197c796b893c6ffd7b9a536a42d290f7704a0?s=96&d=mm&r=g\",\"contentUrl\":\"https:\/\/secure.gravatar.com\/avatar\/7902f906289926289cbcda644b5197c796b893c6ffd7b9a536a42d290f7704a0?s=96&d=mm&r=g\",\"caption\":\"Eduardo Mart\u00ednez\"}}]}<\/script>\n<!-- \/ Yoast SEO plugin. -->","yoast_head_json":{"title":"\u2018Tecidas de Hist\u00f3rias\u2019 leva protagonismo feminino \u00e0 C\u00e2mara Legislativa - Notibras","robots":{"index":"index","follow":"follow","max-snippet":"max-snippet:-1","max-image-preview":"max-image-preview:large","max-video-preview":"max-video-preview:-1"},"canonical":"https:\/\/www.notibras.com\/site\/tecidas-de-historias-leva-protagonismo-feminino-a-camara-legislativa\/","og_locale":"pt_BR","og_type":"article","og_title":"\u2018Tecidas de Hist\u00f3rias\u2019 leva protagonismo feminino \u00e0 C\u00e2mara Legislativa - Notibras","og_description":"Como parte da programa\u00e7\u00e3o da campanha Mar\u00e7o Mais Mulher, promovida pela Secretaria da Mulher (SMDF), a C\u00e2mara Legislativa do Distrito Federal (CLDF) apresenta, \u00e0s 17h de sexta-feira (6), o desfile Tecidas de Hist\u00f3rias. A iniciativa transforma o espa\u00e7o institucional em palco de protagonismo feminino, reunindo mulheres assistidas pelos comit\u00eas de prote\u00e7\u00e3o para celebrar supera\u00e7\u00e3o, autoestima [&hellip;]","og_url":"https:\/\/www.notibras.com\/site\/tecidas-de-historias-leva-protagonismo-feminino-a-camara-legislativa\/","og_site_name":"Notibras","article_publisher":"https:\/\/www.facebook.com\/notibras\/","article_published_time":"2026-03-04T03:45:33+00:00","og_image":[{"width":1280,"height":960,"url":"https:\/\/www.notibras.com\/site\/wp-content\/uploads\/2026\/03\/3.3.-Foto-Divulgacao-SMDF.4.jpeg","type":"image\/jpeg"}],"author":"Eduardo Mart\u00ednez","twitter_card":"summary_large_image","twitter_creator":"@Notibras","twitter_site":"@Notibras","twitter_misc":{"Escrito por":"Eduardo Mart\u00ednez","Est. tempo de leitura":"3 minutos"},"schema":{"@context":"https:\/\/schema.org","@graph":[{"@type":"Article","@id":"https:\/\/www.notibras.com\/site\/tecidas-de-historias-leva-protagonismo-feminino-a-camara-legislativa\/#article","isPartOf":{"@id":"https:\/\/www.notibras.com\/site\/tecidas-de-historias-leva-protagonismo-feminino-a-camara-legislativa\/"},"author":{"name":"Eduardo Mart\u00ednez","@id":"https:\/\/www.notibras.com\/site\/#\/schema\/person\/5b7fabf2aedc3ada2105f03b22b4d3dd"},"headline":"\u2018Tecidas de Hist\u00f3rias\u2019 leva protagonismo feminino \u00e0 C\u00e2mara Legislativa","datePublished":"2026-03-04T03:45:33+00:00","mainEntityOfPage":{"@id":"https:\/\/www.notibras.com\/site\/tecidas-de-historias-leva-protagonismo-feminino-a-camara-legislativa\/"},"wordCount":406,"publisher":{"@id":"https:\/\/www.notibras.com\/site\/#organization"},"image":{"@id":"https:\/\/www.notibras.com\/site\/tecidas-de-historias-leva-protagonismo-feminino-a-camara-legislativa\/#primaryimage"},"thumbnailUrl":"https:\/\/www.notibras.com\/site\/wp-content\/uploads\/2026\/03\/3.3.-Foto-Divulgacao-SMDF.4.jpeg","articleSection":["Quadradinho em Foco"],"inLanguage":"pt-BR"},{"@type":"WebPage","@id":"https:\/\/www.notibras.com\/site\/tecidas-de-historias-leva-protagonismo-feminino-a-camara-legislativa\/","url":"https:\/\/www.notibras.com\/site\/tecidas-de-historias-leva-protagonismo-feminino-a-camara-legislativa\/","name":"\u2018Tecidas de Hist\u00f3rias\u2019 leva protagonismo feminino \u00e0 C\u00e2mara Legislativa - Notibras","isPartOf":{"@id":"https:\/\/www.notibras.com\/site\/#website"},"primaryImageOfPage":{"@id":"https:\/\/www.notibras.com\/site\/tecidas-de-historias-leva-protagonismo-feminino-a-camara-legislativa\/#primaryimage"},"image":{"@id":"https:\/\/www.notibras.com\/site\/tecidas-de-historias-leva-protagonismo-feminino-a-camara-legislativa\/#primaryimage"},"thumbnailUrl":"https:\/\/www.notibras.com\/site\/wp-content\/uploads\/2026\/03\/3.3.-Foto-Divulgacao-SMDF.4.jpeg","datePublished":"2026-03-04T03:45:33+00:00","breadcrumb":{"@id":"https:\/\/www.notibras.com\/site\/tecidas-de-historias-leva-protagonismo-feminino-a-camara-legislativa\/#breadcrumb"},"inLanguage":"pt-BR","potentialAction":[{"@type":"ReadAction","target":["https:\/\/www.notibras.com\/site\/tecidas-de-historias-leva-protagonismo-feminino-a-camara-legislativa\/"]}]},{"@type":"ImageObject","inLanguage":"pt-BR","@id":"https:\/\/www.notibras.com\/site\/tecidas-de-historias-leva-protagonismo-feminino-a-camara-legislativa\/#primaryimage","url":"https:\/\/www.notibras.com\/site\/wp-content\/uploads\/2026\/03\/3.3.-Foto-Divulgacao-SMDF.4.jpeg","contentUrl":"https:\/\/www.notibras.com\/site\/wp-content\/uploads\/2026\/03\/3.3.-Foto-Divulgacao-SMDF.4.jpeg","width":1280,"height":960},{"@type":"BreadcrumbList","@id":"https:\/\/www.notibras.com\/site\/tecidas-de-historias-leva-protagonismo-feminino-a-camara-legislativa\/#breadcrumb","itemListElement":[{"@type":"ListItem","position":1,"name":"In\u00edcio","item":"https:\/\/www.notibras.com\/site\/"},{"@type":"ListItem","position":2,"name":"\u2018Tecidas de Hist\u00f3rias\u2019 leva protagonismo feminino \u00e0 C\u00e2mara Legislativa"}]},{"@type":"WebSite","@id":"https:\/\/www.notibras.com\/site\/#website","url":"https:\/\/www.notibras.com\/site\/","name":"Notibras","description":"Not\u00edcias de Bras\u00edlia, do Brasil e do Mundo","publisher":{"@id":"https:\/\/www.notibras.com\/site\/#organization"},"potentialAction":[{"@type":"SearchAction","target":{"@type":"EntryPoint","urlTemplate":"https:\/\/www.notibras.com\/site\/?s={search_term_string}"},"query-input":{"@type":"PropertyValueSpecification","valueRequired":true,"valueName":"search_term_string"}}],"inLanguage":"pt-BR"},{"@type":"Organization","@id":"https:\/\/www.notibras.com\/site\/#organization","name":"Grupo Notibras de Comunica\u00e7\u00e3o","url":"https:\/\/www.notibras.com\/site\/","logo":{"@type":"ImageObject","inLanguage":"pt-BR","@id":"https:\/\/www.notibras.com\/site\/#\/schema\/logo\/image\/","url":"https:\/\/www.notibras.com\/site\/wp-content\/uploads\/2023\/01\/notibras23.png","contentUrl":"https:\/\/www.notibras.com\/site\/wp-content\/uploads\/2023\/01\/notibras23.png","width":350,"height":87,"caption":"Grupo Notibras de Comunica\u00e7\u00e3o"},"image":{"@id":"https:\/\/www.notibras.com\/site\/#\/schema\/logo\/image\/"},"sameAs":["https:\/\/www.facebook.com\/notibras\/","https:\/\/x.com\/Notibras","https:\/\/www.instagram.com\/notibras\/"]},{"@type":"Person","@id":"https:\/\/www.notibras.com\/site\/#\/schema\/person\/5b7fabf2aedc3ada2105f03b22b4d3dd","name":"Eduardo Mart\u00ednez","image":{"@type":"ImageObject","inLanguage":"pt-BR","@id":"https:\/\/secure.gravatar.com\/avatar\/7902f906289926289cbcda644b5197c796b893c6ffd7b9a536a42d290f7704a0?s=96&d=mm&r=g","url":"https:\/\/secure.gravatar.com\/avatar\/7902f906289926289cbcda644b5197c796b893c6ffd7b9a536a42d290f7704a0?s=96&d=mm&r=g","contentUrl":"https:\/\/secure.gravatar.com\/avatar\/7902f906289926289cbcda644b5197c796b893c6ffd7b9a536a42d290f7704a0?s=96&d=mm&r=g","caption":"Eduardo Mart\u00ednez"}}]}},"amp_enabled":true,"_links":{"self":[{"href":"https:\/\/www.notibras.com\/site\/wp-json\/wp\/v2\/posts\/385473","targetHints":{"allow":["GET"]}}],"collection":[{"href":"https:\/\/www.notibras.com\/site\/wp-json\/wp\/v2\/posts"}],"about":[{"href":"https:\/\/www.notibras.com\/site\/wp-json\/wp\/v2\/types\/post"}],"author":[{"embeddable":true,"href":"https:\/\/www.notibras.com\/site\/wp-json\/wp\/v2\/users\/21"}],"replies":[{"embeddable":true,"href":"https:\/\/www.notibras.com\/site\/wp-json\/wp\/v2\/comments?post=385473"}],"version-history":[{"count":2,"href":"https:\/\/www.notibras.com\/site\/wp-json\/wp\/v2\/posts\/385473\/revisions"}],"predecessor-version":[{"id":385476,"href":"https:\/\/www.notibras.com\/site\/wp-json\/wp\/v2\/posts\/385473\/revisions\/385476"}],"wp:featuredmedia":[{"embeddable":true,"href":"https:\/\/www.notibras.com\/site\/wp-json\/wp\/v2\/media\/385474"}],"wp:attachment":[{"href":"https:\/\/www.notibras.com\/site\/wp-json\/wp\/v2\/media?parent=385473"}],"wp:term":[{"taxonomy":"category","embeddable":true,"href":"https:\/\/www.notibras.com\/site\/wp-json\/wp\/v2\/categories?post=385473"},{"taxonomy":"post_tag","embeddable":true,"href":"https:\/\/www.notibras.com\/site\/wp-json\/wp\/v2\/tags?post=385473"}],"curies":[{"name":"wp","href":"https:\/\/api.w.org\/{rel}","templated":true}]}}