{"id":385477,"date":"2026-03-04T01:15:00","date_gmt":"2026-03-04T04:15:00","guid":{"rendered":"https:\/\/www.notibras.com\/site\/?p=385477"},"modified":"2026-03-04T01:37:05","modified_gmt":"2026-03-04T04:37:05","slug":"agente-administrativo-da-pf-denunciado-por-homofobia-e-ameaca-com-revolver","status":"publish","type":"post","link":"https:\/\/www.notibras.com\/site\/agente-administrativo-da-pf-denunciado-por-homofobia-e-ameaca-com-revolver\/","title":{"rendered":"Agente administrativo da PF denunciado por homofobia e amea\u00e7a com rev\u00f3lver"},"content":{"rendered":"<p>O Minist\u00e9rio P\u00fablico do Distrito Federal apresentou den\u00fancia formal contra Diego de Abreu Souza Borges, de 40 anos, agente administrativo da Pol\u00edcia Federal, por um epis\u00f3dio de viol\u00eancia ocorrido em um bar de Samambaia. O acusado responder\u00e1 pelos crimes de homofobia, constrangimento ilegal com uso de arma de fogo e usurpa\u00e7\u00e3o de cargo p\u00fablico. O caso ganhou repercuss\u00e3o ap\u00f3s imagens de seguran\u00e7a registrarem a conduta agressiva do servidor contra frequentadores do local.<\/p>\n<p>O incidente aconteceu na noite do \u00faltimo dia 13, por volta das 21h, quando dois corretores de im\u00f3veis lanchavam no estabelecimento. De acordo com as investiga\u00e7\u00f5es, Diego, que consumia bebidas alco\u00f3licas, passou a interpelar as v\u00edtimas de maneira hostil. Motivado por preconceito, o agente questionou reiteradamente se os dois homens formavam um casal, utilizando o interrogat\u00f3rio como ferramenta de intimida\u00e7\u00e3o e constrangimento.<\/p>\n<p>A situa\u00e7\u00e3o escalou quando o servidor se levantou de sua mesa e sacou uma pistola, apontando-a para um dos homens. Registros de c\u00e2meras de seguran\u00e7a mostram o momento em que Diego tentou imobilizar uma das v\u00edtimas, ordenando que ela colocasse as m\u00e3os sobre a cabe\u00e7a e, posteriormente, exigindo que se deitasse no ch\u00e3o. Durante a abordagem violenta, o denunciado afirmou ser policial, tentando validar sua autoridade de forma arbitr\u00e1ria.<\/p>\n<p>Apesar de trabalhar na Pol\u00edcia Federal, Diego ocupa o cargo de agente administrativo, o que n\u00e3o lhe confere as prerrogativas de um policial de carreira. Por esse motivo, o MPDFT incluiu a tipifica\u00e7\u00e3o de usurpa\u00e7\u00e3o de fun\u00e7\u00e3o p\u00fablica na den\u00fancia. A conduta foi classificada como homof\u00f3bica devido ao teor das agress\u00f5es verbais, que focavam especificamente na orienta\u00e7\u00e3o sexual presumida das v\u00edtimas.<\/p>\n<p>Ap\u00f3s o ocorrido, o agente foi preso em flagrante pela Pol\u00edcia Civil. No entanto, sua liberdade foi concedida no dia 14 de fevereiro, ap\u00f3s passar por audi\u00eancia de cust\u00f3dia. O processo agora segue na Justi\u00e7a, que deve decidir se aceita a den\u00fancia e torna o servidor r\u00e9u pelos atos praticados no estabelecimento comercial.<\/p>\n<p>At\u00e9 o momento, a Pol\u00edcia Federal n\u00e3o emitiu um posicionamento oficial sobre a conduta do servidor ou poss\u00edveis processos administrativos disciplinares. A defesa de Diego de Abreu Souza Borges n\u00e3o foi localizada para comentar as acusa\u00e7\u00f5es. O espa\u00e7o permanece aberto para que os representantes legais do denunciado apresentem sua vers\u00e3o dos fatos.<\/p>\n","protected":false},"excerpt":{"rendered":"<p>O Minist\u00e9rio P\u00fablico do Distrito Federal apresentou den\u00fancia formal contra Diego de Abreu Souza Borges, de 40 anos, agente administrativo da Pol\u00edcia Federal, por um epis\u00f3dio de viol\u00eancia ocorrido em um bar de Samambaia. O acusado responder\u00e1 pelos crimes de homofobia, constrangimento ilegal com uso de arma de fogo e usurpa\u00e7\u00e3o de cargo p\u00fablico. O [&hellip;]<\/p>\n","protected":false},"author":21,"featured_media":385480,"comment_status":"closed","ping_status":"closed","sticky":false,"template":"","format":"standard","meta":{"_acf_changed":false,"footnotes":""},"categories":[161],"tags":[],"class_list":["post-385477","post","type-post","status-publish","format-standard","has-post-thumbnail","hentry","category-quadradinho-em-foco"],"acf":[],"yoast_head":"<!-- This site is optimized with the Yoast SEO plugin v27.2 - https:\/\/yoast.com\/product\/yoast-seo-wordpress\/ -->\n<title>Agente administrativo da PF denunciado por homofobia e amea\u00e7a com rev\u00f3lver - Notibras<\/title>\n<meta name=\"robots\" content=\"index, follow, max-snippet:-1, max-image-preview:large, max-video-preview:-1\" \/>\n<link rel=\"canonical\" href=\"https:\/\/www.notibras.com\/site\/agente-administrativo-da-pf-denunciado-por-homofobia-e-ameaca-com-revolver\/\" \/>\n<meta property=\"og:locale\" content=\"pt_BR\" \/>\n<meta property=\"og:type\" content=\"article\" \/>\n<meta property=\"og:title\" content=\"Agente administrativo da PF denunciado por homofobia e amea\u00e7a com rev\u00f3lver - Notibras\" \/>\n<meta property=\"og:description\" content=\"O Minist\u00e9rio P\u00fablico do Distrito Federal apresentou den\u00fancia formal contra Diego de Abreu Souza Borges, de 40 anos, agente administrativo da Pol\u00edcia Federal, por um epis\u00f3dio de viol\u00eancia ocorrido em um bar de Samambaia. O acusado responder\u00e1 pelos crimes de homofobia, constrangimento ilegal com uso de arma de fogo e usurpa\u00e7\u00e3o de cargo p\u00fablico. O [&hellip;]\" \/>\n<meta property=\"og:url\" content=\"https:\/\/www.notibras.com\/site\/agente-administrativo-da-pf-denunciado-por-homofobia-e-ameaca-com-revolver\/\" \/>\n<meta property=\"og:site_name\" content=\"Notibras\" \/>\n<meta property=\"article:publisher\" content=\"https:\/\/www.facebook.com\/notibras\/\" \/>\n<meta property=\"article:published_time\" content=\"2026-03-04T04:15:00+00:00\" \/>\n<meta property=\"article:modified_time\" content=\"2026-03-04T04:37:05+00:00\" \/>\n<meta property=\"og:image\" content=\"https:\/\/www.notibras.com\/site\/wp-content\/uploads\/2026\/03\/WhatsApp-Image-2026-03-03-at-23.31.36.jpeg\" \/>\n\t<meta property=\"og:image:width\" content=\"984\" \/>\n\t<meta property=\"og:image:height\" content=\"554\" \/>\n\t<meta property=\"og:image:type\" content=\"image\/jpeg\" \/>\n<meta name=\"author\" content=\"Eduardo Mart\u00ednez\" \/>\n<meta name=\"twitter:card\" content=\"summary_large_image\" \/>\n<meta name=\"twitter:creator\" content=\"@Notibras\" \/>\n<meta name=\"twitter:site\" content=\"@Notibras\" \/>\n<meta name=\"twitter:label1\" content=\"Escrito por\" \/>\n\t<meta name=\"twitter:data1\" content=\"Eduardo Mart\u00ednez\" \/>\n\t<meta name=\"twitter:label2\" content=\"Est. tempo de leitura\" \/>\n\t<meta name=\"twitter:data2\" content=\"3 minutos\" \/>\n<script type=\"application\/ld+json\" class=\"yoast-schema-graph\">{\"@context\":\"https:\/\/schema.org\",\"@graph\":[{\"@type\":\"Article\",\"@id\":\"https:\/\/www.notibras.com\/site\/agente-administrativo-da-pf-denunciado-por-homofobia-e-ameaca-com-revolver\/#article\",\"isPartOf\":{\"@id\":\"https:\/\/www.notibras.com\/site\/agente-administrativo-da-pf-denunciado-por-homofobia-e-ameaca-com-revolver\/\"},\"author\":{\"name\":\"Eduardo Mart\u00ednez\",\"@id\":\"https:\/\/www.notibras.com\/site\/#\/schema\/person\/5b7fabf2aedc3ada2105f03b22b4d3dd\"},\"headline\":\"Agente administrativo da PF denunciado por homofobia e amea\u00e7a com rev\u00f3lver\",\"datePublished\":\"2026-03-04T04:15:00+00:00\",\"dateModified\":\"2026-03-04T04:37:05+00:00\",\"mainEntityOfPage\":{\"@id\":\"https:\/\/www.notibras.com\/site\/agente-administrativo-da-pf-denunciado-por-homofobia-e-ameaca-com-revolver\/\"},\"wordCount\":430,\"publisher\":{\"@id\":\"https:\/\/www.notibras.com\/site\/#organization\"},\"image\":{\"@id\":\"https:\/\/www.notibras.com\/site\/agente-administrativo-da-pf-denunciado-por-homofobia-e-ameaca-com-revolver\/#primaryimage\"},\"thumbnailUrl\":\"https:\/\/www.notibras.com\/site\/wp-content\/uploads\/2026\/03\/WhatsApp-Image-2026-03-03-at-23.31.36.jpeg\",\"articleSection\":[\"Quadradinho em Foco\"],\"inLanguage\":\"pt-BR\"},{\"@type\":\"WebPage\",\"@id\":\"https:\/\/www.notibras.com\/site\/agente-administrativo-da-pf-denunciado-por-homofobia-e-ameaca-com-revolver\/\",\"url\":\"https:\/\/www.notibras.com\/site\/agente-administrativo-da-pf-denunciado-por-homofobia-e-ameaca-com-revolver\/\",\"name\":\"Agente administrativo da PF denunciado por homofobia e amea\u00e7a com rev\u00f3lver - Notibras\",\"isPartOf\":{\"@id\":\"https:\/\/www.notibras.com\/site\/#website\"},\"primaryImageOfPage\":{\"@id\":\"https:\/\/www.notibras.com\/site\/agente-administrativo-da-pf-denunciado-por-homofobia-e-ameaca-com-revolver\/#primaryimage\"},\"image\":{\"@id\":\"https:\/\/www.notibras.com\/site\/agente-administrativo-da-pf-denunciado-por-homofobia-e-ameaca-com-revolver\/#primaryimage\"},\"thumbnailUrl\":\"https:\/\/www.notibras.com\/site\/wp-content\/uploads\/2026\/03\/WhatsApp-Image-2026-03-03-at-23.31.36.jpeg\",\"datePublished\":\"2026-03-04T04:15:00+00:00\",\"dateModified\":\"2026-03-04T04:37:05+00:00\",\"breadcrumb\":{\"@id\":\"https:\/\/www.notibras.com\/site\/agente-administrativo-da-pf-denunciado-por-homofobia-e-ameaca-com-revolver\/#breadcrumb\"},\"inLanguage\":\"pt-BR\",\"potentialAction\":[{\"@type\":\"ReadAction\",\"target\":[\"https:\/\/www.notibras.com\/site\/agente-administrativo-da-pf-denunciado-por-homofobia-e-ameaca-com-revolver\/\"]}]},{\"@type\":\"ImageObject\",\"inLanguage\":\"pt-BR\",\"@id\":\"https:\/\/www.notibras.com\/site\/agente-administrativo-da-pf-denunciado-por-homofobia-e-ameaca-com-revolver\/#primaryimage\",\"url\":\"https:\/\/www.notibras.com\/site\/wp-content\/uploads\/2026\/03\/WhatsApp-Image-2026-03-03-at-23.31.36.jpeg\",\"contentUrl\":\"https:\/\/www.notibras.com\/site\/wp-content\/uploads\/2026\/03\/WhatsApp-Image-2026-03-03-at-23.31.36.jpeg\",\"width\":984,\"height\":554},{\"@type\":\"BreadcrumbList\",\"@id\":\"https:\/\/www.notibras.com\/site\/agente-administrativo-da-pf-denunciado-por-homofobia-e-ameaca-com-revolver\/#breadcrumb\",\"itemListElement\":[{\"@type\":\"ListItem\",\"position\":1,\"name\":\"In\u00edcio\",\"item\":\"https:\/\/www.notibras.com\/site\/\"},{\"@type\":\"ListItem\",\"position\":2,\"name\":\"Agente administrativo da PF denunciado por homofobia e amea\u00e7a com rev\u00f3lver\"}]},{\"@type\":\"WebSite\",\"@id\":\"https:\/\/www.notibras.com\/site\/#website\",\"url\":\"https:\/\/www.notibras.com\/site\/\",\"name\":\"Notibras\",\"description\":\"Not\u00edcias de Bras\u00edlia, do Brasil e do Mundo\",\"publisher\":{\"@id\":\"https:\/\/www.notibras.com\/site\/#organization\"},\"potentialAction\":[{\"@type\":\"SearchAction\",\"target\":{\"@type\":\"EntryPoint\",\"urlTemplate\":\"https:\/\/www.notibras.com\/site\/?s={search_term_string}\"},\"query-input\":{\"@type\":\"PropertyValueSpecification\",\"valueRequired\":true,\"valueName\":\"search_term_string\"}}],\"inLanguage\":\"pt-BR\"},{\"@type\":\"Organization\",\"@id\":\"https:\/\/www.notibras.com\/site\/#organization\",\"name\":\"Grupo Notibras de Comunica\u00e7\u00e3o\",\"url\":\"https:\/\/www.notibras.com\/site\/\",\"logo\":{\"@type\":\"ImageObject\",\"inLanguage\":\"pt-BR\",\"@id\":\"https:\/\/www.notibras.com\/site\/#\/schema\/logo\/image\/\",\"url\":\"https:\/\/www.notibras.com\/site\/wp-content\/uploads\/2023\/01\/notibras23.png\",\"contentUrl\":\"https:\/\/www.notibras.com\/site\/wp-content\/uploads\/2023\/01\/notibras23.png\",\"width\":350,\"height\":87,\"caption\":\"Grupo Notibras de Comunica\u00e7\u00e3o\"},\"image\":{\"@id\":\"https:\/\/www.notibras.com\/site\/#\/schema\/logo\/image\/\"},\"sameAs\":[\"https:\/\/www.facebook.com\/notibras\/\",\"https:\/\/x.com\/Notibras\",\"https:\/\/www.instagram.com\/notibras\/\"]},{\"@type\":\"Person\",\"@id\":\"https:\/\/www.notibras.com\/site\/#\/schema\/person\/5b7fabf2aedc3ada2105f03b22b4d3dd\",\"name\":\"Eduardo Mart\u00ednez\",\"image\":{\"@type\":\"ImageObject\",\"inLanguage\":\"pt-BR\",\"@id\":\"https:\/\/secure.gravatar.com\/avatar\/7902f906289926289cbcda644b5197c796b893c6ffd7b9a536a42d290f7704a0?s=96&d=mm&r=g\",\"url\":\"https:\/\/secure.gravatar.com\/avatar\/7902f906289926289cbcda644b5197c796b893c6ffd7b9a536a42d290f7704a0?s=96&d=mm&r=g\",\"contentUrl\":\"https:\/\/secure.gravatar.com\/avatar\/7902f906289926289cbcda644b5197c796b893c6ffd7b9a536a42d290f7704a0?s=96&d=mm&r=g\",\"caption\":\"Eduardo Mart\u00ednez\"}}]}<\/script>\n<!-- \/ Yoast SEO plugin. -->","yoast_head_json":{"title":"Agente administrativo da PF denunciado por homofobia e amea\u00e7a com rev\u00f3lver - Notibras","robots":{"index":"index","follow":"follow","max-snippet":"max-snippet:-1","max-image-preview":"max-image-preview:large","max-video-preview":"max-video-preview:-1"},"canonical":"https:\/\/www.notibras.com\/site\/agente-administrativo-da-pf-denunciado-por-homofobia-e-ameaca-com-revolver\/","og_locale":"pt_BR","og_type":"article","og_title":"Agente administrativo da PF denunciado por homofobia e amea\u00e7a com rev\u00f3lver - Notibras","og_description":"O Minist\u00e9rio P\u00fablico do Distrito Federal apresentou den\u00fancia formal contra Diego de Abreu Souza Borges, de 40 anos, agente administrativo da Pol\u00edcia Federal, por um epis\u00f3dio de viol\u00eancia ocorrido em um bar de Samambaia. O acusado responder\u00e1 pelos crimes de homofobia, constrangimento ilegal com uso de arma de fogo e usurpa\u00e7\u00e3o de cargo p\u00fablico. O [&hellip;]","og_url":"https:\/\/www.notibras.com\/site\/agente-administrativo-da-pf-denunciado-por-homofobia-e-ameaca-com-revolver\/","og_site_name":"Notibras","article_publisher":"https:\/\/www.facebook.com\/notibras\/","article_published_time":"2026-03-04T04:15:00+00:00","article_modified_time":"2026-03-04T04:37:05+00:00","og_image":[{"width":984,"height":554,"url":"https:\/\/www.notibras.com\/site\/wp-content\/uploads\/2026\/03\/WhatsApp-Image-2026-03-03-at-23.31.36.jpeg","type":"image\/jpeg"}],"author":"Eduardo Mart\u00ednez","twitter_card":"summary_large_image","twitter_creator":"@Notibras","twitter_site":"@Notibras","twitter_misc":{"Escrito por":"Eduardo Mart\u00ednez","Est. tempo de leitura":"3 minutos"},"schema":{"@context":"https:\/\/schema.org","@graph":[{"@type":"Article","@id":"https:\/\/www.notibras.com\/site\/agente-administrativo-da-pf-denunciado-por-homofobia-e-ameaca-com-revolver\/#article","isPartOf":{"@id":"https:\/\/www.notibras.com\/site\/agente-administrativo-da-pf-denunciado-por-homofobia-e-ameaca-com-revolver\/"},"author":{"name":"Eduardo Mart\u00ednez","@id":"https:\/\/www.notibras.com\/site\/#\/schema\/person\/5b7fabf2aedc3ada2105f03b22b4d3dd"},"headline":"Agente administrativo da PF denunciado por homofobia e amea\u00e7a com rev\u00f3lver","datePublished":"2026-03-04T04:15:00+00:00","dateModified":"2026-03-04T04:37:05+00:00","mainEntityOfPage":{"@id":"https:\/\/www.notibras.com\/site\/agente-administrativo-da-pf-denunciado-por-homofobia-e-ameaca-com-revolver\/"},"wordCount":430,"publisher":{"@id":"https:\/\/www.notibras.com\/site\/#organization"},"image":{"@id":"https:\/\/www.notibras.com\/site\/agente-administrativo-da-pf-denunciado-por-homofobia-e-ameaca-com-revolver\/#primaryimage"},"thumbnailUrl":"https:\/\/www.notibras.com\/site\/wp-content\/uploads\/2026\/03\/WhatsApp-Image-2026-03-03-at-23.31.36.jpeg","articleSection":["Quadradinho em Foco"],"inLanguage":"pt-BR"},{"@type":"WebPage","@id":"https:\/\/www.notibras.com\/site\/agente-administrativo-da-pf-denunciado-por-homofobia-e-ameaca-com-revolver\/","url":"https:\/\/www.notibras.com\/site\/agente-administrativo-da-pf-denunciado-por-homofobia-e-ameaca-com-revolver\/","name":"Agente administrativo da PF denunciado por homofobia e amea\u00e7a com rev\u00f3lver - Notibras","isPartOf":{"@id":"https:\/\/www.notibras.com\/site\/#website"},"primaryImageOfPage":{"@id":"https:\/\/www.notibras.com\/site\/agente-administrativo-da-pf-denunciado-por-homofobia-e-ameaca-com-revolver\/#primaryimage"},"image":{"@id":"https:\/\/www.notibras.com\/site\/agente-administrativo-da-pf-denunciado-por-homofobia-e-ameaca-com-revolver\/#primaryimage"},"thumbnailUrl":"https:\/\/www.notibras.com\/site\/wp-content\/uploads\/2026\/03\/WhatsApp-Image-2026-03-03-at-23.31.36.jpeg","datePublished":"2026-03-04T04:15:00+00:00","dateModified":"2026-03-04T04:37:05+00:00","breadcrumb":{"@id":"https:\/\/www.notibras.com\/site\/agente-administrativo-da-pf-denunciado-por-homofobia-e-ameaca-com-revolver\/#breadcrumb"},"inLanguage":"pt-BR","potentialAction":[{"@type":"ReadAction","target":["https:\/\/www.notibras.com\/site\/agente-administrativo-da-pf-denunciado-por-homofobia-e-ameaca-com-revolver\/"]}]},{"@type":"ImageObject","inLanguage":"pt-BR","@id":"https:\/\/www.notibras.com\/site\/agente-administrativo-da-pf-denunciado-por-homofobia-e-ameaca-com-revolver\/#primaryimage","url":"https:\/\/www.notibras.com\/site\/wp-content\/uploads\/2026\/03\/WhatsApp-Image-2026-03-03-at-23.31.36.jpeg","contentUrl":"https:\/\/www.notibras.com\/site\/wp-content\/uploads\/2026\/03\/WhatsApp-Image-2026-03-03-at-23.31.36.jpeg","width":984,"height":554},{"@type":"BreadcrumbList","@id":"https:\/\/www.notibras.com\/site\/agente-administrativo-da-pf-denunciado-por-homofobia-e-ameaca-com-revolver\/#breadcrumb","itemListElement":[{"@type":"ListItem","position":1,"name":"In\u00edcio","item":"https:\/\/www.notibras.com\/site\/"},{"@type":"ListItem","position":2,"name":"Agente administrativo da PF denunciado por homofobia e amea\u00e7a com rev\u00f3lver"}]},{"@type":"WebSite","@id":"https:\/\/www.notibras.com\/site\/#website","url":"https:\/\/www.notibras.com\/site\/","name":"Notibras","description":"Not\u00edcias de Bras\u00edlia, do Brasil e do Mundo","publisher":{"@id":"https:\/\/www.notibras.com\/site\/#organization"},"potentialAction":[{"@type":"SearchAction","target":{"@type":"EntryPoint","urlTemplate":"https:\/\/www.notibras.com\/site\/?s={search_term_string}"},"query-input":{"@type":"PropertyValueSpecification","valueRequired":true,"valueName":"search_term_string"}}],"inLanguage":"pt-BR"},{"@type":"Organization","@id":"https:\/\/www.notibras.com\/site\/#organization","name":"Grupo Notibras de Comunica\u00e7\u00e3o","url":"https:\/\/www.notibras.com\/site\/","logo":{"@type":"ImageObject","inLanguage":"pt-BR","@id":"https:\/\/www.notibras.com\/site\/#\/schema\/logo\/image\/","url":"https:\/\/www.notibras.com\/site\/wp-content\/uploads\/2023\/01\/notibras23.png","contentUrl":"https:\/\/www.notibras.com\/site\/wp-content\/uploads\/2023\/01\/notibras23.png","width":350,"height":87,"caption":"Grupo Notibras de Comunica\u00e7\u00e3o"},"image":{"@id":"https:\/\/www.notibras.com\/site\/#\/schema\/logo\/image\/"},"sameAs":["https:\/\/www.facebook.com\/notibras\/","https:\/\/x.com\/Notibras","https:\/\/www.instagram.com\/notibras\/"]},{"@type":"Person","@id":"https:\/\/www.notibras.com\/site\/#\/schema\/person\/5b7fabf2aedc3ada2105f03b22b4d3dd","name":"Eduardo Mart\u00ednez","image":{"@type":"ImageObject","inLanguage":"pt-BR","@id":"https:\/\/secure.gravatar.com\/avatar\/7902f906289926289cbcda644b5197c796b893c6ffd7b9a536a42d290f7704a0?s=96&d=mm&r=g","url":"https:\/\/secure.gravatar.com\/avatar\/7902f906289926289cbcda644b5197c796b893c6ffd7b9a536a42d290f7704a0?s=96&d=mm&r=g","contentUrl":"https:\/\/secure.gravatar.com\/avatar\/7902f906289926289cbcda644b5197c796b893c6ffd7b9a536a42d290f7704a0?s=96&d=mm&r=g","caption":"Eduardo Mart\u00ednez"}}]}},"amp_enabled":true,"_links":{"self":[{"href":"https:\/\/www.notibras.com\/site\/wp-json\/wp\/v2\/posts\/385477","targetHints":{"allow":["GET"]}}],"collection":[{"href":"https:\/\/www.notibras.com\/site\/wp-json\/wp\/v2\/posts"}],"about":[{"href":"https:\/\/www.notibras.com\/site\/wp-json\/wp\/v2\/types\/post"}],"author":[{"embeddable":true,"href":"https:\/\/www.notibras.com\/site\/wp-json\/wp\/v2\/users\/21"}],"replies":[{"embeddable":true,"href":"https:\/\/www.notibras.com\/site\/wp-json\/wp\/v2\/comments?post=385477"}],"version-history":[{"count":8,"href":"https:\/\/www.notibras.com\/site\/wp-json\/wp\/v2\/posts\/385477\/revisions"}],"predecessor-version":[{"id":385512,"href":"https:\/\/www.notibras.com\/site\/wp-json\/wp\/v2\/posts\/385477\/revisions\/385512"}],"wp:featuredmedia":[{"embeddable":true,"href":"https:\/\/www.notibras.com\/site\/wp-json\/wp\/v2\/media\/385480"}],"wp:attachment":[{"href":"https:\/\/www.notibras.com\/site\/wp-json\/wp\/v2\/media?parent=385477"}],"wp:term":[{"taxonomy":"category","embeddable":true,"href":"https:\/\/www.notibras.com\/site\/wp-json\/wp\/v2\/categories?post=385477"},{"taxonomy":"post_tag","embeddable":true,"href":"https:\/\/www.notibras.com\/site\/wp-json\/wp\/v2\/tags?post=385477"}],"curies":[{"name":"wp","href":"https:\/\/api.w.org\/{rel}","templated":true}]}}