{"id":385486,"date":"2026-03-04T02:15:21","date_gmt":"2026-03-04T05:15:21","guid":{"rendered":"https:\/\/www.notibras.com\/site\/?p=385486"},"modified":"2026-03-04T02:20:35","modified_gmt":"2026-03-04T05:20:35","slug":"nikolas-troca-fundo-preto-por-luxo-de-investigado","status":"publish","type":"post","link":"https:\/\/www.notibras.com\/site\/nikolas-troca-fundo-preto-por-luxo-de-investigado\/","title":{"rendered":"Nikolas troca &#8216;fundo preto&#8217; por luxo de investigado"},"content":{"rendered":"<p>Na ter\u00e7a-feira, 3, veio \u00e0 tona a informa\u00e7\u00e3o de que o deputado Nikolas Ferreira, do PL de Minas Gerais, e o pastor Guilherme Batista, da Igreja da Lagoinha, utilizaram um jatinho pertencente a Daniel Vorcaro, do Banco Master. A revela\u00e7\u00e3o levanta uma s\u00e9rie de questionamentos que n\u00e3o podem ser ignorados. O uso de uma aeronave privada por agentes pol\u00edticos e l\u00edderes religiosos ligados a personagens envolvidos em um esc\u00e2ndalo financeiro exige transpar\u00eancia e explica\u00e7\u00f5es claras \u00e0 sociedade.<\/p>\n<p>A primeira pergunta \u00e9 simples: como esse jatinho foi disponibilizado? Houve algum contrato formal? Se houve pagamento, ele foi feito de que forma? E, caso n\u00e3o tenha havido pagamento direto, \u00e9 preciso esclarecer se o uso da aeronave foi concedido em troca de algum tipo de influ\u00eancia pol\u00edtica ou benef\u00edcio indireto. Diante do hist\u00f3rico de investiga\u00e7\u00f5es envolvendo rela\u00e7\u00f5es entre poder econ\u00f4mico e poder pol\u00edtico no Brasil, n\u00e3o \u00e9 exagero questionar se pode ter ocorrido abuso de poder econ\u00f4mico ou alguma forma de favorecimento indevido.<\/p>\n<p>Tamb\u00e9m \u00e9 necess\u00e1rio compreender melhor as conex\u00f5es que aparecem nesse epis\u00f3dio. Qual \u00e9 exatamente a rela\u00e7\u00e3o de Nikolas Ferreira com o Banco Master e com Daniel Vorcaro? E qual \u00e9 a liga\u00e7\u00e3o entre a Igreja da Lagoinha e esse mesmo grupo? Por que tantos pastores ligados \u00e0 igreja aparecem associados ao caso? Chama aten\u00e7\u00e3o ainda o fato de Fabiano Zettel, cunhado de Vorcaro e tamb\u00e9m pastor da Lagoinha, ter sido o maior doador das campanhas de Tarc\u00edsio de Freitas e Jair Bolsonaro. Nikolas costuma gravar v\u00eddeos com fundo preto para criticar o governo e cobrar explica\u00e7\u00f5es. Agora chegou a hora de usar o mesmo formato para prestar esclarecimentos \u00e0 sociedade.<\/p>\n","protected":false},"excerpt":{"rendered":"<p>Na ter\u00e7a-feira, 3, veio \u00e0 tona a informa\u00e7\u00e3o de que o deputado Nikolas Ferreira, do PL de Minas Gerais, e o pastor Guilherme Batista, da Igreja da Lagoinha, utilizaram um jatinho pertencente a Daniel Vorcaro, do Banco Master. A revela\u00e7\u00e3o levanta uma s\u00e9rie de questionamentos que n\u00e3o podem ser ignorados. O uso de uma aeronave [&hellip;]<\/p>\n","protected":false},"author":21,"featured_media":385487,"comment_status":"closed","ping_status":"closed","sticky":false,"template":"","format":"standard","meta":{"_acf_changed":false,"footnotes":""},"categories":[235],"tags":[],"class_list":["post-385486","post","type-post","status-publish","format-standard","has-post-thumbnail","hentry","category-dona-irene"],"acf":[],"yoast_head":"<!-- This site is optimized with the Yoast SEO plugin v27.2 - https:\/\/yoast.com\/product\/yoast-seo-wordpress\/ -->\n<title>Nikolas troca &#039;fundo preto&#039; por luxo de investigado - Notibras<\/title>\n<meta name=\"robots\" content=\"index, follow, max-snippet:-1, max-image-preview:large, max-video-preview:-1\" \/>\n<link rel=\"canonical\" href=\"https:\/\/www.notibras.com\/site\/nikolas-troca-fundo-preto-por-luxo-de-investigado\/\" \/>\n<meta property=\"og:locale\" content=\"pt_BR\" \/>\n<meta property=\"og:type\" content=\"article\" \/>\n<meta property=\"og:title\" content=\"Nikolas troca &#039;fundo preto&#039; por luxo de investigado - Notibras\" \/>\n<meta property=\"og:description\" content=\"Na ter\u00e7a-feira, 3, veio \u00e0 tona a informa\u00e7\u00e3o de que o deputado Nikolas Ferreira, do PL de Minas Gerais, e o pastor Guilherme Batista, da Igreja da Lagoinha, utilizaram um jatinho pertencente a Daniel Vorcaro, do Banco Master. A revela\u00e7\u00e3o levanta uma s\u00e9rie de questionamentos que n\u00e3o podem ser ignorados. O uso de uma aeronave [&hellip;]\" \/>\n<meta property=\"og:url\" content=\"https:\/\/www.notibras.com\/site\/nikolas-troca-fundo-preto-por-luxo-de-investigado\/\" \/>\n<meta property=\"og:site_name\" content=\"Notibras\" \/>\n<meta property=\"article:publisher\" content=\"https:\/\/www.facebook.com\/notibras\/\" \/>\n<meta property=\"article:published_time\" content=\"2026-03-04T05:15:21+00:00\" \/>\n<meta property=\"article:modified_time\" content=\"2026-03-04T05:20:35+00:00\" \/>\n<meta property=\"og:image\" content=\"https:\/\/www.notibras.com\/site\/wp-content\/uploads\/2026\/03\/Nikolas-Jato-Vorcaro-1-848x477-1.webp\" \/>\n\t<meta property=\"og:image:width\" content=\"848\" \/>\n\t<meta property=\"og:image:height\" content=\"477\" \/>\n\t<meta property=\"og:image:type\" content=\"image\/webp\" \/>\n<meta name=\"author\" content=\"Eduardo Mart\u00ednez\" \/>\n<meta name=\"twitter:card\" content=\"summary_large_image\" \/>\n<meta name=\"twitter:creator\" content=\"@Notibras\" \/>\n<meta name=\"twitter:site\" content=\"@Notibras\" \/>\n<meta name=\"twitter:label1\" content=\"Escrito por\" \/>\n\t<meta name=\"twitter:data1\" content=\"Eduardo Mart\u00ednez\" \/>\n\t<meta name=\"twitter:label2\" content=\"Est. tempo de leitura\" \/>\n\t<meta name=\"twitter:data2\" content=\"2 minutos\" \/>\n<script type=\"application\/ld+json\" class=\"yoast-schema-graph\">{\"@context\":\"https:\/\/schema.org\",\"@graph\":[{\"@type\":\"Article\",\"@id\":\"https:\/\/www.notibras.com\/site\/nikolas-troca-fundo-preto-por-luxo-de-investigado\/#article\",\"isPartOf\":{\"@id\":\"https:\/\/www.notibras.com\/site\/nikolas-troca-fundo-preto-por-luxo-de-investigado\/\"},\"author\":{\"name\":\"Eduardo Mart\u00ednez\",\"@id\":\"https:\/\/www.notibras.com\/site\/#\/schema\/person\/5b7fabf2aedc3ada2105f03b22b4d3dd\"},\"headline\":\"Nikolas troca &#8216;fundo preto&#8217; por luxo de investigado\",\"datePublished\":\"2026-03-04T05:15:21+00:00\",\"dateModified\":\"2026-03-04T05:20:35+00:00\",\"mainEntityOfPage\":{\"@id\":\"https:\/\/www.notibras.com\/site\/nikolas-troca-fundo-preto-por-luxo-de-investigado\/\"},\"wordCount\":300,\"publisher\":{\"@id\":\"https:\/\/www.notibras.com\/site\/#organization\"},\"image\":{\"@id\":\"https:\/\/www.notibras.com\/site\/nikolas-troca-fundo-preto-por-luxo-de-investigado\/#primaryimage\"},\"thumbnailUrl\":\"https:\/\/www.notibras.com\/site\/wp-content\/uploads\/2026\/03\/Nikolas-Jato-Vorcaro-1-848x477-1.webp\",\"articleSection\":[\"Dona Irene\"],\"inLanguage\":\"pt-BR\"},{\"@type\":\"WebPage\",\"@id\":\"https:\/\/www.notibras.com\/site\/nikolas-troca-fundo-preto-por-luxo-de-investigado\/\",\"url\":\"https:\/\/www.notibras.com\/site\/nikolas-troca-fundo-preto-por-luxo-de-investigado\/\",\"name\":\"Nikolas troca 'fundo preto' por luxo de investigado - Notibras\",\"isPartOf\":{\"@id\":\"https:\/\/www.notibras.com\/site\/#website\"},\"primaryImageOfPage\":{\"@id\":\"https:\/\/www.notibras.com\/site\/nikolas-troca-fundo-preto-por-luxo-de-investigado\/#primaryimage\"},\"image\":{\"@id\":\"https:\/\/www.notibras.com\/site\/nikolas-troca-fundo-preto-por-luxo-de-investigado\/#primaryimage\"},\"thumbnailUrl\":\"https:\/\/www.notibras.com\/site\/wp-content\/uploads\/2026\/03\/Nikolas-Jato-Vorcaro-1-848x477-1.webp\",\"datePublished\":\"2026-03-04T05:15:21+00:00\",\"dateModified\":\"2026-03-04T05:20:35+00:00\",\"breadcrumb\":{\"@id\":\"https:\/\/www.notibras.com\/site\/nikolas-troca-fundo-preto-por-luxo-de-investigado\/#breadcrumb\"},\"inLanguage\":\"pt-BR\",\"potentialAction\":[{\"@type\":\"ReadAction\",\"target\":[\"https:\/\/www.notibras.com\/site\/nikolas-troca-fundo-preto-por-luxo-de-investigado\/\"]}]},{\"@type\":\"ImageObject\",\"inLanguage\":\"pt-BR\",\"@id\":\"https:\/\/www.notibras.com\/site\/nikolas-troca-fundo-preto-por-luxo-de-investigado\/#primaryimage\",\"url\":\"https:\/\/www.notibras.com\/site\/wp-content\/uploads\/2026\/03\/Nikolas-Jato-Vorcaro-1-848x477-1.webp\",\"contentUrl\":\"https:\/\/www.notibras.com\/site\/wp-content\/uploads\/2026\/03\/Nikolas-Jato-Vorcaro-1-848x477-1.webp\",\"width\":848,\"height\":477},{\"@type\":\"BreadcrumbList\",\"@id\":\"https:\/\/www.notibras.com\/site\/nikolas-troca-fundo-preto-por-luxo-de-investigado\/#breadcrumb\",\"itemListElement\":[{\"@type\":\"ListItem\",\"position\":1,\"name\":\"In\u00edcio\",\"item\":\"https:\/\/www.notibras.com\/site\/\"},{\"@type\":\"ListItem\",\"position\":2,\"name\":\"Nikolas troca &#8216;fundo preto&#8217; por luxo de investigado\"}]},{\"@type\":\"WebSite\",\"@id\":\"https:\/\/www.notibras.com\/site\/#website\",\"url\":\"https:\/\/www.notibras.com\/site\/\",\"name\":\"Notibras\",\"description\":\"Not\u00edcias de Bras\u00edlia, do Brasil e do Mundo\",\"publisher\":{\"@id\":\"https:\/\/www.notibras.com\/site\/#organization\"},\"potentialAction\":[{\"@type\":\"SearchAction\",\"target\":{\"@type\":\"EntryPoint\",\"urlTemplate\":\"https:\/\/www.notibras.com\/site\/?s={search_term_string}\"},\"query-input\":{\"@type\":\"PropertyValueSpecification\",\"valueRequired\":true,\"valueName\":\"search_term_string\"}}],\"inLanguage\":\"pt-BR\"},{\"@type\":\"Organization\",\"@id\":\"https:\/\/www.notibras.com\/site\/#organization\",\"name\":\"Grupo Notibras de Comunica\u00e7\u00e3o\",\"url\":\"https:\/\/www.notibras.com\/site\/\",\"logo\":{\"@type\":\"ImageObject\",\"inLanguage\":\"pt-BR\",\"@id\":\"https:\/\/www.notibras.com\/site\/#\/schema\/logo\/image\/\",\"url\":\"https:\/\/www.notibras.com\/site\/wp-content\/uploads\/2023\/01\/notibras23.png\",\"contentUrl\":\"https:\/\/www.notibras.com\/site\/wp-content\/uploads\/2023\/01\/notibras23.png\",\"width\":350,\"height\":87,\"caption\":\"Grupo Notibras de Comunica\u00e7\u00e3o\"},\"image\":{\"@id\":\"https:\/\/www.notibras.com\/site\/#\/schema\/logo\/image\/\"},\"sameAs\":[\"https:\/\/www.facebook.com\/notibras\/\",\"https:\/\/x.com\/Notibras\",\"https:\/\/www.instagram.com\/notibras\/\"]},{\"@type\":\"Person\",\"@id\":\"https:\/\/www.notibras.com\/site\/#\/schema\/person\/5b7fabf2aedc3ada2105f03b22b4d3dd\",\"name\":\"Eduardo Mart\u00ednez\",\"image\":{\"@type\":\"ImageObject\",\"inLanguage\":\"pt-BR\",\"@id\":\"https:\/\/secure.gravatar.com\/avatar\/7902f906289926289cbcda644b5197c796b893c6ffd7b9a536a42d290f7704a0?s=96&d=mm&r=g\",\"url\":\"https:\/\/secure.gravatar.com\/avatar\/7902f906289926289cbcda644b5197c796b893c6ffd7b9a536a42d290f7704a0?s=96&d=mm&r=g\",\"contentUrl\":\"https:\/\/secure.gravatar.com\/avatar\/7902f906289926289cbcda644b5197c796b893c6ffd7b9a536a42d290f7704a0?s=96&d=mm&r=g\",\"caption\":\"Eduardo Mart\u00ednez\"}}]}<\/script>\n<!-- \/ Yoast SEO plugin. -->","yoast_head_json":{"title":"Nikolas troca 'fundo preto' por luxo de investigado - Notibras","robots":{"index":"index","follow":"follow","max-snippet":"max-snippet:-1","max-image-preview":"max-image-preview:large","max-video-preview":"max-video-preview:-1"},"canonical":"https:\/\/www.notibras.com\/site\/nikolas-troca-fundo-preto-por-luxo-de-investigado\/","og_locale":"pt_BR","og_type":"article","og_title":"Nikolas troca 'fundo preto' por luxo de investigado - Notibras","og_description":"Na ter\u00e7a-feira, 3, veio \u00e0 tona a informa\u00e7\u00e3o de que o deputado Nikolas Ferreira, do PL de Minas Gerais, e o pastor Guilherme Batista, da Igreja da Lagoinha, utilizaram um jatinho pertencente a Daniel Vorcaro, do Banco Master. A revela\u00e7\u00e3o levanta uma s\u00e9rie de questionamentos que n\u00e3o podem ser ignorados. O uso de uma aeronave [&hellip;]","og_url":"https:\/\/www.notibras.com\/site\/nikolas-troca-fundo-preto-por-luxo-de-investigado\/","og_site_name":"Notibras","article_publisher":"https:\/\/www.facebook.com\/notibras\/","article_published_time":"2026-03-04T05:15:21+00:00","article_modified_time":"2026-03-04T05:20:35+00:00","og_image":[{"width":848,"height":477,"url":"https:\/\/www.notibras.com\/site\/wp-content\/uploads\/2026\/03\/Nikolas-Jato-Vorcaro-1-848x477-1.webp","type":"image\/webp"}],"author":"Eduardo Mart\u00ednez","twitter_card":"summary_large_image","twitter_creator":"@Notibras","twitter_site":"@Notibras","twitter_misc":{"Escrito por":"Eduardo Mart\u00ednez","Est. tempo de leitura":"2 minutos"},"schema":{"@context":"https:\/\/schema.org","@graph":[{"@type":"Article","@id":"https:\/\/www.notibras.com\/site\/nikolas-troca-fundo-preto-por-luxo-de-investigado\/#article","isPartOf":{"@id":"https:\/\/www.notibras.com\/site\/nikolas-troca-fundo-preto-por-luxo-de-investigado\/"},"author":{"name":"Eduardo Mart\u00ednez","@id":"https:\/\/www.notibras.com\/site\/#\/schema\/person\/5b7fabf2aedc3ada2105f03b22b4d3dd"},"headline":"Nikolas troca &#8216;fundo preto&#8217; por luxo de investigado","datePublished":"2026-03-04T05:15:21+00:00","dateModified":"2026-03-04T05:20:35+00:00","mainEntityOfPage":{"@id":"https:\/\/www.notibras.com\/site\/nikolas-troca-fundo-preto-por-luxo-de-investigado\/"},"wordCount":300,"publisher":{"@id":"https:\/\/www.notibras.com\/site\/#organization"},"image":{"@id":"https:\/\/www.notibras.com\/site\/nikolas-troca-fundo-preto-por-luxo-de-investigado\/#primaryimage"},"thumbnailUrl":"https:\/\/www.notibras.com\/site\/wp-content\/uploads\/2026\/03\/Nikolas-Jato-Vorcaro-1-848x477-1.webp","articleSection":["Dona Irene"],"inLanguage":"pt-BR"},{"@type":"WebPage","@id":"https:\/\/www.notibras.com\/site\/nikolas-troca-fundo-preto-por-luxo-de-investigado\/","url":"https:\/\/www.notibras.com\/site\/nikolas-troca-fundo-preto-por-luxo-de-investigado\/","name":"Nikolas troca 'fundo preto' por luxo de investigado - Notibras","isPartOf":{"@id":"https:\/\/www.notibras.com\/site\/#website"},"primaryImageOfPage":{"@id":"https:\/\/www.notibras.com\/site\/nikolas-troca-fundo-preto-por-luxo-de-investigado\/#primaryimage"},"image":{"@id":"https:\/\/www.notibras.com\/site\/nikolas-troca-fundo-preto-por-luxo-de-investigado\/#primaryimage"},"thumbnailUrl":"https:\/\/www.notibras.com\/site\/wp-content\/uploads\/2026\/03\/Nikolas-Jato-Vorcaro-1-848x477-1.webp","datePublished":"2026-03-04T05:15:21+00:00","dateModified":"2026-03-04T05:20:35+00:00","breadcrumb":{"@id":"https:\/\/www.notibras.com\/site\/nikolas-troca-fundo-preto-por-luxo-de-investigado\/#breadcrumb"},"inLanguage":"pt-BR","potentialAction":[{"@type":"ReadAction","target":["https:\/\/www.notibras.com\/site\/nikolas-troca-fundo-preto-por-luxo-de-investigado\/"]}]},{"@type":"ImageObject","inLanguage":"pt-BR","@id":"https:\/\/www.notibras.com\/site\/nikolas-troca-fundo-preto-por-luxo-de-investigado\/#primaryimage","url":"https:\/\/www.notibras.com\/site\/wp-content\/uploads\/2026\/03\/Nikolas-Jato-Vorcaro-1-848x477-1.webp","contentUrl":"https:\/\/www.notibras.com\/site\/wp-content\/uploads\/2026\/03\/Nikolas-Jato-Vorcaro-1-848x477-1.webp","width":848,"height":477},{"@type":"BreadcrumbList","@id":"https:\/\/www.notibras.com\/site\/nikolas-troca-fundo-preto-por-luxo-de-investigado\/#breadcrumb","itemListElement":[{"@type":"ListItem","position":1,"name":"In\u00edcio","item":"https:\/\/www.notibras.com\/site\/"},{"@type":"ListItem","position":2,"name":"Nikolas troca &#8216;fundo preto&#8217; por luxo de investigado"}]},{"@type":"WebSite","@id":"https:\/\/www.notibras.com\/site\/#website","url":"https:\/\/www.notibras.com\/site\/","name":"Notibras","description":"Not\u00edcias de Bras\u00edlia, do Brasil e do Mundo","publisher":{"@id":"https:\/\/www.notibras.com\/site\/#organization"},"potentialAction":[{"@type":"SearchAction","target":{"@type":"EntryPoint","urlTemplate":"https:\/\/www.notibras.com\/site\/?s={search_term_string}"},"query-input":{"@type":"PropertyValueSpecification","valueRequired":true,"valueName":"search_term_string"}}],"inLanguage":"pt-BR"},{"@type":"Organization","@id":"https:\/\/www.notibras.com\/site\/#organization","name":"Grupo Notibras de Comunica\u00e7\u00e3o","url":"https:\/\/www.notibras.com\/site\/","logo":{"@type":"ImageObject","inLanguage":"pt-BR","@id":"https:\/\/www.notibras.com\/site\/#\/schema\/logo\/image\/","url":"https:\/\/www.notibras.com\/site\/wp-content\/uploads\/2023\/01\/notibras23.png","contentUrl":"https:\/\/www.notibras.com\/site\/wp-content\/uploads\/2023\/01\/notibras23.png","width":350,"height":87,"caption":"Grupo Notibras de Comunica\u00e7\u00e3o"},"image":{"@id":"https:\/\/www.notibras.com\/site\/#\/schema\/logo\/image\/"},"sameAs":["https:\/\/www.facebook.com\/notibras\/","https:\/\/x.com\/Notibras","https:\/\/www.instagram.com\/notibras\/"]},{"@type":"Person","@id":"https:\/\/www.notibras.com\/site\/#\/schema\/person\/5b7fabf2aedc3ada2105f03b22b4d3dd","name":"Eduardo Mart\u00ednez","image":{"@type":"ImageObject","inLanguage":"pt-BR","@id":"https:\/\/secure.gravatar.com\/avatar\/7902f906289926289cbcda644b5197c796b893c6ffd7b9a536a42d290f7704a0?s=96&d=mm&r=g","url":"https:\/\/secure.gravatar.com\/avatar\/7902f906289926289cbcda644b5197c796b893c6ffd7b9a536a42d290f7704a0?s=96&d=mm&r=g","contentUrl":"https:\/\/secure.gravatar.com\/avatar\/7902f906289926289cbcda644b5197c796b893c6ffd7b9a536a42d290f7704a0?s=96&d=mm&r=g","caption":"Eduardo Mart\u00ednez"}}]}},"amp_enabled":true,"_links":{"self":[{"href":"https:\/\/www.notibras.com\/site\/wp-json\/wp\/v2\/posts\/385486","targetHints":{"allow":["GET"]}}],"collection":[{"href":"https:\/\/www.notibras.com\/site\/wp-json\/wp\/v2\/posts"}],"about":[{"href":"https:\/\/www.notibras.com\/site\/wp-json\/wp\/v2\/types\/post"}],"author":[{"embeddable":true,"href":"https:\/\/www.notibras.com\/site\/wp-json\/wp\/v2\/users\/21"}],"replies":[{"embeddable":true,"href":"https:\/\/www.notibras.com\/site\/wp-json\/wp\/v2\/comments?post=385486"}],"version-history":[{"count":4,"href":"https:\/\/www.notibras.com\/site\/wp-json\/wp\/v2\/posts\/385486\/revisions"}],"predecessor-version":[{"id":385528,"href":"https:\/\/www.notibras.com\/site\/wp-json\/wp\/v2\/posts\/385486\/revisions\/385528"}],"wp:featuredmedia":[{"embeddable":true,"href":"https:\/\/www.notibras.com\/site\/wp-json\/wp\/v2\/media\/385487"}],"wp:attachment":[{"href":"https:\/\/www.notibras.com\/site\/wp-json\/wp\/v2\/media?parent=385486"}],"wp:term":[{"taxonomy":"category","embeddable":true,"href":"https:\/\/www.notibras.com\/site\/wp-json\/wp\/v2\/categories?post=385486"},{"taxonomy":"post_tag","embeddable":true,"href":"https:\/\/www.notibras.com\/site\/wp-json\/wp\/v2\/tags?post=385486"}],"curies":[{"name":"wp","href":"https:\/\/api.w.org\/{rel}","templated":true}]}}