{"id":385497,"date":"2026-03-04T02:15:09","date_gmt":"2026-03-04T05:15:09","guid":{"rendered":"https:\/\/www.notibras.com\/site\/?p=385497"},"modified":"2026-03-04T00:24:57","modified_gmt":"2026-03-04T03:24:57","slug":"marco-nao-e-poesia-quando-o-corpo-das-mulheres-e-campo-de-guerra","status":"publish","type":"post","link":"https:\/\/www.notibras.com\/site\/marco-nao-e-poesia-quando-o-corpo-das-mulheres-e-campo-de-guerra\/","title":{"rendered":"Mar\u00e7o n\u00e3o \u00e9 poesia quando o corpo das mulheres \u00e9 campo de guerra"},"content":{"rendered":"<p>H\u00e1 algo de profundamente simb\u00f3lico no m\u00eas de mar\u00e7o. Culturalmente, ele nos remete \u00e0 can\u00e7\u00e3o \u201c\u00c1guas de Mar\u00e7o\u201d, de Tom Jobim, que anuncia o fim do ver\u00e3o e sugere a ideia de ciclo, de encerramento, de renova\u00e7\u00e3o. Mar\u00e7o, na poesia, \u00e9 passagem. \u00c9 promessa de recome\u00e7o.<\/p>\n<p>Mas o que se fecha quando o m\u00eas se inicia com o estupro coletivo de uma jovem de 17 anos?<\/p>\n<p>N\u00e3o se trata de um fato isolado. N\u00e3o \u00e9 um desvio estat\u00edstico. \u00c9 a reafirma\u00e7\u00e3o brutal de uma estrutura social que continua produzindo corpos femininos como territ\u00f3rios de domina\u00e7\u00e3o. A viol\u00eancia sexual, especialmente quando praticada coletivamente, carrega uma dimens\u00e3o que ultrapassa o ato individual: ela comunica poder, reafirma pactos masculinos e performa controle. Como analisa Rita Segato, o estupro coletivo n\u00e3o \u00e9 apenas viol\u00eancia sexual \u00e9 pedagogia da crueldade. Ensina quem manda. Ensina quem pode.<\/p>\n<p>Mar\u00e7o tamb\u00e9m \u00e9 o m\u00eas do Dia Internacional da Mulher. Um marco hist\u00f3rico que nasce das lutas oper\u00e1rias e da resist\u00eancia feminina contra condi\u00e7\u00f5es de explora\u00e7\u00e3o e desigualdade. Contudo, a cada ano, assistimos \u00e0 dilui\u00e7\u00e3o pol\u00edtica da data. Flores, campanhas publicit\u00e1rias, discursos protocolares. Enquanto isso, meninas seguem sendo violentadas. Mulheres seguem sendo assassinadas. Corpos seguem sendo disciplinados.<\/p>\n<p>A soci\u00f3loga Heleieth Saffioti j\u00e1 advertia que o patriarcado n\u00e3o \u00e9 res\u00edduo do passado, mas engrenagem articulada ao capitalismo e ao racismo estrutural. Ele organiza hierarquias, naturaliza desigualdades e legitima viol\u00eancias. N\u00e3o por acaso, as v\u00edtimas mais vulner\u00e1veis pertencem, majoritariamente, \u00e0s camadas socialmente precarizadas. A viol\u00eancia de g\u00eanero n\u00e3o paira no vazio; ela se ancora em estruturas.<\/p>\n<p>Tamb\u00e9m Pierre Bourdieu demonstrou como a domina\u00e7\u00e3o masculina se perpetua por meio de viol\u00eancias simb\u00f3licas que parecem naturais, inevit\u00e1veis. Quando a sociedade pergunta onde a jovem estava, como estava vestida ou por que confiou, o que se faz n\u00e3o \u00e9 buscar explica\u00e7\u00e3o \u00e9 reafirmar a l\u00f3gica de culpabiliza\u00e7\u00e3o da v\u00edtima. A viol\u00eancia f\u00edsica vem precedida por uma viol\u00eancia discursiva que a sustenta.<\/p>\n<p>Escrever sobre isso, como mulher, n\u00e3o \u00e9 um exerc\u00edcio distante. \u00c9 atravessado por mem\u00f3rias, por experi\u00eancias, por reconstru\u00e7\u00f5es. Recome\u00e7ar ap\u00f3s ser ferida em qualquer dimens\u00e3o \u00e9 algo que muitas de n\u00f3s aprendemos cedo. O que diferencia a dor privada da viol\u00eancia p\u00fablica \u00e9 apenas o grau de visibilidade. Como afirmou Carol Hanisch, o pessoal \u00e9 pol\u00edtico. Sempre foi.<\/p>\n<p>Se mar\u00e7o anuncia o fim de um ciclo, talvez devamos perguntar que ciclo estamos dispostas a encerrar. A naturaliza\u00e7\u00e3o da viol\u00eancia? A indiferen\u00e7a institucional? A complac\u00eancia social?<\/p>\n<p>N\u00e3o h\u00e1 poesia poss\u00edvel quando o corpo das mulheres segue sendo campo de guerra. Que as \u00e1guas de mar\u00e7o n\u00e3o lavem apenas as ruas, mas a consci\u00eancia coletiva. Porque enquanto uma jovem de 17 anos tiver sua vida atravessada pela brutalidade de muitos, mar\u00e7o n\u00e3o ser\u00e1 s\u00edmbolo de renova\u00e7\u00e3o, ser\u00e1 espelho daquilo que insistimos em n\u00e3o transformar.<\/p>\n","protected":false},"excerpt":{"rendered":"<p>H\u00e1 algo de profundamente simb\u00f3lico no m\u00eas de mar\u00e7o. Culturalmente, ele nos remete \u00e0 can\u00e7\u00e3o \u201c\u00c1guas de Mar\u00e7o\u201d, de Tom Jobim, que anuncia o fim do ver\u00e3o e sugere a ideia de ciclo, de encerramento, de renova\u00e7\u00e3o. Mar\u00e7o, na poesia, \u00e9 passagem. \u00c9 promessa de recome\u00e7o. Mas o que se fecha quando o m\u00eas se [&hellip;]<\/p>\n","protected":false},"author":21,"featured_media":385498,"comment_status":"closed","ping_status":"closed","sticky":false,"template":"","format":"standard","meta":{"_acf_changed":false,"footnotes":""},"categories":[236],"tags":[],"class_list":["post-385497","post","type-post","status-publish","format-standard","has-post-thumbnail","hentry","category-ponto-de-vista"],"acf":[],"yoast_head":"<!-- This site is optimized with the Yoast SEO plugin v27.2 - https:\/\/yoast.com\/product\/yoast-seo-wordpress\/ -->\n<title>Mar\u00e7o n\u00e3o \u00e9 poesia quando o corpo das mulheres \u00e9 campo de guerra - Notibras<\/title>\n<meta name=\"robots\" content=\"index, follow, max-snippet:-1, max-image-preview:large, max-video-preview:-1\" \/>\n<link rel=\"canonical\" href=\"https:\/\/www.notibras.com\/site\/marco-nao-e-poesia-quando-o-corpo-das-mulheres-e-campo-de-guerra\/\" \/>\n<meta property=\"og:locale\" content=\"pt_BR\" \/>\n<meta property=\"og:type\" content=\"article\" \/>\n<meta property=\"og:title\" content=\"Mar\u00e7o n\u00e3o \u00e9 poesia quando o corpo das mulheres \u00e9 campo de guerra - Notibras\" \/>\n<meta property=\"og:description\" content=\"H\u00e1 algo de profundamente simb\u00f3lico no m\u00eas de mar\u00e7o. Culturalmente, ele nos remete \u00e0 can\u00e7\u00e3o \u201c\u00c1guas de Mar\u00e7o\u201d, de Tom Jobim, que anuncia o fim do ver\u00e3o e sugere a ideia de ciclo, de encerramento, de renova\u00e7\u00e3o. Mar\u00e7o, na poesia, \u00e9 passagem. \u00c9 promessa de recome\u00e7o. Mas o que se fecha quando o m\u00eas se [&hellip;]\" \/>\n<meta property=\"og:url\" content=\"https:\/\/www.notibras.com\/site\/marco-nao-e-poesia-quando-o-corpo-das-mulheres-e-campo-de-guerra\/\" \/>\n<meta property=\"og:site_name\" content=\"Notibras\" \/>\n<meta property=\"article:publisher\" content=\"https:\/\/www.facebook.com\/notibras\/\" \/>\n<meta property=\"article:published_time\" content=\"2026-03-04T05:15:09+00:00\" \/>\n<meta property=\"og:image\" content=\"https:\/\/www.notibras.com\/site\/wp-content\/uploads\/2026\/03\/WhatsApp-Image-2026-03-04-at-00.21.11.jpeg\" \/>\n\t<meta property=\"og:image:width\" content=\"816\" \/>\n\t<meta property=\"og:image:height\" content=\"1440\" \/>\n\t<meta property=\"og:image:type\" content=\"image\/jpeg\" \/>\n<meta name=\"author\" content=\"Eduardo Mart\u00ednez\" \/>\n<meta name=\"twitter:card\" content=\"summary_large_image\" \/>\n<meta name=\"twitter:creator\" content=\"@Notibras\" \/>\n<meta name=\"twitter:site\" content=\"@Notibras\" \/>\n<meta name=\"twitter:label1\" content=\"Escrito por\" \/>\n\t<meta name=\"twitter:data1\" content=\"Eduardo Mart\u00ednez\" \/>\n\t<meta name=\"twitter:label2\" content=\"Est. tempo de leitura\" \/>\n\t<meta name=\"twitter:data2\" content=\"3 minutos\" \/>\n<script type=\"application\/ld+json\" class=\"yoast-schema-graph\">{\"@context\":\"https:\/\/schema.org\",\"@graph\":[{\"@type\":\"Article\",\"@id\":\"https:\/\/www.notibras.com\/site\/marco-nao-e-poesia-quando-o-corpo-das-mulheres-e-campo-de-guerra\/#article\",\"isPartOf\":{\"@id\":\"https:\/\/www.notibras.com\/site\/marco-nao-e-poesia-quando-o-corpo-das-mulheres-e-campo-de-guerra\/\"},\"author\":{\"name\":\"Eduardo Mart\u00ednez\",\"@id\":\"https:\/\/www.notibras.com\/site\/#\/schema\/person\/5b7fabf2aedc3ada2105f03b22b4d3dd\"},\"headline\":\"Mar\u00e7o n\u00e3o \u00e9 poesia quando o corpo das mulheres \u00e9 campo de guerra\",\"datePublished\":\"2026-03-04T05:15:09+00:00\",\"mainEntityOfPage\":{\"@id\":\"https:\/\/www.notibras.com\/site\/marco-nao-e-poesia-quando-o-corpo-das-mulheres-e-campo-de-guerra\/\"},\"wordCount\":534,\"publisher\":{\"@id\":\"https:\/\/www.notibras.com\/site\/#organization\"},\"image\":{\"@id\":\"https:\/\/www.notibras.com\/site\/marco-nao-e-poesia-quando-o-corpo-das-mulheres-e-campo-de-guerra\/#primaryimage\"},\"thumbnailUrl\":\"https:\/\/www.notibras.com\/site\/wp-content\/uploads\/2026\/03\/WhatsApp-Image-2026-03-04-at-00.21.11.jpeg\",\"articleSection\":[\"Ponto de Vista\"],\"inLanguage\":\"pt-BR\"},{\"@type\":\"WebPage\",\"@id\":\"https:\/\/www.notibras.com\/site\/marco-nao-e-poesia-quando-o-corpo-das-mulheres-e-campo-de-guerra\/\",\"url\":\"https:\/\/www.notibras.com\/site\/marco-nao-e-poesia-quando-o-corpo-das-mulheres-e-campo-de-guerra\/\",\"name\":\"Mar\u00e7o n\u00e3o \u00e9 poesia quando o corpo das mulheres \u00e9 campo de guerra - Notibras\",\"isPartOf\":{\"@id\":\"https:\/\/www.notibras.com\/site\/#website\"},\"primaryImageOfPage\":{\"@id\":\"https:\/\/www.notibras.com\/site\/marco-nao-e-poesia-quando-o-corpo-das-mulheres-e-campo-de-guerra\/#primaryimage\"},\"image\":{\"@id\":\"https:\/\/www.notibras.com\/site\/marco-nao-e-poesia-quando-o-corpo-das-mulheres-e-campo-de-guerra\/#primaryimage\"},\"thumbnailUrl\":\"https:\/\/www.notibras.com\/site\/wp-content\/uploads\/2026\/03\/WhatsApp-Image-2026-03-04-at-00.21.11.jpeg\",\"datePublished\":\"2026-03-04T05:15:09+00:00\",\"breadcrumb\":{\"@id\":\"https:\/\/www.notibras.com\/site\/marco-nao-e-poesia-quando-o-corpo-das-mulheres-e-campo-de-guerra\/#breadcrumb\"},\"inLanguage\":\"pt-BR\",\"potentialAction\":[{\"@type\":\"ReadAction\",\"target\":[\"https:\/\/www.notibras.com\/site\/marco-nao-e-poesia-quando-o-corpo-das-mulheres-e-campo-de-guerra\/\"]}]},{\"@type\":\"ImageObject\",\"inLanguage\":\"pt-BR\",\"@id\":\"https:\/\/www.notibras.com\/site\/marco-nao-e-poesia-quando-o-corpo-das-mulheres-e-campo-de-guerra\/#primaryimage\",\"url\":\"https:\/\/www.notibras.com\/site\/wp-content\/uploads\/2026\/03\/WhatsApp-Image-2026-03-04-at-00.21.11.jpeg\",\"contentUrl\":\"https:\/\/www.notibras.com\/site\/wp-content\/uploads\/2026\/03\/WhatsApp-Image-2026-03-04-at-00.21.11.jpeg\",\"width\":816,\"height\":1440},{\"@type\":\"BreadcrumbList\",\"@id\":\"https:\/\/www.notibras.com\/site\/marco-nao-e-poesia-quando-o-corpo-das-mulheres-e-campo-de-guerra\/#breadcrumb\",\"itemListElement\":[{\"@type\":\"ListItem\",\"position\":1,\"name\":\"In\u00edcio\",\"item\":\"https:\/\/www.notibras.com\/site\/\"},{\"@type\":\"ListItem\",\"position\":2,\"name\":\"Mar\u00e7o n\u00e3o \u00e9 poesia quando o corpo das mulheres \u00e9 campo de guerra\"}]},{\"@type\":\"WebSite\",\"@id\":\"https:\/\/www.notibras.com\/site\/#website\",\"url\":\"https:\/\/www.notibras.com\/site\/\",\"name\":\"Notibras\",\"description\":\"Not\u00edcias de Bras\u00edlia, do Brasil e do Mundo\",\"publisher\":{\"@id\":\"https:\/\/www.notibras.com\/site\/#organization\"},\"potentialAction\":[{\"@type\":\"SearchAction\",\"target\":{\"@type\":\"EntryPoint\",\"urlTemplate\":\"https:\/\/www.notibras.com\/site\/?s={search_term_string}\"},\"query-input\":{\"@type\":\"PropertyValueSpecification\",\"valueRequired\":true,\"valueName\":\"search_term_string\"}}],\"inLanguage\":\"pt-BR\"},{\"@type\":\"Organization\",\"@id\":\"https:\/\/www.notibras.com\/site\/#organization\",\"name\":\"Grupo Notibras de Comunica\u00e7\u00e3o\",\"url\":\"https:\/\/www.notibras.com\/site\/\",\"logo\":{\"@type\":\"ImageObject\",\"inLanguage\":\"pt-BR\",\"@id\":\"https:\/\/www.notibras.com\/site\/#\/schema\/logo\/image\/\",\"url\":\"https:\/\/www.notibras.com\/site\/wp-content\/uploads\/2023\/01\/notibras23.png\",\"contentUrl\":\"https:\/\/www.notibras.com\/site\/wp-content\/uploads\/2023\/01\/notibras23.png\",\"width\":350,\"height\":87,\"caption\":\"Grupo Notibras de Comunica\u00e7\u00e3o\"},\"image\":{\"@id\":\"https:\/\/www.notibras.com\/site\/#\/schema\/logo\/image\/\"},\"sameAs\":[\"https:\/\/www.facebook.com\/notibras\/\",\"https:\/\/x.com\/Notibras\",\"https:\/\/www.instagram.com\/notibras\/\"]},{\"@type\":\"Person\",\"@id\":\"https:\/\/www.notibras.com\/site\/#\/schema\/person\/5b7fabf2aedc3ada2105f03b22b4d3dd\",\"name\":\"Eduardo Mart\u00ednez\",\"image\":{\"@type\":\"ImageObject\",\"inLanguage\":\"pt-BR\",\"@id\":\"https:\/\/secure.gravatar.com\/avatar\/7902f906289926289cbcda644b5197c796b893c6ffd7b9a536a42d290f7704a0?s=96&d=mm&r=g\",\"url\":\"https:\/\/secure.gravatar.com\/avatar\/7902f906289926289cbcda644b5197c796b893c6ffd7b9a536a42d290f7704a0?s=96&d=mm&r=g\",\"contentUrl\":\"https:\/\/secure.gravatar.com\/avatar\/7902f906289926289cbcda644b5197c796b893c6ffd7b9a536a42d290f7704a0?s=96&d=mm&r=g\",\"caption\":\"Eduardo Mart\u00ednez\"}}]}<\/script>\n<!-- \/ Yoast SEO plugin. -->","yoast_head_json":{"title":"Mar\u00e7o n\u00e3o \u00e9 poesia quando o corpo das mulheres \u00e9 campo de guerra - Notibras","robots":{"index":"index","follow":"follow","max-snippet":"max-snippet:-1","max-image-preview":"max-image-preview:large","max-video-preview":"max-video-preview:-1"},"canonical":"https:\/\/www.notibras.com\/site\/marco-nao-e-poesia-quando-o-corpo-das-mulheres-e-campo-de-guerra\/","og_locale":"pt_BR","og_type":"article","og_title":"Mar\u00e7o n\u00e3o \u00e9 poesia quando o corpo das mulheres \u00e9 campo de guerra - Notibras","og_description":"H\u00e1 algo de profundamente simb\u00f3lico no m\u00eas de mar\u00e7o. Culturalmente, ele nos remete \u00e0 can\u00e7\u00e3o \u201c\u00c1guas de Mar\u00e7o\u201d, de Tom Jobim, que anuncia o fim do ver\u00e3o e sugere a ideia de ciclo, de encerramento, de renova\u00e7\u00e3o. Mar\u00e7o, na poesia, \u00e9 passagem. \u00c9 promessa de recome\u00e7o. Mas o que se fecha quando o m\u00eas se [&hellip;]","og_url":"https:\/\/www.notibras.com\/site\/marco-nao-e-poesia-quando-o-corpo-das-mulheres-e-campo-de-guerra\/","og_site_name":"Notibras","article_publisher":"https:\/\/www.facebook.com\/notibras\/","article_published_time":"2026-03-04T05:15:09+00:00","og_image":[{"width":816,"height":1440,"url":"https:\/\/www.notibras.com\/site\/wp-content\/uploads\/2026\/03\/WhatsApp-Image-2026-03-04-at-00.21.11.jpeg","type":"image\/jpeg"}],"author":"Eduardo Mart\u00ednez","twitter_card":"summary_large_image","twitter_creator":"@Notibras","twitter_site":"@Notibras","twitter_misc":{"Escrito por":"Eduardo Mart\u00ednez","Est. tempo de leitura":"3 minutos"},"schema":{"@context":"https:\/\/schema.org","@graph":[{"@type":"Article","@id":"https:\/\/www.notibras.com\/site\/marco-nao-e-poesia-quando-o-corpo-das-mulheres-e-campo-de-guerra\/#article","isPartOf":{"@id":"https:\/\/www.notibras.com\/site\/marco-nao-e-poesia-quando-o-corpo-das-mulheres-e-campo-de-guerra\/"},"author":{"name":"Eduardo Mart\u00ednez","@id":"https:\/\/www.notibras.com\/site\/#\/schema\/person\/5b7fabf2aedc3ada2105f03b22b4d3dd"},"headline":"Mar\u00e7o n\u00e3o \u00e9 poesia quando o corpo das mulheres \u00e9 campo de guerra","datePublished":"2026-03-04T05:15:09+00:00","mainEntityOfPage":{"@id":"https:\/\/www.notibras.com\/site\/marco-nao-e-poesia-quando-o-corpo-das-mulheres-e-campo-de-guerra\/"},"wordCount":534,"publisher":{"@id":"https:\/\/www.notibras.com\/site\/#organization"},"image":{"@id":"https:\/\/www.notibras.com\/site\/marco-nao-e-poesia-quando-o-corpo-das-mulheres-e-campo-de-guerra\/#primaryimage"},"thumbnailUrl":"https:\/\/www.notibras.com\/site\/wp-content\/uploads\/2026\/03\/WhatsApp-Image-2026-03-04-at-00.21.11.jpeg","articleSection":["Ponto de Vista"],"inLanguage":"pt-BR"},{"@type":"WebPage","@id":"https:\/\/www.notibras.com\/site\/marco-nao-e-poesia-quando-o-corpo-das-mulheres-e-campo-de-guerra\/","url":"https:\/\/www.notibras.com\/site\/marco-nao-e-poesia-quando-o-corpo-das-mulheres-e-campo-de-guerra\/","name":"Mar\u00e7o n\u00e3o \u00e9 poesia quando o corpo das mulheres \u00e9 campo de guerra - Notibras","isPartOf":{"@id":"https:\/\/www.notibras.com\/site\/#website"},"primaryImageOfPage":{"@id":"https:\/\/www.notibras.com\/site\/marco-nao-e-poesia-quando-o-corpo-das-mulheres-e-campo-de-guerra\/#primaryimage"},"image":{"@id":"https:\/\/www.notibras.com\/site\/marco-nao-e-poesia-quando-o-corpo-das-mulheres-e-campo-de-guerra\/#primaryimage"},"thumbnailUrl":"https:\/\/www.notibras.com\/site\/wp-content\/uploads\/2026\/03\/WhatsApp-Image-2026-03-04-at-00.21.11.jpeg","datePublished":"2026-03-04T05:15:09+00:00","breadcrumb":{"@id":"https:\/\/www.notibras.com\/site\/marco-nao-e-poesia-quando-o-corpo-das-mulheres-e-campo-de-guerra\/#breadcrumb"},"inLanguage":"pt-BR","potentialAction":[{"@type":"ReadAction","target":["https:\/\/www.notibras.com\/site\/marco-nao-e-poesia-quando-o-corpo-das-mulheres-e-campo-de-guerra\/"]}]},{"@type":"ImageObject","inLanguage":"pt-BR","@id":"https:\/\/www.notibras.com\/site\/marco-nao-e-poesia-quando-o-corpo-das-mulheres-e-campo-de-guerra\/#primaryimage","url":"https:\/\/www.notibras.com\/site\/wp-content\/uploads\/2026\/03\/WhatsApp-Image-2026-03-04-at-00.21.11.jpeg","contentUrl":"https:\/\/www.notibras.com\/site\/wp-content\/uploads\/2026\/03\/WhatsApp-Image-2026-03-04-at-00.21.11.jpeg","width":816,"height":1440},{"@type":"BreadcrumbList","@id":"https:\/\/www.notibras.com\/site\/marco-nao-e-poesia-quando-o-corpo-das-mulheres-e-campo-de-guerra\/#breadcrumb","itemListElement":[{"@type":"ListItem","position":1,"name":"In\u00edcio","item":"https:\/\/www.notibras.com\/site\/"},{"@type":"ListItem","position":2,"name":"Mar\u00e7o n\u00e3o \u00e9 poesia quando o corpo das mulheres \u00e9 campo de guerra"}]},{"@type":"WebSite","@id":"https:\/\/www.notibras.com\/site\/#website","url":"https:\/\/www.notibras.com\/site\/","name":"Notibras","description":"Not\u00edcias de Bras\u00edlia, do Brasil e do Mundo","publisher":{"@id":"https:\/\/www.notibras.com\/site\/#organization"},"potentialAction":[{"@type":"SearchAction","target":{"@type":"EntryPoint","urlTemplate":"https:\/\/www.notibras.com\/site\/?s={search_term_string}"},"query-input":{"@type":"PropertyValueSpecification","valueRequired":true,"valueName":"search_term_string"}}],"inLanguage":"pt-BR"},{"@type":"Organization","@id":"https:\/\/www.notibras.com\/site\/#organization","name":"Grupo Notibras de Comunica\u00e7\u00e3o","url":"https:\/\/www.notibras.com\/site\/","logo":{"@type":"ImageObject","inLanguage":"pt-BR","@id":"https:\/\/www.notibras.com\/site\/#\/schema\/logo\/image\/","url":"https:\/\/www.notibras.com\/site\/wp-content\/uploads\/2023\/01\/notibras23.png","contentUrl":"https:\/\/www.notibras.com\/site\/wp-content\/uploads\/2023\/01\/notibras23.png","width":350,"height":87,"caption":"Grupo Notibras de Comunica\u00e7\u00e3o"},"image":{"@id":"https:\/\/www.notibras.com\/site\/#\/schema\/logo\/image\/"},"sameAs":["https:\/\/www.facebook.com\/notibras\/","https:\/\/x.com\/Notibras","https:\/\/www.instagram.com\/notibras\/"]},{"@type":"Person","@id":"https:\/\/www.notibras.com\/site\/#\/schema\/person\/5b7fabf2aedc3ada2105f03b22b4d3dd","name":"Eduardo Mart\u00ednez","image":{"@type":"ImageObject","inLanguage":"pt-BR","@id":"https:\/\/secure.gravatar.com\/avatar\/7902f906289926289cbcda644b5197c796b893c6ffd7b9a536a42d290f7704a0?s=96&d=mm&r=g","url":"https:\/\/secure.gravatar.com\/avatar\/7902f906289926289cbcda644b5197c796b893c6ffd7b9a536a42d290f7704a0?s=96&d=mm&r=g","contentUrl":"https:\/\/secure.gravatar.com\/avatar\/7902f906289926289cbcda644b5197c796b893c6ffd7b9a536a42d290f7704a0?s=96&d=mm&r=g","caption":"Eduardo Mart\u00ednez"}}]}},"amp_enabled":true,"_links":{"self":[{"href":"https:\/\/www.notibras.com\/site\/wp-json\/wp\/v2\/posts\/385497","targetHints":{"allow":["GET"]}}],"collection":[{"href":"https:\/\/www.notibras.com\/site\/wp-json\/wp\/v2\/posts"}],"about":[{"href":"https:\/\/www.notibras.com\/site\/wp-json\/wp\/v2\/types\/post"}],"author":[{"embeddable":true,"href":"https:\/\/www.notibras.com\/site\/wp-json\/wp\/v2\/users\/21"}],"replies":[{"embeddable":true,"href":"https:\/\/www.notibras.com\/site\/wp-json\/wp\/v2\/comments?post=385497"}],"version-history":[{"count":2,"href":"https:\/\/www.notibras.com\/site\/wp-json\/wp\/v2\/posts\/385497\/revisions"}],"predecessor-version":[{"id":385500,"href":"https:\/\/www.notibras.com\/site\/wp-json\/wp\/v2\/posts\/385497\/revisions\/385500"}],"wp:featuredmedia":[{"embeddable":true,"href":"https:\/\/www.notibras.com\/site\/wp-json\/wp\/v2\/media\/385498"}],"wp:attachment":[{"href":"https:\/\/www.notibras.com\/site\/wp-json\/wp\/v2\/media?parent=385497"}],"wp:term":[{"taxonomy":"category","embeddable":true,"href":"https:\/\/www.notibras.com\/site\/wp-json\/wp\/v2\/categories?post=385497"},{"taxonomy":"post_tag","embeddable":true,"href":"https:\/\/www.notibras.com\/site\/wp-json\/wp\/v2\/tags?post=385497"}],"curies":[{"name":"wp","href":"https:\/\/api.w.org\/{rel}","templated":true}]}}