{"id":385501,"date":"2026-03-05T02:00:00","date_gmt":"2026-03-05T05:00:00","guid":{"rendered":"https:\/\/www.notibras.com\/site\/?p=385501"},"modified":"2026-03-04T00:30:30","modified_gmt":"2026-03-04T03:30:30","slug":"o-que-significa-dizer-que-ela-sera-feminista","status":"publish","type":"post","link":"https:\/\/www.notibras.com\/site\/o-que-significa-dizer-que-ela-sera-feminista\/","title":{"rendered":"O que significa dizer que ela ser\u00e1 feminista?"},"content":{"rendered":"<p>Quero acreditar e luto acreditando que a revolu\u00e7\u00e3o ser\u00e1 feminista. Mas a cren\u00e7a, por si s\u00f3, n\u00e3o altera estruturas. Ela precisa se converter em pr\u00e1tica, organiza\u00e7\u00e3o e estrat\u00e9gia. A pergunta que se imp\u00f5e \u00e9 direta: como transformar convic\u00e7\u00e3o em transforma\u00e7\u00e3o concreta quando, simultaneamente, precisamos lutar para n\u00e3o morrer?<\/p>\n<p>Dizer que a revolu\u00e7\u00e3o ser\u00e1 feminista n\u00e3o \u00e9 repetir um slogan. \u00c9 afirmar que qualquer reorganiza\u00e7\u00e3o real da sociedade precisar\u00e1 enfrentar o patriarcado como sistema pol\u00edtico. Silvia Federici demonstrou que o controle sobre o corpo das mulheres foi condi\u00e7\u00e3o hist\u00f3rica para a consolida\u00e7\u00e3o do capitalismo. Angela Davis evidenciou que g\u00eanero, ra\u00e7a e classe operam de forma indissoci\u00e1vel. N\u00e3o se trata de uma pauta identit\u00e1ria isolada, mas de reestruturar as bases da explora\u00e7\u00e3o social.<\/p>\n<p>Mas como fazer isso?<\/p>\n<p>Tatuar no bra\u00e7o \u00e9 afirma\u00e7\u00e3o simb\u00f3lica. Escrever textos \u00e9 disputa narrativa. Entrar na pol\u00edtica institucional \u00e9 ocupa\u00e7\u00e3o de espa\u00e7o decis\u00f3rio. Nenhuma dessas a\u00e7\u00f5es \u00e9 irrelevante. A transforma\u00e7\u00e3o social ocorre em m\u00faltiplas frentes. O erro est\u00e1 em supor que exista um \u00fanico caminho ou um gesto suficientemente grandioso que resolva o problema estrutural.<\/p>\n<p>A antrop\u00f3loga Rita Segato argumenta que a viol\u00eancia contra as mulheres \u00e9 uma mensagem de poder dirigida a toda a sociedade. Se a viol\u00eancia \u00e9 mensagem, a resposta precisa ser contra-mensagem articulada. Isso implica fortalecer redes de prote\u00e7\u00e3o, pressionar por pol\u00edticas p\u00fablicas eficazes, disputar or\u00e7amento, exigir responsabiliza\u00e7\u00e3o estatal. Implica tamb\u00e9m disputar imagin\u00e1rios, porque a cultura legitima ou deslegitima pr\u00e1ticas.<\/p>\n<p>Entretanto, h\u00e1 uma tens\u00e3o real: como fazer revolu\u00e7\u00e3o quando estamos sob amea\u00e7a? Como organizar o futuro quando o presente exige sobreviv\u00eancia? Essa \u00e9 a condi\u00e7\u00e3o hist\u00f3rica das mulheres, sobretudo das mulheres negras e perif\u00e9ricas. A luta feminista, no Brasil, nunca foi apenas por igualdade abstrata; foi luta por vida. A pr\u00f3pria formula\u00e7\u00e3o de L\u00e9lia Gonzalez j\u00e1 indicava que n\u00e3o h\u00e1 emancipa\u00e7\u00e3o poss\u00edvel sem enfrentar o racismo estrutural que define quem vive e quem morre.<\/p>\n<p>Talvez a pergunta \u201ccomo resolver o problema da sociedade?\u201d precise ser deslocada. N\u00e3o se trata de resolver sozinha, nem de esperar um evento revolucion\u00e1rio s\u00fabito. Trata-se de acumula\u00e7\u00e3o hist\u00f3rica. Movimentos sociais, produ\u00e7\u00e3o acad\u00eamica, ocupa\u00e7\u00e3o institucional, educa\u00e7\u00e3o cr\u00edtica, mobiliza\u00e7\u00e3o jur\u00eddica, organiza\u00e7\u00e3o comunit\u00e1ria. Revolu\u00e7\u00f5es s\u00e3o processos, n\u00e3o atos isolados.<\/p>\n<p>Ao mesmo tempo, \u00e9 leg\u00edtimo reconhecer o cansa\u00e7o e o medo. A cada feminic\u00eddio, a cada estupro coletivo, a cada estat\u00edstica, o corpo social feminino \u00e9 lembrado de sua vulnerabilidade. Mas a vulnerabilidade n\u00e3o \u00e9 sin\u00f4nimo de impot\u00eancia. \u00c9 precisamente porque h\u00e1 risco que a organiza\u00e7\u00e3o se torna urgente.<\/p>\n<p>A revolu\u00e7\u00e3o ser\u00e1 feminista se for coletiva. Se n\u00e3o reproduzir as hierarquias que critica. Se incorporar a interseccionalidade como pr\u00e1tica e n\u00e3o apenas como conceito. Se compreender que n\u00e3o basta ocupar espa\u00e7os; \u00e9 necess\u00e1rio transform\u00e1-los.<\/p>\n<p>Talvez n\u00e3o veremos o \u201cresultado final\u201d. Mas veremos deslocamentos. E cada deslocamento importa.<\/p>\n<p>Entre tatuar no bra\u00e7o, escrever textos e disputar elei\u00e7\u00f5es, a pergunta mais estrat\u00e9gica talvez seja: onde minha a\u00e7\u00e3o produz mais efeito estrutural? E, sobretudo, com quem estou articulada?<\/p>\n<p>Porque nenhuma mulher faz revolu\u00e7\u00e3o sozinha. E nenhuma sociedade se transforma sem enfrentar, de forma radical, as estruturas que autorizam que nos matem.<\/p>\n","protected":false},"excerpt":{"rendered":"<p>Quero acreditar e luto acreditando que a revolu\u00e7\u00e3o ser\u00e1 feminista. Mas a cren\u00e7a, por si s\u00f3, n\u00e3o altera estruturas. Ela precisa se converter em pr\u00e1tica, organiza\u00e7\u00e3o e estrat\u00e9gia. A pergunta que se imp\u00f5e \u00e9 direta: como transformar convic\u00e7\u00e3o em transforma\u00e7\u00e3o concreta quando, simultaneamente, precisamos lutar para n\u00e3o morrer? Dizer que a revolu\u00e7\u00e3o ser\u00e1 feminista n\u00e3o [&hellip;]<\/p>\n","protected":false},"author":21,"featured_media":385502,"comment_status":"closed","ping_status":"closed","sticky":false,"template":"","format":"standard","meta":{"_acf_changed":false,"footnotes":""},"categories":[236],"tags":[],"class_list":["post-385501","post","type-post","status-publish","format-standard","has-post-thumbnail","hentry","category-ponto-de-vista"],"acf":[],"yoast_head":"<!-- This site is optimized with the Yoast SEO plugin v27.2 - https:\/\/yoast.com\/product\/yoast-seo-wordpress\/ -->\n<title>O que significa dizer que ela ser\u00e1 feminista? - Notibras<\/title>\n<meta name=\"robots\" content=\"index, follow, max-snippet:-1, max-image-preview:large, max-video-preview:-1\" \/>\n<link rel=\"canonical\" href=\"https:\/\/www.notibras.com\/site\/o-que-significa-dizer-que-ela-sera-feminista\/\" \/>\n<meta property=\"og:locale\" content=\"pt_BR\" \/>\n<meta property=\"og:type\" content=\"article\" \/>\n<meta property=\"og:title\" content=\"O que significa dizer que ela ser\u00e1 feminista? - Notibras\" \/>\n<meta property=\"og:description\" content=\"Quero acreditar e luto acreditando que a revolu\u00e7\u00e3o ser\u00e1 feminista. Mas a cren\u00e7a, por si s\u00f3, n\u00e3o altera estruturas. Ela precisa se converter em pr\u00e1tica, organiza\u00e7\u00e3o e estrat\u00e9gia. A pergunta que se imp\u00f5e \u00e9 direta: como transformar convic\u00e7\u00e3o em transforma\u00e7\u00e3o concreta quando, simultaneamente, precisamos lutar para n\u00e3o morrer? Dizer que a revolu\u00e7\u00e3o ser\u00e1 feminista n\u00e3o [&hellip;]\" \/>\n<meta property=\"og:url\" content=\"https:\/\/www.notibras.com\/site\/o-que-significa-dizer-que-ela-sera-feminista\/\" \/>\n<meta property=\"og:site_name\" content=\"Notibras\" \/>\n<meta property=\"article:publisher\" content=\"https:\/\/www.facebook.com\/notibras\/\" \/>\n<meta property=\"article:published_time\" content=\"2026-03-05T05:00:00+00:00\" \/>\n<meta property=\"og:image\" content=\"https:\/\/www.notibras.com\/site\/wp-content\/uploads\/2026\/03\/WhatsApp-Image-2026-03-04-at-00.27.59.jpeg\" \/>\n\t<meta property=\"og:image:width\" content=\"810\" \/>\n\t<meta property=\"og:image:height\" content=\"1440\" \/>\n\t<meta property=\"og:image:type\" content=\"image\/jpeg\" \/>\n<meta name=\"author\" content=\"Eduardo Mart\u00ednez\" \/>\n<meta name=\"twitter:card\" content=\"summary_large_image\" \/>\n<meta name=\"twitter:creator\" content=\"@Notibras\" \/>\n<meta name=\"twitter:site\" content=\"@Notibras\" \/>\n<meta name=\"twitter:label1\" content=\"Escrito por\" \/>\n\t<meta name=\"twitter:data1\" content=\"Eduardo Mart\u00ednez\" \/>\n\t<meta name=\"twitter:label2\" content=\"Est. tempo de leitura\" \/>\n\t<meta name=\"twitter:data2\" content=\"4 minutos\" \/>\n<script type=\"application\/ld+json\" class=\"yoast-schema-graph\">{\"@context\":\"https:\/\/schema.org\",\"@graph\":[{\"@type\":\"Article\",\"@id\":\"https:\/\/www.notibras.com\/site\/o-que-significa-dizer-que-ela-sera-feminista\/#article\",\"isPartOf\":{\"@id\":\"https:\/\/www.notibras.com\/site\/o-que-significa-dizer-que-ela-sera-feminista\/\"},\"author\":{\"name\":\"Eduardo Mart\u00ednez\",\"@id\":\"https:\/\/www.notibras.com\/site\/#\/schema\/person\/5b7fabf2aedc3ada2105f03b22b4d3dd\"},\"headline\":\"O que significa dizer que ela ser\u00e1 feminista?\",\"datePublished\":\"2026-03-05T05:00:00+00:00\",\"mainEntityOfPage\":{\"@id\":\"https:\/\/www.notibras.com\/site\/o-que-significa-dizer-que-ela-sera-feminista\/\"},\"wordCount\":594,\"publisher\":{\"@id\":\"https:\/\/www.notibras.com\/site\/#organization\"},\"image\":{\"@id\":\"https:\/\/www.notibras.com\/site\/o-que-significa-dizer-que-ela-sera-feminista\/#primaryimage\"},\"thumbnailUrl\":\"https:\/\/www.notibras.com\/site\/wp-content\/uploads\/2026\/03\/WhatsApp-Image-2026-03-04-at-00.27.59.jpeg\",\"articleSection\":[\"Ponto de Vista\"],\"inLanguage\":\"pt-BR\"},{\"@type\":\"WebPage\",\"@id\":\"https:\/\/www.notibras.com\/site\/o-que-significa-dizer-que-ela-sera-feminista\/\",\"url\":\"https:\/\/www.notibras.com\/site\/o-que-significa-dizer-que-ela-sera-feminista\/\",\"name\":\"O que significa dizer que ela ser\u00e1 feminista? - Notibras\",\"isPartOf\":{\"@id\":\"https:\/\/www.notibras.com\/site\/#website\"},\"primaryImageOfPage\":{\"@id\":\"https:\/\/www.notibras.com\/site\/o-que-significa-dizer-que-ela-sera-feminista\/#primaryimage\"},\"image\":{\"@id\":\"https:\/\/www.notibras.com\/site\/o-que-significa-dizer-que-ela-sera-feminista\/#primaryimage\"},\"thumbnailUrl\":\"https:\/\/www.notibras.com\/site\/wp-content\/uploads\/2026\/03\/WhatsApp-Image-2026-03-04-at-00.27.59.jpeg\",\"datePublished\":\"2026-03-05T05:00:00+00:00\",\"breadcrumb\":{\"@id\":\"https:\/\/www.notibras.com\/site\/o-que-significa-dizer-que-ela-sera-feminista\/#breadcrumb\"},\"inLanguage\":\"pt-BR\",\"potentialAction\":[{\"@type\":\"ReadAction\",\"target\":[\"https:\/\/www.notibras.com\/site\/o-que-significa-dizer-que-ela-sera-feminista\/\"]}]},{\"@type\":\"ImageObject\",\"inLanguage\":\"pt-BR\",\"@id\":\"https:\/\/www.notibras.com\/site\/o-que-significa-dizer-que-ela-sera-feminista\/#primaryimage\",\"url\":\"https:\/\/www.notibras.com\/site\/wp-content\/uploads\/2026\/03\/WhatsApp-Image-2026-03-04-at-00.27.59.jpeg\",\"contentUrl\":\"https:\/\/www.notibras.com\/site\/wp-content\/uploads\/2026\/03\/WhatsApp-Image-2026-03-04-at-00.27.59.jpeg\",\"width\":810,\"height\":1440},{\"@type\":\"BreadcrumbList\",\"@id\":\"https:\/\/www.notibras.com\/site\/o-que-significa-dizer-que-ela-sera-feminista\/#breadcrumb\",\"itemListElement\":[{\"@type\":\"ListItem\",\"position\":1,\"name\":\"In\u00edcio\",\"item\":\"https:\/\/www.notibras.com\/site\/\"},{\"@type\":\"ListItem\",\"position\":2,\"name\":\"O que significa dizer que ela ser\u00e1 feminista?\"}]},{\"@type\":\"WebSite\",\"@id\":\"https:\/\/www.notibras.com\/site\/#website\",\"url\":\"https:\/\/www.notibras.com\/site\/\",\"name\":\"Notibras\",\"description\":\"Not\u00edcias de Bras\u00edlia, do Brasil e do Mundo\",\"publisher\":{\"@id\":\"https:\/\/www.notibras.com\/site\/#organization\"},\"potentialAction\":[{\"@type\":\"SearchAction\",\"target\":{\"@type\":\"EntryPoint\",\"urlTemplate\":\"https:\/\/www.notibras.com\/site\/?s={search_term_string}\"},\"query-input\":{\"@type\":\"PropertyValueSpecification\",\"valueRequired\":true,\"valueName\":\"search_term_string\"}}],\"inLanguage\":\"pt-BR\"},{\"@type\":\"Organization\",\"@id\":\"https:\/\/www.notibras.com\/site\/#organization\",\"name\":\"Grupo Notibras de Comunica\u00e7\u00e3o\",\"url\":\"https:\/\/www.notibras.com\/site\/\",\"logo\":{\"@type\":\"ImageObject\",\"inLanguage\":\"pt-BR\",\"@id\":\"https:\/\/www.notibras.com\/site\/#\/schema\/logo\/image\/\",\"url\":\"https:\/\/www.notibras.com\/site\/wp-content\/uploads\/2023\/01\/notibras23.png\",\"contentUrl\":\"https:\/\/www.notibras.com\/site\/wp-content\/uploads\/2023\/01\/notibras23.png\",\"width\":350,\"height\":87,\"caption\":\"Grupo Notibras de Comunica\u00e7\u00e3o\"},\"image\":{\"@id\":\"https:\/\/www.notibras.com\/site\/#\/schema\/logo\/image\/\"},\"sameAs\":[\"https:\/\/www.facebook.com\/notibras\/\",\"https:\/\/x.com\/Notibras\",\"https:\/\/www.instagram.com\/notibras\/\"]},{\"@type\":\"Person\",\"@id\":\"https:\/\/www.notibras.com\/site\/#\/schema\/person\/5b7fabf2aedc3ada2105f03b22b4d3dd\",\"name\":\"Eduardo Mart\u00ednez\",\"image\":{\"@type\":\"ImageObject\",\"inLanguage\":\"pt-BR\",\"@id\":\"https:\/\/secure.gravatar.com\/avatar\/7902f906289926289cbcda644b5197c796b893c6ffd7b9a536a42d290f7704a0?s=96&d=mm&r=g\",\"url\":\"https:\/\/secure.gravatar.com\/avatar\/7902f906289926289cbcda644b5197c796b893c6ffd7b9a536a42d290f7704a0?s=96&d=mm&r=g\",\"contentUrl\":\"https:\/\/secure.gravatar.com\/avatar\/7902f906289926289cbcda644b5197c796b893c6ffd7b9a536a42d290f7704a0?s=96&d=mm&r=g\",\"caption\":\"Eduardo Mart\u00ednez\"}}]}<\/script>\n<!-- \/ Yoast SEO plugin. -->","yoast_head_json":{"title":"O que significa dizer que ela ser\u00e1 feminista? - Notibras","robots":{"index":"index","follow":"follow","max-snippet":"max-snippet:-1","max-image-preview":"max-image-preview:large","max-video-preview":"max-video-preview:-1"},"canonical":"https:\/\/www.notibras.com\/site\/o-que-significa-dizer-que-ela-sera-feminista\/","og_locale":"pt_BR","og_type":"article","og_title":"O que significa dizer que ela ser\u00e1 feminista? - Notibras","og_description":"Quero acreditar e luto acreditando que a revolu\u00e7\u00e3o ser\u00e1 feminista. Mas a cren\u00e7a, por si s\u00f3, n\u00e3o altera estruturas. Ela precisa se converter em pr\u00e1tica, organiza\u00e7\u00e3o e estrat\u00e9gia. A pergunta que se imp\u00f5e \u00e9 direta: como transformar convic\u00e7\u00e3o em transforma\u00e7\u00e3o concreta quando, simultaneamente, precisamos lutar para n\u00e3o morrer? Dizer que a revolu\u00e7\u00e3o ser\u00e1 feminista n\u00e3o [&hellip;]","og_url":"https:\/\/www.notibras.com\/site\/o-que-significa-dizer-que-ela-sera-feminista\/","og_site_name":"Notibras","article_publisher":"https:\/\/www.facebook.com\/notibras\/","article_published_time":"2026-03-05T05:00:00+00:00","og_image":[{"width":810,"height":1440,"url":"https:\/\/www.notibras.com\/site\/wp-content\/uploads\/2026\/03\/WhatsApp-Image-2026-03-04-at-00.27.59.jpeg","type":"image\/jpeg"}],"author":"Eduardo Mart\u00ednez","twitter_card":"summary_large_image","twitter_creator":"@Notibras","twitter_site":"@Notibras","twitter_misc":{"Escrito por":"Eduardo Mart\u00ednez","Est. tempo de leitura":"4 minutos"},"schema":{"@context":"https:\/\/schema.org","@graph":[{"@type":"Article","@id":"https:\/\/www.notibras.com\/site\/o-que-significa-dizer-que-ela-sera-feminista\/#article","isPartOf":{"@id":"https:\/\/www.notibras.com\/site\/o-que-significa-dizer-que-ela-sera-feminista\/"},"author":{"name":"Eduardo Mart\u00ednez","@id":"https:\/\/www.notibras.com\/site\/#\/schema\/person\/5b7fabf2aedc3ada2105f03b22b4d3dd"},"headline":"O que significa dizer que ela ser\u00e1 feminista?","datePublished":"2026-03-05T05:00:00+00:00","mainEntityOfPage":{"@id":"https:\/\/www.notibras.com\/site\/o-que-significa-dizer-que-ela-sera-feminista\/"},"wordCount":594,"publisher":{"@id":"https:\/\/www.notibras.com\/site\/#organization"},"image":{"@id":"https:\/\/www.notibras.com\/site\/o-que-significa-dizer-que-ela-sera-feminista\/#primaryimage"},"thumbnailUrl":"https:\/\/www.notibras.com\/site\/wp-content\/uploads\/2026\/03\/WhatsApp-Image-2026-03-04-at-00.27.59.jpeg","articleSection":["Ponto de Vista"],"inLanguage":"pt-BR"},{"@type":"WebPage","@id":"https:\/\/www.notibras.com\/site\/o-que-significa-dizer-que-ela-sera-feminista\/","url":"https:\/\/www.notibras.com\/site\/o-que-significa-dizer-que-ela-sera-feminista\/","name":"O que significa dizer que ela ser\u00e1 feminista? - Notibras","isPartOf":{"@id":"https:\/\/www.notibras.com\/site\/#website"},"primaryImageOfPage":{"@id":"https:\/\/www.notibras.com\/site\/o-que-significa-dizer-que-ela-sera-feminista\/#primaryimage"},"image":{"@id":"https:\/\/www.notibras.com\/site\/o-que-significa-dizer-que-ela-sera-feminista\/#primaryimage"},"thumbnailUrl":"https:\/\/www.notibras.com\/site\/wp-content\/uploads\/2026\/03\/WhatsApp-Image-2026-03-04-at-00.27.59.jpeg","datePublished":"2026-03-05T05:00:00+00:00","breadcrumb":{"@id":"https:\/\/www.notibras.com\/site\/o-que-significa-dizer-que-ela-sera-feminista\/#breadcrumb"},"inLanguage":"pt-BR","potentialAction":[{"@type":"ReadAction","target":["https:\/\/www.notibras.com\/site\/o-que-significa-dizer-que-ela-sera-feminista\/"]}]},{"@type":"ImageObject","inLanguage":"pt-BR","@id":"https:\/\/www.notibras.com\/site\/o-que-significa-dizer-que-ela-sera-feminista\/#primaryimage","url":"https:\/\/www.notibras.com\/site\/wp-content\/uploads\/2026\/03\/WhatsApp-Image-2026-03-04-at-00.27.59.jpeg","contentUrl":"https:\/\/www.notibras.com\/site\/wp-content\/uploads\/2026\/03\/WhatsApp-Image-2026-03-04-at-00.27.59.jpeg","width":810,"height":1440},{"@type":"BreadcrumbList","@id":"https:\/\/www.notibras.com\/site\/o-que-significa-dizer-que-ela-sera-feminista\/#breadcrumb","itemListElement":[{"@type":"ListItem","position":1,"name":"In\u00edcio","item":"https:\/\/www.notibras.com\/site\/"},{"@type":"ListItem","position":2,"name":"O que significa dizer que ela ser\u00e1 feminista?"}]},{"@type":"WebSite","@id":"https:\/\/www.notibras.com\/site\/#website","url":"https:\/\/www.notibras.com\/site\/","name":"Notibras","description":"Not\u00edcias de Bras\u00edlia, do Brasil e do Mundo","publisher":{"@id":"https:\/\/www.notibras.com\/site\/#organization"},"potentialAction":[{"@type":"SearchAction","target":{"@type":"EntryPoint","urlTemplate":"https:\/\/www.notibras.com\/site\/?s={search_term_string}"},"query-input":{"@type":"PropertyValueSpecification","valueRequired":true,"valueName":"search_term_string"}}],"inLanguage":"pt-BR"},{"@type":"Organization","@id":"https:\/\/www.notibras.com\/site\/#organization","name":"Grupo Notibras de Comunica\u00e7\u00e3o","url":"https:\/\/www.notibras.com\/site\/","logo":{"@type":"ImageObject","inLanguage":"pt-BR","@id":"https:\/\/www.notibras.com\/site\/#\/schema\/logo\/image\/","url":"https:\/\/www.notibras.com\/site\/wp-content\/uploads\/2023\/01\/notibras23.png","contentUrl":"https:\/\/www.notibras.com\/site\/wp-content\/uploads\/2023\/01\/notibras23.png","width":350,"height":87,"caption":"Grupo Notibras de Comunica\u00e7\u00e3o"},"image":{"@id":"https:\/\/www.notibras.com\/site\/#\/schema\/logo\/image\/"},"sameAs":["https:\/\/www.facebook.com\/notibras\/","https:\/\/x.com\/Notibras","https:\/\/www.instagram.com\/notibras\/"]},{"@type":"Person","@id":"https:\/\/www.notibras.com\/site\/#\/schema\/person\/5b7fabf2aedc3ada2105f03b22b4d3dd","name":"Eduardo Mart\u00ednez","image":{"@type":"ImageObject","inLanguage":"pt-BR","@id":"https:\/\/secure.gravatar.com\/avatar\/7902f906289926289cbcda644b5197c796b893c6ffd7b9a536a42d290f7704a0?s=96&d=mm&r=g","url":"https:\/\/secure.gravatar.com\/avatar\/7902f906289926289cbcda644b5197c796b893c6ffd7b9a536a42d290f7704a0?s=96&d=mm&r=g","contentUrl":"https:\/\/secure.gravatar.com\/avatar\/7902f906289926289cbcda644b5197c796b893c6ffd7b9a536a42d290f7704a0?s=96&d=mm&r=g","caption":"Eduardo Mart\u00ednez"}}]}},"amp_enabled":true,"_links":{"self":[{"href":"https:\/\/www.notibras.com\/site\/wp-json\/wp\/v2\/posts\/385501","targetHints":{"allow":["GET"]}}],"collection":[{"href":"https:\/\/www.notibras.com\/site\/wp-json\/wp\/v2\/posts"}],"about":[{"href":"https:\/\/www.notibras.com\/site\/wp-json\/wp\/v2\/types\/post"}],"author":[{"embeddable":true,"href":"https:\/\/www.notibras.com\/site\/wp-json\/wp\/v2\/users\/21"}],"replies":[{"embeddable":true,"href":"https:\/\/www.notibras.com\/site\/wp-json\/wp\/v2\/comments?post=385501"}],"version-history":[{"count":2,"href":"https:\/\/www.notibras.com\/site\/wp-json\/wp\/v2\/posts\/385501\/revisions"}],"predecessor-version":[{"id":385504,"href":"https:\/\/www.notibras.com\/site\/wp-json\/wp\/v2\/posts\/385501\/revisions\/385504"}],"wp:featuredmedia":[{"embeddable":true,"href":"https:\/\/www.notibras.com\/site\/wp-json\/wp\/v2\/media\/385502"}],"wp:attachment":[{"href":"https:\/\/www.notibras.com\/site\/wp-json\/wp\/v2\/media?parent=385501"}],"wp:term":[{"taxonomy":"category","embeddable":true,"href":"https:\/\/www.notibras.com\/site\/wp-json\/wp\/v2\/categories?post=385501"},{"taxonomy":"post_tag","embeddable":true,"href":"https:\/\/www.notibras.com\/site\/wp-json\/wp\/v2\/tags?post=385501"}],"curies":[{"name":"wp","href":"https:\/\/api.w.org\/{rel}","templated":true}]}}