{"id":385505,"date":"2026-03-06T02:15:39","date_gmt":"2026-03-06T05:15:39","guid":{"rendered":"https:\/\/www.notibras.com\/site\/?p=385505"},"modified":"2026-03-04T00:34:33","modified_gmt":"2026-03-04T03:34:33","slug":"entre-fragmentacao-interna-e-a-urgencia-do-inimigo-comum","status":"publish","type":"post","link":"https:\/\/www.notibras.com\/site\/entre-fragmentacao-interna-e-a-urgencia-do-inimigo-comum\/","title":{"rendered":"Entre fragmenta\u00e7\u00e3o interna e a urg\u00eancia do inimigo comum"},"content":{"rendered":"<p>Se a revolu\u00e7\u00e3o que desejamos pressup\u00f5e unidade estrat\u00e9gica, por que estamos em permanente tens\u00e3o interna? Por que l\u00e9sbicas e mulheres trans s\u00e3o colocadas em campos opostos dentro de um movimento que nasceu para enfrentar estruturas de domina\u00e7\u00e3o?<\/p>\n<p>A primeira resposta exige rigor anal\u00edtico: o feminismo nunca foi homog\u00eaneo. Desde suas formula\u00e7\u00f5es liberais no s\u00e9culo XIX at\u00e9 as cr\u00edticas interseccionais contempor\u00e2neas, trata-se de um campo de disputas te\u00f3ricas e pol\u00edticas. Falar em \u201cfeminismo\u201d no singular \u00e9 uma simplifica\u00e7\u00e3o hist\u00f3rica. A pluraliza\u00e7\u00e3o feminismos n\u00e3o \u00e9 concess\u00e3o ret\u00f3rica, mas reconhecimento epistemol\u00f3gico da diversidade de experi\u00eancias e posicionamentos sociais.<\/p>\n<p>Judith Butler demonstrou que g\u00eanero n\u00e3o \u00e9 ess\u00eancia biol\u00f3gica fixa, mas constru\u00e7\u00e3o performativa reiterada por normas sociais. J\u00e1 Monique Wittig tensionou a pr\u00f3pria categoria \u201cmulher\u201d, afirmando que ela \u00e9 produzida dentro de um regime heterossexual de poder. Essas formula\u00e7\u00f5es deslocam o debate do plano identit\u00e1rio para o plano estrutural: quem define quem \u00e9 mulher? A biologia? O Estado? A experi\u00eancia social? A viol\u00eancia sofrida?<\/p>\n<p>Por outro lado, parte do feminismo radical contempor\u00e2neo sustenta que a categoria mulher deve ser definida a partir do sexo biol\u00f3gico, argumentando que a opress\u00e3o patriarcal incide sobre corpos historicamente socializados como f\u00eameas. Esse embate n\u00e3o \u00e9 superficial; ele toca o n\u00facleo da defini\u00e7\u00e3o pol\u00edtica do sujeito do feminismo.<\/p>\n<p>No entanto, quando a diverg\u00eancia te\u00f3rica se transforma em guerra interna permanente, h\u00e1 um efeito pol\u00edtico colateral: o deslocamento do foco. A estrutura patriarcal que produz feminic\u00eddios, estupros e desigualdades materiais permanece operando enquanto o movimento consome energia em disputas identit\u00e1rias.<\/p>\n<p>Angela Davis adverte que movimentos emancipat\u00f3rios fracassam quando n\u00e3o conseguem articular diferen\u00e7as sem reproduzir exclus\u00f5es. J\u00e1 L\u00e9lia Gonzalez ensinou que o feminismo que ignora ra\u00e7a e classe torna-se projeto limitado, incapaz de representar a maioria das mulheres. A li\u00e7\u00e3o que emerge dessas reflex\u00f5es \u00e9 clara: universalismos excludentes fragilizam a luta.<\/p>\n<p>A pluraliza\u00e7\u00e3o em \u201cfeminismos\u201d pode ser uma sa\u00edda metodol\u00f3gica relevante, pois reconhece que mulheres n\u00e3o s\u00e3o um bloco monol\u00edtico. Contudo, pluralidade n\u00e3o significa relativismo absoluto. H\u00e1 um ponto m\u00ednimo de converg\u00eancia que sustenta o campo: o enfrentamento \u00e0s estruturas que produzem desigualdade e viol\u00eancia de g\u00eanero.<\/p>\n<p>A pergunta estrat\u00e9gica, portanto, n\u00e3o \u00e9 \u201cquem tem raz\u00e3o absoluta?\u201d, mas \u201ccomo construir coaliz\u00f5es pol\u00edticas eficazes sem apagar diferen\u00e7as reais?\u201d. A teoria pol\u00edtica contempor\u00e2nea fala em alian\u00e7as contingentes: acordos t\u00e1ticos em torno de objetivos comuns, ainda que persistam dissensos ontol\u00f3gicos.<\/p>\n<p>Superar \u201condas\u201d n\u00e3o significa negar a hist\u00f3ria do movimento, mas compreender que cada fase respondeu a contextos espec\u00edficos. Hoje, o desafio \u00e9 lidar com um cen\u00e1rio de recrudescimento conservador, aumento da viol\u00eancia e instrumentaliza\u00e7\u00e3o pol\u00edtica das pautas de g\u00eanero. A fragmenta\u00e7\u00e3o, nesse contexto, interessa mais aos advers\u00e1rios do que \u00e0s pr\u00f3prias mulheres.<\/p>\n<p>Isso n\u00e3o implica silenciar conflitos leg\u00edtimos. Implica elev\u00e1-los ao n\u00edvel do debate qualificado, evitando que a diverg\u00eancia se converta em deslegitima\u00e7\u00e3o m\u00fatua. Movimentos sociais maduros conseguem tensionar conceitos sem destruir alian\u00e7as estrat\u00e9gicas.<\/p>\n<p>A luta interna n\u00e3o precisa cessar ela faz parte da elabora\u00e7\u00e3o te\u00f3rica. O que precisa cessar \u00e9 a incapacidade de distinguir disputa conceitual de sabotagem pol\u00edtica. Enquanto n\u00e3o delimitarmos o inimigo estrutural patriarcado articulado ao racismo, ao capitalismo e ao autoritarismo continuaremos girando em torno de nossas pr\u00f3prias fissuras.<\/p>\n<p>Se a revolu\u00e7\u00e3o ser\u00e1 feminista, ela n\u00e3o ser\u00e1 uniforme. Mas precisar\u00e1 ser suficientemente coesa para enfrentar o que est\u00e1 fora. A quest\u00e3o n\u00e3o \u00e9 eliminar diferen\u00e7as, e sim impedir que elas nos paralisem diante daquilo que, concretamente, nos mata.<\/p>\n","protected":false},"excerpt":{"rendered":"<p>Se a revolu\u00e7\u00e3o que desejamos pressup\u00f5e unidade estrat\u00e9gica, por que estamos em permanente tens\u00e3o interna? Por que l\u00e9sbicas e mulheres trans s\u00e3o colocadas em campos opostos dentro de um movimento que nasceu para enfrentar estruturas de domina\u00e7\u00e3o? A primeira resposta exige rigor anal\u00edtico: o feminismo nunca foi homog\u00eaneo. Desde suas formula\u00e7\u00f5es liberais no s\u00e9culo XIX [&hellip;]<\/p>\n","protected":false},"author":21,"featured_media":385506,"comment_status":"closed","ping_status":"closed","sticky":false,"template":"","format":"standard","meta":{"_acf_changed":false,"footnotes":""},"categories":[236],"tags":[],"class_list":["post-385505","post","type-post","status-publish","format-standard","has-post-thumbnail","hentry","category-ponto-de-vista"],"acf":[],"yoast_head":"<!-- This site is optimized with the Yoast SEO plugin v27.2 - https:\/\/yoast.com\/product\/yoast-seo-wordpress\/ -->\n<title>Entre fragmenta\u00e7\u00e3o interna e a urg\u00eancia do inimigo comum - Notibras<\/title>\n<meta name=\"robots\" content=\"index, follow, max-snippet:-1, max-image-preview:large, max-video-preview:-1\" \/>\n<link rel=\"canonical\" href=\"https:\/\/www.notibras.com\/site\/entre-fragmentacao-interna-e-a-urgencia-do-inimigo-comum\/\" \/>\n<meta property=\"og:locale\" content=\"pt_BR\" \/>\n<meta property=\"og:type\" content=\"article\" \/>\n<meta property=\"og:title\" content=\"Entre fragmenta\u00e7\u00e3o interna e a urg\u00eancia do inimigo comum - Notibras\" \/>\n<meta property=\"og:description\" content=\"Se a revolu\u00e7\u00e3o que desejamos pressup\u00f5e unidade estrat\u00e9gica, por que estamos em permanente tens\u00e3o interna? Por que l\u00e9sbicas e mulheres trans s\u00e3o colocadas em campos opostos dentro de um movimento que nasceu para enfrentar estruturas de domina\u00e7\u00e3o? A primeira resposta exige rigor anal\u00edtico: o feminismo nunca foi homog\u00eaneo. Desde suas formula\u00e7\u00f5es liberais no s\u00e9culo XIX [&hellip;]\" \/>\n<meta property=\"og:url\" content=\"https:\/\/www.notibras.com\/site\/entre-fragmentacao-interna-e-a-urgencia-do-inimigo-comum\/\" \/>\n<meta property=\"og:site_name\" content=\"Notibras\" \/>\n<meta property=\"article:publisher\" content=\"https:\/\/www.facebook.com\/notibras\/\" \/>\n<meta property=\"article:published_time\" content=\"2026-03-06T05:15:39+00:00\" \/>\n<meta property=\"og:image\" content=\"https:\/\/www.notibras.com\/site\/wp-content\/uploads\/2026\/03\/WhatsApp-Image-2026-03-04-at-00.33.45.jpeg\" \/>\n\t<meta property=\"og:image:width\" content=\"810\" \/>\n\t<meta property=\"og:image:height\" content=\"1440\" \/>\n\t<meta property=\"og:image:type\" content=\"image\/jpeg\" \/>\n<meta name=\"author\" content=\"Eduardo Mart\u00ednez\" \/>\n<meta name=\"twitter:card\" content=\"summary_large_image\" \/>\n<meta name=\"twitter:creator\" content=\"@Notibras\" \/>\n<meta name=\"twitter:site\" content=\"@Notibras\" \/>\n<meta name=\"twitter:label1\" content=\"Escrito por\" \/>\n\t<meta name=\"twitter:data1\" content=\"Eduardo Mart\u00ednez\" \/>\n\t<meta name=\"twitter:label2\" content=\"Est. tempo de leitura\" \/>\n\t<meta name=\"twitter:data2\" content=\"4 minutos\" \/>\n<script type=\"application\/ld+json\" class=\"yoast-schema-graph\">{\"@context\":\"https:\/\/schema.org\",\"@graph\":[{\"@type\":\"Article\",\"@id\":\"https:\/\/www.notibras.com\/site\/entre-fragmentacao-interna-e-a-urgencia-do-inimigo-comum\/#article\",\"isPartOf\":{\"@id\":\"https:\/\/www.notibras.com\/site\/entre-fragmentacao-interna-e-a-urgencia-do-inimigo-comum\/\"},\"author\":{\"name\":\"Eduardo Mart\u00ednez\",\"@id\":\"https:\/\/www.notibras.com\/site\/#\/schema\/person\/5b7fabf2aedc3ada2105f03b22b4d3dd\"},\"headline\":\"Entre fragmenta\u00e7\u00e3o interna e a urg\u00eancia do inimigo comum\",\"datePublished\":\"2026-03-06T05:15:39+00:00\",\"mainEntityOfPage\":{\"@id\":\"https:\/\/www.notibras.com\/site\/entre-fragmentacao-interna-e-a-urgencia-do-inimigo-comum\/\"},\"wordCount\":664,\"publisher\":{\"@id\":\"https:\/\/www.notibras.com\/site\/#organization\"},\"image\":{\"@id\":\"https:\/\/www.notibras.com\/site\/entre-fragmentacao-interna-e-a-urgencia-do-inimigo-comum\/#primaryimage\"},\"thumbnailUrl\":\"https:\/\/www.notibras.com\/site\/wp-content\/uploads\/2026\/03\/WhatsApp-Image-2026-03-04-at-00.33.45.jpeg\",\"articleSection\":[\"Ponto de Vista\"],\"inLanguage\":\"pt-BR\"},{\"@type\":\"WebPage\",\"@id\":\"https:\/\/www.notibras.com\/site\/entre-fragmentacao-interna-e-a-urgencia-do-inimigo-comum\/\",\"url\":\"https:\/\/www.notibras.com\/site\/entre-fragmentacao-interna-e-a-urgencia-do-inimigo-comum\/\",\"name\":\"Entre fragmenta\u00e7\u00e3o interna e a urg\u00eancia do inimigo comum - Notibras\",\"isPartOf\":{\"@id\":\"https:\/\/www.notibras.com\/site\/#website\"},\"primaryImageOfPage\":{\"@id\":\"https:\/\/www.notibras.com\/site\/entre-fragmentacao-interna-e-a-urgencia-do-inimigo-comum\/#primaryimage\"},\"image\":{\"@id\":\"https:\/\/www.notibras.com\/site\/entre-fragmentacao-interna-e-a-urgencia-do-inimigo-comum\/#primaryimage\"},\"thumbnailUrl\":\"https:\/\/www.notibras.com\/site\/wp-content\/uploads\/2026\/03\/WhatsApp-Image-2026-03-04-at-00.33.45.jpeg\",\"datePublished\":\"2026-03-06T05:15:39+00:00\",\"breadcrumb\":{\"@id\":\"https:\/\/www.notibras.com\/site\/entre-fragmentacao-interna-e-a-urgencia-do-inimigo-comum\/#breadcrumb\"},\"inLanguage\":\"pt-BR\",\"potentialAction\":[{\"@type\":\"ReadAction\",\"target\":[\"https:\/\/www.notibras.com\/site\/entre-fragmentacao-interna-e-a-urgencia-do-inimigo-comum\/\"]}]},{\"@type\":\"ImageObject\",\"inLanguage\":\"pt-BR\",\"@id\":\"https:\/\/www.notibras.com\/site\/entre-fragmentacao-interna-e-a-urgencia-do-inimigo-comum\/#primaryimage\",\"url\":\"https:\/\/www.notibras.com\/site\/wp-content\/uploads\/2026\/03\/WhatsApp-Image-2026-03-04-at-00.33.45.jpeg\",\"contentUrl\":\"https:\/\/www.notibras.com\/site\/wp-content\/uploads\/2026\/03\/WhatsApp-Image-2026-03-04-at-00.33.45.jpeg\",\"width\":810,\"height\":1440},{\"@type\":\"BreadcrumbList\",\"@id\":\"https:\/\/www.notibras.com\/site\/entre-fragmentacao-interna-e-a-urgencia-do-inimigo-comum\/#breadcrumb\",\"itemListElement\":[{\"@type\":\"ListItem\",\"position\":1,\"name\":\"In\u00edcio\",\"item\":\"https:\/\/www.notibras.com\/site\/\"},{\"@type\":\"ListItem\",\"position\":2,\"name\":\"Entre fragmenta\u00e7\u00e3o interna e a urg\u00eancia do inimigo comum\"}]},{\"@type\":\"WebSite\",\"@id\":\"https:\/\/www.notibras.com\/site\/#website\",\"url\":\"https:\/\/www.notibras.com\/site\/\",\"name\":\"Notibras\",\"description\":\"Not\u00edcias de Bras\u00edlia, do Brasil e do Mundo\",\"publisher\":{\"@id\":\"https:\/\/www.notibras.com\/site\/#organization\"},\"potentialAction\":[{\"@type\":\"SearchAction\",\"target\":{\"@type\":\"EntryPoint\",\"urlTemplate\":\"https:\/\/www.notibras.com\/site\/?s={search_term_string}\"},\"query-input\":{\"@type\":\"PropertyValueSpecification\",\"valueRequired\":true,\"valueName\":\"search_term_string\"}}],\"inLanguage\":\"pt-BR\"},{\"@type\":\"Organization\",\"@id\":\"https:\/\/www.notibras.com\/site\/#organization\",\"name\":\"Grupo Notibras de Comunica\u00e7\u00e3o\",\"url\":\"https:\/\/www.notibras.com\/site\/\",\"logo\":{\"@type\":\"ImageObject\",\"inLanguage\":\"pt-BR\",\"@id\":\"https:\/\/www.notibras.com\/site\/#\/schema\/logo\/image\/\",\"url\":\"https:\/\/www.notibras.com\/site\/wp-content\/uploads\/2023\/01\/notibras23.png\",\"contentUrl\":\"https:\/\/www.notibras.com\/site\/wp-content\/uploads\/2023\/01\/notibras23.png\",\"width\":350,\"height\":87,\"caption\":\"Grupo Notibras de Comunica\u00e7\u00e3o\"},\"image\":{\"@id\":\"https:\/\/www.notibras.com\/site\/#\/schema\/logo\/image\/\"},\"sameAs\":[\"https:\/\/www.facebook.com\/notibras\/\",\"https:\/\/x.com\/Notibras\",\"https:\/\/www.instagram.com\/notibras\/\"]},{\"@type\":\"Person\",\"@id\":\"https:\/\/www.notibras.com\/site\/#\/schema\/person\/5b7fabf2aedc3ada2105f03b22b4d3dd\",\"name\":\"Eduardo Mart\u00ednez\",\"image\":{\"@type\":\"ImageObject\",\"inLanguage\":\"pt-BR\",\"@id\":\"https:\/\/secure.gravatar.com\/avatar\/7902f906289926289cbcda644b5197c796b893c6ffd7b9a536a42d290f7704a0?s=96&d=mm&r=g\",\"url\":\"https:\/\/secure.gravatar.com\/avatar\/7902f906289926289cbcda644b5197c796b893c6ffd7b9a536a42d290f7704a0?s=96&d=mm&r=g\",\"contentUrl\":\"https:\/\/secure.gravatar.com\/avatar\/7902f906289926289cbcda644b5197c796b893c6ffd7b9a536a42d290f7704a0?s=96&d=mm&r=g\",\"caption\":\"Eduardo Mart\u00ednez\"}}]}<\/script>\n<!-- \/ Yoast SEO plugin. -->","yoast_head_json":{"title":"Entre fragmenta\u00e7\u00e3o interna e a urg\u00eancia do inimigo comum - Notibras","robots":{"index":"index","follow":"follow","max-snippet":"max-snippet:-1","max-image-preview":"max-image-preview:large","max-video-preview":"max-video-preview:-1"},"canonical":"https:\/\/www.notibras.com\/site\/entre-fragmentacao-interna-e-a-urgencia-do-inimigo-comum\/","og_locale":"pt_BR","og_type":"article","og_title":"Entre fragmenta\u00e7\u00e3o interna e a urg\u00eancia do inimigo comum - Notibras","og_description":"Se a revolu\u00e7\u00e3o que desejamos pressup\u00f5e unidade estrat\u00e9gica, por que estamos em permanente tens\u00e3o interna? Por que l\u00e9sbicas e mulheres trans s\u00e3o colocadas em campos opostos dentro de um movimento que nasceu para enfrentar estruturas de domina\u00e7\u00e3o? A primeira resposta exige rigor anal\u00edtico: o feminismo nunca foi homog\u00eaneo. Desde suas formula\u00e7\u00f5es liberais no s\u00e9culo XIX [&hellip;]","og_url":"https:\/\/www.notibras.com\/site\/entre-fragmentacao-interna-e-a-urgencia-do-inimigo-comum\/","og_site_name":"Notibras","article_publisher":"https:\/\/www.facebook.com\/notibras\/","article_published_time":"2026-03-06T05:15:39+00:00","og_image":[{"width":810,"height":1440,"url":"https:\/\/www.notibras.com\/site\/wp-content\/uploads\/2026\/03\/WhatsApp-Image-2026-03-04-at-00.33.45.jpeg","type":"image\/jpeg"}],"author":"Eduardo Mart\u00ednez","twitter_card":"summary_large_image","twitter_creator":"@Notibras","twitter_site":"@Notibras","twitter_misc":{"Escrito por":"Eduardo Mart\u00ednez","Est. tempo de leitura":"4 minutos"},"schema":{"@context":"https:\/\/schema.org","@graph":[{"@type":"Article","@id":"https:\/\/www.notibras.com\/site\/entre-fragmentacao-interna-e-a-urgencia-do-inimigo-comum\/#article","isPartOf":{"@id":"https:\/\/www.notibras.com\/site\/entre-fragmentacao-interna-e-a-urgencia-do-inimigo-comum\/"},"author":{"name":"Eduardo Mart\u00ednez","@id":"https:\/\/www.notibras.com\/site\/#\/schema\/person\/5b7fabf2aedc3ada2105f03b22b4d3dd"},"headline":"Entre fragmenta\u00e7\u00e3o interna e a urg\u00eancia do inimigo comum","datePublished":"2026-03-06T05:15:39+00:00","mainEntityOfPage":{"@id":"https:\/\/www.notibras.com\/site\/entre-fragmentacao-interna-e-a-urgencia-do-inimigo-comum\/"},"wordCount":664,"publisher":{"@id":"https:\/\/www.notibras.com\/site\/#organization"},"image":{"@id":"https:\/\/www.notibras.com\/site\/entre-fragmentacao-interna-e-a-urgencia-do-inimigo-comum\/#primaryimage"},"thumbnailUrl":"https:\/\/www.notibras.com\/site\/wp-content\/uploads\/2026\/03\/WhatsApp-Image-2026-03-04-at-00.33.45.jpeg","articleSection":["Ponto de Vista"],"inLanguage":"pt-BR"},{"@type":"WebPage","@id":"https:\/\/www.notibras.com\/site\/entre-fragmentacao-interna-e-a-urgencia-do-inimigo-comum\/","url":"https:\/\/www.notibras.com\/site\/entre-fragmentacao-interna-e-a-urgencia-do-inimigo-comum\/","name":"Entre fragmenta\u00e7\u00e3o interna e a urg\u00eancia do inimigo comum - Notibras","isPartOf":{"@id":"https:\/\/www.notibras.com\/site\/#website"},"primaryImageOfPage":{"@id":"https:\/\/www.notibras.com\/site\/entre-fragmentacao-interna-e-a-urgencia-do-inimigo-comum\/#primaryimage"},"image":{"@id":"https:\/\/www.notibras.com\/site\/entre-fragmentacao-interna-e-a-urgencia-do-inimigo-comum\/#primaryimage"},"thumbnailUrl":"https:\/\/www.notibras.com\/site\/wp-content\/uploads\/2026\/03\/WhatsApp-Image-2026-03-04-at-00.33.45.jpeg","datePublished":"2026-03-06T05:15:39+00:00","breadcrumb":{"@id":"https:\/\/www.notibras.com\/site\/entre-fragmentacao-interna-e-a-urgencia-do-inimigo-comum\/#breadcrumb"},"inLanguage":"pt-BR","potentialAction":[{"@type":"ReadAction","target":["https:\/\/www.notibras.com\/site\/entre-fragmentacao-interna-e-a-urgencia-do-inimigo-comum\/"]}]},{"@type":"ImageObject","inLanguage":"pt-BR","@id":"https:\/\/www.notibras.com\/site\/entre-fragmentacao-interna-e-a-urgencia-do-inimigo-comum\/#primaryimage","url":"https:\/\/www.notibras.com\/site\/wp-content\/uploads\/2026\/03\/WhatsApp-Image-2026-03-04-at-00.33.45.jpeg","contentUrl":"https:\/\/www.notibras.com\/site\/wp-content\/uploads\/2026\/03\/WhatsApp-Image-2026-03-04-at-00.33.45.jpeg","width":810,"height":1440},{"@type":"BreadcrumbList","@id":"https:\/\/www.notibras.com\/site\/entre-fragmentacao-interna-e-a-urgencia-do-inimigo-comum\/#breadcrumb","itemListElement":[{"@type":"ListItem","position":1,"name":"In\u00edcio","item":"https:\/\/www.notibras.com\/site\/"},{"@type":"ListItem","position":2,"name":"Entre fragmenta\u00e7\u00e3o interna e a urg\u00eancia do inimigo comum"}]},{"@type":"WebSite","@id":"https:\/\/www.notibras.com\/site\/#website","url":"https:\/\/www.notibras.com\/site\/","name":"Notibras","description":"Not\u00edcias de Bras\u00edlia, do Brasil e do Mundo","publisher":{"@id":"https:\/\/www.notibras.com\/site\/#organization"},"potentialAction":[{"@type":"SearchAction","target":{"@type":"EntryPoint","urlTemplate":"https:\/\/www.notibras.com\/site\/?s={search_term_string}"},"query-input":{"@type":"PropertyValueSpecification","valueRequired":true,"valueName":"search_term_string"}}],"inLanguage":"pt-BR"},{"@type":"Organization","@id":"https:\/\/www.notibras.com\/site\/#organization","name":"Grupo Notibras de Comunica\u00e7\u00e3o","url":"https:\/\/www.notibras.com\/site\/","logo":{"@type":"ImageObject","inLanguage":"pt-BR","@id":"https:\/\/www.notibras.com\/site\/#\/schema\/logo\/image\/","url":"https:\/\/www.notibras.com\/site\/wp-content\/uploads\/2023\/01\/notibras23.png","contentUrl":"https:\/\/www.notibras.com\/site\/wp-content\/uploads\/2023\/01\/notibras23.png","width":350,"height":87,"caption":"Grupo Notibras de Comunica\u00e7\u00e3o"},"image":{"@id":"https:\/\/www.notibras.com\/site\/#\/schema\/logo\/image\/"},"sameAs":["https:\/\/www.facebook.com\/notibras\/","https:\/\/x.com\/Notibras","https:\/\/www.instagram.com\/notibras\/"]},{"@type":"Person","@id":"https:\/\/www.notibras.com\/site\/#\/schema\/person\/5b7fabf2aedc3ada2105f03b22b4d3dd","name":"Eduardo Mart\u00ednez","image":{"@type":"ImageObject","inLanguage":"pt-BR","@id":"https:\/\/secure.gravatar.com\/avatar\/7902f906289926289cbcda644b5197c796b893c6ffd7b9a536a42d290f7704a0?s=96&d=mm&r=g","url":"https:\/\/secure.gravatar.com\/avatar\/7902f906289926289cbcda644b5197c796b893c6ffd7b9a536a42d290f7704a0?s=96&d=mm&r=g","contentUrl":"https:\/\/secure.gravatar.com\/avatar\/7902f906289926289cbcda644b5197c796b893c6ffd7b9a536a42d290f7704a0?s=96&d=mm&r=g","caption":"Eduardo Mart\u00ednez"}}]}},"amp_enabled":true,"_links":{"self":[{"href":"https:\/\/www.notibras.com\/site\/wp-json\/wp\/v2\/posts\/385505","targetHints":{"allow":["GET"]}}],"collection":[{"href":"https:\/\/www.notibras.com\/site\/wp-json\/wp\/v2\/posts"}],"about":[{"href":"https:\/\/www.notibras.com\/site\/wp-json\/wp\/v2\/types\/post"}],"author":[{"embeddable":true,"href":"https:\/\/www.notibras.com\/site\/wp-json\/wp\/v2\/users\/21"}],"replies":[{"embeddable":true,"href":"https:\/\/www.notibras.com\/site\/wp-json\/wp\/v2\/comments?post=385505"}],"version-history":[{"count":2,"href":"https:\/\/www.notibras.com\/site\/wp-json\/wp\/v2\/posts\/385505\/revisions"}],"predecessor-version":[{"id":385508,"href":"https:\/\/www.notibras.com\/site\/wp-json\/wp\/v2\/posts\/385505\/revisions\/385508"}],"wp:featuredmedia":[{"embeddable":true,"href":"https:\/\/www.notibras.com\/site\/wp-json\/wp\/v2\/media\/385506"}],"wp:attachment":[{"href":"https:\/\/www.notibras.com\/site\/wp-json\/wp\/v2\/media?parent=385505"}],"wp:term":[{"taxonomy":"category","embeddable":true,"href":"https:\/\/www.notibras.com\/site\/wp-json\/wp\/v2\/categories?post=385505"},{"taxonomy":"post_tag","embeddable":true,"href":"https:\/\/www.notibras.com\/site\/wp-json\/wp\/v2\/tags?post=385505"}],"curies":[{"name":"wp","href":"https:\/\/api.w.org\/{rel}","templated":true}]}}