{"id":385513,"date":"2026-03-04T01:44:48","date_gmt":"2026-03-04T04:44:48","guid":{"rendered":"https:\/\/www.notibras.com\/site\/?p=385513"},"modified":"2026-03-04T01:47:23","modified_gmt":"2026-03-04T04:47:23","slug":"jf-dona-da-friboi-roeu-os-ossos-dos-velhinhos","status":"publish","type":"post","link":"https:\/\/www.notibras.com\/site\/jf-dona-da-friboi-roeu-os-ossos-dos-velhinhos\/","title":{"rendered":"J&#038;F, dona da Friboi, roeu os ossos dos velhinhos"},"content":{"rendered":"<p>No Brasil, h\u00e1 um velho prov\u00e9rbio que atravessa gera\u00e7\u00f5es como conselho de av\u00f3 desconfiada. Sugere que \u201cquando a esmola \u00e9 grande, at\u00e9 o santo desconfia.\u201d E se h\u00e1 um lugar onde esse ensinamento deveria estar gravado na porta de entrada \u00e9 na reparti\u00e7\u00e3o p\u00fablica que lida com o dinheiro de quem trabalhou a vida inteira e agora sobrevive de uma aposentadoria magra.<\/p>\n<p>Mas, como costuma acontecer na Rep\u00fablica tropical, a esmola virou neg\u00f3cio dos grandes. Os documentos que chegaram \u00e0 CPMI do INSS indicam que o extinto programa Meu INSS Vale+, vendido ao p\u00fablico como um gesto de compaix\u00e3o financeira para aposentados apertados, pode ter sido na pr\u00e1tica um daqueles arranjos em que a caridade entra pela porta da frente e o lucro sai pela dos fundos.<\/p>\n<p>Segundo dados analisados pelo COAF, uma conta ligada \u00e0 holding J&amp;F Investimentos, dos irm\u00e3os Wesley Batista e Joesley Batista, que det\u00e9m, entre outras, a marca Friboi, teria enviado R$ 55,7 milh\u00f5es para empresas vinculadas ao empres\u00e1rio Danilo Trento.<\/p>\n<p>O detalhe que chama a aten\u00e7\u00e3o e faz qualquer santo pedir auditoria \u00e9 a coincid\u00eancia temporal. \u00c9 que os repasses ocorreram entre dezembro de 2024 e abril de 2025, exatamente no per\u00edodo em que o programa Vale+ come\u00e7ava a operar.<\/p>\n<p>Convenhamos que coincid\u00eancias existem. Mas coincid\u00eancias de quase 56 milh\u00f5es de reais costumam ser mais raras. A t\u00edtulo de recorda\u00e7\u00e3o, o Vale+ nasceu com um discurso que ningu\u00e9m ousaria criticar em voz alta, ao permitir que aposentados antecipassem parte do benef\u00edcio para enfrentar emerg\u00eancias.<\/p>\n<p>A proposta soava bonito, tinha sonoridade humanit\u00e1ria equivalente ao que \u00e9 dito de um p\u00falpito. O pr\u00f3prio INSS chegou a estimar que 38 milh\u00f5es de brasileiros poderiam ser beneficiados. Mas, no mundo real, a matem\u00e1tica da caridade come\u00e7ou a ficar estranha.<\/p>\n<p>O certo \u00e9 que atra\u00eddos por uma proposta tentadora, mais de 341 mil aposentados aderiram ao sistema, movimentando cerca de R$ 252,5 milh\u00f5es em antecipa\u00e7\u00f5es. Desse montante, R$ 110,5 milh\u00f5es foram pagos ao PicPay, banco digital ligado ao mesmo grupo empresarial.<\/p>\n<p>\u00c9 justamente aqui que surge outra curiosidade estat\u00edstica digna de tese universit\u00e1ria, uma vez que embora tr\u00eas institui\u00e7\u00f5es estivessem habilitadas, apenas o PicPay operou de fato. No mercado financeiro, isso costuma receber um nome pouco rom\u00e2ntico. Algo como exclusividade de neg\u00f3cios, por supostamente escusos que sejam.<\/p>\n<p>O problema levantado pela Comiss\u00e3o de Inqu\u00e9rito do Congresso Nacional, atesta que o programa foi apresentado como adiantamento, mas funcionava como empr\u00e9stimo disfar\u00e7ado. As taxas que variavam de R$ 4,99 a R$ 20,99 eram cobradas sobre valores antecipados. Isso pode parecer pouco para quem movimenta bilh\u00f5es, por\u00e9m, para quem vive de benef\u00edcio previdenci\u00e1rio, cada dez reais tem peso de feij\u00e3o no prato.<\/p>\n<p>O pr\u00f3prio presidente do INSS, Gilberto Waller J\u00fanior, resumiu o problema com uma franqueza rara na burocracia federal, ao afirmar que tirar meros 450 reais de um aposentado pode significar n\u00e3o ter dinheiro para chegar ao fim do m\u00eas. Para quem n\u00e3o entendeu o golpe em portugu\u00eas claro, vamos desenhar letra por letra: o programa flertava perigosamente com o autoendividamento dos idosos.<\/p>\n<p>A partir da\u00ed o santo finalmente desconfiou. De um lado, a Febraban alertou que o modelo n\u00e3o tinha respaldo jur\u00eddico claro de outro, a Pol\u00edcia Federal come\u00e7ou a investigar descontos ilegais em benef\u00edcios. Fechando o c\u00edrculo, o ent\u00e3o presidente do INSS, Alessandro Stefanutto, acabou preso numa opera\u00e7\u00e3o relacionada ao esc\u00e2ndalo.<\/p>\n<p>O programa foi suspenso em 2025 e, posteriormente, enterrado. Mas a CPMI agora tenta entender quem se beneficiou da sopa feita com os ossos da Previd\u00eancia ou melhor dizendo, dos velhinhos aposentados. Porque, no frigir dos ovos \u2014 ou no leite j\u00e1 derramado \u2014 a impress\u00e3o que fica \u00e9 inc\u00f4moda e mostra que a cachorrada era grande demais para caber apenas no quintal do INSS.<\/p>\n<p>Essa \u00e9 mais uma das velhas hist\u00f3rias brasileiras, onde esc\u00e2ndalos costumam seguir um roteiro previs\u00edvel: 1) nasce um programa social cheio de boas inten\u00e7\u00f5es; 2) entra um operador financeiro prometendo efici\u00eancia; 3) aparecem intermedi\u00e1rios com tr\u00e2nsito em Bras\u00edlia; 4) o dinheiro come\u00e7a a circular; e, 5) quando algu\u00e9m percebe, os aposentados j\u00e1 pagaram a conta.<\/p>\n<p>O pior \u00e9 que, no fim, ningu\u00e9m quer saber quem trouxe a esmola. O que o pa\u00eds quer saber \u00e9 quem ficou com o dinheiro do santo. E, se as investiga\u00e7\u00f5es da CPMI avan\u00e7arem como prometem, talvez descubramos que o golpe nos velhinhos n\u00e3o foi obra de um lobo solit\u00e1rio, mas de uma matilha inteira disputando os ossos dos aposentados.<\/p>\n<p>&#8230;&#8230;&#8230;&#8230;<\/p>\n<p><strong>Jos\u00e9 Seabra \u00e9 CEO fundador de Notibras<\/strong><\/p>\n","protected":false},"excerpt":{"rendered":"<p>No Brasil, h\u00e1 um velho prov\u00e9rbio que atravessa gera\u00e7\u00f5es como conselho de av\u00f3 desconfiada. Sugere que \u201cquando a esmola \u00e9 grande, at\u00e9 o santo desconfia.\u201d E se h\u00e1 um lugar onde esse ensinamento deveria estar gravado na porta de entrada \u00e9 na reparti\u00e7\u00e3o p\u00fablica que lida com o dinheiro de quem trabalhou a vida inteira [&hellip;]<\/p>\n","protected":false},"author":2,"featured_media":385514,"comment_status":"closed","ping_status":"closed","sticky":false,"template":"","format":"standard","meta":{"_acf_changed":false,"footnotes":""},"categories":[16],"tags":[95],"class_list":["post-385513","post","type-post","status-publish","format-standard","has-post-thumbnail","hentry","category-brasil","tag-capa"],"acf":[],"yoast_head":"<!-- This site is optimized with the Yoast SEO plugin v27.2 - https:\/\/yoast.com\/product\/yoast-seo-wordpress\/ -->\n<title>J&amp;F, dona da Friboi, roeu os ossos dos velhinhos - Notibras<\/title>\n<meta name=\"robots\" content=\"index, follow, max-snippet:-1, max-image-preview:large, max-video-preview:-1\" \/>\n<link rel=\"canonical\" href=\"https:\/\/www.notibras.com\/site\/jf-dona-da-friboi-roeu-os-ossos-dos-velhinhos\/\" \/>\n<meta property=\"og:locale\" content=\"pt_BR\" \/>\n<meta property=\"og:type\" content=\"article\" \/>\n<meta property=\"og:title\" content=\"J&amp;F, dona da Friboi, roeu os ossos dos velhinhos - Notibras\" \/>\n<meta property=\"og:description\" content=\"No Brasil, h\u00e1 um velho prov\u00e9rbio que atravessa gera\u00e7\u00f5es como conselho de av\u00f3 desconfiada. Sugere que \u201cquando a esmola \u00e9 grande, at\u00e9 o santo desconfia.\u201d E se h\u00e1 um lugar onde esse ensinamento deveria estar gravado na porta de entrada \u00e9 na reparti\u00e7\u00e3o p\u00fablica que lida com o dinheiro de quem trabalhou a vida inteira [&hellip;]\" \/>\n<meta property=\"og:url\" content=\"https:\/\/www.notibras.com\/site\/jf-dona-da-friboi-roeu-os-ossos-dos-velhinhos\/\" \/>\n<meta property=\"og:site_name\" content=\"Notibras\" \/>\n<meta property=\"article:publisher\" content=\"https:\/\/www.facebook.com\/notibras\/\" \/>\n<meta property=\"article:published_time\" content=\"2026-03-04T04:44:48+00:00\" \/>\n<meta property=\"article:modified_time\" content=\"2026-03-04T04:47:23+00:00\" \/>\n<meta property=\"og:image\" content=\"https:\/\/www.notibras.com\/site\/wp-content\/uploads\/2026\/03\/boi.jef_-683x1024.png\" \/>\n\t<meta property=\"og:image:width\" content=\"683\" \/>\n\t<meta property=\"og:image:height\" content=\"1024\" \/>\n\t<meta property=\"og:image:type\" content=\"image\/png\" \/>\n<meta name=\"author\" content=\"Reda\u00e7\u00e3o\" \/>\n<meta name=\"twitter:card\" content=\"summary_large_image\" \/>\n<meta name=\"twitter:creator\" content=\"@Notibras\" \/>\n<meta name=\"twitter:site\" content=\"@Notibras\" \/>\n<meta name=\"twitter:label1\" content=\"Escrito por\" \/>\n\t<meta name=\"twitter:data1\" content=\"Reda\u00e7\u00e3o\" \/>\n\t<meta name=\"twitter:label2\" content=\"Est. tempo de leitura\" \/>\n\t<meta name=\"twitter:data2\" content=\"5 minutos\" \/>\n<script type=\"application\/ld+json\" class=\"yoast-schema-graph\">{\"@context\":\"https:\/\/schema.org\",\"@graph\":[{\"@type\":\"Article\",\"@id\":\"https:\/\/www.notibras.com\/site\/jf-dona-da-friboi-roeu-os-ossos-dos-velhinhos\/#article\",\"isPartOf\":{\"@id\":\"https:\/\/www.notibras.com\/site\/jf-dona-da-friboi-roeu-os-ossos-dos-velhinhos\/\"},\"author\":{\"name\":\"Reda\u00e7\u00e3o\",\"@id\":\"https:\/\/www.notibras.com\/site\/#\/schema\/person\/36ab0979449956132d3e5b517ea76ac8\"},\"headline\":\"J&#038;F, dona da Friboi, roeu os ossos dos velhinhos\",\"datePublished\":\"2026-03-04T04:44:48+00:00\",\"dateModified\":\"2026-03-04T04:47:23+00:00\",\"mainEntityOfPage\":{\"@id\":\"https:\/\/www.notibras.com\/site\/jf-dona-da-friboi-roeu-os-ossos-dos-velhinhos\/\"},\"wordCount\":801,\"publisher\":{\"@id\":\"https:\/\/www.notibras.com\/site\/#organization\"},\"image\":{\"@id\":\"https:\/\/www.notibras.com\/site\/jf-dona-da-friboi-roeu-os-ossos-dos-velhinhos\/#primaryimage\"},\"thumbnailUrl\":\"https:\/\/www.notibras.com\/site\/wp-content\/uploads\/2026\/03\/boi.jef_.png\",\"keywords\":[\"capa\"],\"articleSection\":[\"Brasil\"],\"inLanguage\":\"pt-BR\"},{\"@type\":\"WebPage\",\"@id\":\"https:\/\/www.notibras.com\/site\/jf-dona-da-friboi-roeu-os-ossos-dos-velhinhos\/\",\"url\":\"https:\/\/www.notibras.com\/site\/jf-dona-da-friboi-roeu-os-ossos-dos-velhinhos\/\",\"name\":\"J&F, dona da Friboi, roeu os ossos dos velhinhos - Notibras\",\"isPartOf\":{\"@id\":\"https:\/\/www.notibras.com\/site\/#website\"},\"primaryImageOfPage\":{\"@id\":\"https:\/\/www.notibras.com\/site\/jf-dona-da-friboi-roeu-os-ossos-dos-velhinhos\/#primaryimage\"},\"image\":{\"@id\":\"https:\/\/www.notibras.com\/site\/jf-dona-da-friboi-roeu-os-ossos-dos-velhinhos\/#primaryimage\"},\"thumbnailUrl\":\"https:\/\/www.notibras.com\/site\/wp-content\/uploads\/2026\/03\/boi.jef_.png\",\"datePublished\":\"2026-03-04T04:44:48+00:00\",\"dateModified\":\"2026-03-04T04:47:23+00:00\",\"breadcrumb\":{\"@id\":\"https:\/\/www.notibras.com\/site\/jf-dona-da-friboi-roeu-os-ossos-dos-velhinhos\/#breadcrumb\"},\"inLanguage\":\"pt-BR\",\"potentialAction\":[{\"@type\":\"ReadAction\",\"target\":[\"https:\/\/www.notibras.com\/site\/jf-dona-da-friboi-roeu-os-ossos-dos-velhinhos\/\"]}]},{\"@type\":\"ImageObject\",\"inLanguage\":\"pt-BR\",\"@id\":\"https:\/\/www.notibras.com\/site\/jf-dona-da-friboi-roeu-os-ossos-dos-velhinhos\/#primaryimage\",\"url\":\"https:\/\/www.notibras.com\/site\/wp-content\/uploads\/2026\/03\/boi.jef_.png\",\"contentUrl\":\"https:\/\/www.notibras.com\/site\/wp-content\/uploads\/2026\/03\/boi.jef_.png\",\"width\":1024,\"height\":1536},{\"@type\":\"BreadcrumbList\",\"@id\":\"https:\/\/www.notibras.com\/site\/jf-dona-da-friboi-roeu-os-ossos-dos-velhinhos\/#breadcrumb\",\"itemListElement\":[{\"@type\":\"ListItem\",\"position\":1,\"name\":\"In\u00edcio\",\"item\":\"https:\/\/www.notibras.com\/site\/\"},{\"@type\":\"ListItem\",\"position\":2,\"name\":\"J&#038;F, dona da Friboi, roeu os ossos dos velhinhos\"}]},{\"@type\":\"WebSite\",\"@id\":\"https:\/\/www.notibras.com\/site\/#website\",\"url\":\"https:\/\/www.notibras.com\/site\/\",\"name\":\"Notibras\",\"description\":\"Not\u00edcias de Bras\u00edlia, do Brasil e do Mundo\",\"publisher\":{\"@id\":\"https:\/\/www.notibras.com\/site\/#organization\"},\"potentialAction\":[{\"@type\":\"SearchAction\",\"target\":{\"@type\":\"EntryPoint\",\"urlTemplate\":\"https:\/\/www.notibras.com\/site\/?s={search_term_string}\"},\"query-input\":{\"@type\":\"PropertyValueSpecification\",\"valueRequired\":true,\"valueName\":\"search_term_string\"}}],\"inLanguage\":\"pt-BR\"},{\"@type\":\"Organization\",\"@id\":\"https:\/\/www.notibras.com\/site\/#organization\",\"name\":\"Grupo Notibras de Comunica\u00e7\u00e3o\",\"url\":\"https:\/\/www.notibras.com\/site\/\",\"logo\":{\"@type\":\"ImageObject\",\"inLanguage\":\"pt-BR\",\"@id\":\"https:\/\/www.notibras.com\/site\/#\/schema\/logo\/image\/\",\"url\":\"https:\/\/www.notibras.com\/site\/wp-content\/uploads\/2023\/01\/notibras23.png\",\"contentUrl\":\"https:\/\/www.notibras.com\/site\/wp-content\/uploads\/2023\/01\/notibras23.png\",\"width\":350,\"height\":87,\"caption\":\"Grupo Notibras de Comunica\u00e7\u00e3o\"},\"image\":{\"@id\":\"https:\/\/www.notibras.com\/site\/#\/schema\/logo\/image\/\"},\"sameAs\":[\"https:\/\/www.facebook.com\/notibras\/\",\"https:\/\/x.com\/Notibras\",\"https:\/\/www.instagram.com\/notibras\/\"]},{\"@type\":\"Person\",\"@id\":\"https:\/\/www.notibras.com\/site\/#\/schema\/person\/36ab0979449956132d3e5b517ea76ac8\",\"name\":\"Reda\u00e7\u00e3o\",\"image\":{\"@type\":\"ImageObject\",\"inLanguage\":\"pt-BR\",\"@id\":\"https:\/\/secure.gravatar.com\/avatar\/e0a867bdedb85fd243eadf09663511f96fc81e0720a4a42581f334ad4303aa6b?s=96&d=mm&r=g\",\"url\":\"https:\/\/secure.gravatar.com\/avatar\/e0a867bdedb85fd243eadf09663511f96fc81e0720a4a42581f334ad4303aa6b?s=96&d=mm&r=g\",\"contentUrl\":\"https:\/\/secure.gravatar.com\/avatar\/e0a867bdedb85fd243eadf09663511f96fc81e0720a4a42581f334ad4303aa6b?s=96&d=mm&r=g\",\"caption\":\"Reda\u00e7\u00e3o\"}}]}<\/script>\n<!-- \/ Yoast SEO plugin. -->","yoast_head_json":{"title":"J&F, dona da Friboi, roeu os ossos dos velhinhos - Notibras","robots":{"index":"index","follow":"follow","max-snippet":"max-snippet:-1","max-image-preview":"max-image-preview:large","max-video-preview":"max-video-preview:-1"},"canonical":"https:\/\/www.notibras.com\/site\/jf-dona-da-friboi-roeu-os-ossos-dos-velhinhos\/","og_locale":"pt_BR","og_type":"article","og_title":"J&F, dona da Friboi, roeu os ossos dos velhinhos - Notibras","og_description":"No Brasil, h\u00e1 um velho prov\u00e9rbio que atravessa gera\u00e7\u00f5es como conselho de av\u00f3 desconfiada. Sugere que \u201cquando a esmola \u00e9 grande, at\u00e9 o santo desconfia.\u201d E se h\u00e1 um lugar onde esse ensinamento deveria estar gravado na porta de entrada \u00e9 na reparti\u00e7\u00e3o p\u00fablica que lida com o dinheiro de quem trabalhou a vida inteira [&hellip;]","og_url":"https:\/\/www.notibras.com\/site\/jf-dona-da-friboi-roeu-os-ossos-dos-velhinhos\/","og_site_name":"Notibras","article_publisher":"https:\/\/www.facebook.com\/notibras\/","article_published_time":"2026-03-04T04:44:48+00:00","article_modified_time":"2026-03-04T04:47:23+00:00","og_image":[{"width":683,"height":1024,"url":"https:\/\/www.notibras.com\/site\/wp-content\/uploads\/2026\/03\/boi.jef_-683x1024.png","type":"image\/png"}],"author":"Reda\u00e7\u00e3o","twitter_card":"summary_large_image","twitter_creator":"@Notibras","twitter_site":"@Notibras","twitter_misc":{"Escrito por":"Reda\u00e7\u00e3o","Est. tempo de leitura":"5 minutos"},"schema":{"@context":"https:\/\/schema.org","@graph":[{"@type":"Article","@id":"https:\/\/www.notibras.com\/site\/jf-dona-da-friboi-roeu-os-ossos-dos-velhinhos\/#article","isPartOf":{"@id":"https:\/\/www.notibras.com\/site\/jf-dona-da-friboi-roeu-os-ossos-dos-velhinhos\/"},"author":{"name":"Reda\u00e7\u00e3o","@id":"https:\/\/www.notibras.com\/site\/#\/schema\/person\/36ab0979449956132d3e5b517ea76ac8"},"headline":"J&#038;F, dona da Friboi, roeu os ossos dos velhinhos","datePublished":"2026-03-04T04:44:48+00:00","dateModified":"2026-03-04T04:47:23+00:00","mainEntityOfPage":{"@id":"https:\/\/www.notibras.com\/site\/jf-dona-da-friboi-roeu-os-ossos-dos-velhinhos\/"},"wordCount":801,"publisher":{"@id":"https:\/\/www.notibras.com\/site\/#organization"},"image":{"@id":"https:\/\/www.notibras.com\/site\/jf-dona-da-friboi-roeu-os-ossos-dos-velhinhos\/#primaryimage"},"thumbnailUrl":"https:\/\/www.notibras.com\/site\/wp-content\/uploads\/2026\/03\/boi.jef_.png","keywords":["capa"],"articleSection":["Brasil"],"inLanguage":"pt-BR"},{"@type":"WebPage","@id":"https:\/\/www.notibras.com\/site\/jf-dona-da-friboi-roeu-os-ossos-dos-velhinhos\/","url":"https:\/\/www.notibras.com\/site\/jf-dona-da-friboi-roeu-os-ossos-dos-velhinhos\/","name":"J&F, dona da Friboi, roeu os ossos dos velhinhos - Notibras","isPartOf":{"@id":"https:\/\/www.notibras.com\/site\/#website"},"primaryImageOfPage":{"@id":"https:\/\/www.notibras.com\/site\/jf-dona-da-friboi-roeu-os-ossos-dos-velhinhos\/#primaryimage"},"image":{"@id":"https:\/\/www.notibras.com\/site\/jf-dona-da-friboi-roeu-os-ossos-dos-velhinhos\/#primaryimage"},"thumbnailUrl":"https:\/\/www.notibras.com\/site\/wp-content\/uploads\/2026\/03\/boi.jef_.png","datePublished":"2026-03-04T04:44:48+00:00","dateModified":"2026-03-04T04:47:23+00:00","breadcrumb":{"@id":"https:\/\/www.notibras.com\/site\/jf-dona-da-friboi-roeu-os-ossos-dos-velhinhos\/#breadcrumb"},"inLanguage":"pt-BR","potentialAction":[{"@type":"ReadAction","target":["https:\/\/www.notibras.com\/site\/jf-dona-da-friboi-roeu-os-ossos-dos-velhinhos\/"]}]},{"@type":"ImageObject","inLanguage":"pt-BR","@id":"https:\/\/www.notibras.com\/site\/jf-dona-da-friboi-roeu-os-ossos-dos-velhinhos\/#primaryimage","url":"https:\/\/www.notibras.com\/site\/wp-content\/uploads\/2026\/03\/boi.jef_.png","contentUrl":"https:\/\/www.notibras.com\/site\/wp-content\/uploads\/2026\/03\/boi.jef_.png","width":1024,"height":1536},{"@type":"BreadcrumbList","@id":"https:\/\/www.notibras.com\/site\/jf-dona-da-friboi-roeu-os-ossos-dos-velhinhos\/#breadcrumb","itemListElement":[{"@type":"ListItem","position":1,"name":"In\u00edcio","item":"https:\/\/www.notibras.com\/site\/"},{"@type":"ListItem","position":2,"name":"J&#038;F, dona da Friboi, roeu os ossos dos velhinhos"}]},{"@type":"WebSite","@id":"https:\/\/www.notibras.com\/site\/#website","url":"https:\/\/www.notibras.com\/site\/","name":"Notibras","description":"Not\u00edcias de Bras\u00edlia, do Brasil e do Mundo","publisher":{"@id":"https:\/\/www.notibras.com\/site\/#organization"},"potentialAction":[{"@type":"SearchAction","target":{"@type":"EntryPoint","urlTemplate":"https:\/\/www.notibras.com\/site\/?s={search_term_string}"},"query-input":{"@type":"PropertyValueSpecification","valueRequired":true,"valueName":"search_term_string"}}],"inLanguage":"pt-BR"},{"@type":"Organization","@id":"https:\/\/www.notibras.com\/site\/#organization","name":"Grupo Notibras de Comunica\u00e7\u00e3o","url":"https:\/\/www.notibras.com\/site\/","logo":{"@type":"ImageObject","inLanguage":"pt-BR","@id":"https:\/\/www.notibras.com\/site\/#\/schema\/logo\/image\/","url":"https:\/\/www.notibras.com\/site\/wp-content\/uploads\/2023\/01\/notibras23.png","contentUrl":"https:\/\/www.notibras.com\/site\/wp-content\/uploads\/2023\/01\/notibras23.png","width":350,"height":87,"caption":"Grupo Notibras de Comunica\u00e7\u00e3o"},"image":{"@id":"https:\/\/www.notibras.com\/site\/#\/schema\/logo\/image\/"},"sameAs":["https:\/\/www.facebook.com\/notibras\/","https:\/\/x.com\/Notibras","https:\/\/www.instagram.com\/notibras\/"]},{"@type":"Person","@id":"https:\/\/www.notibras.com\/site\/#\/schema\/person\/36ab0979449956132d3e5b517ea76ac8","name":"Reda\u00e7\u00e3o","image":{"@type":"ImageObject","inLanguage":"pt-BR","@id":"https:\/\/secure.gravatar.com\/avatar\/e0a867bdedb85fd243eadf09663511f96fc81e0720a4a42581f334ad4303aa6b?s=96&d=mm&r=g","url":"https:\/\/secure.gravatar.com\/avatar\/e0a867bdedb85fd243eadf09663511f96fc81e0720a4a42581f334ad4303aa6b?s=96&d=mm&r=g","contentUrl":"https:\/\/secure.gravatar.com\/avatar\/e0a867bdedb85fd243eadf09663511f96fc81e0720a4a42581f334ad4303aa6b?s=96&d=mm&r=g","caption":"Reda\u00e7\u00e3o"}}]}},"amp_enabled":true,"_links":{"self":[{"href":"https:\/\/www.notibras.com\/site\/wp-json\/wp\/v2\/posts\/385513","targetHints":{"allow":["GET"]}}],"collection":[{"href":"https:\/\/www.notibras.com\/site\/wp-json\/wp\/v2\/posts"}],"about":[{"href":"https:\/\/www.notibras.com\/site\/wp-json\/wp\/v2\/types\/post"}],"author":[{"embeddable":true,"href":"https:\/\/www.notibras.com\/site\/wp-json\/wp\/v2\/users\/2"}],"replies":[{"embeddable":true,"href":"https:\/\/www.notibras.com\/site\/wp-json\/wp\/v2\/comments?post=385513"}],"version-history":[{"count":3,"href":"https:\/\/www.notibras.com\/site\/wp-json\/wp\/v2\/posts\/385513\/revisions"}],"predecessor-version":[{"id":385517,"href":"https:\/\/www.notibras.com\/site\/wp-json\/wp\/v2\/posts\/385513\/revisions\/385517"}],"wp:featuredmedia":[{"embeddable":true,"href":"https:\/\/www.notibras.com\/site\/wp-json\/wp\/v2\/media\/385514"}],"wp:attachment":[{"href":"https:\/\/www.notibras.com\/site\/wp-json\/wp\/v2\/media?parent=385513"}],"wp:term":[{"taxonomy":"category","embeddable":true,"href":"https:\/\/www.notibras.com\/site\/wp-json\/wp\/v2\/categories?post=385513"},{"taxonomy":"post_tag","embeddable":true,"href":"https:\/\/www.notibras.com\/site\/wp-json\/wp\/v2\/tags?post=385513"}],"curies":[{"name":"wp","href":"https:\/\/api.w.org\/{rel}","templated":true}]}}