{"id":385534,"date":"2026-03-04T06:40:14","date_gmt":"2026-03-04T09:40:14","guid":{"rendered":"https:\/\/www.notibras.com\/site\/?p=385534"},"modified":"2026-03-04T07:03:04","modified_gmt":"2026-03-04T10:03:04","slug":"honesto-de-fachada-politico-fake-acaba-ferido-com-o-mesmo-ferro-que-fere","status":"publish","type":"post","link":"https:\/\/www.notibras.com\/site\/honesto-de-fachada-politico-fake-acaba-ferido-com-o-mesmo-ferro-que-fere\/","title":{"rendered":"Honesto de fachada, pol\u00edtico fake acaba ferido com o mesmo ferro que fere"},"content":{"rendered":"<p>Desde D. Pedro, o primeiro imperador, h\u00e1 no Brasil tr\u00eas tipos distintos de pol\u00edticos: os de fatos, os de fakes e os de coisa alguma. Os primeiros dispensam coment\u00e1rios. Os segundos s\u00e3o honestos de fachada, ou seja, tentam ser aquilo que jamais ser\u00e3o. Quanto aos terceiros, pouco ou nada a acrescentar, al\u00e9m das numerosas mazelas e cicatrizes que deixaram ou marcaram o povo brasileiro. A express\u00e3o \u201cAssim como s\u00e3o as pessoas s\u00e3o as criaturas\u201d parece ter sido cunhada para os politiqueiros no modo fake. Hoje eles s\u00e3o muitos. Talvez sejam menos a partir de outubro.<\/p>\n<p>Sem exce\u00e7\u00e3o, todos eles t\u00eam conex\u00e3o profunda com aquele que chamam de criador. \u00c9 a mais significativa e verdadeira proje\u00e7\u00e3o de personalidade. Dispostos a derrubar uma candidatura supostamente vencedora com meses de anteced\u00eancia, os fake, tamb\u00e9m conhecidos como a turma da mente inovadora (mentem todos os dias), tentaram a todo custo envolver um dos filhos do candidato mais bem aprovado nas pesquisas de inten\u00e7\u00e3o de votos no esquema do Banco Master.<\/p>\n<p>At\u00e9 agora, nada se provou contra ele. Caso isso ocorra, que o rapaz pague pelos seus erros como qualquer cidad\u00e3o comum. Esquecendo que quem tem rabo de palha n\u00e3o passa perto de fogo e deve pensar um milh\u00e3o de vezes antes de criticar o dos advers\u00e1rios, o grupo da mentira foi castigado antes mesmo que o raio ca\u00edsse sobre a cabe\u00e7a dos maluquetes convictos. Caiu, mas eles que n\u00e3o s\u00e3o bestas estavam longe. De qualquer maneira, acabaram feridos pelo mesmo ferro que tentaram ferir.<\/p>\n<p>Na campanha eleitoral de 2022, aquele deputado federal conhecido por \u201cChupetinha\u201d andou para cima e para baixo no jatinho de Daniel Vorcaro, ex-dono do Master, sempre em companhia de um famoso pastor da Igreja Lagoinha. Obviamente que ambos eram \u2013 e s\u00e3o \u2013 contra o vencedor daquele pleito. As fotos comprobat\u00f3rias est\u00e3o dispon\u00edveis nas mesmas redes sociais que eles usam para achincalhar ou emparedar advers\u00e1rios. Mais cedo do que imaginavam, o raio do princ\u00edpio os pegou por tr\u00e1s, atingiu os meios e quase os deixou sem os fundos.<\/p>\n<p>Ao contr\u00e1rio da verdade, que fere, mas cura, a mentira, al\u00e9m de pernas curtas, deixa marcas profundas. Mentiras como a do deputado que s\u00f3 falta sair da l\u00e2mpada do g\u00eanio para aparecer t\u00eam prazo de validade. Quando descobertas, mostram ao povo a verdadeira verdade. Elas diminuem a confian\u00e7a, derrubam as m\u00e1scaras e exp\u00f5em a falta de car\u00e1ter dos mentirosos. A cavalheiro e s\u00f3 esperando a abertura das urnas em outubro, o presidente que os mentirosos adoram atacar silenciosamente e de camarote assiste o esperneio p\u00fablico de seus detratores.<\/p>\n<p>Como disse o poeta romano P\u00fablio Ov\u00eddio, a consci\u00eancia tranquila ri das mentiras relativas \u00e0 fama. Sei que ele nunca dir\u00e1, mas, se tivesse autoriza\u00e7\u00e3o, eu, em nome dele, pediria aos meus inimigos (os dele) para que parem de dizer mentiras a meu respeito. Essa \u00e9 a condi\u00e7\u00e3o para que eu pare de dizer verdades a respeito deles. A diferen\u00e7a \u00e9 que as verdades de c\u00e1 podem ser nuas. Entretanto, as mentiras de l\u00e1 precisam estar vestidas para evitar que pare\u00e7am um enrosco de esterco de humanos de quinta ou nenhuma categoria.<\/p>\n<p>&#8230;&#8230;&#8230;.<\/p>\n<p><strong>Misael Igreja \u00e9 analista de Notibras para assuntos pol\u00edticos, econ\u00f4micos e sociais<\/strong><\/p>\n","protected":false},"excerpt":{"rendered":"<p>Desde D. Pedro, o primeiro imperador, h\u00e1 no Brasil tr\u00eas tipos distintos de pol\u00edticos: os de fatos, os de fakes e os de coisa alguma. Os primeiros dispensam coment\u00e1rios. Os segundos s\u00e3o honestos de fachada, ou seja, tentam ser aquilo que jamais ser\u00e3o. Quanto aos terceiros, pouco ou nada a acrescentar, al\u00e9m das numerosas mazelas [&hellip;]<\/p>\n","protected":false},"author":2,"featured_media":385535,"comment_status":"closed","ping_status":"closed","sticky":false,"template":"","format":"standard","meta":{"_acf_changed":false,"footnotes":""},"categories":[16],"tags":[],"class_list":["post-385534","post","type-post","status-publish","format-standard","has-post-thumbnail","hentry","category-brasil"],"acf":[],"yoast_head":"<!-- This site is optimized with the Yoast SEO plugin v27.2 - https:\/\/yoast.com\/product\/yoast-seo-wordpress\/ -->\n<title>Honesto de fachada, pol\u00edtico fake acaba ferido com o mesmo ferro que fere - Notibras<\/title>\n<meta name=\"robots\" content=\"index, follow, max-snippet:-1, max-image-preview:large, max-video-preview:-1\" \/>\n<link rel=\"canonical\" href=\"https:\/\/www.notibras.com\/site\/honesto-de-fachada-politico-fake-acaba-ferido-com-o-mesmo-ferro-que-fere\/\" \/>\n<meta property=\"og:locale\" content=\"pt_BR\" \/>\n<meta property=\"og:type\" content=\"article\" \/>\n<meta property=\"og:title\" content=\"Honesto de fachada, pol\u00edtico fake acaba ferido com o mesmo ferro que fere - Notibras\" \/>\n<meta property=\"og:description\" content=\"Desde D. Pedro, o primeiro imperador, h\u00e1 no Brasil tr\u00eas tipos distintos de pol\u00edticos: os de fatos, os de fakes e os de coisa alguma. Os primeiros dispensam coment\u00e1rios. Os segundos s\u00e3o honestos de fachada, ou seja, tentam ser aquilo que jamais ser\u00e3o. Quanto aos terceiros, pouco ou nada a acrescentar, al\u00e9m das numerosas mazelas [&hellip;]\" \/>\n<meta property=\"og:url\" content=\"https:\/\/www.notibras.com\/site\/honesto-de-fachada-politico-fake-acaba-ferido-com-o-mesmo-ferro-que-fere\/\" \/>\n<meta property=\"og:site_name\" content=\"Notibras\" \/>\n<meta property=\"article:publisher\" content=\"https:\/\/www.facebook.com\/notibras\/\" \/>\n<meta property=\"article:published_time\" content=\"2026-03-04T09:40:14+00:00\" \/>\n<meta property=\"article:modified_time\" content=\"2026-03-04T10:03:04+00:00\" \/>\n<meta property=\"og:image\" content=\"https:\/\/www.notibras.com\/site\/wp-content\/uploads\/2026\/03\/img20251210184914950.webp\" \/>\n\t<meta property=\"og:image:width\" content=\"1170\" \/>\n\t<meta property=\"og:image:height\" content=\"700\" \/>\n\t<meta property=\"og:image:type\" content=\"image\/webp\" \/>\n<meta name=\"author\" content=\"Reda\u00e7\u00e3o\" \/>\n<meta name=\"twitter:card\" content=\"summary_large_image\" \/>\n<meta name=\"twitter:creator\" content=\"@Notibras\" \/>\n<meta name=\"twitter:site\" content=\"@Notibras\" \/>\n<meta name=\"twitter:label1\" content=\"Escrito por\" \/>\n\t<meta name=\"twitter:data1\" content=\"Reda\u00e7\u00e3o\" \/>\n\t<meta name=\"twitter:label2\" content=\"Est. tempo de leitura\" \/>\n\t<meta name=\"twitter:data2\" content=\"4 minutos\" \/>\n<script type=\"application\/ld+json\" class=\"yoast-schema-graph\">{\"@context\":\"https:\/\/schema.org\",\"@graph\":[{\"@type\":\"Article\",\"@id\":\"https:\/\/www.notibras.com\/site\/honesto-de-fachada-politico-fake-acaba-ferido-com-o-mesmo-ferro-que-fere\/#article\",\"isPartOf\":{\"@id\":\"https:\/\/www.notibras.com\/site\/honesto-de-fachada-politico-fake-acaba-ferido-com-o-mesmo-ferro-que-fere\/\"},\"author\":{\"name\":\"Reda\u00e7\u00e3o\",\"@id\":\"https:\/\/www.notibras.com\/site\/#\/schema\/person\/36ab0979449956132d3e5b517ea76ac8\"},\"headline\":\"Honesto de fachada, pol\u00edtico fake acaba ferido com o mesmo ferro que fere\",\"datePublished\":\"2026-03-04T09:40:14+00:00\",\"dateModified\":\"2026-03-04T10:03:04+00:00\",\"mainEntityOfPage\":{\"@id\":\"https:\/\/www.notibras.com\/site\/honesto-de-fachada-politico-fake-acaba-ferido-com-o-mesmo-ferro-que-fere\/\"},\"wordCount\":587,\"publisher\":{\"@id\":\"https:\/\/www.notibras.com\/site\/#organization\"},\"image\":{\"@id\":\"https:\/\/www.notibras.com\/site\/honesto-de-fachada-politico-fake-acaba-ferido-com-o-mesmo-ferro-que-fere\/#primaryimage\"},\"thumbnailUrl\":\"https:\/\/www.notibras.com\/site\/wp-content\/uploads\/2026\/03\/img20251210184914950.webp\",\"articleSection\":[\"Brasil\"],\"inLanguage\":\"pt-BR\"},{\"@type\":\"WebPage\",\"@id\":\"https:\/\/www.notibras.com\/site\/honesto-de-fachada-politico-fake-acaba-ferido-com-o-mesmo-ferro-que-fere\/\",\"url\":\"https:\/\/www.notibras.com\/site\/honesto-de-fachada-politico-fake-acaba-ferido-com-o-mesmo-ferro-que-fere\/\",\"name\":\"Honesto de fachada, pol\u00edtico fake acaba ferido com o mesmo ferro que fere - Notibras\",\"isPartOf\":{\"@id\":\"https:\/\/www.notibras.com\/site\/#website\"},\"primaryImageOfPage\":{\"@id\":\"https:\/\/www.notibras.com\/site\/honesto-de-fachada-politico-fake-acaba-ferido-com-o-mesmo-ferro-que-fere\/#primaryimage\"},\"image\":{\"@id\":\"https:\/\/www.notibras.com\/site\/honesto-de-fachada-politico-fake-acaba-ferido-com-o-mesmo-ferro-que-fere\/#primaryimage\"},\"thumbnailUrl\":\"https:\/\/www.notibras.com\/site\/wp-content\/uploads\/2026\/03\/img20251210184914950.webp\",\"datePublished\":\"2026-03-04T09:40:14+00:00\",\"dateModified\":\"2026-03-04T10:03:04+00:00\",\"breadcrumb\":{\"@id\":\"https:\/\/www.notibras.com\/site\/honesto-de-fachada-politico-fake-acaba-ferido-com-o-mesmo-ferro-que-fere\/#breadcrumb\"},\"inLanguage\":\"pt-BR\",\"potentialAction\":[{\"@type\":\"ReadAction\",\"target\":[\"https:\/\/www.notibras.com\/site\/honesto-de-fachada-politico-fake-acaba-ferido-com-o-mesmo-ferro-que-fere\/\"]}]},{\"@type\":\"ImageObject\",\"inLanguage\":\"pt-BR\",\"@id\":\"https:\/\/www.notibras.com\/site\/honesto-de-fachada-politico-fake-acaba-ferido-com-o-mesmo-ferro-que-fere\/#primaryimage\",\"url\":\"https:\/\/www.notibras.com\/site\/wp-content\/uploads\/2026\/03\/img20251210184914950.webp\",\"contentUrl\":\"https:\/\/www.notibras.com\/site\/wp-content\/uploads\/2026\/03\/img20251210184914950.webp\",\"width\":1170,\"height\":700},{\"@type\":\"BreadcrumbList\",\"@id\":\"https:\/\/www.notibras.com\/site\/honesto-de-fachada-politico-fake-acaba-ferido-com-o-mesmo-ferro-que-fere\/#breadcrumb\",\"itemListElement\":[{\"@type\":\"ListItem\",\"position\":1,\"name\":\"In\u00edcio\",\"item\":\"https:\/\/www.notibras.com\/site\/\"},{\"@type\":\"ListItem\",\"position\":2,\"name\":\"Honesto de fachada, pol\u00edtico fake acaba ferido com o mesmo ferro que fere\"}]},{\"@type\":\"WebSite\",\"@id\":\"https:\/\/www.notibras.com\/site\/#website\",\"url\":\"https:\/\/www.notibras.com\/site\/\",\"name\":\"Notibras\",\"description\":\"Not\u00edcias de Bras\u00edlia, do Brasil e do Mundo\",\"publisher\":{\"@id\":\"https:\/\/www.notibras.com\/site\/#organization\"},\"potentialAction\":[{\"@type\":\"SearchAction\",\"target\":{\"@type\":\"EntryPoint\",\"urlTemplate\":\"https:\/\/www.notibras.com\/site\/?s={search_term_string}\"},\"query-input\":{\"@type\":\"PropertyValueSpecification\",\"valueRequired\":true,\"valueName\":\"search_term_string\"}}],\"inLanguage\":\"pt-BR\"},{\"@type\":\"Organization\",\"@id\":\"https:\/\/www.notibras.com\/site\/#organization\",\"name\":\"Grupo Notibras de Comunica\u00e7\u00e3o\",\"url\":\"https:\/\/www.notibras.com\/site\/\",\"logo\":{\"@type\":\"ImageObject\",\"inLanguage\":\"pt-BR\",\"@id\":\"https:\/\/www.notibras.com\/site\/#\/schema\/logo\/image\/\",\"url\":\"https:\/\/www.notibras.com\/site\/wp-content\/uploads\/2023\/01\/notibras23.png\",\"contentUrl\":\"https:\/\/www.notibras.com\/site\/wp-content\/uploads\/2023\/01\/notibras23.png\",\"width\":350,\"height\":87,\"caption\":\"Grupo Notibras de Comunica\u00e7\u00e3o\"},\"image\":{\"@id\":\"https:\/\/www.notibras.com\/site\/#\/schema\/logo\/image\/\"},\"sameAs\":[\"https:\/\/www.facebook.com\/notibras\/\",\"https:\/\/x.com\/Notibras\",\"https:\/\/www.instagram.com\/notibras\/\"]},{\"@type\":\"Person\",\"@id\":\"https:\/\/www.notibras.com\/site\/#\/schema\/person\/36ab0979449956132d3e5b517ea76ac8\",\"name\":\"Reda\u00e7\u00e3o\",\"image\":{\"@type\":\"ImageObject\",\"inLanguage\":\"pt-BR\",\"@id\":\"https:\/\/secure.gravatar.com\/avatar\/e0a867bdedb85fd243eadf09663511f96fc81e0720a4a42581f334ad4303aa6b?s=96&d=mm&r=g\",\"url\":\"https:\/\/secure.gravatar.com\/avatar\/e0a867bdedb85fd243eadf09663511f96fc81e0720a4a42581f334ad4303aa6b?s=96&d=mm&r=g\",\"contentUrl\":\"https:\/\/secure.gravatar.com\/avatar\/e0a867bdedb85fd243eadf09663511f96fc81e0720a4a42581f334ad4303aa6b?s=96&d=mm&r=g\",\"caption\":\"Reda\u00e7\u00e3o\"}}]}<\/script>\n<!-- \/ Yoast SEO plugin. -->","yoast_head_json":{"title":"Honesto de fachada, pol\u00edtico fake acaba ferido com o mesmo ferro que fere - Notibras","robots":{"index":"index","follow":"follow","max-snippet":"max-snippet:-1","max-image-preview":"max-image-preview:large","max-video-preview":"max-video-preview:-1"},"canonical":"https:\/\/www.notibras.com\/site\/honesto-de-fachada-politico-fake-acaba-ferido-com-o-mesmo-ferro-que-fere\/","og_locale":"pt_BR","og_type":"article","og_title":"Honesto de fachada, pol\u00edtico fake acaba ferido com o mesmo ferro que fere - Notibras","og_description":"Desde D. Pedro, o primeiro imperador, h\u00e1 no Brasil tr\u00eas tipos distintos de pol\u00edticos: os de fatos, os de fakes e os de coisa alguma. Os primeiros dispensam coment\u00e1rios. Os segundos s\u00e3o honestos de fachada, ou seja, tentam ser aquilo que jamais ser\u00e3o. Quanto aos terceiros, pouco ou nada a acrescentar, al\u00e9m das numerosas mazelas [&hellip;]","og_url":"https:\/\/www.notibras.com\/site\/honesto-de-fachada-politico-fake-acaba-ferido-com-o-mesmo-ferro-que-fere\/","og_site_name":"Notibras","article_publisher":"https:\/\/www.facebook.com\/notibras\/","article_published_time":"2026-03-04T09:40:14+00:00","article_modified_time":"2026-03-04T10:03:04+00:00","og_image":[{"width":1170,"height":700,"url":"https:\/\/www.notibras.com\/site\/wp-content\/uploads\/2026\/03\/img20251210184914950.webp","type":"image\/webp"}],"author":"Reda\u00e7\u00e3o","twitter_card":"summary_large_image","twitter_creator":"@Notibras","twitter_site":"@Notibras","twitter_misc":{"Escrito por":"Reda\u00e7\u00e3o","Est. tempo de leitura":"4 minutos"},"schema":{"@context":"https:\/\/schema.org","@graph":[{"@type":"Article","@id":"https:\/\/www.notibras.com\/site\/honesto-de-fachada-politico-fake-acaba-ferido-com-o-mesmo-ferro-que-fere\/#article","isPartOf":{"@id":"https:\/\/www.notibras.com\/site\/honesto-de-fachada-politico-fake-acaba-ferido-com-o-mesmo-ferro-que-fere\/"},"author":{"name":"Reda\u00e7\u00e3o","@id":"https:\/\/www.notibras.com\/site\/#\/schema\/person\/36ab0979449956132d3e5b517ea76ac8"},"headline":"Honesto de fachada, pol\u00edtico fake acaba ferido com o mesmo ferro que fere","datePublished":"2026-03-04T09:40:14+00:00","dateModified":"2026-03-04T10:03:04+00:00","mainEntityOfPage":{"@id":"https:\/\/www.notibras.com\/site\/honesto-de-fachada-politico-fake-acaba-ferido-com-o-mesmo-ferro-que-fere\/"},"wordCount":587,"publisher":{"@id":"https:\/\/www.notibras.com\/site\/#organization"},"image":{"@id":"https:\/\/www.notibras.com\/site\/honesto-de-fachada-politico-fake-acaba-ferido-com-o-mesmo-ferro-que-fere\/#primaryimage"},"thumbnailUrl":"https:\/\/www.notibras.com\/site\/wp-content\/uploads\/2026\/03\/img20251210184914950.webp","articleSection":["Brasil"],"inLanguage":"pt-BR"},{"@type":"WebPage","@id":"https:\/\/www.notibras.com\/site\/honesto-de-fachada-politico-fake-acaba-ferido-com-o-mesmo-ferro-que-fere\/","url":"https:\/\/www.notibras.com\/site\/honesto-de-fachada-politico-fake-acaba-ferido-com-o-mesmo-ferro-que-fere\/","name":"Honesto de fachada, pol\u00edtico fake acaba ferido com o mesmo ferro que fere - Notibras","isPartOf":{"@id":"https:\/\/www.notibras.com\/site\/#website"},"primaryImageOfPage":{"@id":"https:\/\/www.notibras.com\/site\/honesto-de-fachada-politico-fake-acaba-ferido-com-o-mesmo-ferro-que-fere\/#primaryimage"},"image":{"@id":"https:\/\/www.notibras.com\/site\/honesto-de-fachada-politico-fake-acaba-ferido-com-o-mesmo-ferro-que-fere\/#primaryimage"},"thumbnailUrl":"https:\/\/www.notibras.com\/site\/wp-content\/uploads\/2026\/03\/img20251210184914950.webp","datePublished":"2026-03-04T09:40:14+00:00","dateModified":"2026-03-04T10:03:04+00:00","breadcrumb":{"@id":"https:\/\/www.notibras.com\/site\/honesto-de-fachada-politico-fake-acaba-ferido-com-o-mesmo-ferro-que-fere\/#breadcrumb"},"inLanguage":"pt-BR","potentialAction":[{"@type":"ReadAction","target":["https:\/\/www.notibras.com\/site\/honesto-de-fachada-politico-fake-acaba-ferido-com-o-mesmo-ferro-que-fere\/"]}]},{"@type":"ImageObject","inLanguage":"pt-BR","@id":"https:\/\/www.notibras.com\/site\/honesto-de-fachada-politico-fake-acaba-ferido-com-o-mesmo-ferro-que-fere\/#primaryimage","url":"https:\/\/www.notibras.com\/site\/wp-content\/uploads\/2026\/03\/img20251210184914950.webp","contentUrl":"https:\/\/www.notibras.com\/site\/wp-content\/uploads\/2026\/03\/img20251210184914950.webp","width":1170,"height":700},{"@type":"BreadcrumbList","@id":"https:\/\/www.notibras.com\/site\/honesto-de-fachada-politico-fake-acaba-ferido-com-o-mesmo-ferro-que-fere\/#breadcrumb","itemListElement":[{"@type":"ListItem","position":1,"name":"In\u00edcio","item":"https:\/\/www.notibras.com\/site\/"},{"@type":"ListItem","position":2,"name":"Honesto de fachada, pol\u00edtico fake acaba ferido com o mesmo ferro que fere"}]},{"@type":"WebSite","@id":"https:\/\/www.notibras.com\/site\/#website","url":"https:\/\/www.notibras.com\/site\/","name":"Notibras","description":"Not\u00edcias de Bras\u00edlia, do Brasil e do Mundo","publisher":{"@id":"https:\/\/www.notibras.com\/site\/#organization"},"potentialAction":[{"@type":"SearchAction","target":{"@type":"EntryPoint","urlTemplate":"https:\/\/www.notibras.com\/site\/?s={search_term_string}"},"query-input":{"@type":"PropertyValueSpecification","valueRequired":true,"valueName":"search_term_string"}}],"inLanguage":"pt-BR"},{"@type":"Organization","@id":"https:\/\/www.notibras.com\/site\/#organization","name":"Grupo Notibras de Comunica\u00e7\u00e3o","url":"https:\/\/www.notibras.com\/site\/","logo":{"@type":"ImageObject","inLanguage":"pt-BR","@id":"https:\/\/www.notibras.com\/site\/#\/schema\/logo\/image\/","url":"https:\/\/www.notibras.com\/site\/wp-content\/uploads\/2023\/01\/notibras23.png","contentUrl":"https:\/\/www.notibras.com\/site\/wp-content\/uploads\/2023\/01\/notibras23.png","width":350,"height":87,"caption":"Grupo Notibras de Comunica\u00e7\u00e3o"},"image":{"@id":"https:\/\/www.notibras.com\/site\/#\/schema\/logo\/image\/"},"sameAs":["https:\/\/www.facebook.com\/notibras\/","https:\/\/x.com\/Notibras","https:\/\/www.instagram.com\/notibras\/"]},{"@type":"Person","@id":"https:\/\/www.notibras.com\/site\/#\/schema\/person\/36ab0979449956132d3e5b517ea76ac8","name":"Reda\u00e7\u00e3o","image":{"@type":"ImageObject","inLanguage":"pt-BR","@id":"https:\/\/secure.gravatar.com\/avatar\/e0a867bdedb85fd243eadf09663511f96fc81e0720a4a42581f334ad4303aa6b?s=96&d=mm&r=g","url":"https:\/\/secure.gravatar.com\/avatar\/e0a867bdedb85fd243eadf09663511f96fc81e0720a4a42581f334ad4303aa6b?s=96&d=mm&r=g","contentUrl":"https:\/\/secure.gravatar.com\/avatar\/e0a867bdedb85fd243eadf09663511f96fc81e0720a4a42581f334ad4303aa6b?s=96&d=mm&r=g","caption":"Reda\u00e7\u00e3o"}}]}},"amp_enabled":true,"_links":{"self":[{"href":"https:\/\/www.notibras.com\/site\/wp-json\/wp\/v2\/posts\/385534","targetHints":{"allow":["GET"]}}],"collection":[{"href":"https:\/\/www.notibras.com\/site\/wp-json\/wp\/v2\/posts"}],"about":[{"href":"https:\/\/www.notibras.com\/site\/wp-json\/wp\/v2\/types\/post"}],"author":[{"embeddable":true,"href":"https:\/\/www.notibras.com\/site\/wp-json\/wp\/v2\/users\/2"}],"replies":[{"embeddable":true,"href":"https:\/\/www.notibras.com\/site\/wp-json\/wp\/v2\/comments?post=385534"}],"version-history":[{"count":1,"href":"https:\/\/www.notibras.com\/site\/wp-json\/wp\/v2\/posts\/385534\/revisions"}],"predecessor-version":[{"id":385536,"href":"https:\/\/www.notibras.com\/site\/wp-json\/wp\/v2\/posts\/385534\/revisions\/385536"}],"wp:featuredmedia":[{"embeddable":true,"href":"https:\/\/www.notibras.com\/site\/wp-json\/wp\/v2\/media\/385535"}],"wp:attachment":[{"href":"https:\/\/www.notibras.com\/site\/wp-json\/wp\/v2\/media?parent=385534"}],"wp:term":[{"taxonomy":"category","embeddable":true,"href":"https:\/\/www.notibras.com\/site\/wp-json\/wp\/v2\/categories?post=385534"},{"taxonomy":"post_tag","embeddable":true,"href":"https:\/\/www.notibras.com\/site\/wp-json\/wp\/v2\/tags?post=385534"}],"curies":[{"name":"wp","href":"https:\/\/api.w.org\/{rel}","templated":true}]}}