{"id":385537,"date":"2026-03-04T00:01:58","date_gmt":"2026-03-04T03:01:58","guid":{"rendered":"https:\/\/www.notibras.com\/site\/?p=385537"},"modified":"2026-03-04T07:12:54","modified_gmt":"2026-03-04T10:12:54","slug":"alcolumbre-rejeita-recurso-e-mantem-quebra-de-sigilos-de-lulinha","status":"publish","type":"post","link":"https:\/\/www.notibras.com\/site\/alcolumbre-rejeita-recurso-e-mantem-quebra-de-sigilos-de-lulinha\/","title":{"rendered":"Alcolumbre rejeita recurso e mant\u00e9m quebra de sigilos de Lulinha"},"content":{"rendered":"<p>O presidente do Senado, Davi Alcolumbre (Uni\u00e3o-AP), manteve a vota\u00e7\u00e3o da CPMI do INSS que aprovou a quebra de sigilo banc\u00e1rio e fiscal de Fabio Lu\u00eds Lula da Silva, filho do presidente Luiz In\u00e1cio Lula da Silva e conhecido como Lulinha.<\/p>\n<p>Parlamentares governistas haviam apresentado um recurso para que a vota\u00e7\u00e3o fosse desconsiderada. No documento, 14 senadores e deputados sustentaram que a maioria da comiss\u00e3o teria rejeitado os requerimentos inclu\u00eddos na pauta, mas que o resultado foi proclamado como aprovado pelo presidente da comiss\u00e3o, Carlos Viana (Podemos-MG). Conforme a vota\u00e7\u00e3o, os favor\u00e1veis deveriam permanecer sentados, enquanto os contr\u00e1rios se levantariam.<\/p>\n<p>A base governista afirma que Viana proclamou a aprova\u00e7\u00e3o no momento em que apenas sete parlamentares estavam de p\u00e9. Segundo o recurso, 14 parlamentares teriam se manifestado contra os requerimentos.<\/p>\n<p>Davi Alcolumbre solicitou parecer da Advocacia do Senado e da Secretaria-Geral da Mesa sobre a vota\u00e7\u00e3o. De acordo com Advocacia e a Secretaria, havia 31 parlamentares com presen\u00e7a registrada no momento da delibera\u00e7\u00e3o. Desta forma, seriam necess\u00e1rios 16 votos contr\u00e1rios.<\/p>\n<p>Ao rejeitar o recurso, Acolumbre afirmou que as decis\u00f5es nas comiss\u00f5es parlamentares devem ser tomadas por maioria dos votos, com a presen\u00e7a da maioria absoluta dos membros. No caso da vota\u00e7\u00e3o da CPMI do INSS, mesmo que o presidente Carlos Viana tenha cometido algum erro na contagem dos parlamentares contr\u00e1rios, o n\u00famero apresentado pelo base governista no recurso n\u00e3o \u00e9 suficiente para a rejei\u00e7\u00e3o, segundo o presidente do Senado.<\/p>\n<p>&#8220;No caso concreto, sustenta-se que 14 parlamentares teriam se manifestado contrariamente aos requerimentos submetidos \u00e0 aprecia\u00e7\u00e3o. Ainda assim, esse n\u00famero de votos contr\u00e1rios n\u00e3o seria suficiente para a configura\u00e7\u00e3o da maioria. Esta presid\u00eancia conclui que a suposta viola\u00e7\u00e3o das normas regimentais e constitucionais pelo presidente da CPMI n\u00e3o se mostra evidente e inequ\u00edvoca. N\u00e3o se faz necess\u00e1ria a interven\u00e7\u00e3o do presidente da Mesa do Congresso Nacional&#8221;, disse Alcolumbre.<\/p>\n<p><strong>Vota\u00e7\u00e3o<\/strong><br \/>\nOs integrantes da CPMI do INSS aprovaram no dia 26 de fevereiro as quebras de sigilos banc\u00e1rios e fiscais de F\u00e1bio Lu\u00eds Lula da Silva. O pedido de elabora\u00e7\u00e3o de relat\u00f3rios de intelig\u00eancia financeira e de quebra dos sigilos banc\u00e1rio e fiscal de Lulinha foi solicitado pelo deputado Alfredo Gaspar (Uni\u00e3o-AL)<\/p>\n<p>Silva \u00e9 citado na decis\u00e3o do Supremo Tribunal Federal (STF) que autorizou a Pol\u00edcia Federal (PF) e a Controladoria-Geral da Uni\u00e3o (CGU) a realizarem, em 18 de dezembro de 2025, uma nova fase da Opera\u00e7\u00e3o Sem Desconto, que investiga o esquema nacional de descontos associativos n\u00e3o autorizados que lesou milh\u00f5es de aposentados e pensionistas de todo o Brasil.<\/p>\n<p>Mensagens que a PF extraiu do celular de Ant\u00f4nio Carlos Camilo Antunes, o Careca do INSS, principal operador do esquema criminoso, citam o repasse de ao menos R$ 300 mil para \u201co filho do rapaz\u201d \u2013 que, segundo os investigadores, seria uma alus\u00e3o a Lulinha.<\/p>\n<p>Em nota, a defesa de Lulinha afirmou que o cliente n\u00e3o tem nenhuma rela\u00e7\u00e3o com as fraudes contra os benefici\u00e1rios do INSS, n\u00e3o tendo participado de desvios nem recebido quaisquer valores de fontes criminosas.<\/p>\n","protected":false},"excerpt":{"rendered":"<p>O presidente do Senado, Davi Alcolumbre (Uni\u00e3o-AP), manteve a vota\u00e7\u00e3o da CPMI do INSS que aprovou a quebra de sigilo banc\u00e1rio e fiscal de Fabio Lu\u00eds Lula da Silva, filho do presidente Luiz In\u00e1cio Lula da Silva e conhecido como Lulinha. Parlamentares governistas haviam apresentado um recurso para que a vota\u00e7\u00e3o fosse desconsiderada. No documento, [&hellip;]<\/p>\n","protected":false},"author":2,"featured_media":385538,"comment_status":"closed","ping_status":"closed","sticky":false,"template":"","format":"standard","meta":{"_acf_changed":false,"footnotes":""},"categories":[16],"tags":[],"class_list":["post-385537","post","type-post","status-publish","format-standard","has-post-thumbnail","hentry","category-brasil"],"acf":[],"yoast_head":"<!-- This site is optimized with the Yoast SEO plugin v27.2 - https:\/\/yoast.com\/product\/yoast-seo-wordpress\/ -->\n<title>Alcolumbre rejeita recurso e mant\u00e9m quebra de sigilos de Lulinha - Notibras<\/title>\n<meta name=\"robots\" content=\"index, follow, max-snippet:-1, max-image-preview:large, max-video-preview:-1\" \/>\n<link rel=\"canonical\" href=\"https:\/\/www.notibras.com\/site\/alcolumbre-rejeita-recurso-e-mantem-quebra-de-sigilos-de-lulinha\/\" \/>\n<meta property=\"og:locale\" content=\"pt_BR\" \/>\n<meta property=\"og:type\" content=\"article\" \/>\n<meta property=\"og:title\" content=\"Alcolumbre rejeita recurso e mant\u00e9m quebra de sigilos de Lulinha - Notibras\" \/>\n<meta property=\"og:description\" content=\"O presidente do Senado, Davi Alcolumbre (Uni\u00e3o-AP), manteve a vota\u00e7\u00e3o da CPMI do INSS que aprovou a quebra de sigilo banc\u00e1rio e fiscal de Fabio Lu\u00eds Lula da Silva, filho do presidente Luiz In\u00e1cio Lula da Silva e conhecido como Lulinha. Parlamentares governistas haviam apresentado um recurso para que a vota\u00e7\u00e3o fosse desconsiderada. No documento, [&hellip;]\" \/>\n<meta property=\"og:url\" content=\"https:\/\/www.notibras.com\/site\/alcolumbre-rejeita-recurso-e-mantem-quebra-de-sigilos-de-lulinha\/\" \/>\n<meta property=\"og:site_name\" content=\"Notibras\" \/>\n<meta property=\"article:publisher\" content=\"https:\/\/www.facebook.com\/notibras\/\" \/>\n<meta property=\"article:published_time\" content=\"2026-03-04T03:01:58+00:00\" \/>\n<meta property=\"article:modified_time\" content=\"2026-03-04T10:12:54+00:00\" \/>\n<meta property=\"og:image\" content=\"https:\/\/www.notibras.com\/site\/wp-content\/uploads\/2026\/03\/0d9a3335.webp\" \/>\n\t<meta property=\"og:image:width\" content=\"1170\" \/>\n\t<meta property=\"og:image:height\" content=\"700\" \/>\n\t<meta property=\"og:image:type\" content=\"image\/webp\" \/>\n<meta name=\"author\" content=\"Reda\u00e7\u00e3o\" \/>\n<meta name=\"twitter:card\" content=\"summary_large_image\" \/>\n<meta name=\"twitter:creator\" content=\"@Notibras\" \/>\n<meta name=\"twitter:site\" content=\"@Notibras\" \/>\n<meta name=\"twitter:label1\" content=\"Escrito por\" \/>\n\t<meta name=\"twitter:data1\" content=\"Reda\u00e7\u00e3o\" \/>\n\t<meta name=\"twitter:label2\" content=\"Est. tempo de leitura\" \/>\n\t<meta name=\"twitter:data2\" content=\"3 minutos\" \/>\n<script type=\"application\/ld+json\" class=\"yoast-schema-graph\">{\"@context\":\"https:\/\/schema.org\",\"@graph\":[{\"@type\":\"Article\",\"@id\":\"https:\/\/www.notibras.com\/site\/alcolumbre-rejeita-recurso-e-mantem-quebra-de-sigilos-de-lulinha\/#article\",\"isPartOf\":{\"@id\":\"https:\/\/www.notibras.com\/site\/alcolumbre-rejeita-recurso-e-mantem-quebra-de-sigilos-de-lulinha\/\"},\"author\":{\"name\":\"Reda\u00e7\u00e3o\",\"@id\":\"https:\/\/www.notibras.com\/site\/#\/schema\/person\/36ab0979449956132d3e5b517ea76ac8\"},\"headline\":\"Alcolumbre rejeita recurso e mant\u00e9m quebra de sigilos de Lulinha\",\"datePublished\":\"2026-03-04T03:01:58+00:00\",\"dateModified\":\"2026-03-04T10:12:54+00:00\",\"mainEntityOfPage\":{\"@id\":\"https:\/\/www.notibras.com\/site\/alcolumbre-rejeita-recurso-e-mantem-quebra-de-sigilos-de-lulinha\/\"},\"wordCount\":553,\"publisher\":{\"@id\":\"https:\/\/www.notibras.com\/site\/#organization\"},\"image\":{\"@id\":\"https:\/\/www.notibras.com\/site\/alcolumbre-rejeita-recurso-e-mantem-quebra-de-sigilos-de-lulinha\/#primaryimage\"},\"thumbnailUrl\":\"https:\/\/www.notibras.com\/site\/wp-content\/uploads\/2026\/03\/0d9a3335.webp\",\"articleSection\":[\"Brasil\"],\"inLanguage\":\"pt-BR\"},{\"@type\":\"WebPage\",\"@id\":\"https:\/\/www.notibras.com\/site\/alcolumbre-rejeita-recurso-e-mantem-quebra-de-sigilos-de-lulinha\/\",\"url\":\"https:\/\/www.notibras.com\/site\/alcolumbre-rejeita-recurso-e-mantem-quebra-de-sigilos-de-lulinha\/\",\"name\":\"Alcolumbre rejeita recurso e mant\u00e9m quebra de sigilos de Lulinha - Notibras\",\"isPartOf\":{\"@id\":\"https:\/\/www.notibras.com\/site\/#website\"},\"primaryImageOfPage\":{\"@id\":\"https:\/\/www.notibras.com\/site\/alcolumbre-rejeita-recurso-e-mantem-quebra-de-sigilos-de-lulinha\/#primaryimage\"},\"image\":{\"@id\":\"https:\/\/www.notibras.com\/site\/alcolumbre-rejeita-recurso-e-mantem-quebra-de-sigilos-de-lulinha\/#primaryimage\"},\"thumbnailUrl\":\"https:\/\/www.notibras.com\/site\/wp-content\/uploads\/2026\/03\/0d9a3335.webp\",\"datePublished\":\"2026-03-04T03:01:58+00:00\",\"dateModified\":\"2026-03-04T10:12:54+00:00\",\"breadcrumb\":{\"@id\":\"https:\/\/www.notibras.com\/site\/alcolumbre-rejeita-recurso-e-mantem-quebra-de-sigilos-de-lulinha\/#breadcrumb\"},\"inLanguage\":\"pt-BR\",\"potentialAction\":[{\"@type\":\"ReadAction\",\"target\":[\"https:\/\/www.notibras.com\/site\/alcolumbre-rejeita-recurso-e-mantem-quebra-de-sigilos-de-lulinha\/\"]}]},{\"@type\":\"ImageObject\",\"inLanguage\":\"pt-BR\",\"@id\":\"https:\/\/www.notibras.com\/site\/alcolumbre-rejeita-recurso-e-mantem-quebra-de-sigilos-de-lulinha\/#primaryimage\",\"url\":\"https:\/\/www.notibras.com\/site\/wp-content\/uploads\/2026\/03\/0d9a3335.webp\",\"contentUrl\":\"https:\/\/www.notibras.com\/site\/wp-content\/uploads\/2026\/03\/0d9a3335.webp\",\"width\":1170,\"height\":700},{\"@type\":\"BreadcrumbList\",\"@id\":\"https:\/\/www.notibras.com\/site\/alcolumbre-rejeita-recurso-e-mantem-quebra-de-sigilos-de-lulinha\/#breadcrumb\",\"itemListElement\":[{\"@type\":\"ListItem\",\"position\":1,\"name\":\"In\u00edcio\",\"item\":\"https:\/\/www.notibras.com\/site\/\"},{\"@type\":\"ListItem\",\"position\":2,\"name\":\"Alcolumbre rejeita recurso e mant\u00e9m quebra de sigilos de Lulinha\"}]},{\"@type\":\"WebSite\",\"@id\":\"https:\/\/www.notibras.com\/site\/#website\",\"url\":\"https:\/\/www.notibras.com\/site\/\",\"name\":\"Notibras\",\"description\":\"Not\u00edcias de Bras\u00edlia, do Brasil e do Mundo\",\"publisher\":{\"@id\":\"https:\/\/www.notibras.com\/site\/#organization\"},\"potentialAction\":[{\"@type\":\"SearchAction\",\"target\":{\"@type\":\"EntryPoint\",\"urlTemplate\":\"https:\/\/www.notibras.com\/site\/?s={search_term_string}\"},\"query-input\":{\"@type\":\"PropertyValueSpecification\",\"valueRequired\":true,\"valueName\":\"search_term_string\"}}],\"inLanguage\":\"pt-BR\"},{\"@type\":\"Organization\",\"@id\":\"https:\/\/www.notibras.com\/site\/#organization\",\"name\":\"Grupo Notibras de Comunica\u00e7\u00e3o\",\"url\":\"https:\/\/www.notibras.com\/site\/\",\"logo\":{\"@type\":\"ImageObject\",\"inLanguage\":\"pt-BR\",\"@id\":\"https:\/\/www.notibras.com\/site\/#\/schema\/logo\/image\/\",\"url\":\"https:\/\/www.notibras.com\/site\/wp-content\/uploads\/2023\/01\/notibras23.png\",\"contentUrl\":\"https:\/\/www.notibras.com\/site\/wp-content\/uploads\/2023\/01\/notibras23.png\",\"width\":350,\"height\":87,\"caption\":\"Grupo Notibras de Comunica\u00e7\u00e3o\"},\"image\":{\"@id\":\"https:\/\/www.notibras.com\/site\/#\/schema\/logo\/image\/\"},\"sameAs\":[\"https:\/\/www.facebook.com\/notibras\/\",\"https:\/\/x.com\/Notibras\",\"https:\/\/www.instagram.com\/notibras\/\"]},{\"@type\":\"Person\",\"@id\":\"https:\/\/www.notibras.com\/site\/#\/schema\/person\/36ab0979449956132d3e5b517ea76ac8\",\"name\":\"Reda\u00e7\u00e3o\",\"image\":{\"@type\":\"ImageObject\",\"inLanguage\":\"pt-BR\",\"@id\":\"https:\/\/secure.gravatar.com\/avatar\/e0a867bdedb85fd243eadf09663511f96fc81e0720a4a42581f334ad4303aa6b?s=96&d=mm&r=g\",\"url\":\"https:\/\/secure.gravatar.com\/avatar\/e0a867bdedb85fd243eadf09663511f96fc81e0720a4a42581f334ad4303aa6b?s=96&d=mm&r=g\",\"contentUrl\":\"https:\/\/secure.gravatar.com\/avatar\/e0a867bdedb85fd243eadf09663511f96fc81e0720a4a42581f334ad4303aa6b?s=96&d=mm&r=g\",\"caption\":\"Reda\u00e7\u00e3o\"}}]}<\/script>\n<!-- \/ Yoast SEO plugin. -->","yoast_head_json":{"title":"Alcolumbre rejeita recurso e mant\u00e9m quebra de sigilos de Lulinha - Notibras","robots":{"index":"index","follow":"follow","max-snippet":"max-snippet:-1","max-image-preview":"max-image-preview:large","max-video-preview":"max-video-preview:-1"},"canonical":"https:\/\/www.notibras.com\/site\/alcolumbre-rejeita-recurso-e-mantem-quebra-de-sigilos-de-lulinha\/","og_locale":"pt_BR","og_type":"article","og_title":"Alcolumbre rejeita recurso e mant\u00e9m quebra de sigilos de Lulinha - Notibras","og_description":"O presidente do Senado, Davi Alcolumbre (Uni\u00e3o-AP), manteve a vota\u00e7\u00e3o da CPMI do INSS que aprovou a quebra de sigilo banc\u00e1rio e fiscal de Fabio Lu\u00eds Lula da Silva, filho do presidente Luiz In\u00e1cio Lula da Silva e conhecido como Lulinha. Parlamentares governistas haviam apresentado um recurso para que a vota\u00e7\u00e3o fosse desconsiderada. No documento, [&hellip;]","og_url":"https:\/\/www.notibras.com\/site\/alcolumbre-rejeita-recurso-e-mantem-quebra-de-sigilos-de-lulinha\/","og_site_name":"Notibras","article_publisher":"https:\/\/www.facebook.com\/notibras\/","article_published_time":"2026-03-04T03:01:58+00:00","article_modified_time":"2026-03-04T10:12:54+00:00","og_image":[{"width":1170,"height":700,"url":"https:\/\/www.notibras.com\/site\/wp-content\/uploads\/2026\/03\/0d9a3335.webp","type":"image\/webp"}],"author":"Reda\u00e7\u00e3o","twitter_card":"summary_large_image","twitter_creator":"@Notibras","twitter_site":"@Notibras","twitter_misc":{"Escrito por":"Reda\u00e7\u00e3o","Est. tempo de leitura":"3 minutos"},"schema":{"@context":"https:\/\/schema.org","@graph":[{"@type":"Article","@id":"https:\/\/www.notibras.com\/site\/alcolumbre-rejeita-recurso-e-mantem-quebra-de-sigilos-de-lulinha\/#article","isPartOf":{"@id":"https:\/\/www.notibras.com\/site\/alcolumbre-rejeita-recurso-e-mantem-quebra-de-sigilos-de-lulinha\/"},"author":{"name":"Reda\u00e7\u00e3o","@id":"https:\/\/www.notibras.com\/site\/#\/schema\/person\/36ab0979449956132d3e5b517ea76ac8"},"headline":"Alcolumbre rejeita recurso e mant\u00e9m quebra de sigilos de Lulinha","datePublished":"2026-03-04T03:01:58+00:00","dateModified":"2026-03-04T10:12:54+00:00","mainEntityOfPage":{"@id":"https:\/\/www.notibras.com\/site\/alcolumbre-rejeita-recurso-e-mantem-quebra-de-sigilos-de-lulinha\/"},"wordCount":553,"publisher":{"@id":"https:\/\/www.notibras.com\/site\/#organization"},"image":{"@id":"https:\/\/www.notibras.com\/site\/alcolumbre-rejeita-recurso-e-mantem-quebra-de-sigilos-de-lulinha\/#primaryimage"},"thumbnailUrl":"https:\/\/www.notibras.com\/site\/wp-content\/uploads\/2026\/03\/0d9a3335.webp","articleSection":["Brasil"],"inLanguage":"pt-BR"},{"@type":"WebPage","@id":"https:\/\/www.notibras.com\/site\/alcolumbre-rejeita-recurso-e-mantem-quebra-de-sigilos-de-lulinha\/","url":"https:\/\/www.notibras.com\/site\/alcolumbre-rejeita-recurso-e-mantem-quebra-de-sigilos-de-lulinha\/","name":"Alcolumbre rejeita recurso e mant\u00e9m quebra de sigilos de Lulinha - Notibras","isPartOf":{"@id":"https:\/\/www.notibras.com\/site\/#website"},"primaryImageOfPage":{"@id":"https:\/\/www.notibras.com\/site\/alcolumbre-rejeita-recurso-e-mantem-quebra-de-sigilos-de-lulinha\/#primaryimage"},"image":{"@id":"https:\/\/www.notibras.com\/site\/alcolumbre-rejeita-recurso-e-mantem-quebra-de-sigilos-de-lulinha\/#primaryimage"},"thumbnailUrl":"https:\/\/www.notibras.com\/site\/wp-content\/uploads\/2026\/03\/0d9a3335.webp","datePublished":"2026-03-04T03:01:58+00:00","dateModified":"2026-03-04T10:12:54+00:00","breadcrumb":{"@id":"https:\/\/www.notibras.com\/site\/alcolumbre-rejeita-recurso-e-mantem-quebra-de-sigilos-de-lulinha\/#breadcrumb"},"inLanguage":"pt-BR","potentialAction":[{"@type":"ReadAction","target":["https:\/\/www.notibras.com\/site\/alcolumbre-rejeita-recurso-e-mantem-quebra-de-sigilos-de-lulinha\/"]}]},{"@type":"ImageObject","inLanguage":"pt-BR","@id":"https:\/\/www.notibras.com\/site\/alcolumbre-rejeita-recurso-e-mantem-quebra-de-sigilos-de-lulinha\/#primaryimage","url":"https:\/\/www.notibras.com\/site\/wp-content\/uploads\/2026\/03\/0d9a3335.webp","contentUrl":"https:\/\/www.notibras.com\/site\/wp-content\/uploads\/2026\/03\/0d9a3335.webp","width":1170,"height":700},{"@type":"BreadcrumbList","@id":"https:\/\/www.notibras.com\/site\/alcolumbre-rejeita-recurso-e-mantem-quebra-de-sigilos-de-lulinha\/#breadcrumb","itemListElement":[{"@type":"ListItem","position":1,"name":"In\u00edcio","item":"https:\/\/www.notibras.com\/site\/"},{"@type":"ListItem","position":2,"name":"Alcolumbre rejeita recurso e mant\u00e9m quebra de sigilos de Lulinha"}]},{"@type":"WebSite","@id":"https:\/\/www.notibras.com\/site\/#website","url":"https:\/\/www.notibras.com\/site\/","name":"Notibras","description":"Not\u00edcias de Bras\u00edlia, do Brasil e do Mundo","publisher":{"@id":"https:\/\/www.notibras.com\/site\/#organization"},"potentialAction":[{"@type":"SearchAction","target":{"@type":"EntryPoint","urlTemplate":"https:\/\/www.notibras.com\/site\/?s={search_term_string}"},"query-input":{"@type":"PropertyValueSpecification","valueRequired":true,"valueName":"search_term_string"}}],"inLanguage":"pt-BR"},{"@type":"Organization","@id":"https:\/\/www.notibras.com\/site\/#organization","name":"Grupo Notibras de Comunica\u00e7\u00e3o","url":"https:\/\/www.notibras.com\/site\/","logo":{"@type":"ImageObject","inLanguage":"pt-BR","@id":"https:\/\/www.notibras.com\/site\/#\/schema\/logo\/image\/","url":"https:\/\/www.notibras.com\/site\/wp-content\/uploads\/2023\/01\/notibras23.png","contentUrl":"https:\/\/www.notibras.com\/site\/wp-content\/uploads\/2023\/01\/notibras23.png","width":350,"height":87,"caption":"Grupo Notibras de Comunica\u00e7\u00e3o"},"image":{"@id":"https:\/\/www.notibras.com\/site\/#\/schema\/logo\/image\/"},"sameAs":["https:\/\/www.facebook.com\/notibras\/","https:\/\/x.com\/Notibras","https:\/\/www.instagram.com\/notibras\/"]},{"@type":"Person","@id":"https:\/\/www.notibras.com\/site\/#\/schema\/person\/36ab0979449956132d3e5b517ea76ac8","name":"Reda\u00e7\u00e3o","image":{"@type":"ImageObject","inLanguage":"pt-BR","@id":"https:\/\/secure.gravatar.com\/avatar\/e0a867bdedb85fd243eadf09663511f96fc81e0720a4a42581f334ad4303aa6b?s=96&d=mm&r=g","url":"https:\/\/secure.gravatar.com\/avatar\/e0a867bdedb85fd243eadf09663511f96fc81e0720a4a42581f334ad4303aa6b?s=96&d=mm&r=g","contentUrl":"https:\/\/secure.gravatar.com\/avatar\/e0a867bdedb85fd243eadf09663511f96fc81e0720a4a42581f334ad4303aa6b?s=96&d=mm&r=g","caption":"Reda\u00e7\u00e3o"}}]}},"amp_enabled":true,"_links":{"self":[{"href":"https:\/\/www.notibras.com\/site\/wp-json\/wp\/v2\/posts\/385537","targetHints":{"allow":["GET"]}}],"collection":[{"href":"https:\/\/www.notibras.com\/site\/wp-json\/wp\/v2\/posts"}],"about":[{"href":"https:\/\/www.notibras.com\/site\/wp-json\/wp\/v2\/types\/post"}],"author":[{"embeddable":true,"href":"https:\/\/www.notibras.com\/site\/wp-json\/wp\/v2\/users\/2"}],"replies":[{"embeddable":true,"href":"https:\/\/www.notibras.com\/site\/wp-json\/wp\/v2\/comments?post=385537"}],"version-history":[{"count":1,"href":"https:\/\/www.notibras.com\/site\/wp-json\/wp\/v2\/posts\/385537\/revisions"}],"predecessor-version":[{"id":385539,"href":"https:\/\/www.notibras.com\/site\/wp-json\/wp\/v2\/posts\/385537\/revisions\/385539"}],"wp:featuredmedia":[{"embeddable":true,"href":"https:\/\/www.notibras.com\/site\/wp-json\/wp\/v2\/media\/385538"}],"wp:attachment":[{"href":"https:\/\/www.notibras.com\/site\/wp-json\/wp\/v2\/media?parent=385537"}],"wp:term":[{"taxonomy":"category","embeddable":true,"href":"https:\/\/www.notibras.com\/site\/wp-json\/wp\/v2\/categories?post=385537"},{"taxonomy":"post_tag","embeddable":true,"href":"https:\/\/www.notibras.com\/site\/wp-json\/wp\/v2\/tags?post=385537"}],"curies":[{"name":"wp","href":"https:\/\/api.w.org\/{rel}","templated":true}]}}