{"id":385540,"date":"2026-03-04T00:00:09","date_gmt":"2026-03-04T03:00:09","guid":{"rendered":"https:\/\/www.notibras.com\/site\/?p=385540"},"modified":"2026-03-04T07:15:52","modified_gmt":"2026-03-04T10:15:52","slug":"moraes-manda-filipe-martins-voltar-para-presidio-no-parana","status":"publish","type":"post","link":"https:\/\/www.notibras.com\/site\/moraes-manda-filipe-martins-voltar-para-presidio-no-parana\/","title":{"rendered":"Moraes manda Filipe Martins voltar para pres\u00eddio no Paran\u00e1"},"content":{"rendered":"<p>O ministro Alexandre de Moraes, do Supremo Tribunal Federal (STF), determinou nesta ter\u00e7a-feira (3) que Filipe Martins, ex-assessor para assuntos internacionais de Jair Bolsonaro, seja levado de volta para a Cadeia P\u00fablica de Ponta Grossa, no interior do Paran\u00e1.<\/p>\n<p>Condenado a 21 anos de pris\u00e3o no processo da trama golpista, Martins ainda recorre da condena\u00e7\u00e3o e est\u00e1 preso preventivamente desde janeiro deste ano. Ele \u00e9 acusado de violar uma medida cautelar que o proibia de acessar a internet.<\/p>\n<p>Ap\u00f3s ser preso, o ex-assessor foi transferido para o Complexo M\u00e9dico Penal (CMP), na regi\u00e3o metropolitana de Curitiba, sem autoriza\u00e7\u00e3o do ministro, respons\u00e1vel pela execu\u00e7\u00e3o de pena.<\/p>\n<p>Na decis\u00e3o, Moraes ressaltou que a administra\u00e7\u00e3o do pres\u00eddio n\u00e3o pode decidir sobre a transfer\u00eancia sem pr\u00e9via ci\u00eancia do Supremo.<\/p>\n<p>\u201cA transfer\u00eancia do r\u00e9u realizada sem pr\u00e9via autoriza\u00e7\u00e3o desta Suprema Corte configura indevida mitiga\u00e7\u00e3o da compet\u00eancia deste ju\u00edzo, al\u00e9m de comprometer o regular acompanhamento da execu\u00e7\u00e3o penal\u201d, afirmou Moraes.<\/p>\n<p>Filipe Martins foi acusado pela Procuradoria-Geral da Rep\u00fablica (PGR) e condenado pelo STF sob a acusa\u00e7\u00e3o de atuar como um dos respons\u00e1veis pela elabora\u00e7\u00e3o da minuta de golpe de Estado que foi produzida no final do governo Bolsonaro.<\/p>\n","protected":false},"excerpt":{"rendered":"<p>O ministro Alexandre de Moraes, do Supremo Tribunal Federal (STF), determinou nesta ter\u00e7a-feira (3) que Filipe Martins, ex-assessor para assuntos internacionais de Jair Bolsonaro, seja levado de volta para a Cadeia P\u00fablica de Ponta Grossa, no interior do Paran\u00e1. Condenado a 21 anos de pris\u00e3o no processo da trama golpista, Martins ainda recorre da condena\u00e7\u00e3o [&hellip;]<\/p>\n","protected":false},"author":2,"featured_media":385541,"comment_status":"closed","ping_status":"closed","sticky":false,"template":"","format":"standard","meta":{"_acf_changed":false,"footnotes":""},"categories":[16],"tags":[],"class_list":["post-385540","post","type-post","status-publish","format-standard","has-post-thumbnail","hentry","category-brasil"],"acf":[],"yoast_head":"<!-- This site is optimized with the Yoast SEO plugin v27.2 - https:\/\/yoast.com\/product\/yoast-seo-wordpress\/ -->\n<title>Moraes manda Filipe Martins voltar para pres\u00eddio no Paran\u00e1 - Notibras<\/title>\n<meta name=\"robots\" content=\"index, follow, max-snippet:-1, max-image-preview:large, max-video-preview:-1\" \/>\n<link rel=\"canonical\" href=\"https:\/\/www.notibras.com\/site\/moraes-manda-filipe-martins-voltar-para-presidio-no-parana\/\" \/>\n<meta property=\"og:locale\" content=\"pt_BR\" \/>\n<meta property=\"og:type\" content=\"article\" \/>\n<meta property=\"og:title\" content=\"Moraes manda Filipe Martins voltar para pres\u00eddio no Paran\u00e1 - Notibras\" \/>\n<meta property=\"og:description\" content=\"O ministro Alexandre de Moraes, do Supremo Tribunal Federal (STF), determinou nesta ter\u00e7a-feira (3) que Filipe Martins, ex-assessor para assuntos internacionais de Jair Bolsonaro, seja levado de volta para a Cadeia P\u00fablica de Ponta Grossa, no interior do Paran\u00e1. Condenado a 21 anos de pris\u00e3o no processo da trama golpista, Martins ainda recorre da condena\u00e7\u00e3o [&hellip;]\" \/>\n<meta property=\"og:url\" content=\"https:\/\/www.notibras.com\/site\/moraes-manda-filipe-martins-voltar-para-presidio-no-parana\/\" \/>\n<meta property=\"og:site_name\" content=\"Notibras\" \/>\n<meta property=\"article:publisher\" content=\"https:\/\/www.facebook.com\/notibras\/\" \/>\n<meta property=\"article:published_time\" content=\"2026-03-04T03:00:09+00:00\" \/>\n<meta property=\"article:modified_time\" content=\"2026-03-04T10:15:52+00:00\" \/>\n<meta property=\"og:image\" content=\"https:\/\/www.notibras.com\/site\/wp-content\/uploads\/2026\/03\/captura-de-tela-2025-03-31-132421_4.webp\" \/>\n\t<meta property=\"og:image:width\" content=\"1170\" \/>\n\t<meta property=\"og:image:height\" content=\"700\" \/>\n\t<meta property=\"og:image:type\" content=\"image\/webp\" \/>\n<meta name=\"author\" content=\"Reda\u00e7\u00e3o\" \/>\n<meta name=\"twitter:card\" content=\"summary_large_image\" \/>\n<meta name=\"twitter:creator\" content=\"@Notibras\" \/>\n<meta name=\"twitter:site\" content=\"@Notibras\" \/>\n<meta name=\"twitter:label1\" content=\"Escrito por\" \/>\n\t<meta name=\"twitter:data1\" content=\"Reda\u00e7\u00e3o\" \/>\n\t<meta name=\"twitter:label2\" content=\"Est. tempo de leitura\" \/>\n\t<meta name=\"twitter:data2\" content=\"2 minutos\" \/>\n<script type=\"application\/ld+json\" class=\"yoast-schema-graph\">{\"@context\":\"https:\/\/schema.org\",\"@graph\":[{\"@type\":\"Article\",\"@id\":\"https:\/\/www.notibras.com\/site\/moraes-manda-filipe-martins-voltar-para-presidio-no-parana\/#article\",\"isPartOf\":{\"@id\":\"https:\/\/www.notibras.com\/site\/moraes-manda-filipe-martins-voltar-para-presidio-no-parana\/\"},\"author\":{\"name\":\"Reda\u00e7\u00e3o\",\"@id\":\"https:\/\/www.notibras.com\/site\/#\/schema\/person\/36ab0979449956132d3e5b517ea76ac8\"},\"headline\":\"Moraes manda Filipe Martins voltar para pres\u00eddio no Paran\u00e1\",\"datePublished\":\"2026-03-04T03:00:09+00:00\",\"dateModified\":\"2026-03-04T10:15:52+00:00\",\"mainEntityOfPage\":{\"@id\":\"https:\/\/www.notibras.com\/site\/moraes-manda-filipe-martins-voltar-para-presidio-no-parana\/\"},\"wordCount\":229,\"publisher\":{\"@id\":\"https:\/\/www.notibras.com\/site\/#organization\"},\"image\":{\"@id\":\"https:\/\/www.notibras.com\/site\/moraes-manda-filipe-martins-voltar-para-presidio-no-parana\/#primaryimage\"},\"thumbnailUrl\":\"https:\/\/www.notibras.com\/site\/wp-content\/uploads\/2026\/03\/captura-de-tela-2025-03-31-132421_4.webp\",\"articleSection\":[\"Brasil\"],\"inLanguage\":\"pt-BR\"},{\"@type\":\"WebPage\",\"@id\":\"https:\/\/www.notibras.com\/site\/moraes-manda-filipe-martins-voltar-para-presidio-no-parana\/\",\"url\":\"https:\/\/www.notibras.com\/site\/moraes-manda-filipe-martins-voltar-para-presidio-no-parana\/\",\"name\":\"Moraes manda Filipe Martins voltar para pres\u00eddio no Paran\u00e1 - Notibras\",\"isPartOf\":{\"@id\":\"https:\/\/www.notibras.com\/site\/#website\"},\"primaryImageOfPage\":{\"@id\":\"https:\/\/www.notibras.com\/site\/moraes-manda-filipe-martins-voltar-para-presidio-no-parana\/#primaryimage\"},\"image\":{\"@id\":\"https:\/\/www.notibras.com\/site\/moraes-manda-filipe-martins-voltar-para-presidio-no-parana\/#primaryimage\"},\"thumbnailUrl\":\"https:\/\/www.notibras.com\/site\/wp-content\/uploads\/2026\/03\/captura-de-tela-2025-03-31-132421_4.webp\",\"datePublished\":\"2026-03-04T03:00:09+00:00\",\"dateModified\":\"2026-03-04T10:15:52+00:00\",\"breadcrumb\":{\"@id\":\"https:\/\/www.notibras.com\/site\/moraes-manda-filipe-martins-voltar-para-presidio-no-parana\/#breadcrumb\"},\"inLanguage\":\"pt-BR\",\"potentialAction\":[{\"@type\":\"ReadAction\",\"target\":[\"https:\/\/www.notibras.com\/site\/moraes-manda-filipe-martins-voltar-para-presidio-no-parana\/\"]}]},{\"@type\":\"ImageObject\",\"inLanguage\":\"pt-BR\",\"@id\":\"https:\/\/www.notibras.com\/site\/moraes-manda-filipe-martins-voltar-para-presidio-no-parana\/#primaryimage\",\"url\":\"https:\/\/www.notibras.com\/site\/wp-content\/uploads\/2026\/03\/captura-de-tela-2025-03-31-132421_4.webp\",\"contentUrl\":\"https:\/\/www.notibras.com\/site\/wp-content\/uploads\/2026\/03\/captura-de-tela-2025-03-31-132421_4.webp\",\"width\":1170,\"height\":700},{\"@type\":\"BreadcrumbList\",\"@id\":\"https:\/\/www.notibras.com\/site\/moraes-manda-filipe-martins-voltar-para-presidio-no-parana\/#breadcrumb\",\"itemListElement\":[{\"@type\":\"ListItem\",\"position\":1,\"name\":\"In\u00edcio\",\"item\":\"https:\/\/www.notibras.com\/site\/\"},{\"@type\":\"ListItem\",\"position\":2,\"name\":\"Moraes manda Filipe Martins voltar para pres\u00eddio no Paran\u00e1\"}]},{\"@type\":\"WebSite\",\"@id\":\"https:\/\/www.notibras.com\/site\/#website\",\"url\":\"https:\/\/www.notibras.com\/site\/\",\"name\":\"Notibras\",\"description\":\"Not\u00edcias de Bras\u00edlia, do Brasil e do Mundo\",\"publisher\":{\"@id\":\"https:\/\/www.notibras.com\/site\/#organization\"},\"potentialAction\":[{\"@type\":\"SearchAction\",\"target\":{\"@type\":\"EntryPoint\",\"urlTemplate\":\"https:\/\/www.notibras.com\/site\/?s={search_term_string}\"},\"query-input\":{\"@type\":\"PropertyValueSpecification\",\"valueRequired\":true,\"valueName\":\"search_term_string\"}}],\"inLanguage\":\"pt-BR\"},{\"@type\":\"Organization\",\"@id\":\"https:\/\/www.notibras.com\/site\/#organization\",\"name\":\"Grupo Notibras de Comunica\u00e7\u00e3o\",\"url\":\"https:\/\/www.notibras.com\/site\/\",\"logo\":{\"@type\":\"ImageObject\",\"inLanguage\":\"pt-BR\",\"@id\":\"https:\/\/www.notibras.com\/site\/#\/schema\/logo\/image\/\",\"url\":\"https:\/\/www.notibras.com\/site\/wp-content\/uploads\/2023\/01\/notibras23.png\",\"contentUrl\":\"https:\/\/www.notibras.com\/site\/wp-content\/uploads\/2023\/01\/notibras23.png\",\"width\":350,\"height\":87,\"caption\":\"Grupo Notibras de Comunica\u00e7\u00e3o\"},\"image\":{\"@id\":\"https:\/\/www.notibras.com\/site\/#\/schema\/logo\/image\/\"},\"sameAs\":[\"https:\/\/www.facebook.com\/notibras\/\",\"https:\/\/x.com\/Notibras\",\"https:\/\/www.instagram.com\/notibras\/\"]},{\"@type\":\"Person\",\"@id\":\"https:\/\/www.notibras.com\/site\/#\/schema\/person\/36ab0979449956132d3e5b517ea76ac8\",\"name\":\"Reda\u00e7\u00e3o\",\"image\":{\"@type\":\"ImageObject\",\"inLanguage\":\"pt-BR\",\"@id\":\"https:\/\/secure.gravatar.com\/avatar\/e0a867bdedb85fd243eadf09663511f96fc81e0720a4a42581f334ad4303aa6b?s=96&d=mm&r=g\",\"url\":\"https:\/\/secure.gravatar.com\/avatar\/e0a867bdedb85fd243eadf09663511f96fc81e0720a4a42581f334ad4303aa6b?s=96&d=mm&r=g\",\"contentUrl\":\"https:\/\/secure.gravatar.com\/avatar\/e0a867bdedb85fd243eadf09663511f96fc81e0720a4a42581f334ad4303aa6b?s=96&d=mm&r=g\",\"caption\":\"Reda\u00e7\u00e3o\"}}]}<\/script>\n<!-- \/ Yoast SEO plugin. -->","yoast_head_json":{"title":"Moraes manda Filipe Martins voltar para pres\u00eddio no Paran\u00e1 - Notibras","robots":{"index":"index","follow":"follow","max-snippet":"max-snippet:-1","max-image-preview":"max-image-preview:large","max-video-preview":"max-video-preview:-1"},"canonical":"https:\/\/www.notibras.com\/site\/moraes-manda-filipe-martins-voltar-para-presidio-no-parana\/","og_locale":"pt_BR","og_type":"article","og_title":"Moraes manda Filipe Martins voltar para pres\u00eddio no Paran\u00e1 - Notibras","og_description":"O ministro Alexandre de Moraes, do Supremo Tribunal Federal (STF), determinou nesta ter\u00e7a-feira (3) que Filipe Martins, ex-assessor para assuntos internacionais de Jair Bolsonaro, seja levado de volta para a Cadeia P\u00fablica de Ponta Grossa, no interior do Paran\u00e1. Condenado a 21 anos de pris\u00e3o no processo da trama golpista, Martins ainda recorre da condena\u00e7\u00e3o [&hellip;]","og_url":"https:\/\/www.notibras.com\/site\/moraes-manda-filipe-martins-voltar-para-presidio-no-parana\/","og_site_name":"Notibras","article_publisher":"https:\/\/www.facebook.com\/notibras\/","article_published_time":"2026-03-04T03:00:09+00:00","article_modified_time":"2026-03-04T10:15:52+00:00","og_image":[{"width":1170,"height":700,"url":"https:\/\/www.notibras.com\/site\/wp-content\/uploads\/2026\/03\/captura-de-tela-2025-03-31-132421_4.webp","type":"image\/webp"}],"author":"Reda\u00e7\u00e3o","twitter_card":"summary_large_image","twitter_creator":"@Notibras","twitter_site":"@Notibras","twitter_misc":{"Escrito por":"Reda\u00e7\u00e3o","Est. tempo de leitura":"2 minutos"},"schema":{"@context":"https:\/\/schema.org","@graph":[{"@type":"Article","@id":"https:\/\/www.notibras.com\/site\/moraes-manda-filipe-martins-voltar-para-presidio-no-parana\/#article","isPartOf":{"@id":"https:\/\/www.notibras.com\/site\/moraes-manda-filipe-martins-voltar-para-presidio-no-parana\/"},"author":{"name":"Reda\u00e7\u00e3o","@id":"https:\/\/www.notibras.com\/site\/#\/schema\/person\/36ab0979449956132d3e5b517ea76ac8"},"headline":"Moraes manda Filipe Martins voltar para pres\u00eddio no Paran\u00e1","datePublished":"2026-03-04T03:00:09+00:00","dateModified":"2026-03-04T10:15:52+00:00","mainEntityOfPage":{"@id":"https:\/\/www.notibras.com\/site\/moraes-manda-filipe-martins-voltar-para-presidio-no-parana\/"},"wordCount":229,"publisher":{"@id":"https:\/\/www.notibras.com\/site\/#organization"},"image":{"@id":"https:\/\/www.notibras.com\/site\/moraes-manda-filipe-martins-voltar-para-presidio-no-parana\/#primaryimage"},"thumbnailUrl":"https:\/\/www.notibras.com\/site\/wp-content\/uploads\/2026\/03\/captura-de-tela-2025-03-31-132421_4.webp","articleSection":["Brasil"],"inLanguage":"pt-BR"},{"@type":"WebPage","@id":"https:\/\/www.notibras.com\/site\/moraes-manda-filipe-martins-voltar-para-presidio-no-parana\/","url":"https:\/\/www.notibras.com\/site\/moraes-manda-filipe-martins-voltar-para-presidio-no-parana\/","name":"Moraes manda Filipe Martins voltar para pres\u00eddio no Paran\u00e1 - Notibras","isPartOf":{"@id":"https:\/\/www.notibras.com\/site\/#website"},"primaryImageOfPage":{"@id":"https:\/\/www.notibras.com\/site\/moraes-manda-filipe-martins-voltar-para-presidio-no-parana\/#primaryimage"},"image":{"@id":"https:\/\/www.notibras.com\/site\/moraes-manda-filipe-martins-voltar-para-presidio-no-parana\/#primaryimage"},"thumbnailUrl":"https:\/\/www.notibras.com\/site\/wp-content\/uploads\/2026\/03\/captura-de-tela-2025-03-31-132421_4.webp","datePublished":"2026-03-04T03:00:09+00:00","dateModified":"2026-03-04T10:15:52+00:00","breadcrumb":{"@id":"https:\/\/www.notibras.com\/site\/moraes-manda-filipe-martins-voltar-para-presidio-no-parana\/#breadcrumb"},"inLanguage":"pt-BR","potentialAction":[{"@type":"ReadAction","target":["https:\/\/www.notibras.com\/site\/moraes-manda-filipe-martins-voltar-para-presidio-no-parana\/"]}]},{"@type":"ImageObject","inLanguage":"pt-BR","@id":"https:\/\/www.notibras.com\/site\/moraes-manda-filipe-martins-voltar-para-presidio-no-parana\/#primaryimage","url":"https:\/\/www.notibras.com\/site\/wp-content\/uploads\/2026\/03\/captura-de-tela-2025-03-31-132421_4.webp","contentUrl":"https:\/\/www.notibras.com\/site\/wp-content\/uploads\/2026\/03\/captura-de-tela-2025-03-31-132421_4.webp","width":1170,"height":700},{"@type":"BreadcrumbList","@id":"https:\/\/www.notibras.com\/site\/moraes-manda-filipe-martins-voltar-para-presidio-no-parana\/#breadcrumb","itemListElement":[{"@type":"ListItem","position":1,"name":"In\u00edcio","item":"https:\/\/www.notibras.com\/site\/"},{"@type":"ListItem","position":2,"name":"Moraes manda Filipe Martins voltar para pres\u00eddio no Paran\u00e1"}]},{"@type":"WebSite","@id":"https:\/\/www.notibras.com\/site\/#website","url":"https:\/\/www.notibras.com\/site\/","name":"Notibras","description":"Not\u00edcias de Bras\u00edlia, do Brasil e do Mundo","publisher":{"@id":"https:\/\/www.notibras.com\/site\/#organization"},"potentialAction":[{"@type":"SearchAction","target":{"@type":"EntryPoint","urlTemplate":"https:\/\/www.notibras.com\/site\/?s={search_term_string}"},"query-input":{"@type":"PropertyValueSpecification","valueRequired":true,"valueName":"search_term_string"}}],"inLanguage":"pt-BR"},{"@type":"Organization","@id":"https:\/\/www.notibras.com\/site\/#organization","name":"Grupo Notibras de Comunica\u00e7\u00e3o","url":"https:\/\/www.notibras.com\/site\/","logo":{"@type":"ImageObject","inLanguage":"pt-BR","@id":"https:\/\/www.notibras.com\/site\/#\/schema\/logo\/image\/","url":"https:\/\/www.notibras.com\/site\/wp-content\/uploads\/2023\/01\/notibras23.png","contentUrl":"https:\/\/www.notibras.com\/site\/wp-content\/uploads\/2023\/01\/notibras23.png","width":350,"height":87,"caption":"Grupo Notibras de Comunica\u00e7\u00e3o"},"image":{"@id":"https:\/\/www.notibras.com\/site\/#\/schema\/logo\/image\/"},"sameAs":["https:\/\/www.facebook.com\/notibras\/","https:\/\/x.com\/Notibras","https:\/\/www.instagram.com\/notibras\/"]},{"@type":"Person","@id":"https:\/\/www.notibras.com\/site\/#\/schema\/person\/36ab0979449956132d3e5b517ea76ac8","name":"Reda\u00e7\u00e3o","image":{"@type":"ImageObject","inLanguage":"pt-BR","@id":"https:\/\/secure.gravatar.com\/avatar\/e0a867bdedb85fd243eadf09663511f96fc81e0720a4a42581f334ad4303aa6b?s=96&d=mm&r=g","url":"https:\/\/secure.gravatar.com\/avatar\/e0a867bdedb85fd243eadf09663511f96fc81e0720a4a42581f334ad4303aa6b?s=96&d=mm&r=g","contentUrl":"https:\/\/secure.gravatar.com\/avatar\/e0a867bdedb85fd243eadf09663511f96fc81e0720a4a42581f334ad4303aa6b?s=96&d=mm&r=g","caption":"Reda\u00e7\u00e3o"}}]}},"amp_enabled":true,"_links":{"self":[{"href":"https:\/\/www.notibras.com\/site\/wp-json\/wp\/v2\/posts\/385540","targetHints":{"allow":["GET"]}}],"collection":[{"href":"https:\/\/www.notibras.com\/site\/wp-json\/wp\/v2\/posts"}],"about":[{"href":"https:\/\/www.notibras.com\/site\/wp-json\/wp\/v2\/types\/post"}],"author":[{"embeddable":true,"href":"https:\/\/www.notibras.com\/site\/wp-json\/wp\/v2\/users\/2"}],"replies":[{"embeddable":true,"href":"https:\/\/www.notibras.com\/site\/wp-json\/wp\/v2\/comments?post=385540"}],"version-history":[{"count":1,"href":"https:\/\/www.notibras.com\/site\/wp-json\/wp\/v2\/posts\/385540\/revisions"}],"predecessor-version":[{"id":385542,"href":"https:\/\/www.notibras.com\/site\/wp-json\/wp\/v2\/posts\/385540\/revisions\/385542"}],"wp:featuredmedia":[{"embeddable":true,"href":"https:\/\/www.notibras.com\/site\/wp-json\/wp\/v2\/media\/385541"}],"wp:attachment":[{"href":"https:\/\/www.notibras.com\/site\/wp-json\/wp\/v2\/media?parent=385540"}],"wp:term":[{"taxonomy":"category","embeddable":true,"href":"https:\/\/www.notibras.com\/site\/wp-json\/wp\/v2\/categories?post=385540"},{"taxonomy":"post_tag","embeddable":true,"href":"https:\/\/www.notibras.com\/site\/wp-json\/wp\/v2\/tags?post=385540"}],"curies":[{"name":"wp","href":"https:\/\/api.w.org\/{rel}","templated":true}]}}