{"id":385555,"date":"2026-03-04T10:12:27","date_gmt":"2026-03-04T13:12:27","guid":{"rendered":"https:\/\/www.notibras.com\/site\/?p=385555"},"modified":"2026-03-04T10:13:35","modified_gmt":"2026-03-04T13:13:35","slug":"um-ciclo-de-multiplos-cataclismos-e-mudancas","status":"publish","type":"post","link":"https:\/\/www.notibras.com\/site\/um-ciclo-de-multiplos-cataclismos-e-mudancas\/","title":{"rendered":"Um ciclo de m\u00faltiplos cataclismos e mudan\u00e7as"},"content":{"rendered":"<p>O Armagedom pode ser visto, n\u00e3o apenas como um evento futuro, mas como um arqu\u00e9tipo multifacetado, um s\u00edmbolo cujas ra\u00edzes se estendem desde os prim\u00f3rdios da consci\u00eancia humana at\u00e9 as mais elevadas aspira\u00e7\u00f5es espirituais. Sua origem mais proeminente est\u00e1 no Livro do Apocalipse de Jo\u00e3o, especificamente em Apocalipse 16:16, que menciona &#8220;o lugar que em hebraico se chama Armagedom&#8221;. Apesar de ser uma simbologia geogr\u00e1fica, provavelmente Megido, uma antiga cidade na Palestina, palco de in\u00fameras batalhas decisivas ao longo da hist\u00f3ria.<\/p>\n<p>Em sua ess\u00eancia, \u00e9 uma narrativa arquet\u00edpica para explicar e dar sentido a esses momentos de crise existencial. Ele oferece uma estrutura para compreender a destrui\u00e7\u00e3o e a subsequente (ou esperada) renova\u00e7\u00e3o. O Apocalipse de Jo\u00e3o foi escrito num per\u00edodo de persegui\u00e7\u00e3o aos crist\u00e3os sob o Imp\u00e9rio Romano. Nesse contexto, pode ser interpretado como uma profecia de liberta\u00e7\u00e3o e vingan\u00e7a divina contra os opressores. \u00c9 uma express\u00e3o de esperan\u00e7a para os oprimidos, prometendo um julgamento final onde a justi\u00e7a prevalecer\u00e1.<\/p>\n<p>\u00c9 interessante observar que o conceito de um &#8220;fim dos tempos&#8221; ou de uma &#8220;batalha final&#8221; n\u00e3o \u00e9 exclusivo do cristianismo. Encontramos paralelos em diversas mitologias como o Ragnar\u00f6k n\u00f3rdico, o Kali Yuga hindu, as profecias zoroastrianas de um julgamento final. Isso demonstra a universalidade da tem\u00e1tica da finitude e da renova\u00e7\u00e3o. Cada cultura e per\u00edodo hist\u00f3rico reinterpreta o Armagedom \u00e0 luz de suas pr\u00f3prias ansiedades e esperan\u00e7as. No s\u00e9culo XX, por exemplo, o Armagedom foi frequentemente associado a guerras nucleares ou crises ambientais.<\/p>\n<p>]Atrav\u00e9s dos tempos, sua ret\u00f3rica tem sido usada para mobilizar popula\u00e7\u00f5es, justificar guerras santas ou instigar movimentos de reforma social e religiosa. A ideia de um julgamento iminente pode ser um poderoso catalisador para a a\u00e7\u00e3o. Tanto para o bem ou para o mal. Esse mito, historicamente, \u00e9 um complexo de ideias que evolui e se adapta, refletindo as preocupa\u00e7\u00f5es, esperan\u00e7as e medos de diferentes \u00e9pocas e povos, sempre centrado na ideia de um cl\u00edmax decisivo que levar\u00e1 a uma nova ordem.<\/p>\n<p>Para o ocultista, o Armagedom \u00e9 um misto de um processo alqu\u00edmico e esot\u00e9rico que ocorre mais no interior humano e da consci\u00eancia coletiva do que no mundo exterior e profano. A \u201cbatalha final\u201d n\u00e3o \u00e9 f\u00edsica, mas sim no campo de batalha da alma humana. \u00c9 o confronto entre as for\u00e7as da luz (autoconsci\u00eancia, virtude, verdade) e as for\u00e7as da escurid\u00e3o (ignor\u00e2ncia, ego\u00edsmo, ilus\u00e3o) dentro de cada um de n\u00f3s. \u00c9 o momento em que somos for\u00e7ados a enfrentar nossas sombras mais profundas, nossos v\u00edcios mais arraigados, nossas ilus\u00f5es mais confort\u00e1veis.<\/p>\n<p>O &#8220;Armagedom&#8221; \u00e9 a crise espiritual que precede a ilumina\u00e7\u00e3o, a purga\u00e7\u00e3o necess\u00e1ria antes da transmuta\u00e7\u00e3o. \u00c9 Opus Magnun alqu\u00edmico da Transmuta\u00e7\u00e3o. Nesse contexto, \u00e9 a fase mais intensa e dram\u00e1tica dessa obra. \u00c9 o Nigredo (putrefa\u00e7\u00e3o e escurid\u00e3o) em sua m\u00e1xima express\u00e3o, onde tudo o que \u00e9 impuro e n\u00e3o essencial \u00e9 destru\u00eddo, dissolvido, para que a nova forma possa emergir.<\/p>\n<p>Sequencialmente se seguiriam o \u201cCalcinatio\u201d, operando a queima de impurezas, a destrui\u00e7\u00e3o do ego. O \u201cSolutio\u201d, dissolvendo as estruturas r\u00edgidas do pensamento e da personalidade. O \u201cCoagulatio\u201d, reestruturando uma nova consci\u00eancia. O \u201cSublimatio\u201d, elevando o esp\u00edrito. O \u201cSeparatio\u201d, que distinguir\u00e1 o essencial e o sup\u00e9rfluo. E, finalmente, o \u201cConiunctio\u201d, a uni\u00e3o dos opostos, do masculino e feminino, da consci\u00eancia e do inconsciente, culminando na pedra filosofal, a verdadeira &#8220;vit\u00f3ria&#8221; do Armagedom.<\/p>\n<p>Para o ocultista, o Armagedom \u00e9 o momento da revela\u00e7\u00e3o final, n\u00e3o de um fim do mundo literal, mas da revela\u00e7\u00e3o da verdadeira natureza da realidade. \u00c9 o rasgar do v\u00e9u de Maya, a percep\u00e7\u00e3o de que as dualidades (bem e mal, luz e escurid\u00e3o) s\u00e3o, em \u00faltima inst\u00e2ncia, aspectos complementares de uma unidade maior. \u00c9 a compreens\u00e3o da interconex\u00e3o de todas as coisas e da natureza ilus\u00f3ria de muitas de nossas percep\u00e7\u00f5es. Embora o Armagedom seja primariamente um processo individual, ele tamb\u00e9m tem uma dimens\u00e3o coletiva.<\/p>\n<p>A &#8220;batalha final&#8221; pode ser vista como o cl\u00edmax da evolu\u00e7\u00e3o da consci\u00eancia humana, onde a humanidade como um todo enfrenta seus desafios mais profundos: a destrui\u00e7\u00e3o ambiental, a desigualdade social, os conflitos ideol\u00f3gicos. \u00c9 o ponto de virada onde a humanidade deve escolher entre a autodestrui\u00e7\u00e3o ou a ascens\u00e3o a um novo n\u00edvel de consci\u00eancia e coexist\u00eancia. As for\u00e7as que se enfrentam s\u00e3o as do progresso espiritual contra as da estagna\u00e7\u00e3o e regress\u00e3o.<\/p>\n<p>Em um n\u00edvel macroc\u00f3smico, o Armagedom pode ser interpretado como um rito de passagem para o planeta Terra e seus habitantes. Assim como um indiv\u00edduo passa por crises para amadurecer, a humanidade e o pr\u00f3prio planeta podem estar passando por um processo de &#8220;inicia\u00e7\u00e3o&#8221; para um novo ciclo de exist\u00eancia com as consequ\u00eancias das escolhas feitas. Ele, o Armagedom, \u00e9 menos uma profecia literal e mais um mapa esot\u00e9rico, um guia para a transforma\u00e7\u00e3o interior e coletiva. \u00c9 a Grande Obra em sua fase mais intensa, o crisol onde o esp\u00edrito humano \u00e9 forjado e purificado, revelando sua verdadeira ess\u00eancia divina.<\/p>\n<p>N\u00e3o \u00e9 algo a ser temido como um fim, mas sim a ser compreendido e abra\u00e7ado como um catalisador para a evolu\u00e7\u00e3o. A &#8220;vit\u00f3ria&#8221; n\u00e3o est\u00e1 na aniquila\u00e7\u00e3o do inimigo externo, mas na conquista da pr\u00f3pria ignor\u00e2ncia e na eleva\u00e7\u00e3o da consci\u00eancia. Observado por esses dois prismas, revela-se como uma tape\u00e7aria rica e complexa. De um lado uma narrativa hist\u00f3rica que reflete as ansiedades e esperan\u00e7as humanas e, por outro, um arqu\u00e9tipo oculto que aponta para a profunda jornada de transforma\u00e7\u00e3o espiritual. O historiador nos mostra o que o homem fez com o mito, enquanto o ocultista nos revela o que o mito faz pelo homem e o que ele pode fazer dentro do homem.<\/p>\n<p>&#8230;&#8230;&#8230;.<\/p>\n<p><strong>Marco Mammoli, Mestre Conselheiro e membro do conselho do Col\u00e9gio de Magos e Sacerdotisas. Interessados podem entrar em contato direto com o Col\u00e9gio dos Magos e Sacerdotisas atrav\u00e9s da Bio, Direct e o Whatsapp: 81 997302139.<\/strong><\/p>\n","protected":false},"excerpt":{"rendered":"<p>O Armagedom pode ser visto, n\u00e3o apenas como um evento futuro, mas como um arqu\u00e9tipo multifacetado, um s\u00edmbolo cujas ra\u00edzes se estendem desde os prim\u00f3rdios da consci\u00eancia humana at\u00e9 as mais elevadas aspira\u00e7\u00f5es espirituais. Sua origem mais proeminente est\u00e1 no Livro do Apocalipse de Jo\u00e3o, especificamente em Apocalipse 16:16, que menciona &#8220;o lugar que em [&hellip;]<\/p>\n","protected":false},"author":2,"featured_media":385556,"comment_status":"closed","ping_status":"closed","sticky":false,"template":"","format":"standard","meta":{"_acf_changed":false,"footnotes":""},"categories":[237],"tags":[],"class_list":["post-385555","post","type-post","status-publish","format-standard","has-post-thumbnail","hentry","category-oraculos"],"acf":[],"yoast_head":"<!-- This site is optimized with the Yoast SEO plugin v27.2 - https:\/\/yoast.com\/product\/yoast-seo-wordpress\/ -->\n<title>Um ciclo de m\u00faltiplos cataclismos e mudan\u00e7as - Notibras<\/title>\n<meta name=\"robots\" content=\"index, follow, max-snippet:-1, max-image-preview:large, max-video-preview:-1\" \/>\n<link rel=\"canonical\" href=\"https:\/\/www.notibras.com\/site\/um-ciclo-de-multiplos-cataclismos-e-mudancas\/\" \/>\n<meta property=\"og:locale\" content=\"pt_BR\" \/>\n<meta property=\"og:type\" content=\"article\" \/>\n<meta property=\"og:title\" content=\"Um ciclo de m\u00faltiplos cataclismos e mudan\u00e7as - Notibras\" \/>\n<meta property=\"og:description\" content=\"O Armagedom pode ser visto, n\u00e3o apenas como um evento futuro, mas como um arqu\u00e9tipo multifacetado, um s\u00edmbolo cujas ra\u00edzes se estendem desde os prim\u00f3rdios da consci\u00eancia humana at\u00e9 as mais elevadas aspira\u00e7\u00f5es espirituais. Sua origem mais proeminente est\u00e1 no Livro do Apocalipse de Jo\u00e3o, especificamente em Apocalipse 16:16, que menciona &#8220;o lugar que em [&hellip;]\" \/>\n<meta property=\"og:url\" content=\"https:\/\/www.notibras.com\/site\/um-ciclo-de-multiplos-cataclismos-e-mudancas\/\" \/>\n<meta property=\"og:site_name\" content=\"Notibras\" \/>\n<meta property=\"article:publisher\" content=\"https:\/\/www.facebook.com\/notibras\/\" \/>\n<meta property=\"article:published_time\" content=\"2026-03-04T13:12:27+00:00\" \/>\n<meta property=\"article:modified_time\" content=\"2026-03-04T13:13:35+00:00\" \/>\n<meta property=\"og:image\" content=\"https:\/\/www.notibras.com\/site\/wp-content\/uploads\/2026\/03\/bd66d48b-92b2-43b2-9ef2-9006615f12a5.jpg\" \/>\n\t<meta property=\"og:image:width\" content=\"418\" \/>\n\t<meta property=\"og:image:height\" content=\"418\" \/>\n\t<meta property=\"og:image:type\" content=\"image\/jpeg\" \/>\n<meta name=\"author\" content=\"Reda\u00e7\u00e3o\" \/>\n<meta name=\"twitter:card\" content=\"summary_large_image\" \/>\n<meta name=\"twitter:creator\" content=\"@Notibras\" \/>\n<meta name=\"twitter:site\" content=\"@Notibras\" \/>\n<meta name=\"twitter:label1\" content=\"Escrito por\" \/>\n\t<meta name=\"twitter:data1\" content=\"Reda\u00e7\u00e3o\" \/>\n\t<meta name=\"twitter:label2\" content=\"Est. tempo de leitura\" \/>\n\t<meta name=\"twitter:data2\" content=\"6 minutos\" \/>\n<script type=\"application\/ld+json\" class=\"yoast-schema-graph\">{\"@context\":\"https:\/\/schema.org\",\"@graph\":[{\"@type\":\"Article\",\"@id\":\"https:\/\/www.notibras.com\/site\/um-ciclo-de-multiplos-cataclismos-e-mudancas\/#article\",\"isPartOf\":{\"@id\":\"https:\/\/www.notibras.com\/site\/um-ciclo-de-multiplos-cataclismos-e-mudancas\/\"},\"author\":{\"name\":\"Reda\u00e7\u00e3o\",\"@id\":\"https:\/\/www.notibras.com\/site\/#\/schema\/person\/36ab0979449956132d3e5b517ea76ac8\"},\"headline\":\"Um ciclo de m\u00faltiplos cataclismos e mudan\u00e7as\",\"datePublished\":\"2026-03-04T13:12:27+00:00\",\"dateModified\":\"2026-03-04T13:13:35+00:00\",\"mainEntityOfPage\":{\"@id\":\"https:\/\/www.notibras.com\/site\/um-ciclo-de-multiplos-cataclismos-e-mudancas\/\"},\"wordCount\":1084,\"publisher\":{\"@id\":\"https:\/\/www.notibras.com\/site\/#organization\"},\"image\":{\"@id\":\"https:\/\/www.notibras.com\/site\/um-ciclo-de-multiplos-cataclismos-e-mudancas\/#primaryimage\"},\"thumbnailUrl\":\"https:\/\/www.notibras.com\/site\/wp-content\/uploads\/2026\/03\/bd66d48b-92b2-43b2-9ef2-9006615f12a5.jpg\",\"articleSection\":[\"Or\u00e1culos\"],\"inLanguage\":\"pt-BR\"},{\"@type\":\"WebPage\",\"@id\":\"https:\/\/www.notibras.com\/site\/um-ciclo-de-multiplos-cataclismos-e-mudancas\/\",\"url\":\"https:\/\/www.notibras.com\/site\/um-ciclo-de-multiplos-cataclismos-e-mudancas\/\",\"name\":\"Um ciclo de m\u00faltiplos cataclismos e mudan\u00e7as - Notibras\",\"isPartOf\":{\"@id\":\"https:\/\/www.notibras.com\/site\/#website\"},\"primaryImageOfPage\":{\"@id\":\"https:\/\/www.notibras.com\/site\/um-ciclo-de-multiplos-cataclismos-e-mudancas\/#primaryimage\"},\"image\":{\"@id\":\"https:\/\/www.notibras.com\/site\/um-ciclo-de-multiplos-cataclismos-e-mudancas\/#primaryimage\"},\"thumbnailUrl\":\"https:\/\/www.notibras.com\/site\/wp-content\/uploads\/2026\/03\/bd66d48b-92b2-43b2-9ef2-9006615f12a5.jpg\",\"datePublished\":\"2026-03-04T13:12:27+00:00\",\"dateModified\":\"2026-03-04T13:13:35+00:00\",\"breadcrumb\":{\"@id\":\"https:\/\/www.notibras.com\/site\/um-ciclo-de-multiplos-cataclismos-e-mudancas\/#breadcrumb\"},\"inLanguage\":\"pt-BR\",\"potentialAction\":[{\"@type\":\"ReadAction\",\"target\":[\"https:\/\/www.notibras.com\/site\/um-ciclo-de-multiplos-cataclismos-e-mudancas\/\"]}]},{\"@type\":\"ImageObject\",\"inLanguage\":\"pt-BR\",\"@id\":\"https:\/\/www.notibras.com\/site\/um-ciclo-de-multiplos-cataclismos-e-mudancas\/#primaryimage\",\"url\":\"https:\/\/www.notibras.com\/site\/wp-content\/uploads\/2026\/03\/bd66d48b-92b2-43b2-9ef2-9006615f12a5.jpg\",\"contentUrl\":\"https:\/\/www.notibras.com\/site\/wp-content\/uploads\/2026\/03\/bd66d48b-92b2-43b2-9ef2-9006615f12a5.jpg\",\"width\":418,\"height\":418},{\"@type\":\"BreadcrumbList\",\"@id\":\"https:\/\/www.notibras.com\/site\/um-ciclo-de-multiplos-cataclismos-e-mudancas\/#breadcrumb\",\"itemListElement\":[{\"@type\":\"ListItem\",\"position\":1,\"name\":\"In\u00edcio\",\"item\":\"https:\/\/www.notibras.com\/site\/\"},{\"@type\":\"ListItem\",\"position\":2,\"name\":\"Um ciclo de m\u00faltiplos cataclismos e mudan\u00e7as\"}]},{\"@type\":\"WebSite\",\"@id\":\"https:\/\/www.notibras.com\/site\/#website\",\"url\":\"https:\/\/www.notibras.com\/site\/\",\"name\":\"Notibras\",\"description\":\"Not\u00edcias de Bras\u00edlia, do Brasil e do Mundo\",\"publisher\":{\"@id\":\"https:\/\/www.notibras.com\/site\/#organization\"},\"potentialAction\":[{\"@type\":\"SearchAction\",\"target\":{\"@type\":\"EntryPoint\",\"urlTemplate\":\"https:\/\/www.notibras.com\/site\/?s={search_term_string}\"},\"query-input\":{\"@type\":\"PropertyValueSpecification\",\"valueRequired\":true,\"valueName\":\"search_term_string\"}}],\"inLanguage\":\"pt-BR\"},{\"@type\":\"Organization\",\"@id\":\"https:\/\/www.notibras.com\/site\/#organization\",\"name\":\"Grupo Notibras de Comunica\u00e7\u00e3o\",\"url\":\"https:\/\/www.notibras.com\/site\/\",\"logo\":{\"@type\":\"ImageObject\",\"inLanguage\":\"pt-BR\",\"@id\":\"https:\/\/www.notibras.com\/site\/#\/schema\/logo\/image\/\",\"url\":\"https:\/\/www.notibras.com\/site\/wp-content\/uploads\/2023\/01\/notibras23.png\",\"contentUrl\":\"https:\/\/www.notibras.com\/site\/wp-content\/uploads\/2023\/01\/notibras23.png\",\"width\":350,\"height\":87,\"caption\":\"Grupo Notibras de Comunica\u00e7\u00e3o\"},\"image\":{\"@id\":\"https:\/\/www.notibras.com\/site\/#\/schema\/logo\/image\/\"},\"sameAs\":[\"https:\/\/www.facebook.com\/notibras\/\",\"https:\/\/x.com\/Notibras\",\"https:\/\/www.instagram.com\/notibras\/\"]},{\"@type\":\"Person\",\"@id\":\"https:\/\/www.notibras.com\/site\/#\/schema\/person\/36ab0979449956132d3e5b517ea76ac8\",\"name\":\"Reda\u00e7\u00e3o\",\"image\":{\"@type\":\"ImageObject\",\"inLanguage\":\"pt-BR\",\"@id\":\"https:\/\/secure.gravatar.com\/avatar\/e0a867bdedb85fd243eadf09663511f96fc81e0720a4a42581f334ad4303aa6b?s=96&d=mm&r=g\",\"url\":\"https:\/\/secure.gravatar.com\/avatar\/e0a867bdedb85fd243eadf09663511f96fc81e0720a4a42581f334ad4303aa6b?s=96&d=mm&r=g\",\"contentUrl\":\"https:\/\/secure.gravatar.com\/avatar\/e0a867bdedb85fd243eadf09663511f96fc81e0720a4a42581f334ad4303aa6b?s=96&d=mm&r=g\",\"caption\":\"Reda\u00e7\u00e3o\"}}]}<\/script>\n<!-- \/ Yoast SEO plugin. -->","yoast_head_json":{"title":"Um ciclo de m\u00faltiplos cataclismos e mudan\u00e7as - Notibras","robots":{"index":"index","follow":"follow","max-snippet":"max-snippet:-1","max-image-preview":"max-image-preview:large","max-video-preview":"max-video-preview:-1"},"canonical":"https:\/\/www.notibras.com\/site\/um-ciclo-de-multiplos-cataclismos-e-mudancas\/","og_locale":"pt_BR","og_type":"article","og_title":"Um ciclo de m\u00faltiplos cataclismos e mudan\u00e7as - Notibras","og_description":"O Armagedom pode ser visto, n\u00e3o apenas como um evento futuro, mas como um arqu\u00e9tipo multifacetado, um s\u00edmbolo cujas ra\u00edzes se estendem desde os prim\u00f3rdios da consci\u00eancia humana at\u00e9 as mais elevadas aspira\u00e7\u00f5es espirituais. Sua origem mais proeminente est\u00e1 no Livro do Apocalipse de Jo\u00e3o, especificamente em Apocalipse 16:16, que menciona &#8220;o lugar que em [&hellip;]","og_url":"https:\/\/www.notibras.com\/site\/um-ciclo-de-multiplos-cataclismos-e-mudancas\/","og_site_name":"Notibras","article_publisher":"https:\/\/www.facebook.com\/notibras\/","article_published_time":"2026-03-04T13:12:27+00:00","article_modified_time":"2026-03-04T13:13:35+00:00","og_image":[{"width":418,"height":418,"url":"https:\/\/www.notibras.com\/site\/wp-content\/uploads\/2026\/03\/bd66d48b-92b2-43b2-9ef2-9006615f12a5.jpg","type":"image\/jpeg"}],"author":"Reda\u00e7\u00e3o","twitter_card":"summary_large_image","twitter_creator":"@Notibras","twitter_site":"@Notibras","twitter_misc":{"Escrito por":"Reda\u00e7\u00e3o","Est. tempo de leitura":"6 minutos"},"schema":{"@context":"https:\/\/schema.org","@graph":[{"@type":"Article","@id":"https:\/\/www.notibras.com\/site\/um-ciclo-de-multiplos-cataclismos-e-mudancas\/#article","isPartOf":{"@id":"https:\/\/www.notibras.com\/site\/um-ciclo-de-multiplos-cataclismos-e-mudancas\/"},"author":{"name":"Reda\u00e7\u00e3o","@id":"https:\/\/www.notibras.com\/site\/#\/schema\/person\/36ab0979449956132d3e5b517ea76ac8"},"headline":"Um ciclo de m\u00faltiplos cataclismos e mudan\u00e7as","datePublished":"2026-03-04T13:12:27+00:00","dateModified":"2026-03-04T13:13:35+00:00","mainEntityOfPage":{"@id":"https:\/\/www.notibras.com\/site\/um-ciclo-de-multiplos-cataclismos-e-mudancas\/"},"wordCount":1084,"publisher":{"@id":"https:\/\/www.notibras.com\/site\/#organization"},"image":{"@id":"https:\/\/www.notibras.com\/site\/um-ciclo-de-multiplos-cataclismos-e-mudancas\/#primaryimage"},"thumbnailUrl":"https:\/\/www.notibras.com\/site\/wp-content\/uploads\/2026\/03\/bd66d48b-92b2-43b2-9ef2-9006615f12a5.jpg","articleSection":["Or\u00e1culos"],"inLanguage":"pt-BR"},{"@type":"WebPage","@id":"https:\/\/www.notibras.com\/site\/um-ciclo-de-multiplos-cataclismos-e-mudancas\/","url":"https:\/\/www.notibras.com\/site\/um-ciclo-de-multiplos-cataclismos-e-mudancas\/","name":"Um ciclo de m\u00faltiplos cataclismos e mudan\u00e7as - Notibras","isPartOf":{"@id":"https:\/\/www.notibras.com\/site\/#website"},"primaryImageOfPage":{"@id":"https:\/\/www.notibras.com\/site\/um-ciclo-de-multiplos-cataclismos-e-mudancas\/#primaryimage"},"image":{"@id":"https:\/\/www.notibras.com\/site\/um-ciclo-de-multiplos-cataclismos-e-mudancas\/#primaryimage"},"thumbnailUrl":"https:\/\/www.notibras.com\/site\/wp-content\/uploads\/2026\/03\/bd66d48b-92b2-43b2-9ef2-9006615f12a5.jpg","datePublished":"2026-03-04T13:12:27+00:00","dateModified":"2026-03-04T13:13:35+00:00","breadcrumb":{"@id":"https:\/\/www.notibras.com\/site\/um-ciclo-de-multiplos-cataclismos-e-mudancas\/#breadcrumb"},"inLanguage":"pt-BR","potentialAction":[{"@type":"ReadAction","target":["https:\/\/www.notibras.com\/site\/um-ciclo-de-multiplos-cataclismos-e-mudancas\/"]}]},{"@type":"ImageObject","inLanguage":"pt-BR","@id":"https:\/\/www.notibras.com\/site\/um-ciclo-de-multiplos-cataclismos-e-mudancas\/#primaryimage","url":"https:\/\/www.notibras.com\/site\/wp-content\/uploads\/2026\/03\/bd66d48b-92b2-43b2-9ef2-9006615f12a5.jpg","contentUrl":"https:\/\/www.notibras.com\/site\/wp-content\/uploads\/2026\/03\/bd66d48b-92b2-43b2-9ef2-9006615f12a5.jpg","width":418,"height":418},{"@type":"BreadcrumbList","@id":"https:\/\/www.notibras.com\/site\/um-ciclo-de-multiplos-cataclismos-e-mudancas\/#breadcrumb","itemListElement":[{"@type":"ListItem","position":1,"name":"In\u00edcio","item":"https:\/\/www.notibras.com\/site\/"},{"@type":"ListItem","position":2,"name":"Um ciclo de m\u00faltiplos cataclismos e mudan\u00e7as"}]},{"@type":"WebSite","@id":"https:\/\/www.notibras.com\/site\/#website","url":"https:\/\/www.notibras.com\/site\/","name":"Notibras","description":"Not\u00edcias de Bras\u00edlia, do Brasil e do Mundo","publisher":{"@id":"https:\/\/www.notibras.com\/site\/#organization"},"potentialAction":[{"@type":"SearchAction","target":{"@type":"EntryPoint","urlTemplate":"https:\/\/www.notibras.com\/site\/?s={search_term_string}"},"query-input":{"@type":"PropertyValueSpecification","valueRequired":true,"valueName":"search_term_string"}}],"inLanguage":"pt-BR"},{"@type":"Organization","@id":"https:\/\/www.notibras.com\/site\/#organization","name":"Grupo Notibras de Comunica\u00e7\u00e3o","url":"https:\/\/www.notibras.com\/site\/","logo":{"@type":"ImageObject","inLanguage":"pt-BR","@id":"https:\/\/www.notibras.com\/site\/#\/schema\/logo\/image\/","url":"https:\/\/www.notibras.com\/site\/wp-content\/uploads\/2023\/01\/notibras23.png","contentUrl":"https:\/\/www.notibras.com\/site\/wp-content\/uploads\/2023\/01\/notibras23.png","width":350,"height":87,"caption":"Grupo Notibras de Comunica\u00e7\u00e3o"},"image":{"@id":"https:\/\/www.notibras.com\/site\/#\/schema\/logo\/image\/"},"sameAs":["https:\/\/www.facebook.com\/notibras\/","https:\/\/x.com\/Notibras","https:\/\/www.instagram.com\/notibras\/"]},{"@type":"Person","@id":"https:\/\/www.notibras.com\/site\/#\/schema\/person\/36ab0979449956132d3e5b517ea76ac8","name":"Reda\u00e7\u00e3o","image":{"@type":"ImageObject","inLanguage":"pt-BR","@id":"https:\/\/secure.gravatar.com\/avatar\/e0a867bdedb85fd243eadf09663511f96fc81e0720a4a42581f334ad4303aa6b?s=96&d=mm&r=g","url":"https:\/\/secure.gravatar.com\/avatar\/e0a867bdedb85fd243eadf09663511f96fc81e0720a4a42581f334ad4303aa6b?s=96&d=mm&r=g","contentUrl":"https:\/\/secure.gravatar.com\/avatar\/e0a867bdedb85fd243eadf09663511f96fc81e0720a4a42581f334ad4303aa6b?s=96&d=mm&r=g","caption":"Reda\u00e7\u00e3o"}}]}},"amp_enabled":true,"_links":{"self":[{"href":"https:\/\/www.notibras.com\/site\/wp-json\/wp\/v2\/posts\/385555","targetHints":{"allow":["GET"]}}],"collection":[{"href":"https:\/\/www.notibras.com\/site\/wp-json\/wp\/v2\/posts"}],"about":[{"href":"https:\/\/www.notibras.com\/site\/wp-json\/wp\/v2\/types\/post"}],"author":[{"embeddable":true,"href":"https:\/\/www.notibras.com\/site\/wp-json\/wp\/v2\/users\/2"}],"replies":[{"embeddable":true,"href":"https:\/\/www.notibras.com\/site\/wp-json\/wp\/v2\/comments?post=385555"}],"version-history":[{"count":2,"href":"https:\/\/www.notibras.com\/site\/wp-json\/wp\/v2\/posts\/385555\/revisions"}],"predecessor-version":[{"id":385558,"href":"https:\/\/www.notibras.com\/site\/wp-json\/wp\/v2\/posts\/385555\/revisions\/385558"}],"wp:featuredmedia":[{"embeddable":true,"href":"https:\/\/www.notibras.com\/site\/wp-json\/wp\/v2\/media\/385556"}],"wp:attachment":[{"href":"https:\/\/www.notibras.com\/site\/wp-json\/wp\/v2\/media?parent=385555"}],"wp:term":[{"taxonomy":"category","embeddable":true,"href":"https:\/\/www.notibras.com\/site\/wp-json\/wp\/v2\/categories?post=385555"},{"taxonomy":"post_tag","embeddable":true,"href":"https:\/\/www.notibras.com\/site\/wp-json\/wp\/v2\/tags?post=385555"}],"curies":[{"name":"wp","href":"https:\/\/api.w.org\/{rel}","templated":true}]}}