{"id":385563,"date":"2026-03-04T13:11:17","date_gmt":"2026-03-04T16:11:17","guid":{"rendered":"https:\/\/www.notibras.com\/site\/?p=385563"},"modified":"2026-03-04T13:13:08","modified_gmt":"2026-03-04T16:13:08","slug":"daniel-abre-porta-do-comando-vorcaro","status":"publish","type":"post","link":"https:\/\/www.notibras.com\/site\/daniel-abre-porta-do-comando-vorcaro\/","title":{"rendered":"Daniel abre porta do &#8220;Comando Vorcaro&#8221;"},"content":{"rendered":"<p>H\u00e1 siglas que nascem no crime e acabam virando folclore. O CV, por exemplo, ficou conhecido no Rio como abrevia\u00e7\u00e3o de Comando Vermelho. Pois em Bras\u00edlia, segundo ironizam alguns bastidores pol\u00edticos, as mesmas duas letras teriam ganhado uma leitura alternativa: \u201cComando Vorcaro\u201d.<\/p>\n<p>A refer\u00eancia aparece depois da nova pris\u00e3o do banqueiro Daniel Vorcaro, decretada no \u00e2mbito da terceira fase da Opera\u00e7\u00e3o Compliance Zero. A Pol\u00edcia Federal sustenta que mensagens interceptadas indicariam a exist\u00eancia de um grupo encarregado de monitorar testemunhas, pressionar ex-funcion\u00e1rios e acompanhar jornalistas que vinham noticiando o caso.<\/p>\n<p>N\u00e3o se trata, obviamente, de condena\u00e7\u00e3o. A defesa nega as acusa\u00e7\u00f5es e afirma que os fatos ser\u00e3o esclarecidos no processo. Mas o conte\u00fado descrito pela investiga\u00e7\u00e3o chama aten\u00e7\u00e3o pelo m\u00e9todo. Em um dos di\u00e1logos citados pela apura\u00e7\u00e3o, surge at\u00e9 a sugest\u00e3o de \u201cquebrar os dentes\u201d de um desafeto. Uma frase que costuma aparecer em relat\u00f3rios policiais sobre intimida\u00e7\u00e3o, n\u00e3o exatamente em manuais de governan\u00e7a corporativa.<\/p>\n<p>Foi nesse contexto que o ministro Andr\u00e9 Mendon\u00e7a determinou nova pris\u00e3o preventiva, apontando risco \u00e0 instru\u00e7\u00e3o do processo e possibilidade de interfer\u00eancia sobre testemunhas. A hist\u00f3ria ainda est\u00e1 longe do fim, e caber\u00e1 \u00e0 Justi\u00e7a dizer o que de fato ocorreu. Mas o epis\u00f3dio j\u00e1 produziu um efeito curioso na paisagem pol\u00edtica de Bras\u00edlia.<\/p>\n<p>Quando investiga\u00e7\u00f5es passam a descrever monitoramento de pessoas, press\u00e3o sobre testemunhas e tentativas de intimida\u00e7\u00e3o, a narrativa deixa de parecer apenas financeira e come\u00e7a a adquirir contornos bem mais sombrios. Da\u00ed o sarcasmo que circula nos corredores do poder. N\u00e3o \u00e9 mais apenas CV de curr\u00edculo. Para alguns observadores, virou CV de \u201cComando Vorcaro\u201d.<\/p>\n","protected":false},"excerpt":{"rendered":"<p>H\u00e1 siglas que nascem no crime e acabam virando folclore. O CV, por exemplo, ficou conhecido no Rio como abrevia\u00e7\u00e3o de Comando Vermelho. Pois em Bras\u00edlia, segundo ironizam alguns bastidores pol\u00edticos, as mesmas duas letras teriam ganhado uma leitura alternativa: \u201cComando Vorcaro\u201d. A refer\u00eancia aparece depois da nova pris\u00e3o do banqueiro Daniel Vorcaro, decretada no [&hellip;]<\/p>\n","protected":false},"author":2,"featured_media":371415,"comment_status":"closed","ping_status":"closed","sticky":false,"template":"","format":"standard","meta":{"_acf_changed":false,"footnotes":""},"categories":[16],"tags":[95],"class_list":["post-385563","post","type-post","status-publish","format-standard","has-post-thumbnail","hentry","category-brasil","tag-capa"],"acf":[],"yoast_head":"<!-- This site is optimized with the Yoast SEO plugin v27.2 - https:\/\/yoast.com\/product\/yoast-seo-wordpress\/ -->\n<title>Daniel abre porta do &quot;Comando Vorcaro&quot; - Notibras<\/title>\n<meta name=\"robots\" content=\"index, follow, max-snippet:-1, max-image-preview:large, max-video-preview:-1\" \/>\n<link rel=\"canonical\" href=\"https:\/\/www.notibras.com\/site\/daniel-abre-porta-do-comando-vorcaro\/\" \/>\n<meta property=\"og:locale\" content=\"pt_BR\" \/>\n<meta property=\"og:type\" content=\"article\" \/>\n<meta property=\"og:title\" content=\"Daniel abre porta do &quot;Comando Vorcaro&quot; - Notibras\" \/>\n<meta property=\"og:description\" content=\"H\u00e1 siglas que nascem no crime e acabam virando folclore. O CV, por exemplo, ficou conhecido no Rio como abrevia\u00e7\u00e3o de Comando Vermelho. Pois em Bras\u00edlia, segundo ironizam alguns bastidores pol\u00edticos, as mesmas duas letras teriam ganhado uma leitura alternativa: \u201cComando Vorcaro\u201d. A refer\u00eancia aparece depois da nova pris\u00e3o do banqueiro Daniel Vorcaro, decretada no [&hellip;]\" \/>\n<meta property=\"og:url\" content=\"https:\/\/www.notibras.com\/site\/daniel-abre-porta-do-comando-vorcaro\/\" \/>\n<meta property=\"og:site_name\" content=\"Notibras\" \/>\n<meta property=\"article:publisher\" content=\"https:\/\/www.facebook.com\/notibras\/\" \/>\n<meta property=\"article:published_time\" content=\"2026-03-04T16:11:17+00:00\" \/>\n<meta property=\"article:modified_time\" content=\"2026-03-04T16:13:08+00:00\" \/>\n<meta name=\"author\" content=\"Reda\u00e7\u00e3o\" \/>\n<meta name=\"twitter:card\" content=\"summary_large_image\" \/>\n<meta name=\"twitter:creator\" content=\"@Notibras\" \/>\n<meta name=\"twitter:site\" content=\"@Notibras\" \/>\n<meta name=\"twitter:label1\" content=\"Escrito por\" \/>\n\t<meta name=\"twitter:data1\" content=\"Reda\u00e7\u00e3o\" \/>\n\t<meta name=\"twitter:label2\" content=\"Est. tempo de leitura\" \/>\n\t<meta name=\"twitter:data2\" content=\"2 minutos\" \/>\n<script type=\"application\/ld+json\" class=\"yoast-schema-graph\">{\"@context\":\"https:\/\/schema.org\",\"@graph\":[{\"@type\":\"Article\",\"@id\":\"https:\/\/www.notibras.com\/site\/daniel-abre-porta-do-comando-vorcaro\/#article\",\"isPartOf\":{\"@id\":\"https:\/\/www.notibras.com\/site\/daniel-abre-porta-do-comando-vorcaro\/\"},\"author\":{\"name\":\"Reda\u00e7\u00e3o\",\"@id\":\"https:\/\/www.notibras.com\/site\/#\/schema\/person\/36ab0979449956132d3e5b517ea76ac8\"},\"headline\":\"Daniel abre porta do &#8220;Comando Vorcaro&#8221;\",\"datePublished\":\"2026-03-04T16:11:17+00:00\",\"dateModified\":\"2026-03-04T16:13:08+00:00\",\"mainEntityOfPage\":{\"@id\":\"https:\/\/www.notibras.com\/site\/daniel-abre-porta-do-comando-vorcaro\/\"},\"wordCount\":305,\"publisher\":{\"@id\":\"https:\/\/www.notibras.com\/site\/#organization\"},\"image\":{\"@id\":\"https:\/\/www.notibras.com\/site\/daniel-abre-porta-do-comando-vorcaro\/#primaryimage\"},\"thumbnailUrl\":\"https:\/\/www.notibras.com\/site\/wp-content\/uploads\/2025\/11\/vorcaro.avif\",\"keywords\":[\"capa\"],\"articleSection\":[\"Brasil\"],\"inLanguage\":\"pt-BR\"},{\"@type\":\"WebPage\",\"@id\":\"https:\/\/www.notibras.com\/site\/daniel-abre-porta-do-comando-vorcaro\/\",\"url\":\"https:\/\/www.notibras.com\/site\/daniel-abre-porta-do-comando-vorcaro\/\",\"name\":\"Daniel abre porta do \\\"Comando Vorcaro\\\" - Notibras\",\"isPartOf\":{\"@id\":\"https:\/\/www.notibras.com\/site\/#website\"},\"primaryImageOfPage\":{\"@id\":\"https:\/\/www.notibras.com\/site\/daniel-abre-porta-do-comando-vorcaro\/#primaryimage\"},\"image\":{\"@id\":\"https:\/\/www.notibras.com\/site\/daniel-abre-porta-do-comando-vorcaro\/#primaryimage\"},\"thumbnailUrl\":\"https:\/\/www.notibras.com\/site\/wp-content\/uploads\/2025\/11\/vorcaro.avif\",\"datePublished\":\"2026-03-04T16:11:17+00:00\",\"dateModified\":\"2026-03-04T16:13:08+00:00\",\"breadcrumb\":{\"@id\":\"https:\/\/www.notibras.com\/site\/daniel-abre-porta-do-comando-vorcaro\/#breadcrumb\"},\"inLanguage\":\"pt-BR\",\"potentialAction\":[{\"@type\":\"ReadAction\",\"target\":[\"https:\/\/www.notibras.com\/site\/daniel-abre-porta-do-comando-vorcaro\/\"]}]},{\"@type\":\"ImageObject\",\"inLanguage\":\"pt-BR\",\"@id\":\"https:\/\/www.notibras.com\/site\/daniel-abre-porta-do-comando-vorcaro\/#primaryimage\",\"url\":\"https:\/\/www.notibras.com\/site\/wp-content\/uploads\/2025\/11\/vorcaro.avif\",\"contentUrl\":\"https:\/\/www.notibras.com\/site\/wp-content\/uploads\/2025\/11\/vorcaro.avif\",\"width\":888,\"height\":590},{\"@type\":\"BreadcrumbList\",\"@id\":\"https:\/\/www.notibras.com\/site\/daniel-abre-porta-do-comando-vorcaro\/#breadcrumb\",\"itemListElement\":[{\"@type\":\"ListItem\",\"position\":1,\"name\":\"In\u00edcio\",\"item\":\"https:\/\/www.notibras.com\/site\/\"},{\"@type\":\"ListItem\",\"position\":2,\"name\":\"Daniel abre porta do &#8220;Comando Vorcaro&#8221;\"}]},{\"@type\":\"WebSite\",\"@id\":\"https:\/\/www.notibras.com\/site\/#website\",\"url\":\"https:\/\/www.notibras.com\/site\/\",\"name\":\"Notibras\",\"description\":\"Not\u00edcias de Bras\u00edlia, do Brasil e do Mundo\",\"publisher\":{\"@id\":\"https:\/\/www.notibras.com\/site\/#organization\"},\"potentialAction\":[{\"@type\":\"SearchAction\",\"target\":{\"@type\":\"EntryPoint\",\"urlTemplate\":\"https:\/\/www.notibras.com\/site\/?s={search_term_string}\"},\"query-input\":{\"@type\":\"PropertyValueSpecification\",\"valueRequired\":true,\"valueName\":\"search_term_string\"}}],\"inLanguage\":\"pt-BR\"},{\"@type\":\"Organization\",\"@id\":\"https:\/\/www.notibras.com\/site\/#organization\",\"name\":\"Grupo Notibras de Comunica\u00e7\u00e3o\",\"url\":\"https:\/\/www.notibras.com\/site\/\",\"logo\":{\"@type\":\"ImageObject\",\"inLanguage\":\"pt-BR\",\"@id\":\"https:\/\/www.notibras.com\/site\/#\/schema\/logo\/image\/\",\"url\":\"https:\/\/www.notibras.com\/site\/wp-content\/uploads\/2023\/01\/notibras23.png\",\"contentUrl\":\"https:\/\/www.notibras.com\/site\/wp-content\/uploads\/2023\/01\/notibras23.png\",\"width\":350,\"height\":87,\"caption\":\"Grupo Notibras de Comunica\u00e7\u00e3o\"},\"image\":{\"@id\":\"https:\/\/www.notibras.com\/site\/#\/schema\/logo\/image\/\"},\"sameAs\":[\"https:\/\/www.facebook.com\/notibras\/\",\"https:\/\/x.com\/Notibras\",\"https:\/\/www.instagram.com\/notibras\/\"]},{\"@type\":\"Person\",\"@id\":\"https:\/\/www.notibras.com\/site\/#\/schema\/person\/36ab0979449956132d3e5b517ea76ac8\",\"name\":\"Reda\u00e7\u00e3o\",\"image\":{\"@type\":\"ImageObject\",\"inLanguage\":\"pt-BR\",\"@id\":\"https:\/\/secure.gravatar.com\/avatar\/e0a867bdedb85fd243eadf09663511f96fc81e0720a4a42581f334ad4303aa6b?s=96&d=mm&r=g\",\"url\":\"https:\/\/secure.gravatar.com\/avatar\/e0a867bdedb85fd243eadf09663511f96fc81e0720a4a42581f334ad4303aa6b?s=96&d=mm&r=g\",\"contentUrl\":\"https:\/\/secure.gravatar.com\/avatar\/e0a867bdedb85fd243eadf09663511f96fc81e0720a4a42581f334ad4303aa6b?s=96&d=mm&r=g\",\"caption\":\"Reda\u00e7\u00e3o\"}}]}<\/script>\n<!-- \/ Yoast SEO plugin. -->","yoast_head_json":{"title":"Daniel abre porta do \"Comando Vorcaro\" - Notibras","robots":{"index":"index","follow":"follow","max-snippet":"max-snippet:-1","max-image-preview":"max-image-preview:large","max-video-preview":"max-video-preview:-1"},"canonical":"https:\/\/www.notibras.com\/site\/daniel-abre-porta-do-comando-vorcaro\/","og_locale":"pt_BR","og_type":"article","og_title":"Daniel abre porta do \"Comando Vorcaro\" - Notibras","og_description":"H\u00e1 siglas que nascem no crime e acabam virando folclore. O CV, por exemplo, ficou conhecido no Rio como abrevia\u00e7\u00e3o de Comando Vermelho. Pois em Bras\u00edlia, segundo ironizam alguns bastidores pol\u00edticos, as mesmas duas letras teriam ganhado uma leitura alternativa: \u201cComando Vorcaro\u201d. A refer\u00eancia aparece depois da nova pris\u00e3o do banqueiro Daniel Vorcaro, decretada no [&hellip;]","og_url":"https:\/\/www.notibras.com\/site\/daniel-abre-porta-do-comando-vorcaro\/","og_site_name":"Notibras","article_publisher":"https:\/\/www.facebook.com\/notibras\/","article_published_time":"2026-03-04T16:11:17+00:00","article_modified_time":"2026-03-04T16:13:08+00:00","author":"Reda\u00e7\u00e3o","twitter_card":"summary_large_image","twitter_creator":"@Notibras","twitter_site":"@Notibras","twitter_misc":{"Escrito por":"Reda\u00e7\u00e3o","Est. tempo de leitura":"2 minutos"},"schema":{"@context":"https:\/\/schema.org","@graph":[{"@type":"Article","@id":"https:\/\/www.notibras.com\/site\/daniel-abre-porta-do-comando-vorcaro\/#article","isPartOf":{"@id":"https:\/\/www.notibras.com\/site\/daniel-abre-porta-do-comando-vorcaro\/"},"author":{"name":"Reda\u00e7\u00e3o","@id":"https:\/\/www.notibras.com\/site\/#\/schema\/person\/36ab0979449956132d3e5b517ea76ac8"},"headline":"Daniel abre porta do &#8220;Comando Vorcaro&#8221;","datePublished":"2026-03-04T16:11:17+00:00","dateModified":"2026-03-04T16:13:08+00:00","mainEntityOfPage":{"@id":"https:\/\/www.notibras.com\/site\/daniel-abre-porta-do-comando-vorcaro\/"},"wordCount":305,"publisher":{"@id":"https:\/\/www.notibras.com\/site\/#organization"},"image":{"@id":"https:\/\/www.notibras.com\/site\/daniel-abre-porta-do-comando-vorcaro\/#primaryimage"},"thumbnailUrl":"https:\/\/www.notibras.com\/site\/wp-content\/uploads\/2025\/11\/vorcaro.avif","keywords":["capa"],"articleSection":["Brasil"],"inLanguage":"pt-BR"},{"@type":"WebPage","@id":"https:\/\/www.notibras.com\/site\/daniel-abre-porta-do-comando-vorcaro\/","url":"https:\/\/www.notibras.com\/site\/daniel-abre-porta-do-comando-vorcaro\/","name":"Daniel abre porta do \"Comando Vorcaro\" - Notibras","isPartOf":{"@id":"https:\/\/www.notibras.com\/site\/#website"},"primaryImageOfPage":{"@id":"https:\/\/www.notibras.com\/site\/daniel-abre-porta-do-comando-vorcaro\/#primaryimage"},"image":{"@id":"https:\/\/www.notibras.com\/site\/daniel-abre-porta-do-comando-vorcaro\/#primaryimage"},"thumbnailUrl":"https:\/\/www.notibras.com\/site\/wp-content\/uploads\/2025\/11\/vorcaro.avif","datePublished":"2026-03-04T16:11:17+00:00","dateModified":"2026-03-04T16:13:08+00:00","breadcrumb":{"@id":"https:\/\/www.notibras.com\/site\/daniel-abre-porta-do-comando-vorcaro\/#breadcrumb"},"inLanguage":"pt-BR","potentialAction":[{"@type":"ReadAction","target":["https:\/\/www.notibras.com\/site\/daniel-abre-porta-do-comando-vorcaro\/"]}]},{"@type":"ImageObject","inLanguage":"pt-BR","@id":"https:\/\/www.notibras.com\/site\/daniel-abre-porta-do-comando-vorcaro\/#primaryimage","url":"https:\/\/www.notibras.com\/site\/wp-content\/uploads\/2025\/11\/vorcaro.avif","contentUrl":"https:\/\/www.notibras.com\/site\/wp-content\/uploads\/2025\/11\/vorcaro.avif","width":888,"height":590},{"@type":"BreadcrumbList","@id":"https:\/\/www.notibras.com\/site\/daniel-abre-porta-do-comando-vorcaro\/#breadcrumb","itemListElement":[{"@type":"ListItem","position":1,"name":"In\u00edcio","item":"https:\/\/www.notibras.com\/site\/"},{"@type":"ListItem","position":2,"name":"Daniel abre porta do &#8220;Comando Vorcaro&#8221;"}]},{"@type":"WebSite","@id":"https:\/\/www.notibras.com\/site\/#website","url":"https:\/\/www.notibras.com\/site\/","name":"Notibras","description":"Not\u00edcias de Bras\u00edlia, do Brasil e do Mundo","publisher":{"@id":"https:\/\/www.notibras.com\/site\/#organization"},"potentialAction":[{"@type":"SearchAction","target":{"@type":"EntryPoint","urlTemplate":"https:\/\/www.notibras.com\/site\/?s={search_term_string}"},"query-input":{"@type":"PropertyValueSpecification","valueRequired":true,"valueName":"search_term_string"}}],"inLanguage":"pt-BR"},{"@type":"Organization","@id":"https:\/\/www.notibras.com\/site\/#organization","name":"Grupo Notibras de Comunica\u00e7\u00e3o","url":"https:\/\/www.notibras.com\/site\/","logo":{"@type":"ImageObject","inLanguage":"pt-BR","@id":"https:\/\/www.notibras.com\/site\/#\/schema\/logo\/image\/","url":"https:\/\/www.notibras.com\/site\/wp-content\/uploads\/2023\/01\/notibras23.png","contentUrl":"https:\/\/www.notibras.com\/site\/wp-content\/uploads\/2023\/01\/notibras23.png","width":350,"height":87,"caption":"Grupo Notibras de Comunica\u00e7\u00e3o"},"image":{"@id":"https:\/\/www.notibras.com\/site\/#\/schema\/logo\/image\/"},"sameAs":["https:\/\/www.facebook.com\/notibras\/","https:\/\/x.com\/Notibras","https:\/\/www.instagram.com\/notibras\/"]},{"@type":"Person","@id":"https:\/\/www.notibras.com\/site\/#\/schema\/person\/36ab0979449956132d3e5b517ea76ac8","name":"Reda\u00e7\u00e3o","image":{"@type":"ImageObject","inLanguage":"pt-BR","@id":"https:\/\/secure.gravatar.com\/avatar\/e0a867bdedb85fd243eadf09663511f96fc81e0720a4a42581f334ad4303aa6b?s=96&d=mm&r=g","url":"https:\/\/secure.gravatar.com\/avatar\/e0a867bdedb85fd243eadf09663511f96fc81e0720a4a42581f334ad4303aa6b?s=96&d=mm&r=g","contentUrl":"https:\/\/secure.gravatar.com\/avatar\/e0a867bdedb85fd243eadf09663511f96fc81e0720a4a42581f334ad4303aa6b?s=96&d=mm&r=g","caption":"Reda\u00e7\u00e3o"}}]}},"amp_enabled":true,"_links":{"self":[{"href":"https:\/\/www.notibras.com\/site\/wp-json\/wp\/v2\/posts\/385563","targetHints":{"allow":["GET"]}}],"collection":[{"href":"https:\/\/www.notibras.com\/site\/wp-json\/wp\/v2\/posts"}],"about":[{"href":"https:\/\/www.notibras.com\/site\/wp-json\/wp\/v2\/types\/post"}],"author":[{"embeddable":true,"href":"https:\/\/www.notibras.com\/site\/wp-json\/wp\/v2\/users\/2"}],"replies":[{"embeddable":true,"href":"https:\/\/www.notibras.com\/site\/wp-json\/wp\/v2\/comments?post=385563"}],"version-history":[{"count":2,"href":"https:\/\/www.notibras.com\/site\/wp-json\/wp\/v2\/posts\/385563\/revisions"}],"predecessor-version":[{"id":385565,"href":"https:\/\/www.notibras.com\/site\/wp-json\/wp\/v2\/posts\/385563\/revisions\/385565"}],"wp:featuredmedia":[{"embeddable":true,"href":"https:\/\/www.notibras.com\/site\/wp-json\/wp\/v2\/media\/371415"}],"wp:attachment":[{"href":"https:\/\/www.notibras.com\/site\/wp-json\/wp\/v2\/media?parent=385563"}],"wp:term":[{"taxonomy":"category","embeddable":true,"href":"https:\/\/www.notibras.com\/site\/wp-json\/wp\/v2\/categories?post=385563"},{"taxonomy":"post_tag","embeddable":true,"href":"https:\/\/www.notibras.com\/site\/wp-json\/wp\/v2\/tags?post=385563"}],"curies":[{"name":"wp","href":"https:\/\/api.w.org\/{rel}","templated":true}]}}