{"id":385566,"date":"2026-03-05T02:00:24","date_gmt":"2026-03-05T05:00:24","guid":{"rendered":"https:\/\/www.notibras.com\/site\/?p=385566"},"modified":"2026-03-04T17:48:16","modified_gmt":"2026-03-04T20:48:16","slug":"benedito-e-as-escolhas-erradas","status":"publish","type":"post","link":"https:\/\/www.notibras.com\/site\/benedito-e-as-escolhas-erradas\/","title":{"rendered":"Benedito e as escolhas erradas"},"content":{"rendered":"<p>Benedito era um tipo interessante, um tanto violento, \u00e9 verdade, mas tais caracter\u00edsticas logo despertaram o interesse por parte de Odorico, esp\u00e9cie de l\u00edder do crime quase organizado na regi\u00e3o de Planaltina, cidade mais ao Norte no Distrito Federal. No entanto, tudo indicava que, aos olhos do chef\u00e3o da bandidagem, o jovem havia tomado caminhos estranhos e, apesar desse flagrante desvio, Odorico, ainda assim, acreditava que os erros de Benedito poderiam ser corrigidos com o tempo. Bastaria um pouco de sorte e, dependendo dos rumos, um empurr\u00e3ozinho.<\/p>\n<p>\u2014 Voc\u00ea t\u00e1 maluco, moleque? Os teus pais n\u00e3o te deram educa\u00e7\u00e3o? S\u00f3 n\u00e3o te dou uma boa surra porque fui amigo da sua av\u00f3.<\/p>\n<p>Diante do bandido, Benedito permaneceu mudo, mas a tremedeira nas pernas e o suor escorrendo pela testa diziam tudo. E a av\u00f3 do rapaz, S\u00f4nia, realmente tinha sido muito amiga do Odorico, a ponto de haver suspeitas de que seu \u00fanico filho, \u00c1lvaro, fosse fruto de tardes t\u00f3rridas de amor com Odorico. Todavia, esse era assunto que raros comentavam, apesar da flagrante semelhan\u00e7a f\u00edsica entre o chef\u00e3o e o pai de Benedito, que, por acaso ou n\u00e3o, possu\u00eda as fei\u00e7\u00f5es parecid\u00edssimas com o genitor.<\/p>\n<p>\u2014 Benedito, por acaso o gato comeu a sua l\u00edngua?<\/p>\n<p>\u2014 N\u00e3o, senhor.<\/p>\n<p>\u2014 Ent\u00e3o, o que te deu na telha de passar pro lado do inimigo?<\/p>\n<p>\u2014 Seu Odorico, \u00e9 que preciso de um emprego.<\/p>\n<p>\u2014 Hum! E voc\u00ea foi me arrumar logo ser pol\u00edcia? E sabe o que vai acontecer com voc\u00ea?<\/p>\n<p>\u2014 N\u00e3o, senhor.<\/p>\n<p>\u2014 Hum! Com esse seu g\u00eanio explosivo, logo vai se tornar o mais odiado pol\u00edcia. E voc\u00ea sabe o que acontece com esses tipos, n\u00e9?<\/p>\n<p>\u2014 Sei sim, senhor.<\/p>\n<p>\u2014 E ningu\u00e9m vai te dar guarida. Ou voc\u00ea acha mesmo que os seus coleguinhas de farda v\u00e3o te proteger?<\/p>\n<p>A conversa poderia tomar uma dire\u00e7\u00e3o mais apaziguadora, com Benedito entendendo os conselhos do Odorico. Que nada! Apenas agradeceu a preocupa\u00e7\u00e3o e, virando as costas para a raz\u00e3o, foi viver a vida de homem da lei. Entretanto, o tempo \u00e9 o senhor de todas as coisas e, quase cinco ap\u00f3s, Benedito estava desempregado. O motivo? Ah, aqui vale um breve par\u00eantese.<\/p>\n<p>Benedito, valendo-se da autoridade que lhe havia sido imbu\u00edda pelo Estado, imaginou que poderia extravasar toda a sua \u00edndole violenta. A princ\u00edpio, foi at\u00e9 incentivado por seus colegas de profiss\u00e3o, que perceberam que aquela qualidade ou defeito, dependendo das perspectivas, seria extremamente \u00fatil para combater a criminalidade. O problema \u00e9 que o gajo se tornou r\u00e9u por tortura e, ap\u00f3s ser condenado, recorreu. Perdeu em todas as inst\u00e2ncias e foi expulso da corpora\u00e7\u00e3o.<\/p>\n<p>Odorico, que acompanhara a trajet\u00f3ria do neto de S\u00f4nia, mandou cham\u00e1-lo. E, assim que o ex-policial chegou, ofereceu-lhe caf\u00e9 e p\u00e3o de queijo.<\/p>\n<p>\u2014 Obrigado, seu Odorico, mas acabei de almo\u00e7ar.<\/p>\n<p>\u2014 Pois tome ao menos o caf\u00e9.<\/p>\n<p>\u2014 Obrigado.<\/p>\n<p>O chef\u00e3o observou o alquebrado por um instante e, em seguida, falou sem rodeios.<\/p>\n<p>\u2014 Benedito, conhe\u00e7o sua \u00edndole e, por isso mesmo, o venho observando desde que voc\u00ea ainda era um molecote. Seu pai, infelizmente, \u00e9 um frouxo e, por isso mesmo, preferi mant\u00ea-lo afastado dos neg\u00f3cios. Mas voc\u00ea \u00e9 diferente. Voc\u00ea \u00e9 muito \u00fatil. E fique certo de uma coisa: desde que seja leal, aqui ningu\u00e9m solta a m\u00e3o de ningu\u00e9m.<\/p>\n<p>E foi assim que o Benedito se tornou bra\u00e7o direito do Odorico. Agora, quanto ao boato de que ele seria neto do chefe do crime quase organizado de Planaltina, talvez n\u00e3o passe de fofoca.<\/p>\n<p><strong>\u2026\u2026\u2026\u2026\u2026\u2026\u2026\u2026<\/strong><\/p>\n<p><strong>Eduardo Mart\u00ednez \u00e9 autor do livro \u201957 Contos e Cr\u00f4nicas por um Autor Muito Velho\u2019 (Vencedor do Pr\u00eamio Liter\u00e1rio Clarice Lispector \u2013 2025 na categoria livro de contos).<\/strong><\/p>\n<p><strong>Compre aqui<\/strong><\/p>\n<p><a href=\"https:\/\/www.joanineditora.com.br\/57-contos-e-cronicas-por-um-autor-muito-velho\"><strong>https:\/\/www.joanineditora.com.br\/57-contos-e-cronicas-por-um-autor-muito-velho<\/strong><\/a><\/p>\n","protected":false},"excerpt":{"rendered":"<p>Benedito era um tipo interessante, um tanto violento, \u00e9 verdade, mas tais caracter\u00edsticas logo despertaram o interesse por parte de Odorico, esp\u00e9cie de l\u00edder do crime quase organizado na regi\u00e3o de Planaltina, cidade mais ao Norte no Distrito Federal. No entanto, tudo indicava que, aos olhos do chef\u00e3o da bandidagem, o jovem havia tomado caminhos [&hellip;]<\/p>\n","protected":false},"author":21,"featured_media":385567,"comment_status":"closed","ping_status":"closed","sticky":false,"template":"","format":"standard","meta":{"_acf_changed":false,"footnotes":""},"categories":[161],"tags":[],"class_list":["post-385566","post","type-post","status-publish","format-standard","has-post-thumbnail","hentry","category-quadradinho-em-foco"],"acf":[],"yoast_head":"<!-- This site is optimized with the Yoast SEO plugin v27.2 - https:\/\/yoast.com\/product\/yoast-seo-wordpress\/ -->\n<title>Benedito e as escolhas erradas - Notibras<\/title>\n<meta name=\"robots\" content=\"index, follow, max-snippet:-1, max-image-preview:large, max-video-preview:-1\" \/>\n<link rel=\"canonical\" href=\"https:\/\/www.notibras.com\/site\/benedito-e-as-escolhas-erradas\/\" \/>\n<meta property=\"og:locale\" content=\"pt_BR\" \/>\n<meta property=\"og:type\" content=\"article\" \/>\n<meta property=\"og:title\" content=\"Benedito e as escolhas erradas - Notibras\" \/>\n<meta property=\"og:description\" content=\"Benedito era um tipo interessante, um tanto violento, \u00e9 verdade, mas tais caracter\u00edsticas logo despertaram o interesse por parte de Odorico, esp\u00e9cie de l\u00edder do crime quase organizado na regi\u00e3o de Planaltina, cidade mais ao Norte no Distrito Federal. No entanto, tudo indicava que, aos olhos do chef\u00e3o da bandidagem, o jovem havia tomado caminhos [&hellip;]\" \/>\n<meta property=\"og:url\" content=\"https:\/\/www.notibras.com\/site\/benedito-e-as-escolhas-erradas\/\" \/>\n<meta property=\"og:site_name\" content=\"Notibras\" \/>\n<meta property=\"article:publisher\" content=\"https:\/\/www.facebook.com\/notibras\/\" \/>\n<meta property=\"article:published_time\" content=\"2026-03-05T05:00:24+00:00\" \/>\n<meta property=\"og:image\" content=\"https:\/\/www.notibras.com\/site\/wp-content\/uploads\/2026\/03\/WhatsApp-Image-2026-03-04-at-17.29.59.jpeg\" \/>\n\t<meta property=\"og:image:width\" content=\"1024\" \/>\n\t<meta property=\"og:image:height\" content=\"559\" \/>\n\t<meta property=\"og:image:type\" content=\"image\/jpeg\" \/>\n<meta name=\"author\" content=\"Eduardo Mart\u00ednez\" \/>\n<meta name=\"twitter:card\" content=\"summary_large_image\" \/>\n<meta name=\"twitter:creator\" content=\"@Notibras\" \/>\n<meta name=\"twitter:site\" content=\"@Notibras\" \/>\n<meta name=\"twitter:label1\" content=\"Escrito por\" \/>\n\t<meta name=\"twitter:data1\" content=\"Eduardo Mart\u00ednez\" \/>\n\t<meta name=\"twitter:label2\" content=\"Est. tempo de leitura\" \/>\n\t<meta name=\"twitter:data2\" content=\"4 minutos\" \/>\n<script type=\"application\/ld+json\" class=\"yoast-schema-graph\">{\"@context\":\"https:\/\/schema.org\",\"@graph\":[{\"@type\":\"Article\",\"@id\":\"https:\/\/www.notibras.com\/site\/benedito-e-as-escolhas-erradas\/#article\",\"isPartOf\":{\"@id\":\"https:\/\/www.notibras.com\/site\/benedito-e-as-escolhas-erradas\/\"},\"author\":{\"name\":\"Eduardo Mart\u00ednez\",\"@id\":\"https:\/\/www.notibras.com\/site\/#\/schema\/person\/5b7fabf2aedc3ada2105f03b22b4d3dd\"},\"headline\":\"Benedito e as escolhas erradas\",\"datePublished\":\"2026-03-05T05:00:24+00:00\",\"mainEntityOfPage\":{\"@id\":\"https:\/\/www.notibras.com\/site\/benedito-e-as-escolhas-erradas\/\"},\"wordCount\":656,\"publisher\":{\"@id\":\"https:\/\/www.notibras.com\/site\/#organization\"},\"image\":{\"@id\":\"https:\/\/www.notibras.com\/site\/benedito-e-as-escolhas-erradas\/#primaryimage\"},\"thumbnailUrl\":\"https:\/\/www.notibras.com\/site\/wp-content\/uploads\/2026\/03\/WhatsApp-Image-2026-03-04-at-17.29.59.jpeg\",\"articleSection\":[\"Quadradinho em Foco\"],\"inLanguage\":\"pt-BR\"},{\"@type\":\"WebPage\",\"@id\":\"https:\/\/www.notibras.com\/site\/benedito-e-as-escolhas-erradas\/\",\"url\":\"https:\/\/www.notibras.com\/site\/benedito-e-as-escolhas-erradas\/\",\"name\":\"Benedito e as escolhas erradas - Notibras\",\"isPartOf\":{\"@id\":\"https:\/\/www.notibras.com\/site\/#website\"},\"primaryImageOfPage\":{\"@id\":\"https:\/\/www.notibras.com\/site\/benedito-e-as-escolhas-erradas\/#primaryimage\"},\"image\":{\"@id\":\"https:\/\/www.notibras.com\/site\/benedito-e-as-escolhas-erradas\/#primaryimage\"},\"thumbnailUrl\":\"https:\/\/www.notibras.com\/site\/wp-content\/uploads\/2026\/03\/WhatsApp-Image-2026-03-04-at-17.29.59.jpeg\",\"datePublished\":\"2026-03-05T05:00:24+00:00\",\"breadcrumb\":{\"@id\":\"https:\/\/www.notibras.com\/site\/benedito-e-as-escolhas-erradas\/#breadcrumb\"},\"inLanguage\":\"pt-BR\",\"potentialAction\":[{\"@type\":\"ReadAction\",\"target\":[\"https:\/\/www.notibras.com\/site\/benedito-e-as-escolhas-erradas\/\"]}]},{\"@type\":\"ImageObject\",\"inLanguage\":\"pt-BR\",\"@id\":\"https:\/\/www.notibras.com\/site\/benedito-e-as-escolhas-erradas\/#primaryimage\",\"url\":\"https:\/\/www.notibras.com\/site\/wp-content\/uploads\/2026\/03\/WhatsApp-Image-2026-03-04-at-17.29.59.jpeg\",\"contentUrl\":\"https:\/\/www.notibras.com\/site\/wp-content\/uploads\/2026\/03\/WhatsApp-Image-2026-03-04-at-17.29.59.jpeg\",\"width\":1024,\"height\":559},{\"@type\":\"BreadcrumbList\",\"@id\":\"https:\/\/www.notibras.com\/site\/benedito-e-as-escolhas-erradas\/#breadcrumb\",\"itemListElement\":[{\"@type\":\"ListItem\",\"position\":1,\"name\":\"In\u00edcio\",\"item\":\"https:\/\/www.notibras.com\/site\/\"},{\"@type\":\"ListItem\",\"position\":2,\"name\":\"Benedito e as escolhas erradas\"}]},{\"@type\":\"WebSite\",\"@id\":\"https:\/\/www.notibras.com\/site\/#website\",\"url\":\"https:\/\/www.notibras.com\/site\/\",\"name\":\"Notibras\",\"description\":\"Not\u00edcias de Bras\u00edlia, do Brasil e do Mundo\",\"publisher\":{\"@id\":\"https:\/\/www.notibras.com\/site\/#organization\"},\"potentialAction\":[{\"@type\":\"SearchAction\",\"target\":{\"@type\":\"EntryPoint\",\"urlTemplate\":\"https:\/\/www.notibras.com\/site\/?s={search_term_string}\"},\"query-input\":{\"@type\":\"PropertyValueSpecification\",\"valueRequired\":true,\"valueName\":\"search_term_string\"}}],\"inLanguage\":\"pt-BR\"},{\"@type\":\"Organization\",\"@id\":\"https:\/\/www.notibras.com\/site\/#organization\",\"name\":\"Grupo Notibras de Comunica\u00e7\u00e3o\",\"url\":\"https:\/\/www.notibras.com\/site\/\",\"logo\":{\"@type\":\"ImageObject\",\"inLanguage\":\"pt-BR\",\"@id\":\"https:\/\/www.notibras.com\/site\/#\/schema\/logo\/image\/\",\"url\":\"https:\/\/www.notibras.com\/site\/wp-content\/uploads\/2023\/01\/notibras23.png\",\"contentUrl\":\"https:\/\/www.notibras.com\/site\/wp-content\/uploads\/2023\/01\/notibras23.png\",\"width\":350,\"height\":87,\"caption\":\"Grupo Notibras de Comunica\u00e7\u00e3o\"},\"image\":{\"@id\":\"https:\/\/www.notibras.com\/site\/#\/schema\/logo\/image\/\"},\"sameAs\":[\"https:\/\/www.facebook.com\/notibras\/\",\"https:\/\/x.com\/Notibras\",\"https:\/\/www.instagram.com\/notibras\/\"]},{\"@type\":\"Person\",\"@id\":\"https:\/\/www.notibras.com\/site\/#\/schema\/person\/5b7fabf2aedc3ada2105f03b22b4d3dd\",\"name\":\"Eduardo Mart\u00ednez\",\"image\":{\"@type\":\"ImageObject\",\"inLanguage\":\"pt-BR\",\"@id\":\"https:\/\/secure.gravatar.com\/avatar\/7902f906289926289cbcda644b5197c796b893c6ffd7b9a536a42d290f7704a0?s=96&d=mm&r=g\",\"url\":\"https:\/\/secure.gravatar.com\/avatar\/7902f906289926289cbcda644b5197c796b893c6ffd7b9a536a42d290f7704a0?s=96&d=mm&r=g\",\"contentUrl\":\"https:\/\/secure.gravatar.com\/avatar\/7902f906289926289cbcda644b5197c796b893c6ffd7b9a536a42d290f7704a0?s=96&d=mm&r=g\",\"caption\":\"Eduardo Mart\u00ednez\"}}]}<\/script>\n<!-- \/ Yoast SEO plugin. -->","yoast_head_json":{"title":"Benedito e as escolhas erradas - Notibras","robots":{"index":"index","follow":"follow","max-snippet":"max-snippet:-1","max-image-preview":"max-image-preview:large","max-video-preview":"max-video-preview:-1"},"canonical":"https:\/\/www.notibras.com\/site\/benedito-e-as-escolhas-erradas\/","og_locale":"pt_BR","og_type":"article","og_title":"Benedito e as escolhas erradas - Notibras","og_description":"Benedito era um tipo interessante, um tanto violento, \u00e9 verdade, mas tais caracter\u00edsticas logo despertaram o interesse por parte de Odorico, esp\u00e9cie de l\u00edder do crime quase organizado na regi\u00e3o de Planaltina, cidade mais ao Norte no Distrito Federal. No entanto, tudo indicava que, aos olhos do chef\u00e3o da bandidagem, o jovem havia tomado caminhos [&hellip;]","og_url":"https:\/\/www.notibras.com\/site\/benedito-e-as-escolhas-erradas\/","og_site_name":"Notibras","article_publisher":"https:\/\/www.facebook.com\/notibras\/","article_published_time":"2026-03-05T05:00:24+00:00","og_image":[{"width":1024,"height":559,"url":"https:\/\/www.notibras.com\/site\/wp-content\/uploads\/2026\/03\/WhatsApp-Image-2026-03-04-at-17.29.59.jpeg","type":"image\/jpeg"}],"author":"Eduardo Mart\u00ednez","twitter_card":"summary_large_image","twitter_creator":"@Notibras","twitter_site":"@Notibras","twitter_misc":{"Escrito por":"Eduardo Mart\u00ednez","Est. tempo de leitura":"4 minutos"},"schema":{"@context":"https:\/\/schema.org","@graph":[{"@type":"Article","@id":"https:\/\/www.notibras.com\/site\/benedito-e-as-escolhas-erradas\/#article","isPartOf":{"@id":"https:\/\/www.notibras.com\/site\/benedito-e-as-escolhas-erradas\/"},"author":{"name":"Eduardo Mart\u00ednez","@id":"https:\/\/www.notibras.com\/site\/#\/schema\/person\/5b7fabf2aedc3ada2105f03b22b4d3dd"},"headline":"Benedito e as escolhas erradas","datePublished":"2026-03-05T05:00:24+00:00","mainEntityOfPage":{"@id":"https:\/\/www.notibras.com\/site\/benedito-e-as-escolhas-erradas\/"},"wordCount":656,"publisher":{"@id":"https:\/\/www.notibras.com\/site\/#organization"},"image":{"@id":"https:\/\/www.notibras.com\/site\/benedito-e-as-escolhas-erradas\/#primaryimage"},"thumbnailUrl":"https:\/\/www.notibras.com\/site\/wp-content\/uploads\/2026\/03\/WhatsApp-Image-2026-03-04-at-17.29.59.jpeg","articleSection":["Quadradinho em Foco"],"inLanguage":"pt-BR"},{"@type":"WebPage","@id":"https:\/\/www.notibras.com\/site\/benedito-e-as-escolhas-erradas\/","url":"https:\/\/www.notibras.com\/site\/benedito-e-as-escolhas-erradas\/","name":"Benedito e as escolhas erradas - Notibras","isPartOf":{"@id":"https:\/\/www.notibras.com\/site\/#website"},"primaryImageOfPage":{"@id":"https:\/\/www.notibras.com\/site\/benedito-e-as-escolhas-erradas\/#primaryimage"},"image":{"@id":"https:\/\/www.notibras.com\/site\/benedito-e-as-escolhas-erradas\/#primaryimage"},"thumbnailUrl":"https:\/\/www.notibras.com\/site\/wp-content\/uploads\/2026\/03\/WhatsApp-Image-2026-03-04-at-17.29.59.jpeg","datePublished":"2026-03-05T05:00:24+00:00","breadcrumb":{"@id":"https:\/\/www.notibras.com\/site\/benedito-e-as-escolhas-erradas\/#breadcrumb"},"inLanguage":"pt-BR","potentialAction":[{"@type":"ReadAction","target":["https:\/\/www.notibras.com\/site\/benedito-e-as-escolhas-erradas\/"]}]},{"@type":"ImageObject","inLanguage":"pt-BR","@id":"https:\/\/www.notibras.com\/site\/benedito-e-as-escolhas-erradas\/#primaryimage","url":"https:\/\/www.notibras.com\/site\/wp-content\/uploads\/2026\/03\/WhatsApp-Image-2026-03-04-at-17.29.59.jpeg","contentUrl":"https:\/\/www.notibras.com\/site\/wp-content\/uploads\/2026\/03\/WhatsApp-Image-2026-03-04-at-17.29.59.jpeg","width":1024,"height":559},{"@type":"BreadcrumbList","@id":"https:\/\/www.notibras.com\/site\/benedito-e-as-escolhas-erradas\/#breadcrumb","itemListElement":[{"@type":"ListItem","position":1,"name":"In\u00edcio","item":"https:\/\/www.notibras.com\/site\/"},{"@type":"ListItem","position":2,"name":"Benedito e as escolhas erradas"}]},{"@type":"WebSite","@id":"https:\/\/www.notibras.com\/site\/#website","url":"https:\/\/www.notibras.com\/site\/","name":"Notibras","description":"Not\u00edcias de Bras\u00edlia, do Brasil e do Mundo","publisher":{"@id":"https:\/\/www.notibras.com\/site\/#organization"},"potentialAction":[{"@type":"SearchAction","target":{"@type":"EntryPoint","urlTemplate":"https:\/\/www.notibras.com\/site\/?s={search_term_string}"},"query-input":{"@type":"PropertyValueSpecification","valueRequired":true,"valueName":"search_term_string"}}],"inLanguage":"pt-BR"},{"@type":"Organization","@id":"https:\/\/www.notibras.com\/site\/#organization","name":"Grupo Notibras de Comunica\u00e7\u00e3o","url":"https:\/\/www.notibras.com\/site\/","logo":{"@type":"ImageObject","inLanguage":"pt-BR","@id":"https:\/\/www.notibras.com\/site\/#\/schema\/logo\/image\/","url":"https:\/\/www.notibras.com\/site\/wp-content\/uploads\/2023\/01\/notibras23.png","contentUrl":"https:\/\/www.notibras.com\/site\/wp-content\/uploads\/2023\/01\/notibras23.png","width":350,"height":87,"caption":"Grupo Notibras de Comunica\u00e7\u00e3o"},"image":{"@id":"https:\/\/www.notibras.com\/site\/#\/schema\/logo\/image\/"},"sameAs":["https:\/\/www.facebook.com\/notibras\/","https:\/\/x.com\/Notibras","https:\/\/www.instagram.com\/notibras\/"]},{"@type":"Person","@id":"https:\/\/www.notibras.com\/site\/#\/schema\/person\/5b7fabf2aedc3ada2105f03b22b4d3dd","name":"Eduardo Mart\u00ednez","image":{"@type":"ImageObject","inLanguage":"pt-BR","@id":"https:\/\/secure.gravatar.com\/avatar\/7902f906289926289cbcda644b5197c796b893c6ffd7b9a536a42d290f7704a0?s=96&d=mm&r=g","url":"https:\/\/secure.gravatar.com\/avatar\/7902f906289926289cbcda644b5197c796b893c6ffd7b9a536a42d290f7704a0?s=96&d=mm&r=g","contentUrl":"https:\/\/secure.gravatar.com\/avatar\/7902f906289926289cbcda644b5197c796b893c6ffd7b9a536a42d290f7704a0?s=96&d=mm&r=g","caption":"Eduardo Mart\u00ednez"}}]}},"amp_enabled":true,"_links":{"self":[{"href":"https:\/\/www.notibras.com\/site\/wp-json\/wp\/v2\/posts\/385566","targetHints":{"allow":["GET"]}}],"collection":[{"href":"https:\/\/www.notibras.com\/site\/wp-json\/wp\/v2\/posts"}],"about":[{"href":"https:\/\/www.notibras.com\/site\/wp-json\/wp\/v2\/types\/post"}],"author":[{"embeddable":true,"href":"https:\/\/www.notibras.com\/site\/wp-json\/wp\/v2\/users\/21"}],"replies":[{"embeddable":true,"href":"https:\/\/www.notibras.com\/site\/wp-json\/wp\/v2\/comments?post=385566"}],"version-history":[{"count":2,"href":"https:\/\/www.notibras.com\/site\/wp-json\/wp\/v2\/posts\/385566\/revisions"}],"predecessor-version":[{"id":385569,"href":"https:\/\/www.notibras.com\/site\/wp-json\/wp\/v2\/posts\/385566\/revisions\/385569"}],"wp:featuredmedia":[{"embeddable":true,"href":"https:\/\/www.notibras.com\/site\/wp-json\/wp\/v2\/media\/385567"}],"wp:attachment":[{"href":"https:\/\/www.notibras.com\/site\/wp-json\/wp\/v2\/media?parent=385566"}],"wp:term":[{"taxonomy":"category","embeddable":true,"href":"https:\/\/www.notibras.com\/site\/wp-json\/wp\/v2\/categories?post=385566"},{"taxonomy":"post_tag","embeddable":true,"href":"https:\/\/www.notibras.com\/site\/wp-json\/wp\/v2\/tags?post=385566"}],"curies":[{"name":"wp","href":"https:\/\/api.w.org\/{rel}","templated":true}]}}