{"id":385570,"date":"2026-03-05T00:15:56","date_gmt":"2026-03-05T03:15:56","guid":{"rendered":"https:\/\/www.notibras.com\/site\/?p=385570"},"modified":"2026-03-04T17:59:58","modified_gmt":"2026-03-04T20:59:58","slug":"treinamento-de-direcao-defensiva-para-motoristas-do-tcdf","status":"publish","type":"post","link":"https:\/\/www.notibras.com\/site\/treinamento-de-direcao-defensiva-para-motoristas-do-tcdf\/","title":{"rendered":"Treinamento de dire\u00e7\u00e3o defensiva para motoristas do TCDF"},"content":{"rendered":"<p>Desde que foi inaugurado ap\u00f3s passar por uma ampla reforma por este Governo do Distrito Federal (GDF), o Aut\u00f3dromo Internacional de Bras\u00edlia j\u00e1 est\u00e1 funcionando a todo vapor. Al\u00e9m das tradicionais competi\u00e7\u00f5es de automobilismo, motociclismo e at\u00e9 ciclismo j\u00e1 agendadas, o espa\u00e7o recebe treinos de seguran\u00e7a e re\u00fane profissionais de diferentes \u00e1reas.<\/p>\n<p>Segundo o superintendente do BRB Aut\u00f3dromo, Fernando Distretti, o projeto da manuten\u00e7\u00e3o j\u00e1 previa essa versatilidade. \u201cRevitalizamos o aut\u00f3dromo tamb\u00e9m para treinamentos esportivos e de seguran\u00e7a, que s\u00e3o agendados. Se n\u00e3o houver conflito com corridas, disponibilizamos a pista para a Secretaria de Seguran\u00e7a P\u00fablica e outros \u00f3rg\u00e3os\u201d, diz.<\/p>\n<p>Um exemplo disso foi o treinamento de dire\u00e7\u00e3o defensiva para sete motoristas do Tribunal de Contas do Distrito Federal nesta quarta-feira (4). A instru\u00e7\u00e3o foi conduzida por quatro policiais militares do Batalh\u00e3o de Rondas Ostensivas T\u00e1ticas Motorizadas (Rotam).<\/p>\n<p>\u201cSabemos que, ao transportar autoridades, podem surgir circunst\u00e2ncias adversas. Por isso, o motorista precisa estar preparado tanto para o tr\u00e2nsito do dia a dia quanto para situa\u00e7\u00f5es de risco, como uma emboscada ou outro incidente envolvendo a seguran\u00e7a da autoridade\u201d, afirma o primeiro-sargento M\u00e1rcio Luciano Silva.<\/p>\n<p>O militar explica que o curso ter\u00e1 dura\u00e7\u00e3o de tr\u00eas dias, e a parte te\u00f3rica come\u00e7ou na segunda-feira (2). \u201cHoje, o foco \u00e9 mais t\u00e1tico, com aplica\u00e7\u00e3o de maior velocidade. Aplicamos t\u00e9cnicas de curvas, ponto de \u00e1pice e condu\u00e7\u00e3o correta. Simulamos, por exemplo, a rea\u00e7\u00e3o diante de desvios de ve\u00edculos que entram abruptamente \u00e0 frente da viatura\u201d, esclarece.<\/p>\n<p><strong>Novo aut\u00f3dromo<\/strong><\/p>\n<p>Inaugurado em 1974, o Aut\u00f3dromo de Bras\u00edlia foi pioneiro desde a constru\u00e7\u00e3o pelo tamanho da pista. A reforma foi dividida em tr\u00eas etapas. A primeira foi entregue em novembro do ano passado, com a reinaugura\u00e7\u00e3o do espa\u00e7o. O investimento foi de R$ 60 milh\u00f5es.<\/p>\n<p>Com a atualiza\u00e7\u00e3o, os 5.384 metros de extens\u00e3o se dividem em 16 curvas, seis tra\u00e7ados, duas variantes e duas entradas de boxes. A reforma inclui mais duas etapas \u2014 com previs\u00e3o de totalizar R$ 100 milh\u00f5es em investimento.<\/p>\n<p>O sargento comemora a retomada de treinamentos no espa\u00e7o. Ele lembra que antes os policiais contavam apenas com locais limitados para esse tipo de atividade.<\/p>\n<p>\u201cA gente estava muito carente e ansioso para que essa reinaugura\u00e7\u00e3o acontecesse o mais r\u00e1pido poss\u00edvel. Isso aqui \u00e9 de suma import\u00e2ncia para quem lida com dire\u00e7\u00e3o e pilotagem policial\u201d, ressalta. \u201cAqui n\u00f3s temos um vasto espa\u00e7o, com asfalto, que re\u00fane as caracter\u00edsticas necess\u00e1rias para realizar esse tipo de atividade. Isso n\u00e3o s\u00f3 para as viaturas, mas tamb\u00e9m para qualificar o piloto policial na dire\u00e7\u00e3o defensiva\u201d, complementa.<\/p>\n","protected":false},"excerpt":{"rendered":"<p>Desde que foi inaugurado ap\u00f3s passar por uma ampla reforma por este Governo do Distrito Federal (GDF), o Aut\u00f3dromo Internacional de Bras\u00edlia j\u00e1 est\u00e1 funcionando a todo vapor. Al\u00e9m das tradicionais competi\u00e7\u00f5es de automobilismo, motociclismo e at\u00e9 ciclismo j\u00e1 agendadas, o espa\u00e7o recebe treinos de seguran\u00e7a e re\u00fane profissionais de diferentes \u00e1reas. Segundo o superintendente [&hellip;]<\/p>\n","protected":false},"author":21,"featured_media":385571,"comment_status":"closed","ping_status":"closed","sticky":false,"template":"","format":"standard","meta":{"_acf_changed":false,"footnotes":""},"categories":[161],"tags":[],"class_list":["post-385570","post","type-post","status-publish","format-standard","has-post-thumbnail","hentry","category-quadradinho-em-foco"],"acf":[],"yoast_head":"<!-- This site is optimized with the Yoast SEO plugin v27.2 - https:\/\/yoast.com\/product\/yoast-seo-wordpress\/ -->\n<title>Treinamento de dire\u00e7\u00e3o defensiva para motoristas do TCDF - Notibras<\/title>\n<meta name=\"robots\" content=\"index, follow, max-snippet:-1, max-image-preview:large, max-video-preview:-1\" \/>\n<link rel=\"canonical\" href=\"https:\/\/www.notibras.com\/site\/treinamento-de-direcao-defensiva-para-motoristas-do-tcdf\/\" \/>\n<meta property=\"og:locale\" content=\"pt_BR\" \/>\n<meta property=\"og:type\" content=\"article\" \/>\n<meta property=\"og:title\" content=\"Treinamento de dire\u00e7\u00e3o defensiva para motoristas do TCDF - Notibras\" \/>\n<meta property=\"og:description\" content=\"Desde que foi inaugurado ap\u00f3s passar por uma ampla reforma por este Governo do Distrito Federal (GDF), o Aut\u00f3dromo Internacional de Bras\u00edlia j\u00e1 est\u00e1 funcionando a todo vapor. Al\u00e9m das tradicionais competi\u00e7\u00f5es de automobilismo, motociclismo e at\u00e9 ciclismo j\u00e1 agendadas, o espa\u00e7o recebe treinos de seguran\u00e7a e re\u00fane profissionais de diferentes \u00e1reas. Segundo o superintendente [&hellip;]\" \/>\n<meta property=\"og:url\" content=\"https:\/\/www.notibras.com\/site\/treinamento-de-direcao-defensiva-para-motoristas-do-tcdf\/\" \/>\n<meta property=\"og:site_name\" content=\"Notibras\" \/>\n<meta property=\"article:publisher\" content=\"https:\/\/www.facebook.com\/notibras\/\" \/>\n<meta property=\"article:published_time\" content=\"2026-03-05T03:15:56+00:00\" \/>\n<meta property=\"og:image\" content=\"https:\/\/www.notibras.com\/site\/wp-content\/uploads\/2026\/03\/Capa-230.jpg\" \/>\n\t<meta property=\"og:image:width\" content=\"1181\" \/>\n\t<meta property=\"og:image:height\" content=\"787\" \/>\n\t<meta property=\"og:image:type\" content=\"image\/jpeg\" \/>\n<meta name=\"author\" content=\"Eduardo Mart\u00ednez\" \/>\n<meta name=\"twitter:card\" content=\"summary_large_image\" \/>\n<meta name=\"twitter:creator\" content=\"@Notibras\" \/>\n<meta name=\"twitter:site\" content=\"@Notibras\" \/>\n<meta name=\"twitter:label1\" content=\"Escrito por\" \/>\n\t<meta name=\"twitter:data1\" content=\"Eduardo Mart\u00ednez\" \/>\n\t<meta name=\"twitter:label2\" content=\"Est. tempo de leitura\" \/>\n\t<meta name=\"twitter:data2\" content=\"3 minutos\" \/>\n<script type=\"application\/ld+json\" class=\"yoast-schema-graph\">{\"@context\":\"https:\/\/schema.org\",\"@graph\":[{\"@type\":\"Article\",\"@id\":\"https:\/\/www.notibras.com\/site\/treinamento-de-direcao-defensiva-para-motoristas-do-tcdf\/#article\",\"isPartOf\":{\"@id\":\"https:\/\/www.notibras.com\/site\/treinamento-de-direcao-defensiva-para-motoristas-do-tcdf\/\"},\"author\":{\"name\":\"Eduardo Mart\u00ednez\",\"@id\":\"https:\/\/www.notibras.com\/site\/#\/schema\/person\/5b7fabf2aedc3ada2105f03b22b4d3dd\"},\"headline\":\"Treinamento de dire\u00e7\u00e3o defensiva para motoristas do TCDF\",\"datePublished\":\"2026-03-05T03:15:56+00:00\",\"mainEntityOfPage\":{\"@id\":\"https:\/\/www.notibras.com\/site\/treinamento-de-direcao-defensiva-para-motoristas-do-tcdf\/\"},\"wordCount\":480,\"publisher\":{\"@id\":\"https:\/\/www.notibras.com\/site\/#organization\"},\"image\":{\"@id\":\"https:\/\/www.notibras.com\/site\/treinamento-de-direcao-defensiva-para-motoristas-do-tcdf\/#primaryimage\"},\"thumbnailUrl\":\"https:\/\/www.notibras.com\/site\/wp-content\/uploads\/2026\/03\/Capa-230.jpg\",\"articleSection\":[\"Quadradinho em Foco\"],\"inLanguage\":\"pt-BR\"},{\"@type\":\"WebPage\",\"@id\":\"https:\/\/www.notibras.com\/site\/treinamento-de-direcao-defensiva-para-motoristas-do-tcdf\/\",\"url\":\"https:\/\/www.notibras.com\/site\/treinamento-de-direcao-defensiva-para-motoristas-do-tcdf\/\",\"name\":\"Treinamento de dire\u00e7\u00e3o defensiva para motoristas do TCDF - Notibras\",\"isPartOf\":{\"@id\":\"https:\/\/www.notibras.com\/site\/#website\"},\"primaryImageOfPage\":{\"@id\":\"https:\/\/www.notibras.com\/site\/treinamento-de-direcao-defensiva-para-motoristas-do-tcdf\/#primaryimage\"},\"image\":{\"@id\":\"https:\/\/www.notibras.com\/site\/treinamento-de-direcao-defensiva-para-motoristas-do-tcdf\/#primaryimage\"},\"thumbnailUrl\":\"https:\/\/www.notibras.com\/site\/wp-content\/uploads\/2026\/03\/Capa-230.jpg\",\"datePublished\":\"2026-03-05T03:15:56+00:00\",\"breadcrumb\":{\"@id\":\"https:\/\/www.notibras.com\/site\/treinamento-de-direcao-defensiva-para-motoristas-do-tcdf\/#breadcrumb\"},\"inLanguage\":\"pt-BR\",\"potentialAction\":[{\"@type\":\"ReadAction\",\"target\":[\"https:\/\/www.notibras.com\/site\/treinamento-de-direcao-defensiva-para-motoristas-do-tcdf\/\"]}]},{\"@type\":\"ImageObject\",\"inLanguage\":\"pt-BR\",\"@id\":\"https:\/\/www.notibras.com\/site\/treinamento-de-direcao-defensiva-para-motoristas-do-tcdf\/#primaryimage\",\"url\":\"https:\/\/www.notibras.com\/site\/wp-content\/uploads\/2026\/03\/Capa-230.jpg\",\"contentUrl\":\"https:\/\/www.notibras.com\/site\/wp-content\/uploads\/2026\/03\/Capa-230.jpg\",\"width\":1181,\"height\":787},{\"@type\":\"BreadcrumbList\",\"@id\":\"https:\/\/www.notibras.com\/site\/treinamento-de-direcao-defensiva-para-motoristas-do-tcdf\/#breadcrumb\",\"itemListElement\":[{\"@type\":\"ListItem\",\"position\":1,\"name\":\"In\u00edcio\",\"item\":\"https:\/\/www.notibras.com\/site\/\"},{\"@type\":\"ListItem\",\"position\":2,\"name\":\"Treinamento de dire\u00e7\u00e3o defensiva para motoristas do TCDF\"}]},{\"@type\":\"WebSite\",\"@id\":\"https:\/\/www.notibras.com\/site\/#website\",\"url\":\"https:\/\/www.notibras.com\/site\/\",\"name\":\"Notibras\",\"description\":\"Not\u00edcias de Bras\u00edlia, do Brasil e do Mundo\",\"publisher\":{\"@id\":\"https:\/\/www.notibras.com\/site\/#organization\"},\"potentialAction\":[{\"@type\":\"SearchAction\",\"target\":{\"@type\":\"EntryPoint\",\"urlTemplate\":\"https:\/\/www.notibras.com\/site\/?s={search_term_string}\"},\"query-input\":{\"@type\":\"PropertyValueSpecification\",\"valueRequired\":true,\"valueName\":\"search_term_string\"}}],\"inLanguage\":\"pt-BR\"},{\"@type\":\"Organization\",\"@id\":\"https:\/\/www.notibras.com\/site\/#organization\",\"name\":\"Grupo Notibras de Comunica\u00e7\u00e3o\",\"url\":\"https:\/\/www.notibras.com\/site\/\",\"logo\":{\"@type\":\"ImageObject\",\"inLanguage\":\"pt-BR\",\"@id\":\"https:\/\/www.notibras.com\/site\/#\/schema\/logo\/image\/\",\"url\":\"https:\/\/www.notibras.com\/site\/wp-content\/uploads\/2023\/01\/notibras23.png\",\"contentUrl\":\"https:\/\/www.notibras.com\/site\/wp-content\/uploads\/2023\/01\/notibras23.png\",\"width\":350,\"height\":87,\"caption\":\"Grupo Notibras de Comunica\u00e7\u00e3o\"},\"image\":{\"@id\":\"https:\/\/www.notibras.com\/site\/#\/schema\/logo\/image\/\"},\"sameAs\":[\"https:\/\/www.facebook.com\/notibras\/\",\"https:\/\/x.com\/Notibras\",\"https:\/\/www.instagram.com\/notibras\/\"]},{\"@type\":\"Person\",\"@id\":\"https:\/\/www.notibras.com\/site\/#\/schema\/person\/5b7fabf2aedc3ada2105f03b22b4d3dd\",\"name\":\"Eduardo Mart\u00ednez\",\"image\":{\"@type\":\"ImageObject\",\"inLanguage\":\"pt-BR\",\"@id\":\"https:\/\/secure.gravatar.com\/avatar\/7902f906289926289cbcda644b5197c796b893c6ffd7b9a536a42d290f7704a0?s=96&d=mm&r=g\",\"url\":\"https:\/\/secure.gravatar.com\/avatar\/7902f906289926289cbcda644b5197c796b893c6ffd7b9a536a42d290f7704a0?s=96&d=mm&r=g\",\"contentUrl\":\"https:\/\/secure.gravatar.com\/avatar\/7902f906289926289cbcda644b5197c796b893c6ffd7b9a536a42d290f7704a0?s=96&d=mm&r=g\",\"caption\":\"Eduardo Mart\u00ednez\"}}]}<\/script>\n<!-- \/ Yoast SEO plugin. -->","yoast_head_json":{"title":"Treinamento de dire\u00e7\u00e3o defensiva para motoristas do TCDF - Notibras","robots":{"index":"index","follow":"follow","max-snippet":"max-snippet:-1","max-image-preview":"max-image-preview:large","max-video-preview":"max-video-preview:-1"},"canonical":"https:\/\/www.notibras.com\/site\/treinamento-de-direcao-defensiva-para-motoristas-do-tcdf\/","og_locale":"pt_BR","og_type":"article","og_title":"Treinamento de dire\u00e7\u00e3o defensiva para motoristas do TCDF - Notibras","og_description":"Desde que foi inaugurado ap\u00f3s passar por uma ampla reforma por este Governo do Distrito Federal (GDF), o Aut\u00f3dromo Internacional de Bras\u00edlia j\u00e1 est\u00e1 funcionando a todo vapor. Al\u00e9m das tradicionais competi\u00e7\u00f5es de automobilismo, motociclismo e at\u00e9 ciclismo j\u00e1 agendadas, o espa\u00e7o recebe treinos de seguran\u00e7a e re\u00fane profissionais de diferentes \u00e1reas. Segundo o superintendente [&hellip;]","og_url":"https:\/\/www.notibras.com\/site\/treinamento-de-direcao-defensiva-para-motoristas-do-tcdf\/","og_site_name":"Notibras","article_publisher":"https:\/\/www.facebook.com\/notibras\/","article_published_time":"2026-03-05T03:15:56+00:00","og_image":[{"width":1181,"height":787,"url":"https:\/\/www.notibras.com\/site\/wp-content\/uploads\/2026\/03\/Capa-230.jpg","type":"image\/jpeg"}],"author":"Eduardo Mart\u00ednez","twitter_card":"summary_large_image","twitter_creator":"@Notibras","twitter_site":"@Notibras","twitter_misc":{"Escrito por":"Eduardo Mart\u00ednez","Est. tempo de leitura":"3 minutos"},"schema":{"@context":"https:\/\/schema.org","@graph":[{"@type":"Article","@id":"https:\/\/www.notibras.com\/site\/treinamento-de-direcao-defensiva-para-motoristas-do-tcdf\/#article","isPartOf":{"@id":"https:\/\/www.notibras.com\/site\/treinamento-de-direcao-defensiva-para-motoristas-do-tcdf\/"},"author":{"name":"Eduardo Mart\u00ednez","@id":"https:\/\/www.notibras.com\/site\/#\/schema\/person\/5b7fabf2aedc3ada2105f03b22b4d3dd"},"headline":"Treinamento de dire\u00e7\u00e3o defensiva para motoristas do TCDF","datePublished":"2026-03-05T03:15:56+00:00","mainEntityOfPage":{"@id":"https:\/\/www.notibras.com\/site\/treinamento-de-direcao-defensiva-para-motoristas-do-tcdf\/"},"wordCount":480,"publisher":{"@id":"https:\/\/www.notibras.com\/site\/#organization"},"image":{"@id":"https:\/\/www.notibras.com\/site\/treinamento-de-direcao-defensiva-para-motoristas-do-tcdf\/#primaryimage"},"thumbnailUrl":"https:\/\/www.notibras.com\/site\/wp-content\/uploads\/2026\/03\/Capa-230.jpg","articleSection":["Quadradinho em Foco"],"inLanguage":"pt-BR"},{"@type":"WebPage","@id":"https:\/\/www.notibras.com\/site\/treinamento-de-direcao-defensiva-para-motoristas-do-tcdf\/","url":"https:\/\/www.notibras.com\/site\/treinamento-de-direcao-defensiva-para-motoristas-do-tcdf\/","name":"Treinamento de dire\u00e7\u00e3o defensiva para motoristas do TCDF - Notibras","isPartOf":{"@id":"https:\/\/www.notibras.com\/site\/#website"},"primaryImageOfPage":{"@id":"https:\/\/www.notibras.com\/site\/treinamento-de-direcao-defensiva-para-motoristas-do-tcdf\/#primaryimage"},"image":{"@id":"https:\/\/www.notibras.com\/site\/treinamento-de-direcao-defensiva-para-motoristas-do-tcdf\/#primaryimage"},"thumbnailUrl":"https:\/\/www.notibras.com\/site\/wp-content\/uploads\/2026\/03\/Capa-230.jpg","datePublished":"2026-03-05T03:15:56+00:00","breadcrumb":{"@id":"https:\/\/www.notibras.com\/site\/treinamento-de-direcao-defensiva-para-motoristas-do-tcdf\/#breadcrumb"},"inLanguage":"pt-BR","potentialAction":[{"@type":"ReadAction","target":["https:\/\/www.notibras.com\/site\/treinamento-de-direcao-defensiva-para-motoristas-do-tcdf\/"]}]},{"@type":"ImageObject","inLanguage":"pt-BR","@id":"https:\/\/www.notibras.com\/site\/treinamento-de-direcao-defensiva-para-motoristas-do-tcdf\/#primaryimage","url":"https:\/\/www.notibras.com\/site\/wp-content\/uploads\/2026\/03\/Capa-230.jpg","contentUrl":"https:\/\/www.notibras.com\/site\/wp-content\/uploads\/2026\/03\/Capa-230.jpg","width":1181,"height":787},{"@type":"BreadcrumbList","@id":"https:\/\/www.notibras.com\/site\/treinamento-de-direcao-defensiva-para-motoristas-do-tcdf\/#breadcrumb","itemListElement":[{"@type":"ListItem","position":1,"name":"In\u00edcio","item":"https:\/\/www.notibras.com\/site\/"},{"@type":"ListItem","position":2,"name":"Treinamento de dire\u00e7\u00e3o defensiva para motoristas do TCDF"}]},{"@type":"WebSite","@id":"https:\/\/www.notibras.com\/site\/#website","url":"https:\/\/www.notibras.com\/site\/","name":"Notibras","description":"Not\u00edcias de Bras\u00edlia, do Brasil e do Mundo","publisher":{"@id":"https:\/\/www.notibras.com\/site\/#organization"},"potentialAction":[{"@type":"SearchAction","target":{"@type":"EntryPoint","urlTemplate":"https:\/\/www.notibras.com\/site\/?s={search_term_string}"},"query-input":{"@type":"PropertyValueSpecification","valueRequired":true,"valueName":"search_term_string"}}],"inLanguage":"pt-BR"},{"@type":"Organization","@id":"https:\/\/www.notibras.com\/site\/#organization","name":"Grupo Notibras de Comunica\u00e7\u00e3o","url":"https:\/\/www.notibras.com\/site\/","logo":{"@type":"ImageObject","inLanguage":"pt-BR","@id":"https:\/\/www.notibras.com\/site\/#\/schema\/logo\/image\/","url":"https:\/\/www.notibras.com\/site\/wp-content\/uploads\/2023\/01\/notibras23.png","contentUrl":"https:\/\/www.notibras.com\/site\/wp-content\/uploads\/2023\/01\/notibras23.png","width":350,"height":87,"caption":"Grupo Notibras de Comunica\u00e7\u00e3o"},"image":{"@id":"https:\/\/www.notibras.com\/site\/#\/schema\/logo\/image\/"},"sameAs":["https:\/\/www.facebook.com\/notibras\/","https:\/\/x.com\/Notibras","https:\/\/www.instagram.com\/notibras\/"]},{"@type":"Person","@id":"https:\/\/www.notibras.com\/site\/#\/schema\/person\/5b7fabf2aedc3ada2105f03b22b4d3dd","name":"Eduardo Mart\u00ednez","image":{"@type":"ImageObject","inLanguage":"pt-BR","@id":"https:\/\/secure.gravatar.com\/avatar\/7902f906289926289cbcda644b5197c796b893c6ffd7b9a536a42d290f7704a0?s=96&d=mm&r=g","url":"https:\/\/secure.gravatar.com\/avatar\/7902f906289926289cbcda644b5197c796b893c6ffd7b9a536a42d290f7704a0?s=96&d=mm&r=g","contentUrl":"https:\/\/secure.gravatar.com\/avatar\/7902f906289926289cbcda644b5197c796b893c6ffd7b9a536a42d290f7704a0?s=96&d=mm&r=g","caption":"Eduardo Mart\u00ednez"}}]}},"amp_enabled":true,"_links":{"self":[{"href":"https:\/\/www.notibras.com\/site\/wp-json\/wp\/v2\/posts\/385570","targetHints":{"allow":["GET"]}}],"collection":[{"href":"https:\/\/www.notibras.com\/site\/wp-json\/wp\/v2\/posts"}],"about":[{"href":"https:\/\/www.notibras.com\/site\/wp-json\/wp\/v2\/types\/post"}],"author":[{"embeddable":true,"href":"https:\/\/www.notibras.com\/site\/wp-json\/wp\/v2\/users\/21"}],"replies":[{"embeddable":true,"href":"https:\/\/www.notibras.com\/site\/wp-json\/wp\/v2\/comments?post=385570"}],"version-history":[{"count":2,"href":"https:\/\/www.notibras.com\/site\/wp-json\/wp\/v2\/posts\/385570\/revisions"}],"predecessor-version":[{"id":385573,"href":"https:\/\/www.notibras.com\/site\/wp-json\/wp\/v2\/posts\/385570\/revisions\/385573"}],"wp:featuredmedia":[{"embeddable":true,"href":"https:\/\/www.notibras.com\/site\/wp-json\/wp\/v2\/media\/385571"}],"wp:attachment":[{"href":"https:\/\/www.notibras.com\/site\/wp-json\/wp\/v2\/media?parent=385570"}],"wp:term":[{"taxonomy":"category","embeddable":true,"href":"https:\/\/www.notibras.com\/site\/wp-json\/wp\/v2\/categories?post=385570"},{"taxonomy":"post_tag","embeddable":true,"href":"https:\/\/www.notibras.com\/site\/wp-json\/wp\/v2\/tags?post=385570"}],"curies":[{"name":"wp","href":"https:\/\/api.w.org\/{rel}","templated":true}]}}