{"id":385574,"date":"2026-03-04T18:12:11","date_gmt":"2026-03-04T21:12:11","guid":{"rendered":"https:\/\/www.notibras.com\/site\/?p=385574"},"modified":"2026-03-04T18:12:11","modified_gmt":"2026-03-04T21:12:11","slug":"degelo-polar-acelerado-ameaca-invadir-litorais","status":"publish","type":"post","link":"https:\/\/www.notibras.com\/site\/degelo-polar-acelerado-ameaca-invadir-litorais\/","title":{"rendered":"Degelo polar acelerado amea\u00e7a invadir litorais"},"content":{"rendered":"<p>O estudo Planeta em Degelo, elaborado a partir de dados in\u00e9ditos do Programa Ant\u00e1rtico Brasileiro (Proantar), alerta para a acelera\u00e7\u00e3o do derretimento de geleiras, que soma 9.179 gigatoneladas (Gt) desde 1976 e amea\u00e7a principalmente as cidades costeiras. Quase a totalidade (98%) desse montante chegou aos oceanos em estado l\u00edquido desde 1990, e 41% somente entre 2015 e 2024.<\/p>\n<p>O bi\u00f3logo Ronaldo Christofoletti, professor da Universidade Federal de S\u00e3o Paulo (Unifesp), afirmou que chuva extrema, calor extremo, queimadas mais frequentes e extensas e degelo acelerado s\u00e3o todos \u201csintomas\u201d do aquecimento global, e essa conex\u00e3o precisa ser compreendida pela sociedade.<\/p>\n<p>\u201cNo fundo, todos s\u00e3o a mesma coisa, s\u00f3 que com olhares diferentes. E todos eles v\u00eam refor\u00e7ar que realmente est\u00e1 mudando a din\u00e2mica do planeta\u201d, disse o pesquisador, que faz parte do projeto de comunica\u00e7\u00e3o do Proantar, o ComAntar, e conversou com a reportagem por telefone da Ant\u00e1rtida.<\/p>\n<p>Cada gigatonelada corresponde a um trilh\u00e3o de quilogramas, o que significa que o total derretido \u00e9 equipar\u00e1vel a 18 mil vezes a massa de toda a popula\u00e7\u00e3o mundial atual.<\/p>\n<p>Publicado em 26 de fevereiro, o estudo explica ainda que, desde 1976, a perda acumulada das geleiras equivale a cerca de 9 mil quil\u00f4metros c\u00fabicos (km\u00b3) de \u00e1gua, volume semelhante ao despejado pelo Rio Amazonas no Oceano Atl\u00e2ntico ao longo de 470 dias.<\/p>\n<p>A maior parte do volume derretido saiu da Ant\u00e1rtica e da Groenl\u00e2ndia, regi\u00f5es onde a perda chega a 8 mil gigatoneladas desde 2002.<\/p>\n<p>Isso significa que, em pouco mais de duas d\u00e9cadas, a perda observada nas calotas polares alcan\u00e7a o que as geleiras de todo o mundo perderam em quase 50 anos, sinalizando um ritmo ainda mais acelerado.<\/p>\n<p>\u201cAs geleiras est\u00e3o se transformando em \u00e1gua. E essa \u00e1gua vai gerar aumento do n\u00edvel do mar. A consequ\u00eancia \u00e9 que o mar vai subir e vai pedir de volta um peda\u00e7o dos continentes para essa \u00e1gua ocupar. \u00c9 um processo\u201d, apontou o pesquisador do ComAntar.<\/p>\n<p>O Planeta em Degelo tem como base registros consolidados do World Glacier Monitoring Service (WGMS) e do Projeto Carbmet, do pr\u00f3prio Proantar.<\/p>\n<p><strong>Aquecimento global<\/strong><br \/>\nChristofoletti destaca que a acelera\u00e7\u00e3o do degelo tem rela\u00e7\u00e3o com os recordes de temperatura registrados nos \u00faltimos anos, j\u00e1 que 2023, 2024 e 2025 est\u00e3o entre os anos mais quentes da hist\u00f3ria.<\/p>\n<p>\u201cA gente precisa reconhecer que isso est\u00e1 ocorrendo e adaptar as nossas cidades, que elas possam cuidar da sua orla, cuidar da eros\u00e3o costeira, reconhecendo que vai ter ali uma perda de \u00e1rea terrestre que vai virar \u00e1rea marinha\u201d.<\/p>\n<p>Outro problema causado pelo degelo \u00e9 a altera\u00e7\u00e3o na salinidade dos oceanos, porque a \u00e1gua das geleiras \u00e9 doce e dilui ainda mais a concentra\u00e7\u00e3o de sal na \u00e1gua do mar. Isso enfraquece as correntes mar\u00edtimas, que levam \u00e1gua fria da Ant\u00e1rtica para a regi\u00e3o tropical, e t\u00eam impacto no clima de todo o planeta, disse o pesquisador.<\/p>\n<p>Para o Brasil, a pesquisa evidencia que, apesar da dist\u00e2ncia geogr\u00e1fica, as regi\u00f5es polares t\u00eam papel de destaque na regula\u00e7\u00e3o do clima. Altera\u00e7\u00f5es na circula\u00e7\u00e3o oce\u00e2nica ant\u00e1rtica influenciam a forma\u00e7\u00e3o de massas d\u2019\u00e1gua profundas que distribuem calor pelo planeta.<\/p>\n<p>\u201cEssas mudan\u00e7as podem repercutir no Atl\u00e2ntico Sul, afetando padr\u00f5es de chuva, frentes frias e eventos extremos no Brasil\u201d.<\/p>\n<p><strong>Educa\u00e7\u00e3o ambiental<\/strong><br \/>\nPara que esse cen\u00e1rio seja mitigado, Ronaldo Christofoletti destaca que a educa\u00e7\u00e3o \u00e9 essencial. Ele cita nesse campo a proposta do Curr\u00edculo Azul, do governo federal, que leva a educa\u00e7\u00e3o sobre o oceano para dentro do curr\u00edculo escolar.<\/p>\n<p>\u201cA gente chama de cultura oce\u00e2nica, mas ela n\u00e3o \u00e9 sobre o oceano, ela \u00e9 sobre entender o planeta em que vivemos, do qual 70% s\u00e3o oceano\u201d, disse.<\/p>\n<p>A partir da educa\u00e7\u00e3o, ocorre mudan\u00e7a de comportamento, defende Christofoletti. \u201c\u00c9 preciso que as pessoas saibam o que est\u00e1 acontecendo, entendam esse processo e a sua rela\u00e7\u00e3o na vida delas\u201d.<\/p>\n<p>O pesquisador ressaltou a import\u00e2ncia do cumprimento dos acordos firmados durante a Confer\u00eancia das Na\u00e7\u00f5es Unidas sobre as Mudan\u00e7as Clim\u00e1ticas de 2025 (COP30), em Bel\u00e9m (PA), para avan\u00e7ar na transi\u00e7\u00e3o energ\u00e9tica e substituir os combust\u00edveis que causam a emiss\u00e3o de gases de efeito estufa. Essa mudan\u00e7a \u00e9 essencial para minimizar o problema do aquecimento global.<\/p>\n<p>Enquanto isso n\u00e3o ocorre, entretanto, ele defende que \u00e9 necess\u00e1rio adotar medidas mais imediatas, como adaptar as cidades costeiras.<\/p>\n<p>Durante a COP30, a ComAntar lan\u00e7ou documento mostrando que o aumento dos desastres est\u00e1 relacionado \u00e0s frentes frias e ciclones. No estudo, os pesquisadores do ComAntar mostraram que a frequ\u00eancia de desastres por conta de frentes frias e ciclones na costa aumentou 19 vezes nos \u00faltimos 30 anos.<\/p>\n","protected":false},"excerpt":{"rendered":"<p>O estudo Planeta em Degelo, elaborado a partir de dados in\u00e9ditos do Programa Ant\u00e1rtico Brasileiro (Proantar), alerta para a acelera\u00e7\u00e3o do derretimento de geleiras, que soma 9.179 gigatoneladas (Gt) desde 1976 e amea\u00e7a principalmente as cidades costeiras. Quase a totalidade (98%) desse montante chegou aos oceanos em estado l\u00edquido desde 1990, e 41% somente entre [&hellip;]<\/p>\n","protected":false},"author":2,"featured_media":385575,"comment_status":"closed","ping_status":"closed","sticky":false,"template":"","format":"standard","meta":{"_acf_changed":false,"footnotes":""},"categories":[155],"tags":[],"class_list":["post-385574","post","type-post","status-publish","format-standard","has-post-thumbnail","hentry","category-leitura-vip"],"acf":[],"yoast_head":"<!-- This site is optimized with the Yoast SEO plugin v27.2 - https:\/\/yoast.com\/product\/yoast-seo-wordpress\/ -->\n<title>Degelo polar acelerado amea\u00e7a invadir litorais - Notibras<\/title>\n<meta name=\"robots\" content=\"index, follow, max-snippet:-1, max-image-preview:large, max-video-preview:-1\" \/>\n<link rel=\"canonical\" href=\"https:\/\/www.notibras.com\/site\/degelo-polar-acelerado-ameaca-invadir-litorais\/\" \/>\n<meta property=\"og:locale\" content=\"pt_BR\" \/>\n<meta property=\"og:type\" content=\"article\" \/>\n<meta property=\"og:title\" content=\"Degelo polar acelerado amea\u00e7a invadir litorais - Notibras\" \/>\n<meta property=\"og:description\" content=\"O estudo Planeta em Degelo, elaborado a partir de dados in\u00e9ditos do Programa Ant\u00e1rtico Brasileiro (Proantar), alerta para a acelera\u00e7\u00e3o do derretimento de geleiras, que soma 9.179 gigatoneladas (Gt) desde 1976 e amea\u00e7a principalmente as cidades costeiras. Quase a totalidade (98%) desse montante chegou aos oceanos em estado l\u00edquido desde 1990, e 41% somente entre [&hellip;]\" \/>\n<meta property=\"og:url\" content=\"https:\/\/www.notibras.com\/site\/degelo-polar-acelerado-ameaca-invadir-litorais\/\" \/>\n<meta property=\"og:site_name\" content=\"Notibras\" \/>\n<meta property=\"article:publisher\" content=\"https:\/\/www.facebook.com\/notibras\/\" \/>\n<meta property=\"article:published_time\" content=\"2026-03-04T21:12:11+00:00\" \/>\n<meta property=\"og:image\" content=\"https:\/\/www.notibras.com\/site\/wp-content\/uploads\/2026\/03\/img_9151_alinemartinez_-_copia.webp\" \/>\n\t<meta property=\"og:image:width\" content=\"1170\" \/>\n\t<meta property=\"og:image:height\" content=\"700\" \/>\n\t<meta property=\"og:image:type\" content=\"image\/webp\" \/>\n<meta name=\"author\" content=\"Reda\u00e7\u00e3o\" \/>\n<meta name=\"twitter:card\" content=\"summary_large_image\" \/>\n<meta name=\"twitter:creator\" content=\"@Notibras\" \/>\n<meta name=\"twitter:site\" content=\"@Notibras\" \/>\n<meta name=\"twitter:label1\" content=\"Escrito por\" \/>\n\t<meta name=\"twitter:data1\" content=\"Reda\u00e7\u00e3o\" \/>\n\t<meta name=\"twitter:label2\" content=\"Est. tempo de leitura\" \/>\n\t<meta name=\"twitter:data2\" content=\"5 minutos\" \/>\n<script type=\"application\/ld+json\" class=\"yoast-schema-graph\">{\"@context\":\"https:\/\/schema.org\",\"@graph\":[{\"@type\":\"Article\",\"@id\":\"https:\/\/www.notibras.com\/site\/degelo-polar-acelerado-ameaca-invadir-litorais\/#article\",\"isPartOf\":{\"@id\":\"https:\/\/www.notibras.com\/site\/degelo-polar-acelerado-ameaca-invadir-litorais\/\"},\"author\":{\"name\":\"Reda\u00e7\u00e3o\",\"@id\":\"https:\/\/www.notibras.com\/site\/#\/schema\/person\/36ab0979449956132d3e5b517ea76ac8\"},\"headline\":\"Degelo polar acelerado amea\u00e7a invadir litorais\",\"datePublished\":\"2026-03-04T21:12:11+00:00\",\"mainEntityOfPage\":{\"@id\":\"https:\/\/www.notibras.com\/site\/degelo-polar-acelerado-ameaca-invadir-litorais\/\"},\"wordCount\":810,\"publisher\":{\"@id\":\"https:\/\/www.notibras.com\/site\/#organization\"},\"image\":{\"@id\":\"https:\/\/www.notibras.com\/site\/degelo-polar-acelerado-ameaca-invadir-litorais\/#primaryimage\"},\"thumbnailUrl\":\"https:\/\/www.notibras.com\/site\/wp-content\/uploads\/2026\/03\/img_9151_alinemartinez_-_copia.webp\",\"articleSection\":[\"Leitura Vip\"],\"inLanguage\":\"pt-BR\"},{\"@type\":\"WebPage\",\"@id\":\"https:\/\/www.notibras.com\/site\/degelo-polar-acelerado-ameaca-invadir-litorais\/\",\"url\":\"https:\/\/www.notibras.com\/site\/degelo-polar-acelerado-ameaca-invadir-litorais\/\",\"name\":\"Degelo polar acelerado amea\u00e7a invadir litorais - Notibras\",\"isPartOf\":{\"@id\":\"https:\/\/www.notibras.com\/site\/#website\"},\"primaryImageOfPage\":{\"@id\":\"https:\/\/www.notibras.com\/site\/degelo-polar-acelerado-ameaca-invadir-litorais\/#primaryimage\"},\"image\":{\"@id\":\"https:\/\/www.notibras.com\/site\/degelo-polar-acelerado-ameaca-invadir-litorais\/#primaryimage\"},\"thumbnailUrl\":\"https:\/\/www.notibras.com\/site\/wp-content\/uploads\/2026\/03\/img_9151_alinemartinez_-_copia.webp\",\"datePublished\":\"2026-03-04T21:12:11+00:00\",\"breadcrumb\":{\"@id\":\"https:\/\/www.notibras.com\/site\/degelo-polar-acelerado-ameaca-invadir-litorais\/#breadcrumb\"},\"inLanguage\":\"pt-BR\",\"potentialAction\":[{\"@type\":\"ReadAction\",\"target\":[\"https:\/\/www.notibras.com\/site\/degelo-polar-acelerado-ameaca-invadir-litorais\/\"]}]},{\"@type\":\"ImageObject\",\"inLanguage\":\"pt-BR\",\"@id\":\"https:\/\/www.notibras.com\/site\/degelo-polar-acelerado-ameaca-invadir-litorais\/#primaryimage\",\"url\":\"https:\/\/www.notibras.com\/site\/wp-content\/uploads\/2026\/03\/img_9151_alinemartinez_-_copia.webp\",\"contentUrl\":\"https:\/\/www.notibras.com\/site\/wp-content\/uploads\/2026\/03\/img_9151_alinemartinez_-_copia.webp\",\"width\":1170,\"height\":700},{\"@type\":\"BreadcrumbList\",\"@id\":\"https:\/\/www.notibras.com\/site\/degelo-polar-acelerado-ameaca-invadir-litorais\/#breadcrumb\",\"itemListElement\":[{\"@type\":\"ListItem\",\"position\":1,\"name\":\"In\u00edcio\",\"item\":\"https:\/\/www.notibras.com\/site\/\"},{\"@type\":\"ListItem\",\"position\":2,\"name\":\"Degelo polar acelerado amea\u00e7a invadir litorais\"}]},{\"@type\":\"WebSite\",\"@id\":\"https:\/\/www.notibras.com\/site\/#website\",\"url\":\"https:\/\/www.notibras.com\/site\/\",\"name\":\"Notibras\",\"description\":\"Not\u00edcias de Bras\u00edlia, do Brasil e do Mundo\",\"publisher\":{\"@id\":\"https:\/\/www.notibras.com\/site\/#organization\"},\"potentialAction\":[{\"@type\":\"SearchAction\",\"target\":{\"@type\":\"EntryPoint\",\"urlTemplate\":\"https:\/\/www.notibras.com\/site\/?s={search_term_string}\"},\"query-input\":{\"@type\":\"PropertyValueSpecification\",\"valueRequired\":true,\"valueName\":\"search_term_string\"}}],\"inLanguage\":\"pt-BR\"},{\"@type\":\"Organization\",\"@id\":\"https:\/\/www.notibras.com\/site\/#organization\",\"name\":\"Grupo Notibras de Comunica\u00e7\u00e3o\",\"url\":\"https:\/\/www.notibras.com\/site\/\",\"logo\":{\"@type\":\"ImageObject\",\"inLanguage\":\"pt-BR\",\"@id\":\"https:\/\/www.notibras.com\/site\/#\/schema\/logo\/image\/\",\"url\":\"https:\/\/www.notibras.com\/site\/wp-content\/uploads\/2023\/01\/notibras23.png\",\"contentUrl\":\"https:\/\/www.notibras.com\/site\/wp-content\/uploads\/2023\/01\/notibras23.png\",\"width\":350,\"height\":87,\"caption\":\"Grupo Notibras de Comunica\u00e7\u00e3o\"},\"image\":{\"@id\":\"https:\/\/www.notibras.com\/site\/#\/schema\/logo\/image\/\"},\"sameAs\":[\"https:\/\/www.facebook.com\/notibras\/\",\"https:\/\/x.com\/Notibras\",\"https:\/\/www.instagram.com\/notibras\/\"]},{\"@type\":\"Person\",\"@id\":\"https:\/\/www.notibras.com\/site\/#\/schema\/person\/36ab0979449956132d3e5b517ea76ac8\",\"name\":\"Reda\u00e7\u00e3o\",\"image\":{\"@type\":\"ImageObject\",\"inLanguage\":\"pt-BR\",\"@id\":\"https:\/\/secure.gravatar.com\/avatar\/e0a867bdedb85fd243eadf09663511f96fc81e0720a4a42581f334ad4303aa6b?s=96&d=mm&r=g\",\"url\":\"https:\/\/secure.gravatar.com\/avatar\/e0a867bdedb85fd243eadf09663511f96fc81e0720a4a42581f334ad4303aa6b?s=96&d=mm&r=g\",\"contentUrl\":\"https:\/\/secure.gravatar.com\/avatar\/e0a867bdedb85fd243eadf09663511f96fc81e0720a4a42581f334ad4303aa6b?s=96&d=mm&r=g\",\"caption\":\"Reda\u00e7\u00e3o\"}}]}<\/script>\n<!-- \/ Yoast SEO plugin. -->","yoast_head_json":{"title":"Degelo polar acelerado amea\u00e7a invadir litorais - Notibras","robots":{"index":"index","follow":"follow","max-snippet":"max-snippet:-1","max-image-preview":"max-image-preview:large","max-video-preview":"max-video-preview:-1"},"canonical":"https:\/\/www.notibras.com\/site\/degelo-polar-acelerado-ameaca-invadir-litorais\/","og_locale":"pt_BR","og_type":"article","og_title":"Degelo polar acelerado amea\u00e7a invadir litorais - Notibras","og_description":"O estudo Planeta em Degelo, elaborado a partir de dados in\u00e9ditos do Programa Ant\u00e1rtico Brasileiro (Proantar), alerta para a acelera\u00e7\u00e3o do derretimento de geleiras, que soma 9.179 gigatoneladas (Gt) desde 1976 e amea\u00e7a principalmente as cidades costeiras. Quase a totalidade (98%) desse montante chegou aos oceanos em estado l\u00edquido desde 1990, e 41% somente entre [&hellip;]","og_url":"https:\/\/www.notibras.com\/site\/degelo-polar-acelerado-ameaca-invadir-litorais\/","og_site_name":"Notibras","article_publisher":"https:\/\/www.facebook.com\/notibras\/","article_published_time":"2026-03-04T21:12:11+00:00","og_image":[{"width":1170,"height":700,"url":"https:\/\/www.notibras.com\/site\/wp-content\/uploads\/2026\/03\/img_9151_alinemartinez_-_copia.webp","type":"image\/webp"}],"author":"Reda\u00e7\u00e3o","twitter_card":"summary_large_image","twitter_creator":"@Notibras","twitter_site":"@Notibras","twitter_misc":{"Escrito por":"Reda\u00e7\u00e3o","Est. tempo de leitura":"5 minutos"},"schema":{"@context":"https:\/\/schema.org","@graph":[{"@type":"Article","@id":"https:\/\/www.notibras.com\/site\/degelo-polar-acelerado-ameaca-invadir-litorais\/#article","isPartOf":{"@id":"https:\/\/www.notibras.com\/site\/degelo-polar-acelerado-ameaca-invadir-litorais\/"},"author":{"name":"Reda\u00e7\u00e3o","@id":"https:\/\/www.notibras.com\/site\/#\/schema\/person\/36ab0979449956132d3e5b517ea76ac8"},"headline":"Degelo polar acelerado amea\u00e7a invadir litorais","datePublished":"2026-03-04T21:12:11+00:00","mainEntityOfPage":{"@id":"https:\/\/www.notibras.com\/site\/degelo-polar-acelerado-ameaca-invadir-litorais\/"},"wordCount":810,"publisher":{"@id":"https:\/\/www.notibras.com\/site\/#organization"},"image":{"@id":"https:\/\/www.notibras.com\/site\/degelo-polar-acelerado-ameaca-invadir-litorais\/#primaryimage"},"thumbnailUrl":"https:\/\/www.notibras.com\/site\/wp-content\/uploads\/2026\/03\/img_9151_alinemartinez_-_copia.webp","articleSection":["Leitura Vip"],"inLanguage":"pt-BR"},{"@type":"WebPage","@id":"https:\/\/www.notibras.com\/site\/degelo-polar-acelerado-ameaca-invadir-litorais\/","url":"https:\/\/www.notibras.com\/site\/degelo-polar-acelerado-ameaca-invadir-litorais\/","name":"Degelo polar acelerado amea\u00e7a invadir litorais - Notibras","isPartOf":{"@id":"https:\/\/www.notibras.com\/site\/#website"},"primaryImageOfPage":{"@id":"https:\/\/www.notibras.com\/site\/degelo-polar-acelerado-ameaca-invadir-litorais\/#primaryimage"},"image":{"@id":"https:\/\/www.notibras.com\/site\/degelo-polar-acelerado-ameaca-invadir-litorais\/#primaryimage"},"thumbnailUrl":"https:\/\/www.notibras.com\/site\/wp-content\/uploads\/2026\/03\/img_9151_alinemartinez_-_copia.webp","datePublished":"2026-03-04T21:12:11+00:00","breadcrumb":{"@id":"https:\/\/www.notibras.com\/site\/degelo-polar-acelerado-ameaca-invadir-litorais\/#breadcrumb"},"inLanguage":"pt-BR","potentialAction":[{"@type":"ReadAction","target":["https:\/\/www.notibras.com\/site\/degelo-polar-acelerado-ameaca-invadir-litorais\/"]}]},{"@type":"ImageObject","inLanguage":"pt-BR","@id":"https:\/\/www.notibras.com\/site\/degelo-polar-acelerado-ameaca-invadir-litorais\/#primaryimage","url":"https:\/\/www.notibras.com\/site\/wp-content\/uploads\/2026\/03\/img_9151_alinemartinez_-_copia.webp","contentUrl":"https:\/\/www.notibras.com\/site\/wp-content\/uploads\/2026\/03\/img_9151_alinemartinez_-_copia.webp","width":1170,"height":700},{"@type":"BreadcrumbList","@id":"https:\/\/www.notibras.com\/site\/degelo-polar-acelerado-ameaca-invadir-litorais\/#breadcrumb","itemListElement":[{"@type":"ListItem","position":1,"name":"In\u00edcio","item":"https:\/\/www.notibras.com\/site\/"},{"@type":"ListItem","position":2,"name":"Degelo polar acelerado amea\u00e7a invadir litorais"}]},{"@type":"WebSite","@id":"https:\/\/www.notibras.com\/site\/#website","url":"https:\/\/www.notibras.com\/site\/","name":"Notibras","description":"Not\u00edcias de Bras\u00edlia, do Brasil e do Mundo","publisher":{"@id":"https:\/\/www.notibras.com\/site\/#organization"},"potentialAction":[{"@type":"SearchAction","target":{"@type":"EntryPoint","urlTemplate":"https:\/\/www.notibras.com\/site\/?s={search_term_string}"},"query-input":{"@type":"PropertyValueSpecification","valueRequired":true,"valueName":"search_term_string"}}],"inLanguage":"pt-BR"},{"@type":"Organization","@id":"https:\/\/www.notibras.com\/site\/#organization","name":"Grupo Notibras de Comunica\u00e7\u00e3o","url":"https:\/\/www.notibras.com\/site\/","logo":{"@type":"ImageObject","inLanguage":"pt-BR","@id":"https:\/\/www.notibras.com\/site\/#\/schema\/logo\/image\/","url":"https:\/\/www.notibras.com\/site\/wp-content\/uploads\/2023\/01\/notibras23.png","contentUrl":"https:\/\/www.notibras.com\/site\/wp-content\/uploads\/2023\/01\/notibras23.png","width":350,"height":87,"caption":"Grupo Notibras de Comunica\u00e7\u00e3o"},"image":{"@id":"https:\/\/www.notibras.com\/site\/#\/schema\/logo\/image\/"},"sameAs":["https:\/\/www.facebook.com\/notibras\/","https:\/\/x.com\/Notibras","https:\/\/www.instagram.com\/notibras\/"]},{"@type":"Person","@id":"https:\/\/www.notibras.com\/site\/#\/schema\/person\/36ab0979449956132d3e5b517ea76ac8","name":"Reda\u00e7\u00e3o","image":{"@type":"ImageObject","inLanguage":"pt-BR","@id":"https:\/\/secure.gravatar.com\/avatar\/e0a867bdedb85fd243eadf09663511f96fc81e0720a4a42581f334ad4303aa6b?s=96&d=mm&r=g","url":"https:\/\/secure.gravatar.com\/avatar\/e0a867bdedb85fd243eadf09663511f96fc81e0720a4a42581f334ad4303aa6b?s=96&d=mm&r=g","contentUrl":"https:\/\/secure.gravatar.com\/avatar\/e0a867bdedb85fd243eadf09663511f96fc81e0720a4a42581f334ad4303aa6b?s=96&d=mm&r=g","caption":"Reda\u00e7\u00e3o"}}]}},"amp_enabled":true,"_links":{"self":[{"href":"https:\/\/www.notibras.com\/site\/wp-json\/wp\/v2\/posts\/385574","targetHints":{"allow":["GET"]}}],"collection":[{"href":"https:\/\/www.notibras.com\/site\/wp-json\/wp\/v2\/posts"}],"about":[{"href":"https:\/\/www.notibras.com\/site\/wp-json\/wp\/v2\/types\/post"}],"author":[{"embeddable":true,"href":"https:\/\/www.notibras.com\/site\/wp-json\/wp\/v2\/users\/2"}],"replies":[{"embeddable":true,"href":"https:\/\/www.notibras.com\/site\/wp-json\/wp\/v2\/comments?post=385574"}],"version-history":[{"count":1,"href":"https:\/\/www.notibras.com\/site\/wp-json\/wp\/v2\/posts\/385574\/revisions"}],"predecessor-version":[{"id":385576,"href":"https:\/\/www.notibras.com\/site\/wp-json\/wp\/v2\/posts\/385574\/revisions\/385576"}],"wp:featuredmedia":[{"embeddable":true,"href":"https:\/\/www.notibras.com\/site\/wp-json\/wp\/v2\/media\/385575"}],"wp:attachment":[{"href":"https:\/\/www.notibras.com\/site\/wp-json\/wp\/v2\/media?parent=385574"}],"wp:term":[{"taxonomy":"category","embeddable":true,"href":"https:\/\/www.notibras.com\/site\/wp-json\/wp\/v2\/categories?post=385574"},{"taxonomy":"post_tag","embeddable":true,"href":"https:\/\/www.notibras.com\/site\/wp-json\/wp\/v2\/tags?post=385574"}],"curies":[{"name":"wp","href":"https:\/\/api.w.org\/{rel}","templated":true}]}}