{"id":385577,"date":"2026-03-04T11:17:03","date_gmt":"2026-03-04T14:17:03","guid":{"rendered":"https:\/\/www.notibras.com\/site\/?p=385577"},"modified":"2026-03-04T18:18:42","modified_gmt":"2026-03-04T21:18:42","slug":"exposicao-traz-influencia-de-jorge-amado-e-carybe-em-artista-italiano","status":"publish","type":"post","link":"https:\/\/www.notibras.com\/site\/exposicao-traz-influencia-de-jorge-amado-e-carybe-em-artista-italiano\/","title":{"rendered":"Exposi\u00e7\u00e3o traz influ\u00eancia de Jorge Amado e Caryb\u00e9 em artista italiano"},"content":{"rendered":"<p>A literatura de Jorge Amado e as obras de Caryb\u00e9 influenciaram o artista pl\u00e1stico italiano Maurizio Ferri de tal forma que ele passou a desenvolver o seu trabalho com imagens que esse universo sugeria. Da\u00ed vieram as pinturas baseadas na cultura brasileira, com representa\u00e7\u00f5es do povo, da m\u00fasica, da culin\u00e1ria, dos povos origin\u00e1rios e dos festejos t\u00edpicos do pa\u00eds.<\/p>\n<p>Os quadros de Ferri est\u00e3o \u00e0 disposi\u00e7\u00e3o do p\u00fablico, na exposi\u00e7\u00e3o Brasilidades, no Pal\u00e1cio Tiradentes, sede hist\u00f3rica da Assembleia Legislativa do Estado do Rio de Janeiro (Alerj), no centro da cidade. Com entrada gratuita, a mostra, que re\u00fane 26 obras em \u00f3leo sobre tela, de diferentes momentos da jornada art\u00edstica de Ferri, fica aberta ao p\u00fablico at\u00e9 13 de mar\u00e7o.<\/p>\n<p>Maurizio Ferri contou que os livros de Jorge Amado e as obras de Caryb\u00e9 o influenciaram muito. \u201cSempre acompanhei Jorge Amado e o mestre Caryb\u00e9 que conheci em Salvador e sempre me incentivou a pintar essa tem\u00e1tica. Ele me inspirou e me incentivou. Depois, lendo os livros de Jorge Amado. Comecei na It\u00e1lia nos anos 90\u201d, disse em portugu\u00eas com sotaque italiano.<\/p>\n<p><strong>Hist\u00f3ria<\/strong><br \/>\nO artista, que nasceu em Monselice, cidade italiana da prov\u00edncia de P\u00e1dua, estudou na Academia de Belas Artes de Veneza, quando ainda gostava muito de Paul Gauguin e Vicent van Gogh. A mudan\u00e7a na pintura foi ap\u00f3s come\u00e7ar a ler Jorge Amado. Ferri chegou ao Brasil em 1999 e atualmente divide o seu tempo entre os dois pa\u00edses. \u201cFico um pouco no Brasil e na It\u00e1lia e desde que estou morando aqui, j\u00e1 fiz v\u00e1rias exposi\u00e7\u00f5es. Esta \u00e9 a primeira vez que fa\u00e7o uma individual. \u00c9 importante estar no Rio de Janeiro\u201d, disse.<\/p>\n<p>Empolgado com o fato de poder mostrar o seu trabalho no Rio, Ferri comenta a sua tem\u00e1tica. \u201cSou um italiano que ama o Brasil e posso mostrar a tem\u00e1tica de um povo simples, o pescador, o canavial, o carnaval. O Brasil enfim\u201d.<\/p>\n<p>A diretora de Cultura da Alerj, Fernanda Figueiredo, disse que o objetivo de apresentar essa exposi\u00e7\u00e3o no Pal\u00e1cio Tiradentes \u00e9 atrair a popula\u00e7\u00e3o para conhecer tanto a hist\u00f3ria do Legislativo, que j\u00e1 \u00e9 mostrada em visita guiada di\u00e1ria ao pr\u00e9dio, como tamb\u00e9m a do estado do Rio de Janeiro e do Brasil.<\/p>\n<p>\u201c\u00c9 abrir mesmo as portas do Pal\u00e1cio Tiradentes para que a popula\u00e7\u00e3o conhe\u00e7a a hist\u00f3ria do Legislativo e tamb\u00e9m tenha acesso \u00e0 diversidade cultural do nosso estado e do pa\u00eds\u201d, afirmou.<\/p>\n<p>Fernanda revelou que a escolha do artista se deu em parte pela for\u00e7a da exposi\u00e7\u00e3o que ele apresentou \u00e0 dire\u00e7\u00e3o do Pal\u00e1cio Tiradentes, com tantas refer\u00eancias a Jorge Amado, que consta do acervo da biblioteca do local e pela diversidade do trabalho.<\/p>\n<p>\u201cA gente o escolheu por ter multiplicidade cultural, representada nas obras dele. S\u00e3o 26 quadros que ele apresenta ali que falam de culin\u00e1ria, de m\u00fasica, de v\u00e1rios elementos que fazem conex\u00e3o com a diversidade que a gente tem\u201d.<\/p>\n<p>\u201cEssa rela\u00e7\u00e3o dele com o Brasil, especialmente com o Rio, foi o que aproximou ele da gente. Para n\u00f3s, \u00e9 um prazer receber essa exposi\u00e7\u00e3o e poder mostr\u00e1-la ao p\u00fablico\u201d.<\/p>\n<p>Para a diretora, a gratuidade da mostra \u00e9 mais um fator de incentivo para a presen\u00e7a do p\u00fablico. \u201cSer gratuito \u00e9 o nosso foco principal na cultura do Pal\u00e1cio Tiradentes, para que as pessoas possam vir e democratizar o seu acesso. A gente j\u00e1 tem uma visita guiada diariamente contando a hist\u00f3ria do Legislativo. A ideia \u00e9 trazer outras exposi\u00e7\u00f5es tempor\u00e1rias, como essa do Ferri, para que as pessoas tenham contato com outras formas de cultura\u201d.<\/p>\n<p><strong>Centen\u00e1rio<\/strong><br \/>\nFernanda disse que a exposi\u00e7\u00e3o abre o calend\u00e1rio ano do centen\u00e1rio do Pal\u00e1cio Tiradentes, que ser\u00e1 comemorado no dia 6 de maio.<\/p>\n<p>\u201cA ideia \u00e9 trazer exposi\u00e7\u00f5es como essa, al\u00e9m de m\u00fasica, teatro e outras ativa\u00e7\u00f5es culturais para aproximar a popula\u00e7\u00e3o do Pal\u00e1cio Tiradentes, que completa 100 anos no dia 6 de maio\u201d, relatou.<\/p>\n<p>\u201cA gente vai come\u00e7ar um calend\u00e1rio cultural espec\u00edfico para essa data, e a exposi\u00e7\u00e3o do Ferri j\u00e1 come\u00e7a abrindo esse calend\u00e1rio de um ano t\u00e3o importante\u201d, disse ela.<\/p>\n","protected":false},"excerpt":{"rendered":"<p>A literatura de Jorge Amado e as obras de Caryb\u00e9 influenciaram o artista pl\u00e1stico italiano Maurizio Ferri de tal forma que ele passou a desenvolver o seu trabalho com imagens que esse universo sugeria. Da\u00ed vieram as pinturas baseadas na cultura brasileira, com representa\u00e7\u00f5es do povo, da m\u00fasica, da culin\u00e1ria, dos povos origin\u00e1rios e dos [&hellip;]<\/p>\n","protected":false},"author":2,"featured_media":385578,"comment_status":"closed","ping_status":"closed","sticky":false,"template":"","format":"standard","meta":{"_acf_changed":false,"footnotes":""},"categories":[155],"tags":[],"class_list":["post-385577","post","type-post","status-publish","format-standard","has-post-thumbnail","hentry","category-leitura-vip"],"acf":[],"yoast_head":"<!-- This site is optimized with the Yoast SEO plugin v27.2 - https:\/\/yoast.com\/product\/yoast-seo-wordpress\/ -->\n<title>Exposi\u00e7\u00e3o traz influ\u00eancia de Jorge Amado e Caryb\u00e9 em artista italiano - Notibras<\/title>\n<meta name=\"robots\" content=\"index, follow, max-snippet:-1, max-image-preview:large, max-video-preview:-1\" \/>\n<link rel=\"canonical\" href=\"https:\/\/www.notibras.com\/site\/exposicao-traz-influencia-de-jorge-amado-e-carybe-em-artista-italiano\/\" \/>\n<meta property=\"og:locale\" content=\"pt_BR\" \/>\n<meta property=\"og:type\" content=\"article\" \/>\n<meta property=\"og:title\" content=\"Exposi\u00e7\u00e3o traz influ\u00eancia de Jorge Amado e Caryb\u00e9 em artista italiano - Notibras\" \/>\n<meta property=\"og:description\" content=\"A literatura de Jorge Amado e as obras de Caryb\u00e9 influenciaram o artista pl\u00e1stico italiano Maurizio Ferri de tal forma que ele passou a desenvolver o seu trabalho com imagens que esse universo sugeria. Da\u00ed vieram as pinturas baseadas na cultura brasileira, com representa\u00e7\u00f5es do povo, da m\u00fasica, da culin\u00e1ria, dos povos origin\u00e1rios e dos [&hellip;]\" \/>\n<meta property=\"og:url\" content=\"https:\/\/www.notibras.com\/site\/exposicao-traz-influencia-de-jorge-amado-e-carybe-em-artista-italiano\/\" \/>\n<meta property=\"og:site_name\" content=\"Notibras\" \/>\n<meta property=\"article:publisher\" content=\"https:\/\/www.facebook.com\/notibras\/\" \/>\n<meta property=\"article:published_time\" content=\"2026-03-04T14:17:03+00:00\" \/>\n<meta property=\"article:modified_time\" content=\"2026-03-04T21:18:42+00:00\" \/>\n<meta property=\"og:image\" content=\"https:\/\/www.notibras.com\/site\/wp-content\/uploads\/2026\/03\/exposicao_brasilidades_palacio_tiradentes_copy.webp\" \/>\n\t<meta property=\"og:image:width\" content=\"1170\" \/>\n\t<meta property=\"og:image:height\" content=\"700\" \/>\n\t<meta property=\"og:image:type\" content=\"image\/webp\" \/>\n<meta name=\"author\" content=\"Reda\u00e7\u00e3o\" \/>\n<meta name=\"twitter:card\" content=\"summary_large_image\" \/>\n<meta name=\"twitter:creator\" content=\"@Notibras\" \/>\n<meta name=\"twitter:site\" content=\"@Notibras\" \/>\n<meta name=\"twitter:label1\" content=\"Escrito por\" \/>\n\t<meta name=\"twitter:data1\" content=\"Reda\u00e7\u00e3o\" \/>\n\t<meta name=\"twitter:label2\" content=\"Est. tempo de leitura\" \/>\n\t<meta name=\"twitter:data2\" content=\"4 minutos\" \/>\n<script type=\"application\/ld+json\" class=\"yoast-schema-graph\">{\"@context\":\"https:\/\/schema.org\",\"@graph\":[{\"@type\":\"Article\",\"@id\":\"https:\/\/www.notibras.com\/site\/exposicao-traz-influencia-de-jorge-amado-e-carybe-em-artista-italiano\/#article\",\"isPartOf\":{\"@id\":\"https:\/\/www.notibras.com\/site\/exposicao-traz-influencia-de-jorge-amado-e-carybe-em-artista-italiano\/\"},\"author\":{\"name\":\"Reda\u00e7\u00e3o\",\"@id\":\"https:\/\/www.notibras.com\/site\/#\/schema\/person\/36ab0979449956132d3e5b517ea76ac8\"},\"headline\":\"Exposi\u00e7\u00e3o traz influ\u00eancia de Jorge Amado e Caryb\u00e9 em artista italiano\",\"datePublished\":\"2026-03-04T14:17:03+00:00\",\"dateModified\":\"2026-03-04T21:18:42+00:00\",\"mainEntityOfPage\":{\"@id\":\"https:\/\/www.notibras.com\/site\/exposicao-traz-influencia-de-jorge-amado-e-carybe-em-artista-italiano\/\"},\"wordCount\":746,\"publisher\":{\"@id\":\"https:\/\/www.notibras.com\/site\/#organization\"},\"image\":{\"@id\":\"https:\/\/www.notibras.com\/site\/exposicao-traz-influencia-de-jorge-amado-e-carybe-em-artista-italiano\/#primaryimage\"},\"thumbnailUrl\":\"https:\/\/www.notibras.com\/site\/wp-content\/uploads\/2026\/03\/exposicao_brasilidades_palacio_tiradentes_copy.webp\",\"articleSection\":[\"Leitura Vip\"],\"inLanguage\":\"pt-BR\"},{\"@type\":\"WebPage\",\"@id\":\"https:\/\/www.notibras.com\/site\/exposicao-traz-influencia-de-jorge-amado-e-carybe-em-artista-italiano\/\",\"url\":\"https:\/\/www.notibras.com\/site\/exposicao-traz-influencia-de-jorge-amado-e-carybe-em-artista-italiano\/\",\"name\":\"Exposi\u00e7\u00e3o traz influ\u00eancia de Jorge Amado e Caryb\u00e9 em artista italiano - Notibras\",\"isPartOf\":{\"@id\":\"https:\/\/www.notibras.com\/site\/#website\"},\"primaryImageOfPage\":{\"@id\":\"https:\/\/www.notibras.com\/site\/exposicao-traz-influencia-de-jorge-amado-e-carybe-em-artista-italiano\/#primaryimage\"},\"image\":{\"@id\":\"https:\/\/www.notibras.com\/site\/exposicao-traz-influencia-de-jorge-amado-e-carybe-em-artista-italiano\/#primaryimage\"},\"thumbnailUrl\":\"https:\/\/www.notibras.com\/site\/wp-content\/uploads\/2026\/03\/exposicao_brasilidades_palacio_tiradentes_copy.webp\",\"datePublished\":\"2026-03-04T14:17:03+00:00\",\"dateModified\":\"2026-03-04T21:18:42+00:00\",\"breadcrumb\":{\"@id\":\"https:\/\/www.notibras.com\/site\/exposicao-traz-influencia-de-jorge-amado-e-carybe-em-artista-italiano\/#breadcrumb\"},\"inLanguage\":\"pt-BR\",\"potentialAction\":[{\"@type\":\"ReadAction\",\"target\":[\"https:\/\/www.notibras.com\/site\/exposicao-traz-influencia-de-jorge-amado-e-carybe-em-artista-italiano\/\"]}]},{\"@type\":\"ImageObject\",\"inLanguage\":\"pt-BR\",\"@id\":\"https:\/\/www.notibras.com\/site\/exposicao-traz-influencia-de-jorge-amado-e-carybe-em-artista-italiano\/#primaryimage\",\"url\":\"https:\/\/www.notibras.com\/site\/wp-content\/uploads\/2026\/03\/exposicao_brasilidades_palacio_tiradentes_copy.webp\",\"contentUrl\":\"https:\/\/www.notibras.com\/site\/wp-content\/uploads\/2026\/03\/exposicao_brasilidades_palacio_tiradentes_copy.webp\",\"width\":1170,\"height\":700},{\"@type\":\"BreadcrumbList\",\"@id\":\"https:\/\/www.notibras.com\/site\/exposicao-traz-influencia-de-jorge-amado-e-carybe-em-artista-italiano\/#breadcrumb\",\"itemListElement\":[{\"@type\":\"ListItem\",\"position\":1,\"name\":\"In\u00edcio\",\"item\":\"https:\/\/www.notibras.com\/site\/\"},{\"@type\":\"ListItem\",\"position\":2,\"name\":\"Exposi\u00e7\u00e3o traz influ\u00eancia de Jorge Amado e Caryb\u00e9 em artista italiano\"}]},{\"@type\":\"WebSite\",\"@id\":\"https:\/\/www.notibras.com\/site\/#website\",\"url\":\"https:\/\/www.notibras.com\/site\/\",\"name\":\"Notibras\",\"description\":\"Not\u00edcias de Bras\u00edlia, do Brasil e do Mundo\",\"publisher\":{\"@id\":\"https:\/\/www.notibras.com\/site\/#organization\"},\"potentialAction\":[{\"@type\":\"SearchAction\",\"target\":{\"@type\":\"EntryPoint\",\"urlTemplate\":\"https:\/\/www.notibras.com\/site\/?s={search_term_string}\"},\"query-input\":{\"@type\":\"PropertyValueSpecification\",\"valueRequired\":true,\"valueName\":\"search_term_string\"}}],\"inLanguage\":\"pt-BR\"},{\"@type\":\"Organization\",\"@id\":\"https:\/\/www.notibras.com\/site\/#organization\",\"name\":\"Grupo Notibras de Comunica\u00e7\u00e3o\",\"url\":\"https:\/\/www.notibras.com\/site\/\",\"logo\":{\"@type\":\"ImageObject\",\"inLanguage\":\"pt-BR\",\"@id\":\"https:\/\/www.notibras.com\/site\/#\/schema\/logo\/image\/\",\"url\":\"https:\/\/www.notibras.com\/site\/wp-content\/uploads\/2023\/01\/notibras23.png\",\"contentUrl\":\"https:\/\/www.notibras.com\/site\/wp-content\/uploads\/2023\/01\/notibras23.png\",\"width\":350,\"height\":87,\"caption\":\"Grupo Notibras de Comunica\u00e7\u00e3o\"},\"image\":{\"@id\":\"https:\/\/www.notibras.com\/site\/#\/schema\/logo\/image\/\"},\"sameAs\":[\"https:\/\/www.facebook.com\/notibras\/\",\"https:\/\/x.com\/Notibras\",\"https:\/\/www.instagram.com\/notibras\/\"]},{\"@type\":\"Person\",\"@id\":\"https:\/\/www.notibras.com\/site\/#\/schema\/person\/36ab0979449956132d3e5b517ea76ac8\",\"name\":\"Reda\u00e7\u00e3o\",\"image\":{\"@type\":\"ImageObject\",\"inLanguage\":\"pt-BR\",\"@id\":\"https:\/\/secure.gravatar.com\/avatar\/e0a867bdedb85fd243eadf09663511f96fc81e0720a4a42581f334ad4303aa6b?s=96&d=mm&r=g\",\"url\":\"https:\/\/secure.gravatar.com\/avatar\/e0a867bdedb85fd243eadf09663511f96fc81e0720a4a42581f334ad4303aa6b?s=96&d=mm&r=g\",\"contentUrl\":\"https:\/\/secure.gravatar.com\/avatar\/e0a867bdedb85fd243eadf09663511f96fc81e0720a4a42581f334ad4303aa6b?s=96&d=mm&r=g\",\"caption\":\"Reda\u00e7\u00e3o\"}}]}<\/script>\n<!-- \/ Yoast SEO plugin. -->","yoast_head_json":{"title":"Exposi\u00e7\u00e3o traz influ\u00eancia de Jorge Amado e Caryb\u00e9 em artista italiano - Notibras","robots":{"index":"index","follow":"follow","max-snippet":"max-snippet:-1","max-image-preview":"max-image-preview:large","max-video-preview":"max-video-preview:-1"},"canonical":"https:\/\/www.notibras.com\/site\/exposicao-traz-influencia-de-jorge-amado-e-carybe-em-artista-italiano\/","og_locale":"pt_BR","og_type":"article","og_title":"Exposi\u00e7\u00e3o traz influ\u00eancia de Jorge Amado e Caryb\u00e9 em artista italiano - Notibras","og_description":"A literatura de Jorge Amado e as obras de Caryb\u00e9 influenciaram o artista pl\u00e1stico italiano Maurizio Ferri de tal forma que ele passou a desenvolver o seu trabalho com imagens que esse universo sugeria. Da\u00ed vieram as pinturas baseadas na cultura brasileira, com representa\u00e7\u00f5es do povo, da m\u00fasica, da culin\u00e1ria, dos povos origin\u00e1rios e dos [&hellip;]","og_url":"https:\/\/www.notibras.com\/site\/exposicao-traz-influencia-de-jorge-amado-e-carybe-em-artista-italiano\/","og_site_name":"Notibras","article_publisher":"https:\/\/www.facebook.com\/notibras\/","article_published_time":"2026-03-04T14:17:03+00:00","article_modified_time":"2026-03-04T21:18:42+00:00","og_image":[{"width":1170,"height":700,"url":"https:\/\/www.notibras.com\/site\/wp-content\/uploads\/2026\/03\/exposicao_brasilidades_palacio_tiradentes_copy.webp","type":"image\/webp"}],"author":"Reda\u00e7\u00e3o","twitter_card":"summary_large_image","twitter_creator":"@Notibras","twitter_site":"@Notibras","twitter_misc":{"Escrito por":"Reda\u00e7\u00e3o","Est. tempo de leitura":"4 minutos"},"schema":{"@context":"https:\/\/schema.org","@graph":[{"@type":"Article","@id":"https:\/\/www.notibras.com\/site\/exposicao-traz-influencia-de-jorge-amado-e-carybe-em-artista-italiano\/#article","isPartOf":{"@id":"https:\/\/www.notibras.com\/site\/exposicao-traz-influencia-de-jorge-amado-e-carybe-em-artista-italiano\/"},"author":{"name":"Reda\u00e7\u00e3o","@id":"https:\/\/www.notibras.com\/site\/#\/schema\/person\/36ab0979449956132d3e5b517ea76ac8"},"headline":"Exposi\u00e7\u00e3o traz influ\u00eancia de Jorge Amado e Caryb\u00e9 em artista italiano","datePublished":"2026-03-04T14:17:03+00:00","dateModified":"2026-03-04T21:18:42+00:00","mainEntityOfPage":{"@id":"https:\/\/www.notibras.com\/site\/exposicao-traz-influencia-de-jorge-amado-e-carybe-em-artista-italiano\/"},"wordCount":746,"publisher":{"@id":"https:\/\/www.notibras.com\/site\/#organization"},"image":{"@id":"https:\/\/www.notibras.com\/site\/exposicao-traz-influencia-de-jorge-amado-e-carybe-em-artista-italiano\/#primaryimage"},"thumbnailUrl":"https:\/\/www.notibras.com\/site\/wp-content\/uploads\/2026\/03\/exposicao_brasilidades_palacio_tiradentes_copy.webp","articleSection":["Leitura Vip"],"inLanguage":"pt-BR"},{"@type":"WebPage","@id":"https:\/\/www.notibras.com\/site\/exposicao-traz-influencia-de-jorge-amado-e-carybe-em-artista-italiano\/","url":"https:\/\/www.notibras.com\/site\/exposicao-traz-influencia-de-jorge-amado-e-carybe-em-artista-italiano\/","name":"Exposi\u00e7\u00e3o traz influ\u00eancia de Jorge Amado e Caryb\u00e9 em artista italiano - Notibras","isPartOf":{"@id":"https:\/\/www.notibras.com\/site\/#website"},"primaryImageOfPage":{"@id":"https:\/\/www.notibras.com\/site\/exposicao-traz-influencia-de-jorge-amado-e-carybe-em-artista-italiano\/#primaryimage"},"image":{"@id":"https:\/\/www.notibras.com\/site\/exposicao-traz-influencia-de-jorge-amado-e-carybe-em-artista-italiano\/#primaryimage"},"thumbnailUrl":"https:\/\/www.notibras.com\/site\/wp-content\/uploads\/2026\/03\/exposicao_brasilidades_palacio_tiradentes_copy.webp","datePublished":"2026-03-04T14:17:03+00:00","dateModified":"2026-03-04T21:18:42+00:00","breadcrumb":{"@id":"https:\/\/www.notibras.com\/site\/exposicao-traz-influencia-de-jorge-amado-e-carybe-em-artista-italiano\/#breadcrumb"},"inLanguage":"pt-BR","potentialAction":[{"@type":"ReadAction","target":["https:\/\/www.notibras.com\/site\/exposicao-traz-influencia-de-jorge-amado-e-carybe-em-artista-italiano\/"]}]},{"@type":"ImageObject","inLanguage":"pt-BR","@id":"https:\/\/www.notibras.com\/site\/exposicao-traz-influencia-de-jorge-amado-e-carybe-em-artista-italiano\/#primaryimage","url":"https:\/\/www.notibras.com\/site\/wp-content\/uploads\/2026\/03\/exposicao_brasilidades_palacio_tiradentes_copy.webp","contentUrl":"https:\/\/www.notibras.com\/site\/wp-content\/uploads\/2026\/03\/exposicao_brasilidades_palacio_tiradentes_copy.webp","width":1170,"height":700},{"@type":"BreadcrumbList","@id":"https:\/\/www.notibras.com\/site\/exposicao-traz-influencia-de-jorge-amado-e-carybe-em-artista-italiano\/#breadcrumb","itemListElement":[{"@type":"ListItem","position":1,"name":"In\u00edcio","item":"https:\/\/www.notibras.com\/site\/"},{"@type":"ListItem","position":2,"name":"Exposi\u00e7\u00e3o traz influ\u00eancia de Jorge Amado e Caryb\u00e9 em artista italiano"}]},{"@type":"WebSite","@id":"https:\/\/www.notibras.com\/site\/#website","url":"https:\/\/www.notibras.com\/site\/","name":"Notibras","description":"Not\u00edcias de Bras\u00edlia, do Brasil e do Mundo","publisher":{"@id":"https:\/\/www.notibras.com\/site\/#organization"},"potentialAction":[{"@type":"SearchAction","target":{"@type":"EntryPoint","urlTemplate":"https:\/\/www.notibras.com\/site\/?s={search_term_string}"},"query-input":{"@type":"PropertyValueSpecification","valueRequired":true,"valueName":"search_term_string"}}],"inLanguage":"pt-BR"},{"@type":"Organization","@id":"https:\/\/www.notibras.com\/site\/#organization","name":"Grupo Notibras de Comunica\u00e7\u00e3o","url":"https:\/\/www.notibras.com\/site\/","logo":{"@type":"ImageObject","inLanguage":"pt-BR","@id":"https:\/\/www.notibras.com\/site\/#\/schema\/logo\/image\/","url":"https:\/\/www.notibras.com\/site\/wp-content\/uploads\/2023\/01\/notibras23.png","contentUrl":"https:\/\/www.notibras.com\/site\/wp-content\/uploads\/2023\/01\/notibras23.png","width":350,"height":87,"caption":"Grupo Notibras de Comunica\u00e7\u00e3o"},"image":{"@id":"https:\/\/www.notibras.com\/site\/#\/schema\/logo\/image\/"},"sameAs":["https:\/\/www.facebook.com\/notibras\/","https:\/\/x.com\/Notibras","https:\/\/www.instagram.com\/notibras\/"]},{"@type":"Person","@id":"https:\/\/www.notibras.com\/site\/#\/schema\/person\/36ab0979449956132d3e5b517ea76ac8","name":"Reda\u00e7\u00e3o","image":{"@type":"ImageObject","inLanguage":"pt-BR","@id":"https:\/\/secure.gravatar.com\/avatar\/e0a867bdedb85fd243eadf09663511f96fc81e0720a4a42581f334ad4303aa6b?s=96&d=mm&r=g","url":"https:\/\/secure.gravatar.com\/avatar\/e0a867bdedb85fd243eadf09663511f96fc81e0720a4a42581f334ad4303aa6b?s=96&d=mm&r=g","contentUrl":"https:\/\/secure.gravatar.com\/avatar\/e0a867bdedb85fd243eadf09663511f96fc81e0720a4a42581f334ad4303aa6b?s=96&d=mm&r=g","caption":"Reda\u00e7\u00e3o"}}]}},"amp_enabled":true,"_links":{"self":[{"href":"https:\/\/www.notibras.com\/site\/wp-json\/wp\/v2\/posts\/385577","targetHints":{"allow":["GET"]}}],"collection":[{"href":"https:\/\/www.notibras.com\/site\/wp-json\/wp\/v2\/posts"}],"about":[{"href":"https:\/\/www.notibras.com\/site\/wp-json\/wp\/v2\/types\/post"}],"author":[{"embeddable":true,"href":"https:\/\/www.notibras.com\/site\/wp-json\/wp\/v2\/users\/2"}],"replies":[{"embeddable":true,"href":"https:\/\/www.notibras.com\/site\/wp-json\/wp\/v2\/comments?post=385577"}],"version-history":[{"count":1,"href":"https:\/\/www.notibras.com\/site\/wp-json\/wp\/v2\/posts\/385577\/revisions"}],"predecessor-version":[{"id":385579,"href":"https:\/\/www.notibras.com\/site\/wp-json\/wp\/v2\/posts\/385577\/revisions\/385579"}],"wp:featuredmedia":[{"embeddable":true,"href":"https:\/\/www.notibras.com\/site\/wp-json\/wp\/v2\/media\/385578"}],"wp:attachment":[{"href":"https:\/\/www.notibras.com\/site\/wp-json\/wp\/v2\/media?parent=385577"}],"wp:term":[{"taxonomy":"category","embeddable":true,"href":"https:\/\/www.notibras.com\/site\/wp-json\/wp\/v2\/categories?post=385577"},{"taxonomy":"post_tag","embeddable":true,"href":"https:\/\/www.notibras.com\/site\/wp-json\/wp\/v2\/tags?post=385577"}],"curies":[{"name":"wp","href":"https:\/\/api.w.org\/{rel}","templated":true}]}}