{"id":385580,"date":"2026-03-04T18:29:20","date_gmt":"2026-03-04T21:29:20","guid":{"rendered":"https:\/\/www.notibras.com\/site\/?p=385580"},"modified":"2026-03-04T18:29:20","modified_gmt":"2026-03-04T21:29:20","slug":"impacto-da-guerra-no-preco-do-combustivel-ao-consumidor-pode-demorar","status":"publish","type":"post","link":"https:\/\/www.notibras.com\/site\/impacto-da-guerra-no-preco-do-combustivel-ao-consumidor-pode-demorar\/","title":{"rendered":"Impacto da guerra no pre\u00e7o do combust\u00edvel ao consumidor pode demorar"},"content":{"rendered":"<p>O impacto da guerra no Oriente M\u00e9dio nos pre\u00e7os pagos pelo consumidor brasileiro por combust\u00edveis derivados do petr\u00f3leo, como a gasolina e o diesel, pode demorar a chegar. A avalia\u00e7\u00e3o \u00e9 do presidente do Instituto Brasileiro de Petr\u00f3leo, G\u00e1s e Biocombust\u00edveis (IBP), Roberto Ardenghy.<\/p>\n<p>O petr\u00f3leo teve forte alta nos \u00faltimos dias, desde o in\u00edcio dos ataques de Israel e dos Estados Unidos ao Ir\u00e3, no \u00faltimo s\u00e1bado (28), e das retalia\u00e7\u00f5es do pa\u00eds persa contra Tel Aviv e bases americanas em diversos pa\u00edses produtores de petr\u00f3leo na regi\u00e3o.<\/p>\n<p>O porta-voz do instituto que representa a ind\u00fastria petrol\u00edfera no Brasil explicou que toda refinaria mant\u00e9m um estoque de petr\u00f3leo, e que esse \u00e9 um dos motivos para que a mudan\u00e7a n\u00e3o aconte\u00e7a da noite para o dia.<\/p>\n<p>Entretanto, se o petr\u00f3leo permanecer em um patamar alto, pouco a pouco, as refinarias v\u00e3o come\u00e7ar a comprar o produto mais caro.<\/p>\n<p>\u201cNa medida em que esse petr\u00f3leo mais caro chegar \u00e0s refinarias, elas tamb\u00e9m, com um certo tempo, tender\u00e3o a transferir esse pre\u00e7o para os seus contratos novos, porque nos contratos j\u00e1 firmados, elas garantem o pre\u00e7o anterior&#8221;.<\/p>\n<p>&#8220;\u00c9 um processo longo, que pode durar at\u00e9 seis meses para acontecer. N\u00e3o haver\u00e1 nenhuma mudan\u00e7a de patamar de pre\u00e7o a curto prazo, inclusive, para o consumidor brasileiro&#8221;, afirmou Roberto Ardenghy.<\/p>\n<p>O presidente apontou que a incerteza que paira no mercado global sobre o futuro do conflito \u00e9 um dos motivos que pode retardar o impacto nos pre\u00e7os pagos pelos consumidores.<\/p>\n<p>&#8220;Altos patamares do pre\u00e7o do petr\u00f3leo dependem da continuidade ou n\u00e3o do conflito armado, do bloqueio do Estreito de Ormuz, da dissemina\u00e7\u00e3o do conflito para outros pa\u00edses do Oriente M\u00e9dio. Ent\u00e3o, ainda n\u00e3o se tem seguran\u00e7a de que isso vai acontecer&#8221;, explicou.<\/p>\n<p>Ardenghy acrescentou que o mercado do petr\u00f3leo opera com proje\u00e7\u00f5es de longo prazo em contratos, que t\u00eam que ser honrados. \u00c9 preciso considerar tamb\u00e9m, afirma ele, que alguns pa\u00edses t\u00eam estoques estrat\u00e9gicos importantes, que certamente ser\u00e3o usados nesta situa\u00e7\u00e3o de crise.<\/p>\n<p><strong>Estreito de Ormuz<\/strong><br \/>\nSobre o bloqueio do Estreito de Ormuz, passagem da maior parte do petr\u00f3leo exportado por pa\u00edses do Oriente M\u00e9dio, Roberto Ardenghy pondera que o fechamento n\u00e3o interrompe todo o fluxo do \u00f3leo extra\u00eddo na regi\u00e3o, porque h\u00e1 rotas alternativas.<\/p>\n<p>Porta de sa\u00edda do Golfo P\u00e9rsico, o estreito fica na costa do Ir\u00e3, que determinou seu bloqueio em resposta aos ataques dos Estados Unidos e de Israel. O presidente do IBP cita que o Iraque, por exemplo, pode bombear petr\u00f3leo por meio da Turquia.<\/p>\n<p>J\u00e1 a Ar\u00e1bia Saudita tem oleodutos que podem levar suas exporta\u00e7\u00f5es para o Mar Vermelho, alcan\u00e7ando os mercados por outra rota log\u00edstica. O mesmo vale para os Emirados \u00c1rabes Unidos, e at\u00e9 mesmo o pr\u00f3prio Ir\u00e3 pode encontrar outra via para escoar parte de sua produ\u00e7\u00e3o.<\/p>\n<p>\u201cH\u00e1 algumas alternativas, n\u00e3o para garantir todo aquele volume que passa no Estreito de Ormuz, mas, pelo menos, para uma parcela importante. Portanto, n\u00e3o haver\u00e1 mudan\u00e7a de patamar de pre\u00e7o de modo est\u00e1vel, no m\u00ednimo, pelos pr\u00f3ximos 60 a 90 dias\u201d, avaliou.<\/p>\n<p><strong>Brasil no mercado internacional<\/strong><br \/>\nO presidente do IBP destacou que o Brasil j\u00e1 \u00e9 um importante produtor de petr\u00f3leo, com uma produ\u00e7\u00e3o que atingiu 3,8 milh\u00f5es de barris por dia em 2025, enquanto a exporta\u00e7\u00e3o chegou a 1,7 milh\u00e3o de barris.<\/p>\n<p>\u201cH\u00e1 perspectivas, inclusive, de que aumentemos, ainda mais, a nossa produ\u00e7\u00e3o nos pr\u00f3ximos anos. Se a gente conseguir encontrar petr\u00f3leo na Margem Equatorial, na Bacia de Pelotas e em outras \u00e1reas no Brasil, a nossa participa\u00e7\u00e3o pode ser ainda mais relevante\u201d, apontou.<\/p>\n<p>Diante desse desempenho, Ardenghy estimou que o Brasil tem condi\u00e7\u00e3o de suprir uma quantidade de petr\u00f3leo para o mercado internacional.<\/p>\n<p>\u201cSomos atores importantes e podemos inclusive contribuir com essa falta de petr\u00f3leo ou essa escassez que venha do Oriente M\u00e9dio e compensar com a nossa produ\u00e7\u00e3o atual e a futura. Hoje, o Brasil j\u00e1 \u00e9 um produtor relevante. Somos o nono maior produtor e o nono maior exportador mundial de petr\u00f3leo\u201d, pontuou.<\/p>\n<p>O executivo acredita que, a partir do que ocorre atualmente no Oriente M\u00e9dio, ocorrer\u00e1 o que o setor chama de reorienta\u00e7\u00e3o dos fluxos globais de com\u00e9rcio de petr\u00f3leo e g\u00e1s natural.<\/p>\n<p>\u201cOs pa\u00edses muito dependentes do Oriente M\u00e9dio, mesmo que as coisas se acalmem por l\u00e1, v\u00e3o procurar diversificar as suas fontes de suprimento. Especialmente, os pa\u00edses da \u00c1sia, como o Jap\u00e3o, a Coreia, a China e a \u00cdndia, pa\u00edses que hoje dependem muito do petr\u00f3leo que passa pelo Estreito de Ormuz\u201d, destacou.<\/p>\n<p>\u201cMesmo que a situa\u00e7\u00e3o no Oriente M\u00e9dio se normalize, a gente n\u00e3o sabe se, em m\u00e9dio ou longo prazo, essa situa\u00e7\u00e3o de normalidade vai continuar ou se vamos ter um outro conflito, inclusive militar\u201d, completou.<\/p>\n<p>\u00c9 nesse cen\u00e1rio que o presidente do IBP v\u00ea espa\u00e7o para o Brasil evoluir no mercado de petr\u00f3leo e g\u00e1s.<\/p>\n<p>\u201cSomos um produtor confi\u00e1vel de petr\u00f3leo, temos a presen\u00e7a, no Brasil, de grandes empresas internacionais, a presen\u00e7a tamb\u00e9m da Petrobras como uma empresa com muita experi\u00eancia na produ\u00e7\u00e3o e na exporta\u00e7\u00e3o de petr\u00f3leo\u201d, indicou.<\/p>\n<p>Na vis\u00e3o dele, isso s\u00f3 ressalta a necessidade de o Brasil manter a atividade petrol\u00edfera, a pesquisa geol\u00f3gica, a perfura\u00e7\u00e3o na Margem Equatorial e em outras \u00e1reas do pa\u00eds.<\/p>\n<p>\u201cPara que a gente possa, primeiro, ter seguran\u00e7a energ\u00e9tica nas pr\u00f3ximas d\u00e9cadas, mantendo a nossa economia livre dessas tens\u00f5es globais que afetam o petr\u00f3leo. E tamb\u00e9m ter um excesso de petr\u00f3leo, para que a gente possa exportar para outros mercados, gerando divisas para o Brasil\u201d, relatou.<\/p>\n","protected":false},"excerpt":{"rendered":"<p>O impacto da guerra no Oriente M\u00e9dio nos pre\u00e7os pagos pelo consumidor brasileiro por combust\u00edveis derivados do petr\u00f3leo, como a gasolina e o diesel, pode demorar a chegar. A avalia\u00e7\u00e3o \u00e9 do presidente do Instituto Brasileiro de Petr\u00f3leo, G\u00e1s e Biocombust\u00edveis (IBP), Roberto Ardenghy. O petr\u00f3leo teve forte alta nos \u00faltimos dias, desde o in\u00edcio [&hellip;]<\/p>\n","protected":false},"author":2,"featured_media":385581,"comment_status":"closed","ping_status":"closed","sticky":false,"template":"","format":"standard","meta":{"_acf_changed":false,"footnotes":""},"categories":[16],"tags":[],"class_list":["post-385580","post","type-post","status-publish","format-standard","has-post-thumbnail","hentry","category-brasil"],"acf":[],"yoast_head":"<!-- This site is optimized with the Yoast SEO plugin v27.2 - https:\/\/yoast.com\/product\/yoast-seo-wordpress\/ -->\n<title>Impacto da guerra no pre\u00e7o do combust\u00edvel ao consumidor pode demorar - Notibras<\/title>\n<meta name=\"robots\" content=\"index, follow, max-snippet:-1, max-image-preview:large, max-video-preview:-1\" \/>\n<link rel=\"canonical\" href=\"https:\/\/www.notibras.com\/site\/impacto-da-guerra-no-preco-do-combustivel-ao-consumidor-pode-demorar\/\" \/>\n<meta property=\"og:locale\" content=\"pt_BR\" \/>\n<meta property=\"og:type\" content=\"article\" \/>\n<meta property=\"og:title\" content=\"Impacto da guerra no pre\u00e7o do combust\u00edvel ao consumidor pode demorar - Notibras\" \/>\n<meta property=\"og:description\" content=\"O impacto da guerra no Oriente M\u00e9dio nos pre\u00e7os pagos pelo consumidor brasileiro por combust\u00edveis derivados do petr\u00f3leo, como a gasolina e o diesel, pode demorar a chegar. A avalia\u00e7\u00e3o \u00e9 do presidente do Instituto Brasileiro de Petr\u00f3leo, G\u00e1s e Biocombust\u00edveis (IBP), Roberto Ardenghy. O petr\u00f3leo teve forte alta nos \u00faltimos dias, desde o in\u00edcio [&hellip;]\" \/>\n<meta property=\"og:url\" content=\"https:\/\/www.notibras.com\/site\/impacto-da-guerra-no-preco-do-combustivel-ao-consumidor-pode-demorar\/\" \/>\n<meta property=\"og:site_name\" content=\"Notibras\" \/>\n<meta property=\"article:publisher\" content=\"https:\/\/www.facebook.com\/notibras\/\" \/>\n<meta property=\"article:published_time\" content=\"2026-03-04T21:29:20+00:00\" \/>\n<meta property=\"og:image\" content=\"https:\/\/www.notibras.com\/site\/wp-content\/uploads\/2026\/03\/2026-03-02t135147z_1_lynxmpem210wq_rtroptp_4_ira-crise-petroleo-ue.webp\" \/>\n\t<meta property=\"og:image:width\" content=\"1170\" \/>\n\t<meta property=\"og:image:height\" content=\"700\" \/>\n\t<meta property=\"og:image:type\" content=\"image\/webp\" \/>\n<meta name=\"author\" content=\"Reda\u00e7\u00e3o\" \/>\n<meta name=\"twitter:card\" content=\"summary_large_image\" \/>\n<meta name=\"twitter:creator\" content=\"@Notibras\" \/>\n<meta name=\"twitter:site\" content=\"@Notibras\" \/>\n<meta name=\"twitter:label1\" content=\"Escrito por\" \/>\n\t<meta name=\"twitter:data1\" content=\"Reda\u00e7\u00e3o\" \/>\n\t<meta name=\"twitter:label2\" content=\"Est. tempo de leitura\" \/>\n\t<meta name=\"twitter:data2\" content=\"6 minutos\" \/>\n<script type=\"application\/ld+json\" class=\"yoast-schema-graph\">{\"@context\":\"https:\/\/schema.org\",\"@graph\":[{\"@type\":\"Article\",\"@id\":\"https:\/\/www.notibras.com\/site\/impacto-da-guerra-no-preco-do-combustivel-ao-consumidor-pode-demorar\/#article\",\"isPartOf\":{\"@id\":\"https:\/\/www.notibras.com\/site\/impacto-da-guerra-no-preco-do-combustivel-ao-consumidor-pode-demorar\/\"},\"author\":{\"name\":\"Reda\u00e7\u00e3o\",\"@id\":\"https:\/\/www.notibras.com\/site\/#\/schema\/person\/36ab0979449956132d3e5b517ea76ac8\"},\"headline\":\"Impacto da guerra no pre\u00e7o do combust\u00edvel ao consumidor pode demorar\",\"datePublished\":\"2026-03-04T21:29:20+00:00\",\"mainEntityOfPage\":{\"@id\":\"https:\/\/www.notibras.com\/site\/impacto-da-guerra-no-preco-do-combustivel-ao-consumidor-pode-demorar\/\"},\"wordCount\":1038,\"publisher\":{\"@id\":\"https:\/\/www.notibras.com\/site\/#organization\"},\"image\":{\"@id\":\"https:\/\/www.notibras.com\/site\/impacto-da-guerra-no-preco-do-combustivel-ao-consumidor-pode-demorar\/#primaryimage\"},\"thumbnailUrl\":\"https:\/\/www.notibras.com\/site\/wp-content\/uploads\/2026\/03\/2026-03-02t135147z_1_lynxmpem210wq_rtroptp_4_ira-crise-petroleo-ue.webp\",\"articleSection\":[\"Brasil\"],\"inLanguage\":\"pt-BR\"},{\"@type\":\"WebPage\",\"@id\":\"https:\/\/www.notibras.com\/site\/impacto-da-guerra-no-preco-do-combustivel-ao-consumidor-pode-demorar\/\",\"url\":\"https:\/\/www.notibras.com\/site\/impacto-da-guerra-no-preco-do-combustivel-ao-consumidor-pode-demorar\/\",\"name\":\"Impacto da guerra no pre\u00e7o do combust\u00edvel ao consumidor pode demorar - Notibras\",\"isPartOf\":{\"@id\":\"https:\/\/www.notibras.com\/site\/#website\"},\"primaryImageOfPage\":{\"@id\":\"https:\/\/www.notibras.com\/site\/impacto-da-guerra-no-preco-do-combustivel-ao-consumidor-pode-demorar\/#primaryimage\"},\"image\":{\"@id\":\"https:\/\/www.notibras.com\/site\/impacto-da-guerra-no-preco-do-combustivel-ao-consumidor-pode-demorar\/#primaryimage\"},\"thumbnailUrl\":\"https:\/\/www.notibras.com\/site\/wp-content\/uploads\/2026\/03\/2026-03-02t135147z_1_lynxmpem210wq_rtroptp_4_ira-crise-petroleo-ue.webp\",\"datePublished\":\"2026-03-04T21:29:20+00:00\",\"breadcrumb\":{\"@id\":\"https:\/\/www.notibras.com\/site\/impacto-da-guerra-no-preco-do-combustivel-ao-consumidor-pode-demorar\/#breadcrumb\"},\"inLanguage\":\"pt-BR\",\"potentialAction\":[{\"@type\":\"ReadAction\",\"target\":[\"https:\/\/www.notibras.com\/site\/impacto-da-guerra-no-preco-do-combustivel-ao-consumidor-pode-demorar\/\"]}]},{\"@type\":\"ImageObject\",\"inLanguage\":\"pt-BR\",\"@id\":\"https:\/\/www.notibras.com\/site\/impacto-da-guerra-no-preco-do-combustivel-ao-consumidor-pode-demorar\/#primaryimage\",\"url\":\"https:\/\/www.notibras.com\/site\/wp-content\/uploads\/2026\/03\/2026-03-02t135147z_1_lynxmpem210wq_rtroptp_4_ira-crise-petroleo-ue.webp\",\"contentUrl\":\"https:\/\/www.notibras.com\/site\/wp-content\/uploads\/2026\/03\/2026-03-02t135147z_1_lynxmpem210wq_rtroptp_4_ira-crise-petroleo-ue.webp\",\"width\":1170,\"height\":700},{\"@type\":\"BreadcrumbList\",\"@id\":\"https:\/\/www.notibras.com\/site\/impacto-da-guerra-no-preco-do-combustivel-ao-consumidor-pode-demorar\/#breadcrumb\",\"itemListElement\":[{\"@type\":\"ListItem\",\"position\":1,\"name\":\"In\u00edcio\",\"item\":\"https:\/\/www.notibras.com\/site\/\"},{\"@type\":\"ListItem\",\"position\":2,\"name\":\"Impacto da guerra no pre\u00e7o do combust\u00edvel ao consumidor pode demorar\"}]},{\"@type\":\"WebSite\",\"@id\":\"https:\/\/www.notibras.com\/site\/#website\",\"url\":\"https:\/\/www.notibras.com\/site\/\",\"name\":\"Notibras\",\"description\":\"Not\u00edcias de Bras\u00edlia, do Brasil e do Mundo\",\"publisher\":{\"@id\":\"https:\/\/www.notibras.com\/site\/#organization\"},\"potentialAction\":[{\"@type\":\"SearchAction\",\"target\":{\"@type\":\"EntryPoint\",\"urlTemplate\":\"https:\/\/www.notibras.com\/site\/?s={search_term_string}\"},\"query-input\":{\"@type\":\"PropertyValueSpecification\",\"valueRequired\":true,\"valueName\":\"search_term_string\"}}],\"inLanguage\":\"pt-BR\"},{\"@type\":\"Organization\",\"@id\":\"https:\/\/www.notibras.com\/site\/#organization\",\"name\":\"Grupo Notibras de Comunica\u00e7\u00e3o\",\"url\":\"https:\/\/www.notibras.com\/site\/\",\"logo\":{\"@type\":\"ImageObject\",\"inLanguage\":\"pt-BR\",\"@id\":\"https:\/\/www.notibras.com\/site\/#\/schema\/logo\/image\/\",\"url\":\"https:\/\/www.notibras.com\/site\/wp-content\/uploads\/2023\/01\/notibras23.png\",\"contentUrl\":\"https:\/\/www.notibras.com\/site\/wp-content\/uploads\/2023\/01\/notibras23.png\",\"width\":350,\"height\":87,\"caption\":\"Grupo Notibras de Comunica\u00e7\u00e3o\"},\"image\":{\"@id\":\"https:\/\/www.notibras.com\/site\/#\/schema\/logo\/image\/\"},\"sameAs\":[\"https:\/\/www.facebook.com\/notibras\/\",\"https:\/\/x.com\/Notibras\",\"https:\/\/www.instagram.com\/notibras\/\"]},{\"@type\":\"Person\",\"@id\":\"https:\/\/www.notibras.com\/site\/#\/schema\/person\/36ab0979449956132d3e5b517ea76ac8\",\"name\":\"Reda\u00e7\u00e3o\",\"image\":{\"@type\":\"ImageObject\",\"inLanguage\":\"pt-BR\",\"@id\":\"https:\/\/secure.gravatar.com\/avatar\/e0a867bdedb85fd243eadf09663511f96fc81e0720a4a42581f334ad4303aa6b?s=96&d=mm&r=g\",\"url\":\"https:\/\/secure.gravatar.com\/avatar\/e0a867bdedb85fd243eadf09663511f96fc81e0720a4a42581f334ad4303aa6b?s=96&d=mm&r=g\",\"contentUrl\":\"https:\/\/secure.gravatar.com\/avatar\/e0a867bdedb85fd243eadf09663511f96fc81e0720a4a42581f334ad4303aa6b?s=96&d=mm&r=g\",\"caption\":\"Reda\u00e7\u00e3o\"}}]}<\/script>\n<!-- \/ Yoast SEO plugin. -->","yoast_head_json":{"title":"Impacto da guerra no pre\u00e7o do combust\u00edvel ao consumidor pode demorar - Notibras","robots":{"index":"index","follow":"follow","max-snippet":"max-snippet:-1","max-image-preview":"max-image-preview:large","max-video-preview":"max-video-preview:-1"},"canonical":"https:\/\/www.notibras.com\/site\/impacto-da-guerra-no-preco-do-combustivel-ao-consumidor-pode-demorar\/","og_locale":"pt_BR","og_type":"article","og_title":"Impacto da guerra no pre\u00e7o do combust\u00edvel ao consumidor pode demorar - Notibras","og_description":"O impacto da guerra no Oriente M\u00e9dio nos pre\u00e7os pagos pelo consumidor brasileiro por combust\u00edveis derivados do petr\u00f3leo, como a gasolina e o diesel, pode demorar a chegar. A avalia\u00e7\u00e3o \u00e9 do presidente do Instituto Brasileiro de Petr\u00f3leo, G\u00e1s e Biocombust\u00edveis (IBP), Roberto Ardenghy. O petr\u00f3leo teve forte alta nos \u00faltimos dias, desde o in\u00edcio [&hellip;]","og_url":"https:\/\/www.notibras.com\/site\/impacto-da-guerra-no-preco-do-combustivel-ao-consumidor-pode-demorar\/","og_site_name":"Notibras","article_publisher":"https:\/\/www.facebook.com\/notibras\/","article_published_time":"2026-03-04T21:29:20+00:00","og_image":[{"width":1170,"height":700,"url":"https:\/\/www.notibras.com\/site\/wp-content\/uploads\/2026\/03\/2026-03-02t135147z_1_lynxmpem210wq_rtroptp_4_ira-crise-petroleo-ue.webp","type":"image\/webp"}],"author":"Reda\u00e7\u00e3o","twitter_card":"summary_large_image","twitter_creator":"@Notibras","twitter_site":"@Notibras","twitter_misc":{"Escrito por":"Reda\u00e7\u00e3o","Est. tempo de leitura":"6 minutos"},"schema":{"@context":"https:\/\/schema.org","@graph":[{"@type":"Article","@id":"https:\/\/www.notibras.com\/site\/impacto-da-guerra-no-preco-do-combustivel-ao-consumidor-pode-demorar\/#article","isPartOf":{"@id":"https:\/\/www.notibras.com\/site\/impacto-da-guerra-no-preco-do-combustivel-ao-consumidor-pode-demorar\/"},"author":{"name":"Reda\u00e7\u00e3o","@id":"https:\/\/www.notibras.com\/site\/#\/schema\/person\/36ab0979449956132d3e5b517ea76ac8"},"headline":"Impacto da guerra no pre\u00e7o do combust\u00edvel ao consumidor pode demorar","datePublished":"2026-03-04T21:29:20+00:00","mainEntityOfPage":{"@id":"https:\/\/www.notibras.com\/site\/impacto-da-guerra-no-preco-do-combustivel-ao-consumidor-pode-demorar\/"},"wordCount":1038,"publisher":{"@id":"https:\/\/www.notibras.com\/site\/#organization"},"image":{"@id":"https:\/\/www.notibras.com\/site\/impacto-da-guerra-no-preco-do-combustivel-ao-consumidor-pode-demorar\/#primaryimage"},"thumbnailUrl":"https:\/\/www.notibras.com\/site\/wp-content\/uploads\/2026\/03\/2026-03-02t135147z_1_lynxmpem210wq_rtroptp_4_ira-crise-petroleo-ue.webp","articleSection":["Brasil"],"inLanguage":"pt-BR"},{"@type":"WebPage","@id":"https:\/\/www.notibras.com\/site\/impacto-da-guerra-no-preco-do-combustivel-ao-consumidor-pode-demorar\/","url":"https:\/\/www.notibras.com\/site\/impacto-da-guerra-no-preco-do-combustivel-ao-consumidor-pode-demorar\/","name":"Impacto da guerra no pre\u00e7o do combust\u00edvel ao consumidor pode demorar - Notibras","isPartOf":{"@id":"https:\/\/www.notibras.com\/site\/#website"},"primaryImageOfPage":{"@id":"https:\/\/www.notibras.com\/site\/impacto-da-guerra-no-preco-do-combustivel-ao-consumidor-pode-demorar\/#primaryimage"},"image":{"@id":"https:\/\/www.notibras.com\/site\/impacto-da-guerra-no-preco-do-combustivel-ao-consumidor-pode-demorar\/#primaryimage"},"thumbnailUrl":"https:\/\/www.notibras.com\/site\/wp-content\/uploads\/2026\/03\/2026-03-02t135147z_1_lynxmpem210wq_rtroptp_4_ira-crise-petroleo-ue.webp","datePublished":"2026-03-04T21:29:20+00:00","breadcrumb":{"@id":"https:\/\/www.notibras.com\/site\/impacto-da-guerra-no-preco-do-combustivel-ao-consumidor-pode-demorar\/#breadcrumb"},"inLanguage":"pt-BR","potentialAction":[{"@type":"ReadAction","target":["https:\/\/www.notibras.com\/site\/impacto-da-guerra-no-preco-do-combustivel-ao-consumidor-pode-demorar\/"]}]},{"@type":"ImageObject","inLanguage":"pt-BR","@id":"https:\/\/www.notibras.com\/site\/impacto-da-guerra-no-preco-do-combustivel-ao-consumidor-pode-demorar\/#primaryimage","url":"https:\/\/www.notibras.com\/site\/wp-content\/uploads\/2026\/03\/2026-03-02t135147z_1_lynxmpem210wq_rtroptp_4_ira-crise-petroleo-ue.webp","contentUrl":"https:\/\/www.notibras.com\/site\/wp-content\/uploads\/2026\/03\/2026-03-02t135147z_1_lynxmpem210wq_rtroptp_4_ira-crise-petroleo-ue.webp","width":1170,"height":700},{"@type":"BreadcrumbList","@id":"https:\/\/www.notibras.com\/site\/impacto-da-guerra-no-preco-do-combustivel-ao-consumidor-pode-demorar\/#breadcrumb","itemListElement":[{"@type":"ListItem","position":1,"name":"In\u00edcio","item":"https:\/\/www.notibras.com\/site\/"},{"@type":"ListItem","position":2,"name":"Impacto da guerra no pre\u00e7o do combust\u00edvel ao consumidor pode demorar"}]},{"@type":"WebSite","@id":"https:\/\/www.notibras.com\/site\/#website","url":"https:\/\/www.notibras.com\/site\/","name":"Notibras","description":"Not\u00edcias de Bras\u00edlia, do Brasil e do Mundo","publisher":{"@id":"https:\/\/www.notibras.com\/site\/#organization"},"potentialAction":[{"@type":"SearchAction","target":{"@type":"EntryPoint","urlTemplate":"https:\/\/www.notibras.com\/site\/?s={search_term_string}"},"query-input":{"@type":"PropertyValueSpecification","valueRequired":true,"valueName":"search_term_string"}}],"inLanguage":"pt-BR"},{"@type":"Organization","@id":"https:\/\/www.notibras.com\/site\/#organization","name":"Grupo Notibras de Comunica\u00e7\u00e3o","url":"https:\/\/www.notibras.com\/site\/","logo":{"@type":"ImageObject","inLanguage":"pt-BR","@id":"https:\/\/www.notibras.com\/site\/#\/schema\/logo\/image\/","url":"https:\/\/www.notibras.com\/site\/wp-content\/uploads\/2023\/01\/notibras23.png","contentUrl":"https:\/\/www.notibras.com\/site\/wp-content\/uploads\/2023\/01\/notibras23.png","width":350,"height":87,"caption":"Grupo Notibras de Comunica\u00e7\u00e3o"},"image":{"@id":"https:\/\/www.notibras.com\/site\/#\/schema\/logo\/image\/"},"sameAs":["https:\/\/www.facebook.com\/notibras\/","https:\/\/x.com\/Notibras","https:\/\/www.instagram.com\/notibras\/"]},{"@type":"Person","@id":"https:\/\/www.notibras.com\/site\/#\/schema\/person\/36ab0979449956132d3e5b517ea76ac8","name":"Reda\u00e7\u00e3o","image":{"@type":"ImageObject","inLanguage":"pt-BR","@id":"https:\/\/secure.gravatar.com\/avatar\/e0a867bdedb85fd243eadf09663511f96fc81e0720a4a42581f334ad4303aa6b?s=96&d=mm&r=g","url":"https:\/\/secure.gravatar.com\/avatar\/e0a867bdedb85fd243eadf09663511f96fc81e0720a4a42581f334ad4303aa6b?s=96&d=mm&r=g","contentUrl":"https:\/\/secure.gravatar.com\/avatar\/e0a867bdedb85fd243eadf09663511f96fc81e0720a4a42581f334ad4303aa6b?s=96&d=mm&r=g","caption":"Reda\u00e7\u00e3o"}}]}},"amp_enabled":true,"_links":{"self":[{"href":"https:\/\/www.notibras.com\/site\/wp-json\/wp\/v2\/posts\/385580","targetHints":{"allow":["GET"]}}],"collection":[{"href":"https:\/\/www.notibras.com\/site\/wp-json\/wp\/v2\/posts"}],"about":[{"href":"https:\/\/www.notibras.com\/site\/wp-json\/wp\/v2\/types\/post"}],"author":[{"embeddable":true,"href":"https:\/\/www.notibras.com\/site\/wp-json\/wp\/v2\/users\/2"}],"replies":[{"embeddable":true,"href":"https:\/\/www.notibras.com\/site\/wp-json\/wp\/v2\/comments?post=385580"}],"version-history":[{"count":1,"href":"https:\/\/www.notibras.com\/site\/wp-json\/wp\/v2\/posts\/385580\/revisions"}],"predecessor-version":[{"id":385582,"href":"https:\/\/www.notibras.com\/site\/wp-json\/wp\/v2\/posts\/385580\/revisions\/385582"}],"wp:featuredmedia":[{"embeddable":true,"href":"https:\/\/www.notibras.com\/site\/wp-json\/wp\/v2\/media\/385581"}],"wp:attachment":[{"href":"https:\/\/www.notibras.com\/site\/wp-json\/wp\/v2\/media?parent=385580"}],"wp:term":[{"taxonomy":"category","embeddable":true,"href":"https:\/\/www.notibras.com\/site\/wp-json\/wp\/v2\/categories?post=385580"},{"taxonomy":"post_tag","embeddable":true,"href":"https:\/\/www.notibras.com\/site\/wp-json\/wp\/v2\/tags?post=385580"}],"curies":[{"name":"wp","href":"https:\/\/api.w.org\/{rel}","templated":true}]}}