{"id":385583,"date":"2026-03-05T01:48:28","date_gmt":"2026-03-05T04:48:28","guid":{"rendered":"https:\/\/www.notibras.com\/site\/?p=385583"},"modified":"2026-03-05T09:41:29","modified_gmt":"2026-03-05T12:41:29","slug":"brasil-vive-dilema-entre-ouvir-e-silencio-sombrio","status":"publish","type":"post","link":"https:\/\/www.notibras.com\/site\/brasil-vive-dilema-entre-ouvir-e-silencio-sombrio\/","title":{"rendered":"Brasil vive dilema entre ouvir e sil\u00eancio sombrio"},"content":{"rendered":"<p>Dizem os velhos cronistas que certos sobrenomes j\u00e1 nascem com voca\u00e7\u00e3o agr\u00edcola. N\u00e3o necessariamente para plantar milho, feij\u00e3o ou trigo \u2014 mas para cultivar outras lavouras, bem mais sofisticadas. O sobrenome Vorcaro, de origem italiana, por exemplo, significa \u201ccultivo\u201d. E cultivo, como sabemos, \u00e9 uma arte antiga.<\/p>\n<p>Na Idade M\u00e9dia, cultivar era simples: arava-se a terra, lan\u00e7ava-se a semente e esperava-se a colheita. \u00c0s vezes vinha uma boa safra; outras vezes, gafanhotos. Nada muito diferente da vida pol\u00edtica e financeira moderna, diga-se de passagem.<\/p>\n<p>Mas o tempo passou, os tratores evolu\u00edram, os fertilizantes ganharam nomes impronunci\u00e1veis e a agricultura tamb\u00e9m se modernizou. Hoje, al\u00e9m da terra, cultiva-se algo muito mais f\u00e9rtil que permita colher amizades estrat\u00e9gicas.<\/p>\n<p>E \u00e9 a\u00ed que come\u00e7a a verdadeira lavoura, porque amizade bem cultivada cresce como parreira italiana, dessas que se estendem pelos muros, atravessam quintais e, quando menos se espera, j\u00e1 est\u00e3o dando sombra na casa do vizinho.<\/p>\n<p>No modelo pol\u00edtico-capitalista tupiniquim, h\u00e1 quem plante tomates, os que preferem trigo e aqueles que plantam rela\u00e7\u00f5es silenciosas. O sil\u00eancio, ali\u00e1s, \u00e9 um dos fertilizantes mais poderosos j\u00e1 descobertos pela civiliza\u00e7\u00e3o. Diz o velho prov\u00e9rbio que \u201cquem tem boca vai a Roma\u201d; os s\u00e1bios, por\u00e9m, acrescentam que quem mant\u00e9m a boca fechada pode chegar ainda mais longe.<\/p>\n<p>\u00c9 nessas horas que a prud\u00eancia vira ouro. E ouro, convenhamos, sempre teve seu valor, mesmo que em certos ambientes, seja apenas um metal modesto quando comparado \u00e0 riqueza de uma boa caverna cheia de segredos. Lembram de Ali Bab\u00e1? Pois \u00e9.<\/p>\n<p>A diferen\u00e7a \u00e9 que, na hist\u00f3ria cl\u00e1ssica, bastava dizer \u201cAbre-te, S\u00e9samo!\u201d para que a montanha revelasse seus tesouros. Hoje, contudo, o processo \u00e9 um pouco mais complexo, uma vez que envolve reuni\u00f5es discretas, planilhas incompreens\u00edveis e uma quantidade impressionante de gente que prefere conversar em voz muito baixa.<\/p>\n<p>Nada de errado nisso, claro. Mesmo porque, sil\u00eancio tamb\u00e9m \u00e9 uma forma elevada de comunica\u00e7\u00e3o. Ali\u00e1s, dizem que, quando bem cultivado, o sil\u00eancio pode render colheitas extraordin\u00e1rias. N\u00e3o se trata de esconder nada, longe disso, mas apenas de respeitar o antigo princ\u00edpio da diplomacia universal, ao definir que nem tudo que se sabe precisa necessariamente virar manchete no mesmo dia.<\/p>\n<p>E assim segue o grande campo nacional. De um lado, especialistas tentando entender os n\u00fameros. De outro, curiosos tentando entender as amizades. E no meio disso tudo, uma imensa planta\u00e7\u00e3o de vers\u00f5es, suspeitas, teorias e cochichos.<\/p>\n<p>No fim das contas, talvez o velho significado do nome esteja correto. Porque Vorcaro \u00e9 cultivo. E cultivar, como qualquer agricultor sabe, exige paci\u00eancia, discri\u00e7\u00e3o e uma certa habilidade para saber quando plantar, quando colher e quando simplesmente deixar a terra em sil\u00eancio.<\/p>\n<p>Porque, \u00e0s vezes, o segredo da boa colheita n\u00e3o est\u00e1 no que se planta. Est\u00e1 no que se guarda dentro da caverna, salvo um intempestivo &#8216;Abre-te, S\u00e9samo&#8217;.<\/p>\n<p>&#8230;&#8230;&#8230;&#8230;..<\/p>\n<p><strong>Jos\u00e9 Seabra \u00e9 CEO fundador de Notibras<\/strong><\/p>\n","protected":false},"excerpt":{"rendered":"<p>Dizem os velhos cronistas que certos sobrenomes j\u00e1 nascem com voca\u00e7\u00e3o agr\u00edcola. N\u00e3o necessariamente para plantar milho, feij\u00e3o ou trigo \u2014 mas para cultivar outras lavouras, bem mais sofisticadas. O sobrenome Vorcaro, de origem italiana, por exemplo, significa \u201ccultivo\u201d. E cultivo, como sabemos, \u00e9 uma arte antiga. Na Idade M\u00e9dia, cultivar era simples: arava-se a [&hellip;]<\/p>\n","protected":false},"author":2,"featured_media":385584,"comment_status":"closed","ping_status":"closed","sticky":false,"template":"","format":"standard","meta":{"_acf_changed":false,"footnotes":""},"categories":[16],"tags":[95],"class_list":["post-385583","post","type-post","status-publish","format-standard","has-post-thumbnail","hentry","category-brasil","tag-capa"],"acf":[],"yoast_head":"<!-- This site is optimized with the Yoast SEO plugin v27.2 - https:\/\/yoast.com\/product\/yoast-seo-wordpress\/ -->\n<title>Brasil vive dilema entre ouvir e sil\u00eancio sombrio - Notibras<\/title>\n<meta name=\"robots\" content=\"index, follow, max-snippet:-1, max-image-preview:large, max-video-preview:-1\" \/>\n<link rel=\"canonical\" href=\"https:\/\/www.notibras.com\/site\/brasil-vive-dilema-entre-ouvir-e-silencio-sombrio\/\" \/>\n<meta property=\"og:locale\" content=\"pt_BR\" \/>\n<meta property=\"og:type\" content=\"article\" \/>\n<meta property=\"og:title\" content=\"Brasil vive dilema entre ouvir e sil\u00eancio sombrio - Notibras\" \/>\n<meta property=\"og:description\" content=\"Dizem os velhos cronistas que certos sobrenomes j\u00e1 nascem com voca\u00e7\u00e3o agr\u00edcola. N\u00e3o necessariamente para plantar milho, feij\u00e3o ou trigo \u2014 mas para cultivar outras lavouras, bem mais sofisticadas. O sobrenome Vorcaro, de origem italiana, por exemplo, significa \u201ccultivo\u201d. E cultivo, como sabemos, \u00e9 uma arte antiga. Na Idade M\u00e9dia, cultivar era simples: arava-se a [&hellip;]\" \/>\n<meta property=\"og:url\" content=\"https:\/\/www.notibras.com\/site\/brasil-vive-dilema-entre-ouvir-e-silencio-sombrio\/\" \/>\n<meta property=\"og:site_name\" content=\"Notibras\" \/>\n<meta property=\"article:publisher\" content=\"https:\/\/www.facebook.com\/notibras\/\" \/>\n<meta property=\"article:published_time\" content=\"2026-03-05T04:48:28+00:00\" \/>\n<meta property=\"article:modified_time\" content=\"2026-03-05T12:41:29+00:00\" \/>\n<meta property=\"og:image\" content=\"https:\/\/www.notibras.com\/site\/wp-content\/uploads\/2026\/03\/vorca-2-scaled-e1767922829627-1024x688-1.webp\" \/>\n\t<meta property=\"og:image:width\" content=\"1170\" \/>\n\t<meta property=\"og:image:height\" content=\"700\" \/>\n\t<meta property=\"og:image:type\" content=\"image\/webp\" \/>\n<meta name=\"author\" content=\"Reda\u00e7\u00e3o\" \/>\n<meta name=\"twitter:card\" content=\"summary_large_image\" \/>\n<meta name=\"twitter:creator\" content=\"@Notibras\" \/>\n<meta name=\"twitter:site\" content=\"@Notibras\" \/>\n<meta name=\"twitter:label1\" content=\"Escrito por\" \/>\n\t<meta name=\"twitter:data1\" content=\"Reda\u00e7\u00e3o\" \/>\n\t<meta name=\"twitter:label2\" content=\"Est. tempo de leitura\" \/>\n\t<meta name=\"twitter:data2\" content=\"3 minutos\" \/>\n<script type=\"application\/ld+json\" class=\"yoast-schema-graph\">{\"@context\":\"https:\/\/schema.org\",\"@graph\":[{\"@type\":\"Article\",\"@id\":\"https:\/\/www.notibras.com\/site\/brasil-vive-dilema-entre-ouvir-e-silencio-sombrio\/#article\",\"isPartOf\":{\"@id\":\"https:\/\/www.notibras.com\/site\/brasil-vive-dilema-entre-ouvir-e-silencio-sombrio\/\"},\"author\":{\"name\":\"Reda\u00e7\u00e3o\",\"@id\":\"https:\/\/www.notibras.com\/site\/#\/schema\/person\/36ab0979449956132d3e5b517ea76ac8\"},\"headline\":\"Brasil vive dilema entre ouvir e sil\u00eancio sombrio\",\"datePublished\":\"2026-03-05T04:48:28+00:00\",\"dateModified\":\"2026-03-05T12:41:29+00:00\",\"mainEntityOfPage\":{\"@id\":\"https:\/\/www.notibras.com\/site\/brasil-vive-dilema-entre-ouvir-e-silencio-sombrio\/\"},\"wordCount\":517,\"publisher\":{\"@id\":\"https:\/\/www.notibras.com\/site\/#organization\"},\"image\":{\"@id\":\"https:\/\/www.notibras.com\/site\/brasil-vive-dilema-entre-ouvir-e-silencio-sombrio\/#primaryimage\"},\"thumbnailUrl\":\"https:\/\/www.notibras.com\/site\/wp-content\/uploads\/2026\/03\/vorca-2-scaled-e1767922829627-1024x688-1.webp\",\"keywords\":[\"capa\"],\"articleSection\":[\"Brasil\"],\"inLanguage\":\"pt-BR\"},{\"@type\":\"WebPage\",\"@id\":\"https:\/\/www.notibras.com\/site\/brasil-vive-dilema-entre-ouvir-e-silencio-sombrio\/\",\"url\":\"https:\/\/www.notibras.com\/site\/brasil-vive-dilema-entre-ouvir-e-silencio-sombrio\/\",\"name\":\"Brasil vive dilema entre ouvir e sil\u00eancio sombrio - Notibras\",\"isPartOf\":{\"@id\":\"https:\/\/www.notibras.com\/site\/#website\"},\"primaryImageOfPage\":{\"@id\":\"https:\/\/www.notibras.com\/site\/brasil-vive-dilema-entre-ouvir-e-silencio-sombrio\/#primaryimage\"},\"image\":{\"@id\":\"https:\/\/www.notibras.com\/site\/brasil-vive-dilema-entre-ouvir-e-silencio-sombrio\/#primaryimage\"},\"thumbnailUrl\":\"https:\/\/www.notibras.com\/site\/wp-content\/uploads\/2026\/03\/vorca-2-scaled-e1767922829627-1024x688-1.webp\",\"datePublished\":\"2026-03-05T04:48:28+00:00\",\"dateModified\":\"2026-03-05T12:41:29+00:00\",\"breadcrumb\":{\"@id\":\"https:\/\/www.notibras.com\/site\/brasil-vive-dilema-entre-ouvir-e-silencio-sombrio\/#breadcrumb\"},\"inLanguage\":\"pt-BR\",\"potentialAction\":[{\"@type\":\"ReadAction\",\"target\":[\"https:\/\/www.notibras.com\/site\/brasil-vive-dilema-entre-ouvir-e-silencio-sombrio\/\"]}]},{\"@type\":\"ImageObject\",\"inLanguage\":\"pt-BR\",\"@id\":\"https:\/\/www.notibras.com\/site\/brasil-vive-dilema-entre-ouvir-e-silencio-sombrio\/#primaryimage\",\"url\":\"https:\/\/www.notibras.com\/site\/wp-content\/uploads\/2026\/03\/vorca-2-scaled-e1767922829627-1024x688-1.webp\",\"contentUrl\":\"https:\/\/www.notibras.com\/site\/wp-content\/uploads\/2026\/03\/vorca-2-scaled-e1767922829627-1024x688-1.webp\",\"width\":1170,\"height\":700},{\"@type\":\"BreadcrumbList\",\"@id\":\"https:\/\/www.notibras.com\/site\/brasil-vive-dilema-entre-ouvir-e-silencio-sombrio\/#breadcrumb\",\"itemListElement\":[{\"@type\":\"ListItem\",\"position\":1,\"name\":\"In\u00edcio\",\"item\":\"https:\/\/www.notibras.com\/site\/\"},{\"@type\":\"ListItem\",\"position\":2,\"name\":\"Brasil vive dilema entre ouvir e sil\u00eancio sombrio\"}]},{\"@type\":\"WebSite\",\"@id\":\"https:\/\/www.notibras.com\/site\/#website\",\"url\":\"https:\/\/www.notibras.com\/site\/\",\"name\":\"Notibras\",\"description\":\"Not\u00edcias de Bras\u00edlia, do Brasil e do Mundo\",\"publisher\":{\"@id\":\"https:\/\/www.notibras.com\/site\/#organization\"},\"potentialAction\":[{\"@type\":\"SearchAction\",\"target\":{\"@type\":\"EntryPoint\",\"urlTemplate\":\"https:\/\/www.notibras.com\/site\/?s={search_term_string}\"},\"query-input\":{\"@type\":\"PropertyValueSpecification\",\"valueRequired\":true,\"valueName\":\"search_term_string\"}}],\"inLanguage\":\"pt-BR\"},{\"@type\":\"Organization\",\"@id\":\"https:\/\/www.notibras.com\/site\/#organization\",\"name\":\"Grupo Notibras de Comunica\u00e7\u00e3o\",\"url\":\"https:\/\/www.notibras.com\/site\/\",\"logo\":{\"@type\":\"ImageObject\",\"inLanguage\":\"pt-BR\",\"@id\":\"https:\/\/www.notibras.com\/site\/#\/schema\/logo\/image\/\",\"url\":\"https:\/\/www.notibras.com\/site\/wp-content\/uploads\/2023\/01\/notibras23.png\",\"contentUrl\":\"https:\/\/www.notibras.com\/site\/wp-content\/uploads\/2023\/01\/notibras23.png\",\"width\":350,\"height\":87,\"caption\":\"Grupo Notibras de Comunica\u00e7\u00e3o\"},\"image\":{\"@id\":\"https:\/\/www.notibras.com\/site\/#\/schema\/logo\/image\/\"},\"sameAs\":[\"https:\/\/www.facebook.com\/notibras\/\",\"https:\/\/x.com\/Notibras\",\"https:\/\/www.instagram.com\/notibras\/\"]},{\"@type\":\"Person\",\"@id\":\"https:\/\/www.notibras.com\/site\/#\/schema\/person\/36ab0979449956132d3e5b517ea76ac8\",\"name\":\"Reda\u00e7\u00e3o\",\"image\":{\"@type\":\"ImageObject\",\"inLanguage\":\"pt-BR\",\"@id\":\"https:\/\/secure.gravatar.com\/avatar\/e0a867bdedb85fd243eadf09663511f96fc81e0720a4a42581f334ad4303aa6b?s=96&d=mm&r=g\",\"url\":\"https:\/\/secure.gravatar.com\/avatar\/e0a867bdedb85fd243eadf09663511f96fc81e0720a4a42581f334ad4303aa6b?s=96&d=mm&r=g\",\"contentUrl\":\"https:\/\/secure.gravatar.com\/avatar\/e0a867bdedb85fd243eadf09663511f96fc81e0720a4a42581f334ad4303aa6b?s=96&d=mm&r=g\",\"caption\":\"Reda\u00e7\u00e3o\"}}]}<\/script>\n<!-- \/ Yoast SEO plugin. -->","yoast_head_json":{"title":"Brasil vive dilema entre ouvir e sil\u00eancio sombrio - Notibras","robots":{"index":"index","follow":"follow","max-snippet":"max-snippet:-1","max-image-preview":"max-image-preview:large","max-video-preview":"max-video-preview:-1"},"canonical":"https:\/\/www.notibras.com\/site\/brasil-vive-dilema-entre-ouvir-e-silencio-sombrio\/","og_locale":"pt_BR","og_type":"article","og_title":"Brasil vive dilema entre ouvir e sil\u00eancio sombrio - Notibras","og_description":"Dizem os velhos cronistas que certos sobrenomes j\u00e1 nascem com voca\u00e7\u00e3o agr\u00edcola. N\u00e3o necessariamente para plantar milho, feij\u00e3o ou trigo \u2014 mas para cultivar outras lavouras, bem mais sofisticadas. O sobrenome Vorcaro, de origem italiana, por exemplo, significa \u201ccultivo\u201d. E cultivo, como sabemos, \u00e9 uma arte antiga. Na Idade M\u00e9dia, cultivar era simples: arava-se a [&hellip;]","og_url":"https:\/\/www.notibras.com\/site\/brasil-vive-dilema-entre-ouvir-e-silencio-sombrio\/","og_site_name":"Notibras","article_publisher":"https:\/\/www.facebook.com\/notibras\/","article_published_time":"2026-03-05T04:48:28+00:00","article_modified_time":"2026-03-05T12:41:29+00:00","og_image":[{"width":1170,"height":700,"url":"https:\/\/www.notibras.com\/site\/wp-content\/uploads\/2026\/03\/vorca-2-scaled-e1767922829627-1024x688-1.webp","type":"image\/webp"}],"author":"Reda\u00e7\u00e3o","twitter_card":"summary_large_image","twitter_creator":"@Notibras","twitter_site":"@Notibras","twitter_misc":{"Escrito por":"Reda\u00e7\u00e3o","Est. tempo de leitura":"3 minutos"},"schema":{"@context":"https:\/\/schema.org","@graph":[{"@type":"Article","@id":"https:\/\/www.notibras.com\/site\/brasil-vive-dilema-entre-ouvir-e-silencio-sombrio\/#article","isPartOf":{"@id":"https:\/\/www.notibras.com\/site\/brasil-vive-dilema-entre-ouvir-e-silencio-sombrio\/"},"author":{"name":"Reda\u00e7\u00e3o","@id":"https:\/\/www.notibras.com\/site\/#\/schema\/person\/36ab0979449956132d3e5b517ea76ac8"},"headline":"Brasil vive dilema entre ouvir e sil\u00eancio sombrio","datePublished":"2026-03-05T04:48:28+00:00","dateModified":"2026-03-05T12:41:29+00:00","mainEntityOfPage":{"@id":"https:\/\/www.notibras.com\/site\/brasil-vive-dilema-entre-ouvir-e-silencio-sombrio\/"},"wordCount":517,"publisher":{"@id":"https:\/\/www.notibras.com\/site\/#organization"},"image":{"@id":"https:\/\/www.notibras.com\/site\/brasil-vive-dilema-entre-ouvir-e-silencio-sombrio\/#primaryimage"},"thumbnailUrl":"https:\/\/www.notibras.com\/site\/wp-content\/uploads\/2026\/03\/vorca-2-scaled-e1767922829627-1024x688-1.webp","keywords":["capa"],"articleSection":["Brasil"],"inLanguage":"pt-BR"},{"@type":"WebPage","@id":"https:\/\/www.notibras.com\/site\/brasil-vive-dilema-entre-ouvir-e-silencio-sombrio\/","url":"https:\/\/www.notibras.com\/site\/brasil-vive-dilema-entre-ouvir-e-silencio-sombrio\/","name":"Brasil vive dilema entre ouvir e sil\u00eancio sombrio - Notibras","isPartOf":{"@id":"https:\/\/www.notibras.com\/site\/#website"},"primaryImageOfPage":{"@id":"https:\/\/www.notibras.com\/site\/brasil-vive-dilema-entre-ouvir-e-silencio-sombrio\/#primaryimage"},"image":{"@id":"https:\/\/www.notibras.com\/site\/brasil-vive-dilema-entre-ouvir-e-silencio-sombrio\/#primaryimage"},"thumbnailUrl":"https:\/\/www.notibras.com\/site\/wp-content\/uploads\/2026\/03\/vorca-2-scaled-e1767922829627-1024x688-1.webp","datePublished":"2026-03-05T04:48:28+00:00","dateModified":"2026-03-05T12:41:29+00:00","breadcrumb":{"@id":"https:\/\/www.notibras.com\/site\/brasil-vive-dilema-entre-ouvir-e-silencio-sombrio\/#breadcrumb"},"inLanguage":"pt-BR","potentialAction":[{"@type":"ReadAction","target":["https:\/\/www.notibras.com\/site\/brasil-vive-dilema-entre-ouvir-e-silencio-sombrio\/"]}]},{"@type":"ImageObject","inLanguage":"pt-BR","@id":"https:\/\/www.notibras.com\/site\/brasil-vive-dilema-entre-ouvir-e-silencio-sombrio\/#primaryimage","url":"https:\/\/www.notibras.com\/site\/wp-content\/uploads\/2026\/03\/vorca-2-scaled-e1767922829627-1024x688-1.webp","contentUrl":"https:\/\/www.notibras.com\/site\/wp-content\/uploads\/2026\/03\/vorca-2-scaled-e1767922829627-1024x688-1.webp","width":1170,"height":700},{"@type":"BreadcrumbList","@id":"https:\/\/www.notibras.com\/site\/brasil-vive-dilema-entre-ouvir-e-silencio-sombrio\/#breadcrumb","itemListElement":[{"@type":"ListItem","position":1,"name":"In\u00edcio","item":"https:\/\/www.notibras.com\/site\/"},{"@type":"ListItem","position":2,"name":"Brasil vive dilema entre ouvir e sil\u00eancio sombrio"}]},{"@type":"WebSite","@id":"https:\/\/www.notibras.com\/site\/#website","url":"https:\/\/www.notibras.com\/site\/","name":"Notibras","description":"Not\u00edcias de Bras\u00edlia, do Brasil e do Mundo","publisher":{"@id":"https:\/\/www.notibras.com\/site\/#organization"},"potentialAction":[{"@type":"SearchAction","target":{"@type":"EntryPoint","urlTemplate":"https:\/\/www.notibras.com\/site\/?s={search_term_string}"},"query-input":{"@type":"PropertyValueSpecification","valueRequired":true,"valueName":"search_term_string"}}],"inLanguage":"pt-BR"},{"@type":"Organization","@id":"https:\/\/www.notibras.com\/site\/#organization","name":"Grupo Notibras de Comunica\u00e7\u00e3o","url":"https:\/\/www.notibras.com\/site\/","logo":{"@type":"ImageObject","inLanguage":"pt-BR","@id":"https:\/\/www.notibras.com\/site\/#\/schema\/logo\/image\/","url":"https:\/\/www.notibras.com\/site\/wp-content\/uploads\/2023\/01\/notibras23.png","contentUrl":"https:\/\/www.notibras.com\/site\/wp-content\/uploads\/2023\/01\/notibras23.png","width":350,"height":87,"caption":"Grupo Notibras de Comunica\u00e7\u00e3o"},"image":{"@id":"https:\/\/www.notibras.com\/site\/#\/schema\/logo\/image\/"},"sameAs":["https:\/\/www.facebook.com\/notibras\/","https:\/\/x.com\/Notibras","https:\/\/www.instagram.com\/notibras\/"]},{"@type":"Person","@id":"https:\/\/www.notibras.com\/site\/#\/schema\/person\/36ab0979449956132d3e5b517ea76ac8","name":"Reda\u00e7\u00e3o","image":{"@type":"ImageObject","inLanguage":"pt-BR","@id":"https:\/\/secure.gravatar.com\/avatar\/e0a867bdedb85fd243eadf09663511f96fc81e0720a4a42581f334ad4303aa6b?s=96&d=mm&r=g","url":"https:\/\/secure.gravatar.com\/avatar\/e0a867bdedb85fd243eadf09663511f96fc81e0720a4a42581f334ad4303aa6b?s=96&d=mm&r=g","contentUrl":"https:\/\/secure.gravatar.com\/avatar\/e0a867bdedb85fd243eadf09663511f96fc81e0720a4a42581f334ad4303aa6b?s=96&d=mm&r=g","caption":"Reda\u00e7\u00e3o"}}]}},"amp_enabled":true,"_links":{"self":[{"href":"https:\/\/www.notibras.com\/site\/wp-json\/wp\/v2\/posts\/385583","targetHints":{"allow":["GET"]}}],"collection":[{"href":"https:\/\/www.notibras.com\/site\/wp-json\/wp\/v2\/posts"}],"about":[{"href":"https:\/\/www.notibras.com\/site\/wp-json\/wp\/v2\/types\/post"}],"author":[{"embeddable":true,"href":"https:\/\/www.notibras.com\/site\/wp-json\/wp\/v2\/users\/2"}],"replies":[{"embeddable":true,"href":"https:\/\/www.notibras.com\/site\/wp-json\/wp\/v2\/comments?post=385583"}],"version-history":[{"count":7,"href":"https:\/\/www.notibras.com\/site\/wp-json\/wp\/v2\/posts\/385583\/revisions"}],"predecessor-version":[{"id":385705,"href":"https:\/\/www.notibras.com\/site\/wp-json\/wp\/v2\/posts\/385583\/revisions\/385705"}],"wp:featuredmedia":[{"embeddable":true,"href":"https:\/\/www.notibras.com\/site\/wp-json\/wp\/v2\/media\/385584"}],"wp:attachment":[{"href":"https:\/\/www.notibras.com\/site\/wp-json\/wp\/v2\/media?parent=385583"}],"wp:term":[{"taxonomy":"category","embeddable":true,"href":"https:\/\/www.notibras.com\/site\/wp-json\/wp\/v2\/categories?post=385583"},{"taxonomy":"post_tag","embeddable":true,"href":"https:\/\/www.notibras.com\/site\/wp-json\/wp\/v2\/tags?post=385583"}],"curies":[{"name":"wp","href":"https:\/\/api.w.org\/{rel}","templated":true}]}}