{"id":385589,"date":"2026-03-05T01:15:56","date_gmt":"2026-03-05T04:15:56","guid":{"rendered":"https:\/\/www.notibras.com\/site\/?p=385589"},"modified":"2026-03-04T20:45:10","modified_gmt":"2026-03-04T23:45:10","slug":"policia-apura-7-novas-mortes-suspeitas-na-uti-ligadas-a-tecnicos-presos","status":"publish","type":"post","link":"https:\/\/www.notibras.com\/site\/policia-apura-7-novas-mortes-suspeitas-na-uti-ligadas-a-tecnicos-presos\/","title":{"rendered":"Pol\u00edcia apura 7 novas mortes suspeitas na UTI ligadas a t\u00e9cnicos presos"},"content":{"rendered":"<p>A Pol\u00edcia Civil do Distrito Federal (PCDF) intensificou as investiga\u00e7\u00f5es sobre a conduta de tr\u00eas t\u00e9cnicos de enfermagem presos por suspeita de provocar a morte de pacientes na UTI do Hospital Anchieta, em Taguatinga. Novos desdobramentos apontam para sete novos casos suspeitos ocorridos no ano passado, dos quais tr\u00eas j\u00e1 possuem inqu\u00e9ritos espec\u00edficos abertos. A investiga\u00e7\u00e3o ganhou for\u00e7a ap\u00f3s familiares de pacientes relatarem terem presenciado os suspeitos atuando nos leitos de seus parentes antes dos \u00f3bitos.<\/p>\n<p>Para embasar as acusa\u00e7\u00f5es, os investigadores realizam uma varredura minuciosa em prontu\u00e1rios m\u00e9dicos e nos \u00faltimos exames das v\u00edtimas por meio do Instituto de Medicina Legal (IML). Um entrave nas dilig\u00eancias, no entanto, foi a aus\u00eancia de imagens de seguran\u00e7a de datas espec\u00edficas solicitadas pela pol\u00edcia. Em resposta aos questionamentos, o Hospital Anchieta informou que os registros j\u00e1 haviam sido apagados automaticamente pelo sistema da unidade de sa\u00fade.<\/p>\n<p>Os profissionais envolvidos, Marcos Vin\u00edcius Silva Barbosa de Ara\u00fajo (24), Marcela Camilly Alves da Silva (22) e Amanda Rodrigues de Sousa (28), est\u00e3o com a pris\u00e3o tempor\u00e1ria mantida pela Justi\u00e7a. A medida foi prorrogada por 30 dias para garantir que a pol\u00edcia re\u00fana provas suficientes antes de encaminhar o inqu\u00e9rito ao Minist\u00e9rio P\u00fablico. O prazo para a conclus\u00e3o das investiga\u00e7\u00f5es e a manuten\u00e7\u00e3o da cust\u00f3dia dos suspeitos termina no fim da pr\u00f3xima semana.<\/p>\n<p>Entre as v\u00edtimas j\u00e1 identificadas est\u00e3o Miranilde Pereira da Silva, de 75 anos, Jo\u00e3o Clemente Pereira, de 63 anos, e Marcos Raymundo Fernandes Moreira, de 33 anos. Todos apresentaram quadros cl\u00ednicos que, inicialmente, n\u00e3o indicavam risco iminente de morte, como constipa\u00e7\u00e3o, tontura e dores abdominais. No entanto, os pacientes vieram a \u00f3bito pouco tempo ap\u00f3s darem entrada na Unidade de Terapia Intensiva, sob os cuidados dos t\u00e9cnicos investigados.<\/p>\n<p>Segundo a Pol\u00edcia Civil, o principal suspeito, Marcos Vin\u00edcius, confessou os crimes ap\u00f3s ser confrontado com evid\u00eancias em depoimentos anteriores. Ele admitiu ter utilizado medicamentos em doses excessivas, agindo como veneno contra os pacientes, e em um dos casos, chegou a injetar desinfetante na corrente sangu\u00ednea de uma das v\u00edtimas. As investiga\u00e7\u00f5es apontam que as t\u00e9cnicas Marcela e Amanda teriam dado cobertura \u00e0s a\u00e7\u00f5es do colega durante os plant\u00f5es.<\/p>\n<p>Nesta semana, Marcela e Amanda prestaram novos depoimentos ap\u00f3s serem transferidas temporariamente da Penitenci\u00e1ria da Colmeia para o Departamento de Pol\u00edcia Especializada. Durante as oitivas, que duraram cerca de duas horas e meia, as defesas tentaram desvincular as profissionais da inten\u00e7\u00e3o criminosa de Marcos. Amanda teve um pedido de revoga\u00e7\u00e3o de pris\u00e3o negado pela Justi\u00e7a na \u00faltima semana e segue detida preventivamente.<\/p>\n<p>A defesa de Marcela Camilly sustenta a tese de inoc\u00eancia, alegando que a t\u00e9cnica, por estar em in\u00edcio de carreira e fase de treinamento, acreditava que as inje\u00e7\u00f5es aplicadas pelo colega eram atos ordin\u00e1rios da rotina hospitalar. Segundo seus advogados, ela jamais imaginou que um crime estivesse sendo praticado diante de seus olhos e ressaltam que as quebras de sigilo n\u00e3o revelam qualquer ajuste pr\u00e9vio ou incentivo para a pr\u00e1tica dos homic\u00eddios.<\/p>\n<p>Em nota oficial, o Hospital Anchieta declarou que a pr\u00f3pria institui\u00e7\u00e3o identificou os ind\u00edcios de irregularidades e comunicou o caso \u00e0s autoridades. O hospital afirmou estar colaborando integralmente com a PCDF, fornecendo documentos e informa\u00e7\u00f5es dentro dos prazos legais. Ap\u00f3s a abertura da investiga\u00e7\u00e3o interna, os tr\u00eas t\u00e9cnicos de enfermagem foram sumariamente demitidos pela administra\u00e7\u00e3o da unidade.<\/p>\n","protected":false},"excerpt":{"rendered":"<p>A Pol\u00edcia Civil do Distrito Federal (PCDF) intensificou as investiga\u00e7\u00f5es sobre a conduta de tr\u00eas t\u00e9cnicos de enfermagem presos por suspeita de provocar a morte de pacientes na UTI do Hospital Anchieta, em Taguatinga. Novos desdobramentos apontam para sete novos casos suspeitos ocorridos no ano passado, dos quais tr\u00eas j\u00e1 possuem inqu\u00e9ritos espec\u00edficos abertos. A [&hellip;]<\/p>\n","protected":false},"author":21,"featured_media":385590,"comment_status":"closed","ping_status":"closed","sticky":false,"template":"","format":"standard","meta":{"_acf_changed":false,"footnotes":""},"categories":[161],"tags":[],"class_list":["post-385589","post","type-post","status-publish","format-standard","has-post-thumbnail","hentry","category-quadradinho-em-foco"],"acf":[],"yoast_head":"<!-- This site is optimized with the Yoast SEO plugin v27.2 - https:\/\/yoast.com\/product\/yoast-seo-wordpress\/ -->\n<title>Pol\u00edcia apura 7 novas mortes suspeitas na UTI ligadas a t\u00e9cnicos presos - Notibras<\/title>\n<meta name=\"robots\" content=\"index, follow, max-snippet:-1, max-image-preview:large, max-video-preview:-1\" \/>\n<link rel=\"canonical\" href=\"https:\/\/www.notibras.com\/site\/policia-apura-7-novas-mortes-suspeitas-na-uti-ligadas-a-tecnicos-presos\/\" \/>\n<meta property=\"og:locale\" content=\"pt_BR\" \/>\n<meta property=\"og:type\" content=\"article\" \/>\n<meta property=\"og:title\" content=\"Pol\u00edcia apura 7 novas mortes suspeitas na UTI ligadas a t\u00e9cnicos presos - Notibras\" \/>\n<meta property=\"og:description\" content=\"A Pol\u00edcia Civil do Distrito Federal (PCDF) intensificou as investiga\u00e7\u00f5es sobre a conduta de tr\u00eas t\u00e9cnicos de enfermagem presos por suspeita de provocar a morte de pacientes na UTI do Hospital Anchieta, em Taguatinga. Novos desdobramentos apontam para sete novos casos suspeitos ocorridos no ano passado, dos quais tr\u00eas j\u00e1 possuem inqu\u00e9ritos espec\u00edficos abertos. A [&hellip;]\" \/>\n<meta property=\"og:url\" content=\"https:\/\/www.notibras.com\/site\/policia-apura-7-novas-mortes-suspeitas-na-uti-ligadas-a-tecnicos-presos\/\" \/>\n<meta property=\"og:site_name\" content=\"Notibras\" \/>\n<meta property=\"article:publisher\" content=\"https:\/\/www.facebook.com\/notibras\/\" \/>\n<meta property=\"article:published_time\" content=\"2026-03-05T04:15:56+00:00\" \/>\n<meta property=\"og:image\" content=\"https:\/\/www.notibras.com\/site\/wp-content\/uploads\/2026\/03\/Reproducao_RedesSociais-1.webp\" \/>\n\t<meta property=\"og:image:width\" content=\"665\" \/>\n\t<meta property=\"og:image:height\" content=\"327\" \/>\n\t<meta property=\"og:image:type\" content=\"image\/webp\" \/>\n<meta name=\"author\" content=\"Eduardo Mart\u00ednez\" \/>\n<meta name=\"twitter:card\" content=\"summary_large_image\" \/>\n<meta name=\"twitter:creator\" content=\"@Notibras\" \/>\n<meta name=\"twitter:site\" content=\"@Notibras\" \/>\n<meta name=\"twitter:label1\" content=\"Escrito por\" \/>\n\t<meta name=\"twitter:data1\" content=\"Eduardo Mart\u00ednez\" \/>\n\t<meta name=\"twitter:label2\" content=\"Est. tempo de leitura\" \/>\n\t<meta name=\"twitter:data2\" content=\"4 minutos\" \/>\n<script type=\"application\/ld+json\" class=\"yoast-schema-graph\">{\"@context\":\"https:\/\/schema.org\",\"@graph\":[{\"@type\":\"Article\",\"@id\":\"https:\/\/www.notibras.com\/site\/policia-apura-7-novas-mortes-suspeitas-na-uti-ligadas-a-tecnicos-presos\/#article\",\"isPartOf\":{\"@id\":\"https:\/\/www.notibras.com\/site\/policia-apura-7-novas-mortes-suspeitas-na-uti-ligadas-a-tecnicos-presos\/\"},\"author\":{\"name\":\"Eduardo Mart\u00ednez\",\"@id\":\"https:\/\/www.notibras.com\/site\/#\/schema\/person\/5b7fabf2aedc3ada2105f03b22b4d3dd\"},\"headline\":\"Pol\u00edcia apura 7 novas mortes suspeitas na UTI ligadas a t\u00e9cnicos presos\",\"datePublished\":\"2026-03-05T04:15:56+00:00\",\"mainEntityOfPage\":{\"@id\":\"https:\/\/www.notibras.com\/site\/policia-apura-7-novas-mortes-suspeitas-na-uti-ligadas-a-tecnicos-presos\/\"},\"wordCount\":630,\"publisher\":{\"@id\":\"https:\/\/www.notibras.com\/site\/#organization\"},\"image\":{\"@id\":\"https:\/\/www.notibras.com\/site\/policia-apura-7-novas-mortes-suspeitas-na-uti-ligadas-a-tecnicos-presos\/#primaryimage\"},\"thumbnailUrl\":\"https:\/\/www.notibras.com\/site\/wp-content\/uploads\/2026\/03\/Reproducao_RedesSociais-1.webp\",\"articleSection\":[\"Quadradinho em Foco\"],\"inLanguage\":\"pt-BR\"},{\"@type\":\"WebPage\",\"@id\":\"https:\/\/www.notibras.com\/site\/policia-apura-7-novas-mortes-suspeitas-na-uti-ligadas-a-tecnicos-presos\/\",\"url\":\"https:\/\/www.notibras.com\/site\/policia-apura-7-novas-mortes-suspeitas-na-uti-ligadas-a-tecnicos-presos\/\",\"name\":\"Pol\u00edcia apura 7 novas mortes suspeitas na UTI ligadas a t\u00e9cnicos presos - Notibras\",\"isPartOf\":{\"@id\":\"https:\/\/www.notibras.com\/site\/#website\"},\"primaryImageOfPage\":{\"@id\":\"https:\/\/www.notibras.com\/site\/policia-apura-7-novas-mortes-suspeitas-na-uti-ligadas-a-tecnicos-presos\/#primaryimage\"},\"image\":{\"@id\":\"https:\/\/www.notibras.com\/site\/policia-apura-7-novas-mortes-suspeitas-na-uti-ligadas-a-tecnicos-presos\/#primaryimage\"},\"thumbnailUrl\":\"https:\/\/www.notibras.com\/site\/wp-content\/uploads\/2026\/03\/Reproducao_RedesSociais-1.webp\",\"datePublished\":\"2026-03-05T04:15:56+00:00\",\"breadcrumb\":{\"@id\":\"https:\/\/www.notibras.com\/site\/policia-apura-7-novas-mortes-suspeitas-na-uti-ligadas-a-tecnicos-presos\/#breadcrumb\"},\"inLanguage\":\"pt-BR\",\"potentialAction\":[{\"@type\":\"ReadAction\",\"target\":[\"https:\/\/www.notibras.com\/site\/policia-apura-7-novas-mortes-suspeitas-na-uti-ligadas-a-tecnicos-presos\/\"]}]},{\"@type\":\"ImageObject\",\"inLanguage\":\"pt-BR\",\"@id\":\"https:\/\/www.notibras.com\/site\/policia-apura-7-novas-mortes-suspeitas-na-uti-ligadas-a-tecnicos-presos\/#primaryimage\",\"url\":\"https:\/\/www.notibras.com\/site\/wp-content\/uploads\/2026\/03\/Reproducao_RedesSociais-1.webp\",\"contentUrl\":\"https:\/\/www.notibras.com\/site\/wp-content\/uploads\/2026\/03\/Reproducao_RedesSociais-1.webp\",\"width\":665,\"height\":327},{\"@type\":\"BreadcrumbList\",\"@id\":\"https:\/\/www.notibras.com\/site\/policia-apura-7-novas-mortes-suspeitas-na-uti-ligadas-a-tecnicos-presos\/#breadcrumb\",\"itemListElement\":[{\"@type\":\"ListItem\",\"position\":1,\"name\":\"In\u00edcio\",\"item\":\"https:\/\/www.notibras.com\/site\/\"},{\"@type\":\"ListItem\",\"position\":2,\"name\":\"Pol\u00edcia apura 7 novas mortes suspeitas na UTI ligadas a t\u00e9cnicos presos\"}]},{\"@type\":\"WebSite\",\"@id\":\"https:\/\/www.notibras.com\/site\/#website\",\"url\":\"https:\/\/www.notibras.com\/site\/\",\"name\":\"Notibras\",\"description\":\"Not\u00edcias de Bras\u00edlia, do Brasil e do Mundo\",\"publisher\":{\"@id\":\"https:\/\/www.notibras.com\/site\/#organization\"},\"potentialAction\":[{\"@type\":\"SearchAction\",\"target\":{\"@type\":\"EntryPoint\",\"urlTemplate\":\"https:\/\/www.notibras.com\/site\/?s={search_term_string}\"},\"query-input\":{\"@type\":\"PropertyValueSpecification\",\"valueRequired\":true,\"valueName\":\"search_term_string\"}}],\"inLanguage\":\"pt-BR\"},{\"@type\":\"Organization\",\"@id\":\"https:\/\/www.notibras.com\/site\/#organization\",\"name\":\"Grupo Notibras de Comunica\u00e7\u00e3o\",\"url\":\"https:\/\/www.notibras.com\/site\/\",\"logo\":{\"@type\":\"ImageObject\",\"inLanguage\":\"pt-BR\",\"@id\":\"https:\/\/www.notibras.com\/site\/#\/schema\/logo\/image\/\",\"url\":\"https:\/\/www.notibras.com\/site\/wp-content\/uploads\/2023\/01\/notibras23.png\",\"contentUrl\":\"https:\/\/www.notibras.com\/site\/wp-content\/uploads\/2023\/01\/notibras23.png\",\"width\":350,\"height\":87,\"caption\":\"Grupo Notibras de Comunica\u00e7\u00e3o\"},\"image\":{\"@id\":\"https:\/\/www.notibras.com\/site\/#\/schema\/logo\/image\/\"},\"sameAs\":[\"https:\/\/www.facebook.com\/notibras\/\",\"https:\/\/x.com\/Notibras\",\"https:\/\/www.instagram.com\/notibras\/\"]},{\"@type\":\"Person\",\"@id\":\"https:\/\/www.notibras.com\/site\/#\/schema\/person\/5b7fabf2aedc3ada2105f03b22b4d3dd\",\"name\":\"Eduardo Mart\u00ednez\",\"image\":{\"@type\":\"ImageObject\",\"inLanguage\":\"pt-BR\",\"@id\":\"https:\/\/secure.gravatar.com\/avatar\/7902f906289926289cbcda644b5197c796b893c6ffd7b9a536a42d290f7704a0?s=96&d=mm&r=g\",\"url\":\"https:\/\/secure.gravatar.com\/avatar\/7902f906289926289cbcda644b5197c796b893c6ffd7b9a536a42d290f7704a0?s=96&d=mm&r=g\",\"contentUrl\":\"https:\/\/secure.gravatar.com\/avatar\/7902f906289926289cbcda644b5197c796b893c6ffd7b9a536a42d290f7704a0?s=96&d=mm&r=g\",\"caption\":\"Eduardo Mart\u00ednez\"}}]}<\/script>\n<!-- \/ Yoast SEO plugin. -->","yoast_head_json":{"title":"Pol\u00edcia apura 7 novas mortes suspeitas na UTI ligadas a t\u00e9cnicos presos - Notibras","robots":{"index":"index","follow":"follow","max-snippet":"max-snippet:-1","max-image-preview":"max-image-preview:large","max-video-preview":"max-video-preview:-1"},"canonical":"https:\/\/www.notibras.com\/site\/policia-apura-7-novas-mortes-suspeitas-na-uti-ligadas-a-tecnicos-presos\/","og_locale":"pt_BR","og_type":"article","og_title":"Pol\u00edcia apura 7 novas mortes suspeitas na UTI ligadas a t\u00e9cnicos presos - Notibras","og_description":"A Pol\u00edcia Civil do Distrito Federal (PCDF) intensificou as investiga\u00e7\u00f5es sobre a conduta de tr\u00eas t\u00e9cnicos de enfermagem presos por suspeita de provocar a morte de pacientes na UTI do Hospital Anchieta, em Taguatinga. Novos desdobramentos apontam para sete novos casos suspeitos ocorridos no ano passado, dos quais tr\u00eas j\u00e1 possuem inqu\u00e9ritos espec\u00edficos abertos. A [&hellip;]","og_url":"https:\/\/www.notibras.com\/site\/policia-apura-7-novas-mortes-suspeitas-na-uti-ligadas-a-tecnicos-presos\/","og_site_name":"Notibras","article_publisher":"https:\/\/www.facebook.com\/notibras\/","article_published_time":"2026-03-05T04:15:56+00:00","og_image":[{"width":665,"height":327,"url":"https:\/\/www.notibras.com\/site\/wp-content\/uploads\/2026\/03\/Reproducao_RedesSociais-1.webp","type":"image\/webp"}],"author":"Eduardo Mart\u00ednez","twitter_card":"summary_large_image","twitter_creator":"@Notibras","twitter_site":"@Notibras","twitter_misc":{"Escrito por":"Eduardo Mart\u00ednez","Est. tempo de leitura":"4 minutos"},"schema":{"@context":"https:\/\/schema.org","@graph":[{"@type":"Article","@id":"https:\/\/www.notibras.com\/site\/policia-apura-7-novas-mortes-suspeitas-na-uti-ligadas-a-tecnicos-presos\/#article","isPartOf":{"@id":"https:\/\/www.notibras.com\/site\/policia-apura-7-novas-mortes-suspeitas-na-uti-ligadas-a-tecnicos-presos\/"},"author":{"name":"Eduardo Mart\u00ednez","@id":"https:\/\/www.notibras.com\/site\/#\/schema\/person\/5b7fabf2aedc3ada2105f03b22b4d3dd"},"headline":"Pol\u00edcia apura 7 novas mortes suspeitas na UTI ligadas a t\u00e9cnicos presos","datePublished":"2026-03-05T04:15:56+00:00","mainEntityOfPage":{"@id":"https:\/\/www.notibras.com\/site\/policia-apura-7-novas-mortes-suspeitas-na-uti-ligadas-a-tecnicos-presos\/"},"wordCount":630,"publisher":{"@id":"https:\/\/www.notibras.com\/site\/#organization"},"image":{"@id":"https:\/\/www.notibras.com\/site\/policia-apura-7-novas-mortes-suspeitas-na-uti-ligadas-a-tecnicos-presos\/#primaryimage"},"thumbnailUrl":"https:\/\/www.notibras.com\/site\/wp-content\/uploads\/2026\/03\/Reproducao_RedesSociais-1.webp","articleSection":["Quadradinho em Foco"],"inLanguage":"pt-BR"},{"@type":"WebPage","@id":"https:\/\/www.notibras.com\/site\/policia-apura-7-novas-mortes-suspeitas-na-uti-ligadas-a-tecnicos-presos\/","url":"https:\/\/www.notibras.com\/site\/policia-apura-7-novas-mortes-suspeitas-na-uti-ligadas-a-tecnicos-presos\/","name":"Pol\u00edcia apura 7 novas mortes suspeitas na UTI ligadas a t\u00e9cnicos presos - Notibras","isPartOf":{"@id":"https:\/\/www.notibras.com\/site\/#website"},"primaryImageOfPage":{"@id":"https:\/\/www.notibras.com\/site\/policia-apura-7-novas-mortes-suspeitas-na-uti-ligadas-a-tecnicos-presos\/#primaryimage"},"image":{"@id":"https:\/\/www.notibras.com\/site\/policia-apura-7-novas-mortes-suspeitas-na-uti-ligadas-a-tecnicos-presos\/#primaryimage"},"thumbnailUrl":"https:\/\/www.notibras.com\/site\/wp-content\/uploads\/2026\/03\/Reproducao_RedesSociais-1.webp","datePublished":"2026-03-05T04:15:56+00:00","breadcrumb":{"@id":"https:\/\/www.notibras.com\/site\/policia-apura-7-novas-mortes-suspeitas-na-uti-ligadas-a-tecnicos-presos\/#breadcrumb"},"inLanguage":"pt-BR","potentialAction":[{"@type":"ReadAction","target":["https:\/\/www.notibras.com\/site\/policia-apura-7-novas-mortes-suspeitas-na-uti-ligadas-a-tecnicos-presos\/"]}]},{"@type":"ImageObject","inLanguage":"pt-BR","@id":"https:\/\/www.notibras.com\/site\/policia-apura-7-novas-mortes-suspeitas-na-uti-ligadas-a-tecnicos-presos\/#primaryimage","url":"https:\/\/www.notibras.com\/site\/wp-content\/uploads\/2026\/03\/Reproducao_RedesSociais-1.webp","contentUrl":"https:\/\/www.notibras.com\/site\/wp-content\/uploads\/2026\/03\/Reproducao_RedesSociais-1.webp","width":665,"height":327},{"@type":"BreadcrumbList","@id":"https:\/\/www.notibras.com\/site\/policia-apura-7-novas-mortes-suspeitas-na-uti-ligadas-a-tecnicos-presos\/#breadcrumb","itemListElement":[{"@type":"ListItem","position":1,"name":"In\u00edcio","item":"https:\/\/www.notibras.com\/site\/"},{"@type":"ListItem","position":2,"name":"Pol\u00edcia apura 7 novas mortes suspeitas na UTI ligadas a t\u00e9cnicos presos"}]},{"@type":"WebSite","@id":"https:\/\/www.notibras.com\/site\/#website","url":"https:\/\/www.notibras.com\/site\/","name":"Notibras","description":"Not\u00edcias de Bras\u00edlia, do Brasil e do Mundo","publisher":{"@id":"https:\/\/www.notibras.com\/site\/#organization"},"potentialAction":[{"@type":"SearchAction","target":{"@type":"EntryPoint","urlTemplate":"https:\/\/www.notibras.com\/site\/?s={search_term_string}"},"query-input":{"@type":"PropertyValueSpecification","valueRequired":true,"valueName":"search_term_string"}}],"inLanguage":"pt-BR"},{"@type":"Organization","@id":"https:\/\/www.notibras.com\/site\/#organization","name":"Grupo Notibras de Comunica\u00e7\u00e3o","url":"https:\/\/www.notibras.com\/site\/","logo":{"@type":"ImageObject","inLanguage":"pt-BR","@id":"https:\/\/www.notibras.com\/site\/#\/schema\/logo\/image\/","url":"https:\/\/www.notibras.com\/site\/wp-content\/uploads\/2023\/01\/notibras23.png","contentUrl":"https:\/\/www.notibras.com\/site\/wp-content\/uploads\/2023\/01\/notibras23.png","width":350,"height":87,"caption":"Grupo Notibras de Comunica\u00e7\u00e3o"},"image":{"@id":"https:\/\/www.notibras.com\/site\/#\/schema\/logo\/image\/"},"sameAs":["https:\/\/www.facebook.com\/notibras\/","https:\/\/x.com\/Notibras","https:\/\/www.instagram.com\/notibras\/"]},{"@type":"Person","@id":"https:\/\/www.notibras.com\/site\/#\/schema\/person\/5b7fabf2aedc3ada2105f03b22b4d3dd","name":"Eduardo Mart\u00ednez","image":{"@type":"ImageObject","inLanguage":"pt-BR","@id":"https:\/\/secure.gravatar.com\/avatar\/7902f906289926289cbcda644b5197c796b893c6ffd7b9a536a42d290f7704a0?s=96&d=mm&r=g","url":"https:\/\/secure.gravatar.com\/avatar\/7902f906289926289cbcda644b5197c796b893c6ffd7b9a536a42d290f7704a0?s=96&d=mm&r=g","contentUrl":"https:\/\/secure.gravatar.com\/avatar\/7902f906289926289cbcda644b5197c796b893c6ffd7b9a536a42d290f7704a0?s=96&d=mm&r=g","caption":"Eduardo Mart\u00ednez"}}]}},"amp_enabled":true,"_links":{"self":[{"href":"https:\/\/www.notibras.com\/site\/wp-json\/wp\/v2\/posts\/385589","targetHints":{"allow":["GET"]}}],"collection":[{"href":"https:\/\/www.notibras.com\/site\/wp-json\/wp\/v2\/posts"}],"about":[{"href":"https:\/\/www.notibras.com\/site\/wp-json\/wp\/v2\/types\/post"}],"author":[{"embeddable":true,"href":"https:\/\/www.notibras.com\/site\/wp-json\/wp\/v2\/users\/21"}],"replies":[{"embeddable":true,"href":"https:\/\/www.notibras.com\/site\/wp-json\/wp\/v2\/comments?post=385589"}],"version-history":[{"count":2,"href":"https:\/\/www.notibras.com\/site\/wp-json\/wp\/v2\/posts\/385589\/revisions"}],"predecessor-version":[{"id":385592,"href":"https:\/\/www.notibras.com\/site\/wp-json\/wp\/v2\/posts\/385589\/revisions\/385592"}],"wp:featuredmedia":[{"embeddable":true,"href":"https:\/\/www.notibras.com\/site\/wp-json\/wp\/v2\/media\/385590"}],"wp:attachment":[{"href":"https:\/\/www.notibras.com\/site\/wp-json\/wp\/v2\/media?parent=385589"}],"wp:term":[{"taxonomy":"category","embeddable":true,"href":"https:\/\/www.notibras.com\/site\/wp-json\/wp\/v2\/categories?post=385589"},{"taxonomy":"post_tag","embeddable":true,"href":"https:\/\/www.notibras.com\/site\/wp-json\/wp\/v2\/tags?post=385589"}],"curies":[{"name":"wp","href":"https:\/\/api.w.org\/{rel}","templated":true}]}}