{"id":385608,"date":"2026-03-05T01:00:39","date_gmt":"2026-03-05T04:00:39","guid":{"rendered":"https:\/\/www.notibras.com\/site\/?p=385608"},"modified":"2026-03-04T21:48:53","modified_gmt":"2026-03-05T00:48:53","slug":"entre-poetas-e-poesias","status":"publish","type":"post","link":"https:\/\/www.notibras.com\/site\/entre-poetas-e-poesias\/","title":{"rendered":"Entre poetas e poesias"},"content":{"rendered":"<p>Aqueles dois se esbarraram pela primeira vez em uma livraria em Salvador. J\u00falio, rapazola dos seus 20 anos, folheava Manuel Bandeira. De t\u00e3o absorvido com a leitura, n\u00e3o percebeu quando Maria L\u00facia, mulher j\u00e1 passada dos 70, adentrou no recinto. Ela se dirigiu ao balc\u00e3o e, voz firme, perguntou sobre novos poetas.<\/p>\n<p>\u2014 Daniel Marchi. Conhece?<\/p>\n<p>\u2014 N\u00e3o. \u00c9 italiano?<\/p>\n<p>\u2014 Carioca, mas o sobrenome parece que \u00e9 italiano.<\/p>\n<p>\u2014 Hum! Interessante! Da minha terra.<\/p>\n<p>\u2014 A senhora \u00e9 italiana?<\/p>\n<p>\u2014 Carioca.<\/p>\n<p>O atendente entregou um exemplar de &#8216;A verdade nos seres&#8217; para a cliente, que come\u00e7ou a manuse\u00e1-lo com bastante interesse. Foi a\u00ed que J\u00falio notou a presen\u00e7a da senhora, o que comprova a tese de que leitores s\u00e3o atra\u00eddos por outros leitores. Seus olhares se cruzaram e um inevit\u00e1vel e quase impercept\u00edvel sorriso surgiu nos l\u00e1bios dos dois.<\/p>\n<p>\u2014 Hum! T\u00e1 de Bandeira?<\/p>\n<p>\u2014 Como?<\/p>\n<p>\u2014 Manuel Bandeira.<\/p>\n<p>\u2014 Ah, sim. Gosta?<\/p>\n<p>\u2014 Muito.<\/p>\n<p>\u2014 E a senhora?<\/p>\n<p>\u2014 Marchi. Daniel Marchi. Conhece?<\/p>\n<p>\u2014 Ouvi falar. \u00c9 bom?<\/p>\n<p>\u2014 T\u00f4 descobrindo agora.<\/p>\n<p>\u2014 Ent\u00e3o, depois a senhora me conta.<\/p>\n<p>\u2014 Maria L\u00facia. E voc\u00ea?<\/p>\n<p>\u2014 J\u00falio.<\/p>\n<p>No m\u00eas seguinte, aqueles leitores se encontraram novamente na mesma livraria. Ela estava na parte dedicada a novos autores, quando J\u00falio entrou. Ele buscava por Drummond, mas n\u00e3o descartava levar algo de Vinicius, se bem que andava encantado com Ad\u00e9lia Prado. Na d\u00favida, o rapaz acabou deixando o carioca de lado e levou um livro de Drummond e outro de Ad\u00e9lia.<\/p>\n<p>\u2014 Hum! Ad\u00e9lia e Drummond s\u00e3o excelentes, J\u00falio.<\/p>\n<p>\u2014 Sim. E o que voc\u00ea comprou?<\/p>\n<p>\u2014 &#8220;O diagn\u00f3stico do espelho&#8221;, da Sarah Munck. Conhece?<\/p>\n<p>\u2014 Hum&#8230; Parece que sim. Ela \u00e9 mineira, n\u00e9?<\/p>\n<p>\u2014 Sim, de Juiz de Fora.<\/p>\n<p>\u2014 Olha que coincid\u00eancia, Maria L\u00facia.<\/p>\n<p>\u2014 O qu\u00ea?<\/p>\n<p>\u2014 Hoje decidimos pelos mineiros.<\/p>\n<p>\u2014 \u00c9 verdade.<\/p>\n<p>Ao longo do ano, la\u00e7os se formaram entre a velha e o jovem, como se idades n\u00e3o passassem de meras data\u00e7\u00f5es. \u00c9 verdade que Maria L\u00facia era mais vivida, mas J\u00falio tinha l\u00e1 suas viv\u00eancias pr\u00f3prias, muitas nem sonhadas pela amiga.<\/p>\n<p>\u2014 Meus filhos, todos criados, que poderiam ser seus pais, n\u00e3o me d\u00e3o tanto trabalho.<\/p>\n<p>\u2014 Qual a idade deles?<\/p>\n<p>\u2014 O mais novo est\u00e1 com 45.<\/p>\n<p>\u2014 Idade da minha m\u00e3e. Papai j\u00e1 tem 52. E o seu marido?<\/p>\n<p>\u2014 Ah, um chato.<\/p>\n<p>\u2014 Hum&#8230;<\/p>\n<p>\u2014 Marido d\u00e1 muito trabalho, estou cansada, esgotada. o Augusto sempre teve uma mulher para escorar. Era a m\u00e3e, depois as irm\u00e3s, depois em mim.<\/p>\n<p>\u2014 Espero n\u00e3o ser um estorvo pra minha esposa.<\/p>\n<p>\u2014 \u00c9 casado?<\/p>\n<p>\u2014 N\u00e3o, ainda n\u00e3o. Nem tenho namorada. Quer dizer, eu tinha, mas ela n\u00e3o quis mais.<\/p>\n<p>\u2014 Amores v\u00e3o e v\u00eam.<\/p>\n<p>\u2014 \u00c9 verdade, Maria L\u00facia.<\/p>\n<p>Os dois amigos continuam frequentando a mesma livraria, seja em busca de novos autores, seja remexendo os antigos. Trocam confid\u00eancias ou, ent\u00e3o, tomam caf\u00e9 enquanto leem uma poesia. E a vida segue, apesar da maioria parecer mais preocupada com as mensagens, todas urgentes, que chegam pelo celular.<\/p>\n<p><strong>\u2026\u2026\u2026\u2026\u2026\u2026\u2026\u2026<\/strong><\/p>\n<p><strong>Eduardo Mart\u00ednez \u00e9 autor do livro \u201957 Contos e Cr\u00f4nicas por um Autor Muito Velho\u2019 (Vencedor do Pr\u00eamio Liter\u00e1rio Clarice Lispector \u2013 2025 na categoria livro de contos).<\/strong><\/p>\n<p><strong>Compre aqui<\/strong><\/p>\n<p><a href=\"https:\/\/www.joanineditora.com.br\/57-contos-e-cronicas-por-um-autor-muito-velho\"><strong>https:\/\/www.joanineditora.com.br\/57-contos-e-cronicas-por-um-autor-muito-velho<\/strong><\/a><\/p>\n<div id=\"wpdevar_comment_4\"><\/div>\n","protected":false},"excerpt":{"rendered":"<p>Aqueles dois se esbarraram pela primeira vez em uma livraria em Salvador. J\u00falio, rapazola dos seus 20 anos, folheava Manuel Bandeira. De t\u00e3o absorvido com a leitura, n\u00e3o percebeu quando Maria L\u00facia, mulher j\u00e1 passada dos 70, adentrou no recinto. Ela se dirigiu ao balc\u00e3o e, voz firme, perguntou sobre novos poetas. \u2014 Daniel Marchi. [&hellip;]<\/p>\n","protected":false},"author":21,"featured_media":385611,"comment_status":"closed","ping_status":"closed","sticky":false,"template":"","format":"standard","meta":{"_acf_changed":false,"footnotes":""},"categories":[234],"tags":[],"class_list":["post-385608","post","type-post","status-publish","format-standard","has-post-thumbnail","hentry","category-cafe-literario"],"acf":[],"yoast_head":"<!-- This site is optimized with the Yoast SEO plugin v27.2 - https:\/\/yoast.com\/product\/yoast-seo-wordpress\/ -->\n<title>Entre poetas e poesias - Notibras<\/title>\n<meta name=\"robots\" content=\"index, follow, max-snippet:-1, max-image-preview:large, max-video-preview:-1\" \/>\n<link rel=\"canonical\" href=\"https:\/\/www.notibras.com\/site\/entre-poetas-e-poesias\/\" \/>\n<meta property=\"og:locale\" content=\"pt_BR\" \/>\n<meta property=\"og:type\" content=\"article\" \/>\n<meta property=\"og:title\" content=\"Entre poetas e poesias - Notibras\" \/>\n<meta property=\"og:description\" content=\"Aqueles dois se esbarraram pela primeira vez em uma livraria em Salvador. J\u00falio, rapazola dos seus 20 anos, folheava Manuel Bandeira. De t\u00e3o absorvido com a leitura, n\u00e3o percebeu quando Maria L\u00facia, mulher j\u00e1 passada dos 70, adentrou no recinto. Ela se dirigiu ao balc\u00e3o e, voz firme, perguntou sobre novos poetas. \u2014 Daniel Marchi. [&hellip;]\" \/>\n<meta property=\"og:url\" content=\"https:\/\/www.notibras.com\/site\/entre-poetas-e-poesias\/\" \/>\n<meta property=\"og:site_name\" content=\"Notibras\" \/>\n<meta property=\"article:publisher\" content=\"https:\/\/www.facebook.com\/notibras\/\" \/>\n<meta property=\"article:published_time\" content=\"2026-03-05T04:00:39+00:00\" \/>\n<meta property=\"og:image\" content=\"https:\/\/www.notibras.com\/site\/wp-content\/uploads\/2026\/03\/ec56e447-449e-4652-91c9-e7933f39b69c.jpg\" \/>\n\t<meta property=\"og:image:width\" content=\"885\" \/>\n\t<meta property=\"og:image:height\" content=\"559\" \/>\n\t<meta property=\"og:image:type\" content=\"image\/jpeg\" \/>\n<meta name=\"author\" content=\"Eduardo Mart\u00ednez\" \/>\n<meta name=\"twitter:card\" content=\"summary_large_image\" \/>\n<meta name=\"twitter:creator\" content=\"@Notibras\" \/>\n<meta name=\"twitter:site\" content=\"@Notibras\" \/>\n<meta name=\"twitter:label1\" content=\"Escrito por\" \/>\n\t<meta name=\"twitter:data1\" content=\"Eduardo Mart\u00ednez\" \/>\n\t<meta name=\"twitter:label2\" content=\"Est. tempo de leitura\" \/>\n\t<meta name=\"twitter:data2\" content=\"3 minutos\" \/>\n<script type=\"application\/ld+json\" class=\"yoast-schema-graph\">{\"@context\":\"https:\/\/schema.org\",\"@graph\":[{\"@type\":\"Article\",\"@id\":\"https:\/\/www.notibras.com\/site\/entre-poetas-e-poesias\/#article\",\"isPartOf\":{\"@id\":\"https:\/\/www.notibras.com\/site\/entre-poetas-e-poesias\/\"},\"author\":{\"name\":\"Eduardo Mart\u00ednez\",\"@id\":\"https:\/\/www.notibras.com\/site\/#\/schema\/person\/5b7fabf2aedc3ada2105f03b22b4d3dd\"},\"headline\":\"Entre poetas e poesias\",\"datePublished\":\"2026-03-05T04:00:39+00:00\",\"mainEntityOfPage\":{\"@id\":\"https:\/\/www.notibras.com\/site\/entre-poetas-e-poesias\/\"},\"wordCount\":541,\"publisher\":{\"@id\":\"https:\/\/www.notibras.com\/site\/#organization\"},\"image\":{\"@id\":\"https:\/\/www.notibras.com\/site\/entre-poetas-e-poesias\/#primaryimage\"},\"thumbnailUrl\":\"https:\/\/www.notibras.com\/site\/wp-content\/uploads\/2026\/03\/ec56e447-449e-4652-91c9-e7933f39b69c.jpg\",\"articleSection\":[\"Caf\u00e9 Liter\u00e1rio\"],\"inLanguage\":\"pt-BR\"},{\"@type\":\"WebPage\",\"@id\":\"https:\/\/www.notibras.com\/site\/entre-poetas-e-poesias\/\",\"url\":\"https:\/\/www.notibras.com\/site\/entre-poetas-e-poesias\/\",\"name\":\"Entre poetas e poesias - Notibras\",\"isPartOf\":{\"@id\":\"https:\/\/www.notibras.com\/site\/#website\"},\"primaryImageOfPage\":{\"@id\":\"https:\/\/www.notibras.com\/site\/entre-poetas-e-poesias\/#primaryimage\"},\"image\":{\"@id\":\"https:\/\/www.notibras.com\/site\/entre-poetas-e-poesias\/#primaryimage\"},\"thumbnailUrl\":\"https:\/\/www.notibras.com\/site\/wp-content\/uploads\/2026\/03\/ec56e447-449e-4652-91c9-e7933f39b69c.jpg\",\"datePublished\":\"2026-03-05T04:00:39+00:00\",\"breadcrumb\":{\"@id\":\"https:\/\/www.notibras.com\/site\/entre-poetas-e-poesias\/#breadcrumb\"},\"inLanguage\":\"pt-BR\",\"potentialAction\":[{\"@type\":\"ReadAction\",\"target\":[\"https:\/\/www.notibras.com\/site\/entre-poetas-e-poesias\/\"]}]},{\"@type\":\"ImageObject\",\"inLanguage\":\"pt-BR\",\"@id\":\"https:\/\/www.notibras.com\/site\/entre-poetas-e-poesias\/#primaryimage\",\"url\":\"https:\/\/www.notibras.com\/site\/wp-content\/uploads\/2026\/03\/ec56e447-449e-4652-91c9-e7933f39b69c.jpg\",\"contentUrl\":\"https:\/\/www.notibras.com\/site\/wp-content\/uploads\/2026\/03\/ec56e447-449e-4652-91c9-e7933f39b69c.jpg\",\"width\":885,\"height\":559},{\"@type\":\"BreadcrumbList\",\"@id\":\"https:\/\/www.notibras.com\/site\/entre-poetas-e-poesias\/#breadcrumb\",\"itemListElement\":[{\"@type\":\"ListItem\",\"position\":1,\"name\":\"In\u00edcio\",\"item\":\"https:\/\/www.notibras.com\/site\/\"},{\"@type\":\"ListItem\",\"position\":2,\"name\":\"Entre poetas e poesias\"}]},{\"@type\":\"WebSite\",\"@id\":\"https:\/\/www.notibras.com\/site\/#website\",\"url\":\"https:\/\/www.notibras.com\/site\/\",\"name\":\"Notibras\",\"description\":\"Not\u00edcias de Bras\u00edlia, do Brasil e do Mundo\",\"publisher\":{\"@id\":\"https:\/\/www.notibras.com\/site\/#organization\"},\"potentialAction\":[{\"@type\":\"SearchAction\",\"target\":{\"@type\":\"EntryPoint\",\"urlTemplate\":\"https:\/\/www.notibras.com\/site\/?s={search_term_string}\"},\"query-input\":{\"@type\":\"PropertyValueSpecification\",\"valueRequired\":true,\"valueName\":\"search_term_string\"}}],\"inLanguage\":\"pt-BR\"},{\"@type\":\"Organization\",\"@id\":\"https:\/\/www.notibras.com\/site\/#organization\",\"name\":\"Grupo Notibras de Comunica\u00e7\u00e3o\",\"url\":\"https:\/\/www.notibras.com\/site\/\",\"logo\":{\"@type\":\"ImageObject\",\"inLanguage\":\"pt-BR\",\"@id\":\"https:\/\/www.notibras.com\/site\/#\/schema\/logo\/image\/\",\"url\":\"https:\/\/www.notibras.com\/site\/wp-content\/uploads\/2023\/01\/notibras23.png\",\"contentUrl\":\"https:\/\/www.notibras.com\/site\/wp-content\/uploads\/2023\/01\/notibras23.png\",\"width\":350,\"height\":87,\"caption\":\"Grupo Notibras de Comunica\u00e7\u00e3o\"},\"image\":{\"@id\":\"https:\/\/www.notibras.com\/site\/#\/schema\/logo\/image\/\"},\"sameAs\":[\"https:\/\/www.facebook.com\/notibras\/\",\"https:\/\/x.com\/Notibras\",\"https:\/\/www.instagram.com\/notibras\/\"]},{\"@type\":\"Person\",\"@id\":\"https:\/\/www.notibras.com\/site\/#\/schema\/person\/5b7fabf2aedc3ada2105f03b22b4d3dd\",\"name\":\"Eduardo Mart\u00ednez\",\"image\":{\"@type\":\"ImageObject\",\"inLanguage\":\"pt-BR\",\"@id\":\"https:\/\/secure.gravatar.com\/avatar\/7902f906289926289cbcda644b5197c796b893c6ffd7b9a536a42d290f7704a0?s=96&d=mm&r=g\",\"url\":\"https:\/\/secure.gravatar.com\/avatar\/7902f906289926289cbcda644b5197c796b893c6ffd7b9a536a42d290f7704a0?s=96&d=mm&r=g\",\"contentUrl\":\"https:\/\/secure.gravatar.com\/avatar\/7902f906289926289cbcda644b5197c796b893c6ffd7b9a536a42d290f7704a0?s=96&d=mm&r=g\",\"caption\":\"Eduardo Mart\u00ednez\"}}]}<\/script>\n<!-- \/ Yoast SEO plugin. -->","yoast_head_json":{"title":"Entre poetas e poesias - Notibras","robots":{"index":"index","follow":"follow","max-snippet":"max-snippet:-1","max-image-preview":"max-image-preview:large","max-video-preview":"max-video-preview:-1"},"canonical":"https:\/\/www.notibras.com\/site\/entre-poetas-e-poesias\/","og_locale":"pt_BR","og_type":"article","og_title":"Entre poetas e poesias - Notibras","og_description":"Aqueles dois se esbarraram pela primeira vez em uma livraria em Salvador. J\u00falio, rapazola dos seus 20 anos, folheava Manuel Bandeira. De t\u00e3o absorvido com a leitura, n\u00e3o percebeu quando Maria L\u00facia, mulher j\u00e1 passada dos 70, adentrou no recinto. Ela se dirigiu ao balc\u00e3o e, voz firme, perguntou sobre novos poetas. \u2014 Daniel Marchi. [&hellip;]","og_url":"https:\/\/www.notibras.com\/site\/entre-poetas-e-poesias\/","og_site_name":"Notibras","article_publisher":"https:\/\/www.facebook.com\/notibras\/","article_published_time":"2026-03-05T04:00:39+00:00","og_image":[{"width":885,"height":559,"url":"https:\/\/www.notibras.com\/site\/wp-content\/uploads\/2026\/03\/ec56e447-449e-4652-91c9-e7933f39b69c.jpg","type":"image\/jpeg"}],"author":"Eduardo Mart\u00ednez","twitter_card":"summary_large_image","twitter_creator":"@Notibras","twitter_site":"@Notibras","twitter_misc":{"Escrito por":"Eduardo Mart\u00ednez","Est. tempo de leitura":"3 minutos"},"schema":{"@context":"https:\/\/schema.org","@graph":[{"@type":"Article","@id":"https:\/\/www.notibras.com\/site\/entre-poetas-e-poesias\/#article","isPartOf":{"@id":"https:\/\/www.notibras.com\/site\/entre-poetas-e-poesias\/"},"author":{"name":"Eduardo Mart\u00ednez","@id":"https:\/\/www.notibras.com\/site\/#\/schema\/person\/5b7fabf2aedc3ada2105f03b22b4d3dd"},"headline":"Entre poetas e poesias","datePublished":"2026-03-05T04:00:39+00:00","mainEntityOfPage":{"@id":"https:\/\/www.notibras.com\/site\/entre-poetas-e-poesias\/"},"wordCount":541,"publisher":{"@id":"https:\/\/www.notibras.com\/site\/#organization"},"image":{"@id":"https:\/\/www.notibras.com\/site\/entre-poetas-e-poesias\/#primaryimage"},"thumbnailUrl":"https:\/\/www.notibras.com\/site\/wp-content\/uploads\/2026\/03\/ec56e447-449e-4652-91c9-e7933f39b69c.jpg","articleSection":["Caf\u00e9 Liter\u00e1rio"],"inLanguage":"pt-BR"},{"@type":"WebPage","@id":"https:\/\/www.notibras.com\/site\/entre-poetas-e-poesias\/","url":"https:\/\/www.notibras.com\/site\/entre-poetas-e-poesias\/","name":"Entre poetas e poesias - Notibras","isPartOf":{"@id":"https:\/\/www.notibras.com\/site\/#website"},"primaryImageOfPage":{"@id":"https:\/\/www.notibras.com\/site\/entre-poetas-e-poesias\/#primaryimage"},"image":{"@id":"https:\/\/www.notibras.com\/site\/entre-poetas-e-poesias\/#primaryimage"},"thumbnailUrl":"https:\/\/www.notibras.com\/site\/wp-content\/uploads\/2026\/03\/ec56e447-449e-4652-91c9-e7933f39b69c.jpg","datePublished":"2026-03-05T04:00:39+00:00","breadcrumb":{"@id":"https:\/\/www.notibras.com\/site\/entre-poetas-e-poesias\/#breadcrumb"},"inLanguage":"pt-BR","potentialAction":[{"@type":"ReadAction","target":["https:\/\/www.notibras.com\/site\/entre-poetas-e-poesias\/"]}]},{"@type":"ImageObject","inLanguage":"pt-BR","@id":"https:\/\/www.notibras.com\/site\/entre-poetas-e-poesias\/#primaryimage","url":"https:\/\/www.notibras.com\/site\/wp-content\/uploads\/2026\/03\/ec56e447-449e-4652-91c9-e7933f39b69c.jpg","contentUrl":"https:\/\/www.notibras.com\/site\/wp-content\/uploads\/2026\/03\/ec56e447-449e-4652-91c9-e7933f39b69c.jpg","width":885,"height":559},{"@type":"BreadcrumbList","@id":"https:\/\/www.notibras.com\/site\/entre-poetas-e-poesias\/#breadcrumb","itemListElement":[{"@type":"ListItem","position":1,"name":"In\u00edcio","item":"https:\/\/www.notibras.com\/site\/"},{"@type":"ListItem","position":2,"name":"Entre poetas e poesias"}]},{"@type":"WebSite","@id":"https:\/\/www.notibras.com\/site\/#website","url":"https:\/\/www.notibras.com\/site\/","name":"Notibras","description":"Not\u00edcias de Bras\u00edlia, do Brasil e do Mundo","publisher":{"@id":"https:\/\/www.notibras.com\/site\/#organization"},"potentialAction":[{"@type":"SearchAction","target":{"@type":"EntryPoint","urlTemplate":"https:\/\/www.notibras.com\/site\/?s={search_term_string}"},"query-input":{"@type":"PropertyValueSpecification","valueRequired":true,"valueName":"search_term_string"}}],"inLanguage":"pt-BR"},{"@type":"Organization","@id":"https:\/\/www.notibras.com\/site\/#organization","name":"Grupo Notibras de Comunica\u00e7\u00e3o","url":"https:\/\/www.notibras.com\/site\/","logo":{"@type":"ImageObject","inLanguage":"pt-BR","@id":"https:\/\/www.notibras.com\/site\/#\/schema\/logo\/image\/","url":"https:\/\/www.notibras.com\/site\/wp-content\/uploads\/2023\/01\/notibras23.png","contentUrl":"https:\/\/www.notibras.com\/site\/wp-content\/uploads\/2023\/01\/notibras23.png","width":350,"height":87,"caption":"Grupo Notibras de Comunica\u00e7\u00e3o"},"image":{"@id":"https:\/\/www.notibras.com\/site\/#\/schema\/logo\/image\/"},"sameAs":["https:\/\/www.facebook.com\/notibras\/","https:\/\/x.com\/Notibras","https:\/\/www.instagram.com\/notibras\/"]},{"@type":"Person","@id":"https:\/\/www.notibras.com\/site\/#\/schema\/person\/5b7fabf2aedc3ada2105f03b22b4d3dd","name":"Eduardo Mart\u00ednez","image":{"@type":"ImageObject","inLanguage":"pt-BR","@id":"https:\/\/secure.gravatar.com\/avatar\/7902f906289926289cbcda644b5197c796b893c6ffd7b9a536a42d290f7704a0?s=96&d=mm&r=g","url":"https:\/\/secure.gravatar.com\/avatar\/7902f906289926289cbcda644b5197c796b893c6ffd7b9a536a42d290f7704a0?s=96&d=mm&r=g","contentUrl":"https:\/\/secure.gravatar.com\/avatar\/7902f906289926289cbcda644b5197c796b893c6ffd7b9a536a42d290f7704a0?s=96&d=mm&r=g","caption":"Eduardo Mart\u00ednez"}}]}},"amp_enabled":true,"_links":{"self":[{"href":"https:\/\/www.notibras.com\/site\/wp-json\/wp\/v2\/posts\/385608","targetHints":{"allow":["GET"]}}],"collection":[{"href":"https:\/\/www.notibras.com\/site\/wp-json\/wp\/v2\/posts"}],"about":[{"href":"https:\/\/www.notibras.com\/site\/wp-json\/wp\/v2\/types\/post"}],"author":[{"embeddable":true,"href":"https:\/\/www.notibras.com\/site\/wp-json\/wp\/v2\/users\/21"}],"replies":[{"embeddable":true,"href":"https:\/\/www.notibras.com\/site\/wp-json\/wp\/v2\/comments?post=385608"}],"version-history":[{"count":2,"href":"https:\/\/www.notibras.com\/site\/wp-json\/wp\/v2\/posts\/385608\/revisions"}],"predecessor-version":[{"id":385610,"href":"https:\/\/www.notibras.com\/site\/wp-json\/wp\/v2\/posts\/385608\/revisions\/385610"}],"wp:featuredmedia":[{"embeddable":true,"href":"https:\/\/www.notibras.com\/site\/wp-json\/wp\/v2\/media\/385611"}],"wp:attachment":[{"href":"https:\/\/www.notibras.com\/site\/wp-json\/wp\/v2\/media?parent=385608"}],"wp:term":[{"taxonomy":"category","embeddable":true,"href":"https:\/\/www.notibras.com\/site\/wp-json\/wp\/v2\/categories?post=385608"},{"taxonomy":"post_tag","embeddable":true,"href":"https:\/\/www.notibras.com\/site\/wp-json\/wp\/v2\/tags?post=385608"}],"curies":[{"name":"wp","href":"https:\/\/api.w.org\/{rel}","templated":true}]}}