{"id":38561,"date":"2015-03-01T21:28:50","date_gmt":"2015-03-02T00:28:50","guid":{"rendered":"http:\/\/www.notibras.com\/site\/?p=38561"},"modified":"2015-03-02T13:25:01","modified_gmt":"2015-03-02T16:25:01","slug":"rene-vence-duelo-tatico-com-luxemburgo-e-botafogo-bate-flamengo-por-1-a-0","status":"publish","type":"post","link":"https:\/\/www.notibras.com\/site\/rene-vence-duelo-tatico-com-luxemburgo-e-botafogo-bate-flamengo-por-1-a-0\/","title":{"rendered":"Luxemburgo perde duelo t\u00e1tico para Ren\u00ea e Botafogo bate Fla"},"content":{"rendered":"<p>O Botafogo superou um Maracan\u00e3 amplamente dominado pela torcida rival e venceu o Flamengo por 1 a 0, neste domingo. O gol de Tomas, aos 37min do segundo tempo, fez o Alvinegro abrir na lideran\u00e7a do Campeonato Carioca. Al\u00e9m disso, serviu para coroar o duelo t\u00e1tico entre os t\u00e9cnicos Vanderlei Luxemburgo e Ren\u00e9 Sim\u00f5es. O Alvinegro levou a melhor ap\u00f3s corrigir com substitui\u00e7\u00f5es e evitar a supremacia do advers\u00e1rio na etapa inicial.<\/p>\n<p>L\u00edder, o Botafogo volta a campo neste domingo, quando medir\u00e1 for\u00e7as com o Fluminense, pela 8\u00aa rodada do Campeonato Carioca. O Flamengo, por sua vez, tem a despedida de L\u00e9o Moura, nesta quarta-feira, conta o Nacional-URU, em partida comemorativa.<\/p>\n<p>O t\u00e9cnico Vanderlei Luxemburgo fez algumas mudan\u00e7as de \u00faltima hora e surpreendeu o Botafogo. Sacou Eduardo da Silva e Arthur Maia para as entradas de Gabriel e Jonas. Assim, o Rubro-negro ficou com tr\u00eas volantes e dois atacantes de velocidade pelas pontas. Na pr\u00e1tica, as mexidas foram positivas, j\u00e1 que o Alvinegro, que contava com Bill, foi envolvido e quase n\u00e3o ficava com a bola nos p\u00e9s, al\u00e9m de sofrer com a agilidade do advers\u00e1rio.<\/p>\n<blockquote><p>Enquanto o Botafogo mal ficava com a bola, o Flamengo, por sua vez, n\u00e3o conseguia traduzir o maior volume de jogo em chances de gol. Para se ter uma ideia, nenhum dos dois goleiros teve que fazer qualquer defesa at\u00e9 grande parte do primeiro tempo. Isso s\u00f3 mudou aos 33min, quando Willian Ar\u00e3o chutou de fora da \u00e1rea, sem sustos para Paulo Victor.<\/p><\/blockquote>\n<p>O troco do Flamengo veio em seguida. Ap\u00f3s pixotada de Renan Fonseca, Cirino fica com a sobra quase na pequena \u00e1rea, mas chuta mal para grande defesa de Jefferson. O jogo mudou completamente com a mexida de Ren\u00e9 Sim\u00f5es, que tirou o inoperante Diego Jardel para a entrada de Sass\u00e1. Em menos de cinco minutos, o Botafogo finalizou em tr\u00eas oportunidades e equilibrou a partida pela primeira vez.<\/p>\n<p>Ap\u00f3s o intervalo, o Flamengo voltou muito atento, enquanto o Botafogo parecia ainda n\u00e3o ter voltado do vesti\u00e1rio. O Alvinegro s\u00f3 acordou quando 9min, quando Bill tentou tabelar com Jobson e abola sobrou para Tomas na melhor chance da partida. O apoiador chutou fraco e Paulo Victor fez grande defesa.<\/p>\n<p>A partir dos 20min, o jogo ficou completamente aberto. O Botafogo quase abriu o placar em cobran\u00e7a de falta de Carleto, que acertou o travess\u00e3o. Na sequ\u00eancia n\u00e3o houve jeito. Tomas recebeu na entrada da \u00e1rea e chutou colocado. A bola voltou a bater na trave, mas voltou em Paulo Victor e estufou as redes.<\/p>\n<p>A partir do gol, a partida virou ataque contra defesa. O Flamengo fazia de tudo para empatar, mas deixava espa\u00e7os para os contra-ataques, n\u00e3o aproveitados pelo Botafogo. Mas n\u00e3o havia mais tempo. Vit\u00f3ria do Alvinegro<\/p>\n","protected":false},"excerpt":{"rendered":"<p>O Botafogo superou um Maracan\u00e3 amplamente dominado pela torcida rival e venceu o Flamengo por 1 a 0, neste domingo. O gol de Tomas, aos 37min do segundo tempo, fez o Alvinegro abrir na lideran\u00e7a do Campeonato Carioca. Al\u00e9m disso, serviu para coroar o duelo t\u00e1tico entre os t\u00e9cnicos Vanderlei Luxemburgo e Ren\u00e9 Sim\u00f5es. O [&hellip;]<\/p>\n","protected":false},"author":2,"featured_media":38562,"comment_status":"open","ping_status":"closed","sticky":false,"template":"","format":"standard","meta":{"_acf_changed":false,"footnotes":""},"categories":[19,29],"tags":[],"class_list":["post-38561","post","type-post","status-publish","format-standard","has-post-thumbnail","hentry","category-esportes","category-futebol"],"acf":[],"yoast_head":"<!-- This site is optimized with the Yoast SEO plugin v27.2 - https:\/\/yoast.com\/product\/yoast-seo-wordpress\/ -->\n<title>Luxemburgo perde duelo t\u00e1tico para Ren\u00ea e Botafogo bate Fla - Notibras<\/title>\n<meta name=\"robots\" content=\"index, follow, max-snippet:-1, max-image-preview:large, max-video-preview:-1\" \/>\n<link rel=\"canonical\" href=\"https:\/\/www.notibras.com\/site\/rene-vence-duelo-tatico-com-luxemburgo-e-botafogo-bate-flamengo-por-1-a-0\/\" \/>\n<meta property=\"og:locale\" content=\"pt_BR\" \/>\n<meta property=\"og:type\" content=\"article\" \/>\n<meta property=\"og:title\" content=\"Luxemburgo perde duelo t\u00e1tico para Ren\u00ea e Botafogo bate Fla - Notibras\" \/>\n<meta property=\"og:description\" content=\"O Botafogo superou um Maracan\u00e3 amplamente dominado pela torcida rival e venceu o Flamengo por 1 a 0, neste domingo. O gol de Tomas, aos 37min do segundo tempo, fez o Alvinegro abrir na lideran\u00e7a do Campeonato Carioca. Al\u00e9m disso, serviu para coroar o duelo t\u00e1tico entre os t\u00e9cnicos Vanderlei Luxemburgo e Ren\u00e9 Sim\u00f5es. O [&hellip;]\" \/>\n<meta property=\"og:url\" content=\"https:\/\/www.notibras.com\/site\/rene-vence-duelo-tatico-com-luxemburgo-e-botafogo-bate-flamengo-por-1-a-0\/\" \/>\n<meta property=\"og:site_name\" content=\"Notibras\" \/>\n<meta property=\"article:publisher\" content=\"https:\/\/www.facebook.com\/notibras\/\" \/>\n<meta property=\"article:published_time\" content=\"2015-03-02T00:28:50+00:00\" \/>\n<meta property=\"article:modified_time\" content=\"2015-03-02T16:25:01+00:00\" \/>\n<meta property=\"og:image\" content=\"https:\/\/www.notibras.com\/site\/wp-content\/uploads\/2015\/03\/marcelocirinodhavidnormandofutura.jpg\" \/>\n\t<meta property=\"og:image:width\" content=\"460\" \/>\n\t<meta property=\"og:image:height\" content=\"307\" \/>\n\t<meta property=\"og:image:type\" content=\"image\/jpeg\" \/>\n<meta name=\"author\" content=\"Reda\u00e7\u00e3o\" \/>\n<meta name=\"twitter:card\" content=\"summary_large_image\" \/>\n<meta name=\"twitter:creator\" content=\"@Notibras\" \/>\n<meta name=\"twitter:site\" content=\"@Notibras\" \/>\n<meta name=\"twitter:label1\" content=\"Escrito por\" \/>\n\t<meta name=\"twitter:data1\" content=\"Reda\u00e7\u00e3o\" \/>\n\t<meta name=\"twitter:label2\" content=\"Est. tempo de leitura\" \/>\n\t<meta name=\"twitter:data2\" content=\"2 minutos\" \/>\n<script type=\"application\/ld+json\" class=\"yoast-schema-graph\">{\"@context\":\"https:\/\/schema.org\",\"@graph\":[{\"@type\":\"Article\",\"@id\":\"https:\/\/www.notibras.com\/site\/rene-vence-duelo-tatico-com-luxemburgo-e-botafogo-bate-flamengo-por-1-a-0\/#article\",\"isPartOf\":{\"@id\":\"https:\/\/www.notibras.com\/site\/rene-vence-duelo-tatico-com-luxemburgo-e-botafogo-bate-flamengo-por-1-a-0\/\"},\"author\":{\"name\":\"Reda\u00e7\u00e3o\",\"@id\":\"https:\/\/www.notibras.com\/site\/#\/schema\/person\/36ab0979449956132d3e5b517ea76ac8\"},\"headline\":\"Luxemburgo perde duelo t\u00e1tico para Ren\u00ea e Botafogo bate Fla\",\"datePublished\":\"2015-03-02T00:28:50+00:00\",\"dateModified\":\"2015-03-02T16:25:01+00:00\",\"mainEntityOfPage\":{\"@id\":\"https:\/\/www.notibras.com\/site\/rene-vence-duelo-tatico-com-luxemburgo-e-botafogo-bate-flamengo-por-1-a-0\/\"},\"wordCount\":500,\"commentCount\":0,\"publisher\":{\"@id\":\"https:\/\/www.notibras.com\/site\/#organization\"},\"image\":{\"@id\":\"https:\/\/www.notibras.com\/site\/rene-vence-duelo-tatico-com-luxemburgo-e-botafogo-bate-flamengo-por-1-a-0\/#primaryimage\"},\"thumbnailUrl\":\"https:\/\/www.notibras.com\/site\/wp-content\/uploads\/2015\/03\/marcelocirinodhavidnormandofutura.jpg\",\"articleSection\":[\"Esportes\",\"Futebol\"],\"inLanguage\":\"pt-BR\",\"potentialAction\":[{\"@type\":\"CommentAction\",\"name\":\"Comment\",\"target\":[\"https:\/\/www.notibras.com\/site\/rene-vence-duelo-tatico-com-luxemburgo-e-botafogo-bate-flamengo-por-1-a-0\/#respond\"]}]},{\"@type\":\"WebPage\",\"@id\":\"https:\/\/www.notibras.com\/site\/rene-vence-duelo-tatico-com-luxemburgo-e-botafogo-bate-flamengo-por-1-a-0\/\",\"url\":\"https:\/\/www.notibras.com\/site\/rene-vence-duelo-tatico-com-luxemburgo-e-botafogo-bate-flamengo-por-1-a-0\/\",\"name\":\"Luxemburgo perde duelo t\u00e1tico para Ren\u00ea e Botafogo bate Fla - Notibras\",\"isPartOf\":{\"@id\":\"https:\/\/www.notibras.com\/site\/#website\"},\"primaryImageOfPage\":{\"@id\":\"https:\/\/www.notibras.com\/site\/rene-vence-duelo-tatico-com-luxemburgo-e-botafogo-bate-flamengo-por-1-a-0\/#primaryimage\"},\"image\":{\"@id\":\"https:\/\/www.notibras.com\/site\/rene-vence-duelo-tatico-com-luxemburgo-e-botafogo-bate-flamengo-por-1-a-0\/#primaryimage\"},\"thumbnailUrl\":\"https:\/\/www.notibras.com\/site\/wp-content\/uploads\/2015\/03\/marcelocirinodhavidnormandofutura.jpg\",\"datePublished\":\"2015-03-02T00:28:50+00:00\",\"dateModified\":\"2015-03-02T16:25:01+00:00\",\"breadcrumb\":{\"@id\":\"https:\/\/www.notibras.com\/site\/rene-vence-duelo-tatico-com-luxemburgo-e-botafogo-bate-flamengo-por-1-a-0\/#breadcrumb\"},\"inLanguage\":\"pt-BR\",\"potentialAction\":[{\"@type\":\"ReadAction\",\"target\":[\"https:\/\/www.notibras.com\/site\/rene-vence-duelo-tatico-com-luxemburgo-e-botafogo-bate-flamengo-por-1-a-0\/\"]}]},{\"@type\":\"ImageObject\",\"inLanguage\":\"pt-BR\",\"@id\":\"https:\/\/www.notibras.com\/site\/rene-vence-duelo-tatico-com-luxemburgo-e-botafogo-bate-flamengo-por-1-a-0\/#primaryimage\",\"url\":\"https:\/\/www.notibras.com\/site\/wp-content\/uploads\/2015\/03\/marcelocirinodhavidnormandofutura.jpg\",\"contentUrl\":\"https:\/\/www.notibras.com\/site\/wp-content\/uploads\/2015\/03\/marcelocirinodhavidnormandofutura.jpg\",\"width\":460,\"height\":307},{\"@type\":\"BreadcrumbList\",\"@id\":\"https:\/\/www.notibras.com\/site\/rene-vence-duelo-tatico-com-luxemburgo-e-botafogo-bate-flamengo-por-1-a-0\/#breadcrumb\",\"itemListElement\":[{\"@type\":\"ListItem\",\"position\":1,\"name\":\"In\u00edcio\",\"item\":\"https:\/\/www.notibras.com\/site\/\"},{\"@type\":\"ListItem\",\"position\":2,\"name\":\"Luxemburgo perde duelo t\u00e1tico para Ren\u00ea e Botafogo bate Fla\"}]},{\"@type\":\"WebSite\",\"@id\":\"https:\/\/www.notibras.com\/site\/#website\",\"url\":\"https:\/\/www.notibras.com\/site\/\",\"name\":\"Notibras\",\"description\":\"Not\u00edcias de Bras\u00edlia, do Brasil e do Mundo\",\"publisher\":{\"@id\":\"https:\/\/www.notibras.com\/site\/#organization\"},\"potentialAction\":[{\"@type\":\"SearchAction\",\"target\":{\"@type\":\"EntryPoint\",\"urlTemplate\":\"https:\/\/www.notibras.com\/site\/?s={search_term_string}\"},\"query-input\":{\"@type\":\"PropertyValueSpecification\",\"valueRequired\":true,\"valueName\":\"search_term_string\"}}],\"inLanguage\":\"pt-BR\"},{\"@type\":\"Organization\",\"@id\":\"https:\/\/www.notibras.com\/site\/#organization\",\"name\":\"Grupo Notibras de Comunica\u00e7\u00e3o\",\"url\":\"https:\/\/www.notibras.com\/site\/\",\"logo\":{\"@type\":\"ImageObject\",\"inLanguage\":\"pt-BR\",\"@id\":\"https:\/\/www.notibras.com\/site\/#\/schema\/logo\/image\/\",\"url\":\"https:\/\/www.notibras.com\/site\/wp-content\/uploads\/2023\/01\/notibras23.png\",\"contentUrl\":\"https:\/\/www.notibras.com\/site\/wp-content\/uploads\/2023\/01\/notibras23.png\",\"width\":350,\"height\":87,\"caption\":\"Grupo Notibras de Comunica\u00e7\u00e3o\"},\"image\":{\"@id\":\"https:\/\/www.notibras.com\/site\/#\/schema\/logo\/image\/\"},\"sameAs\":[\"https:\/\/www.facebook.com\/notibras\/\",\"https:\/\/x.com\/Notibras\",\"https:\/\/www.instagram.com\/notibras\/\"]},{\"@type\":\"Person\",\"@id\":\"https:\/\/www.notibras.com\/site\/#\/schema\/person\/36ab0979449956132d3e5b517ea76ac8\",\"name\":\"Reda\u00e7\u00e3o\",\"image\":{\"@type\":\"ImageObject\",\"inLanguage\":\"pt-BR\",\"@id\":\"https:\/\/secure.gravatar.com\/avatar\/e0a867bdedb85fd243eadf09663511f96fc81e0720a4a42581f334ad4303aa6b?s=96&d=mm&r=g\",\"url\":\"https:\/\/secure.gravatar.com\/avatar\/e0a867bdedb85fd243eadf09663511f96fc81e0720a4a42581f334ad4303aa6b?s=96&d=mm&r=g\",\"contentUrl\":\"https:\/\/secure.gravatar.com\/avatar\/e0a867bdedb85fd243eadf09663511f96fc81e0720a4a42581f334ad4303aa6b?s=96&d=mm&r=g\",\"caption\":\"Reda\u00e7\u00e3o\"}}]}<\/script>\n<!-- \/ Yoast SEO plugin. -->","yoast_head_json":{"title":"Luxemburgo perde duelo t\u00e1tico para Ren\u00ea e Botafogo bate Fla - Notibras","robots":{"index":"index","follow":"follow","max-snippet":"max-snippet:-1","max-image-preview":"max-image-preview:large","max-video-preview":"max-video-preview:-1"},"canonical":"https:\/\/www.notibras.com\/site\/rene-vence-duelo-tatico-com-luxemburgo-e-botafogo-bate-flamengo-por-1-a-0\/","og_locale":"pt_BR","og_type":"article","og_title":"Luxemburgo perde duelo t\u00e1tico para Ren\u00ea e Botafogo bate Fla - Notibras","og_description":"O Botafogo superou um Maracan\u00e3 amplamente dominado pela torcida rival e venceu o Flamengo por 1 a 0, neste domingo. O gol de Tomas, aos 37min do segundo tempo, fez o Alvinegro abrir na lideran\u00e7a do Campeonato Carioca. Al\u00e9m disso, serviu para coroar o duelo t\u00e1tico entre os t\u00e9cnicos Vanderlei Luxemburgo e Ren\u00e9 Sim\u00f5es. O [&hellip;]","og_url":"https:\/\/www.notibras.com\/site\/rene-vence-duelo-tatico-com-luxemburgo-e-botafogo-bate-flamengo-por-1-a-0\/","og_site_name":"Notibras","article_publisher":"https:\/\/www.facebook.com\/notibras\/","article_published_time":"2015-03-02T00:28:50+00:00","article_modified_time":"2015-03-02T16:25:01+00:00","og_image":[{"width":460,"height":307,"url":"https:\/\/www.notibras.com\/site\/wp-content\/uploads\/2015\/03\/marcelocirinodhavidnormandofutura.jpg","type":"image\/jpeg"}],"author":"Reda\u00e7\u00e3o","twitter_card":"summary_large_image","twitter_creator":"@Notibras","twitter_site":"@Notibras","twitter_misc":{"Escrito por":"Reda\u00e7\u00e3o","Est. tempo de leitura":"2 minutos"},"schema":{"@context":"https:\/\/schema.org","@graph":[{"@type":"Article","@id":"https:\/\/www.notibras.com\/site\/rene-vence-duelo-tatico-com-luxemburgo-e-botafogo-bate-flamengo-por-1-a-0\/#article","isPartOf":{"@id":"https:\/\/www.notibras.com\/site\/rene-vence-duelo-tatico-com-luxemburgo-e-botafogo-bate-flamengo-por-1-a-0\/"},"author":{"name":"Reda\u00e7\u00e3o","@id":"https:\/\/www.notibras.com\/site\/#\/schema\/person\/36ab0979449956132d3e5b517ea76ac8"},"headline":"Luxemburgo perde duelo t\u00e1tico para Ren\u00ea e Botafogo bate Fla","datePublished":"2015-03-02T00:28:50+00:00","dateModified":"2015-03-02T16:25:01+00:00","mainEntityOfPage":{"@id":"https:\/\/www.notibras.com\/site\/rene-vence-duelo-tatico-com-luxemburgo-e-botafogo-bate-flamengo-por-1-a-0\/"},"wordCount":500,"commentCount":0,"publisher":{"@id":"https:\/\/www.notibras.com\/site\/#organization"},"image":{"@id":"https:\/\/www.notibras.com\/site\/rene-vence-duelo-tatico-com-luxemburgo-e-botafogo-bate-flamengo-por-1-a-0\/#primaryimage"},"thumbnailUrl":"https:\/\/www.notibras.com\/site\/wp-content\/uploads\/2015\/03\/marcelocirinodhavidnormandofutura.jpg","articleSection":["Esportes","Futebol"],"inLanguage":"pt-BR","potentialAction":[{"@type":"CommentAction","name":"Comment","target":["https:\/\/www.notibras.com\/site\/rene-vence-duelo-tatico-com-luxemburgo-e-botafogo-bate-flamengo-por-1-a-0\/#respond"]}]},{"@type":"WebPage","@id":"https:\/\/www.notibras.com\/site\/rene-vence-duelo-tatico-com-luxemburgo-e-botafogo-bate-flamengo-por-1-a-0\/","url":"https:\/\/www.notibras.com\/site\/rene-vence-duelo-tatico-com-luxemburgo-e-botafogo-bate-flamengo-por-1-a-0\/","name":"Luxemburgo perde duelo t\u00e1tico para Ren\u00ea e Botafogo bate Fla - Notibras","isPartOf":{"@id":"https:\/\/www.notibras.com\/site\/#website"},"primaryImageOfPage":{"@id":"https:\/\/www.notibras.com\/site\/rene-vence-duelo-tatico-com-luxemburgo-e-botafogo-bate-flamengo-por-1-a-0\/#primaryimage"},"image":{"@id":"https:\/\/www.notibras.com\/site\/rene-vence-duelo-tatico-com-luxemburgo-e-botafogo-bate-flamengo-por-1-a-0\/#primaryimage"},"thumbnailUrl":"https:\/\/www.notibras.com\/site\/wp-content\/uploads\/2015\/03\/marcelocirinodhavidnormandofutura.jpg","datePublished":"2015-03-02T00:28:50+00:00","dateModified":"2015-03-02T16:25:01+00:00","breadcrumb":{"@id":"https:\/\/www.notibras.com\/site\/rene-vence-duelo-tatico-com-luxemburgo-e-botafogo-bate-flamengo-por-1-a-0\/#breadcrumb"},"inLanguage":"pt-BR","potentialAction":[{"@type":"ReadAction","target":["https:\/\/www.notibras.com\/site\/rene-vence-duelo-tatico-com-luxemburgo-e-botafogo-bate-flamengo-por-1-a-0\/"]}]},{"@type":"ImageObject","inLanguage":"pt-BR","@id":"https:\/\/www.notibras.com\/site\/rene-vence-duelo-tatico-com-luxemburgo-e-botafogo-bate-flamengo-por-1-a-0\/#primaryimage","url":"https:\/\/www.notibras.com\/site\/wp-content\/uploads\/2015\/03\/marcelocirinodhavidnormandofutura.jpg","contentUrl":"https:\/\/www.notibras.com\/site\/wp-content\/uploads\/2015\/03\/marcelocirinodhavidnormandofutura.jpg","width":460,"height":307},{"@type":"BreadcrumbList","@id":"https:\/\/www.notibras.com\/site\/rene-vence-duelo-tatico-com-luxemburgo-e-botafogo-bate-flamengo-por-1-a-0\/#breadcrumb","itemListElement":[{"@type":"ListItem","position":1,"name":"In\u00edcio","item":"https:\/\/www.notibras.com\/site\/"},{"@type":"ListItem","position":2,"name":"Luxemburgo perde duelo t\u00e1tico para Ren\u00ea e Botafogo bate Fla"}]},{"@type":"WebSite","@id":"https:\/\/www.notibras.com\/site\/#website","url":"https:\/\/www.notibras.com\/site\/","name":"Notibras","description":"Not\u00edcias de Bras\u00edlia, do Brasil e do Mundo","publisher":{"@id":"https:\/\/www.notibras.com\/site\/#organization"},"potentialAction":[{"@type":"SearchAction","target":{"@type":"EntryPoint","urlTemplate":"https:\/\/www.notibras.com\/site\/?s={search_term_string}"},"query-input":{"@type":"PropertyValueSpecification","valueRequired":true,"valueName":"search_term_string"}}],"inLanguage":"pt-BR"},{"@type":"Organization","@id":"https:\/\/www.notibras.com\/site\/#organization","name":"Grupo Notibras de Comunica\u00e7\u00e3o","url":"https:\/\/www.notibras.com\/site\/","logo":{"@type":"ImageObject","inLanguage":"pt-BR","@id":"https:\/\/www.notibras.com\/site\/#\/schema\/logo\/image\/","url":"https:\/\/www.notibras.com\/site\/wp-content\/uploads\/2023\/01\/notibras23.png","contentUrl":"https:\/\/www.notibras.com\/site\/wp-content\/uploads\/2023\/01\/notibras23.png","width":350,"height":87,"caption":"Grupo Notibras de Comunica\u00e7\u00e3o"},"image":{"@id":"https:\/\/www.notibras.com\/site\/#\/schema\/logo\/image\/"},"sameAs":["https:\/\/www.facebook.com\/notibras\/","https:\/\/x.com\/Notibras","https:\/\/www.instagram.com\/notibras\/"]},{"@type":"Person","@id":"https:\/\/www.notibras.com\/site\/#\/schema\/person\/36ab0979449956132d3e5b517ea76ac8","name":"Reda\u00e7\u00e3o","image":{"@type":"ImageObject","inLanguage":"pt-BR","@id":"https:\/\/secure.gravatar.com\/avatar\/e0a867bdedb85fd243eadf09663511f96fc81e0720a4a42581f334ad4303aa6b?s=96&d=mm&r=g","url":"https:\/\/secure.gravatar.com\/avatar\/e0a867bdedb85fd243eadf09663511f96fc81e0720a4a42581f334ad4303aa6b?s=96&d=mm&r=g","contentUrl":"https:\/\/secure.gravatar.com\/avatar\/e0a867bdedb85fd243eadf09663511f96fc81e0720a4a42581f334ad4303aa6b?s=96&d=mm&r=g","caption":"Reda\u00e7\u00e3o"}}]}},"amp_enabled":true,"_links":{"self":[{"href":"https:\/\/www.notibras.com\/site\/wp-json\/wp\/v2\/posts\/38561","targetHints":{"allow":["GET"]}}],"collection":[{"href":"https:\/\/www.notibras.com\/site\/wp-json\/wp\/v2\/posts"}],"about":[{"href":"https:\/\/www.notibras.com\/site\/wp-json\/wp\/v2\/types\/post"}],"author":[{"embeddable":true,"href":"https:\/\/www.notibras.com\/site\/wp-json\/wp\/v2\/users\/2"}],"replies":[{"embeddable":true,"href":"https:\/\/www.notibras.com\/site\/wp-json\/wp\/v2\/comments?post=38561"}],"version-history":[{"count":0,"href":"https:\/\/www.notibras.com\/site\/wp-json\/wp\/v2\/posts\/38561\/revisions"}],"wp:featuredmedia":[{"embeddable":true,"href":"https:\/\/www.notibras.com\/site\/wp-json\/wp\/v2\/media\/38562"}],"wp:attachment":[{"href":"https:\/\/www.notibras.com\/site\/wp-json\/wp\/v2\/media?parent=38561"}],"wp:term":[{"taxonomy":"category","embeddable":true,"href":"https:\/\/www.notibras.com\/site\/wp-json\/wp\/v2\/categories?post=38561"},{"taxonomy":"post_tag","embeddable":true,"href":"https:\/\/www.notibras.com\/site\/wp-json\/wp\/v2\/tags?post=38561"}],"curies":[{"name":"wp","href":"https:\/\/api.w.org\/{rel}","templated":true}]}}