{"id":385613,"date":"2026-03-05T01:00:11","date_gmt":"2026-03-05T04:00:11","guid":{"rendered":"https:\/\/www.notibras.com\/site\/?p=385613"},"modified":"2026-03-04T22:20:00","modified_gmt":"2026-03-05T01:20:00","slug":"oab-denuncia-agressao-e-ibaneis-exige-investigacao-rigorosa","status":"publish","type":"post","link":"https:\/\/www.notibras.com\/site\/oab-denuncia-agressao-e-ibaneis-exige-investigacao-rigorosa\/","title":{"rendered":"OAB denuncia agress\u00e3o e Ibaneis exige investiga\u00e7\u00e3o rigorosa"},"content":{"rendered":"<p>A noite de segunda-feira (2) na 26\u00aa Delegacia de Pol\u00edcia de Samambaia foi marcada por um epis\u00f3dio de extrema tens\u00e3o que culminou na pris\u00e3o e algema\u00e7\u00e3o do advogado Cl\u00e1udio Martins Louren\u00e7o. A Ordem dos Advogados do Brasil (OAB-DF) denunciou que o profissional foi agredido fisicamente por agentes da unidade enquanto exercia sua fun\u00e7\u00e3o. O caso ganhou repercuss\u00e3o nacional ap\u00f3s v\u00eddeos gravados por testemunhas registrarem parte da abordagem policial.<\/p>\n<p>Segundo a OAB-DF, o defensor teria ido \u00e0 unidade policial especificamente para prestar assist\u00eancia a um cliente. Este cliente, por sua vez, j\u00e1 havia relatado ter sofrido agress\u00f5es dentro das depend\u00eancias da delegacia, o que motivou a presen\u00e7a de Louren\u00e7o no local. A entidade afirma que o advogado foi detido mesmo estando do lado de fora do pr\u00e9dio, o que agravaria a conduta dos policiais envolvidos na a\u00e7\u00e3o.<\/p>\n<p>Por outro lado, a Pol\u00edcia Civil do Distrito Federal (PCDF) apresenta uma vers\u00e3o distinta para os fatos. A corpora\u00e7\u00e3o afirma que, devido \u00e0 necessidade de utilizar g\u00e1s de pimenta para conter um detento, o delegado plantonista ordenou que todos os presentes deixassem o recinto por quest\u00f5es de seguran\u00e7a. De acordo com a nota oficial, o advogado teria desobedecido reiteradamente a ordem de evacua\u00e7\u00e3o e se recusado a sair da delegacia.<\/p>\n<p>A pol\u00edcia detalhou que o cen\u00e1rio era de risco, uma vez que dois presos por tr\u00e1fico de drogas estavam no sagu\u00e3o no momento da confus\u00e3o. Ap\u00f3s ser retirado do local para evitar intoxica\u00e7\u00e3o, o advogado teria se negado a fornecer seus dados de identifica\u00e7\u00e3o aos agentes. Diante da persistente desobedi\u00eancia e do que a pol\u00edcia classificou como &#8220;recalcitr\u00e2ncia&#8221;, foi dada voz de pris\u00e3o ao profissional.<\/p>\n<p>V\u00eddeos que circulam nas redes sociais mostram um di\u00e1logo r\u00edspido entre Louren\u00e7o e um dos policiais. Nas imagens, o agente ordena que ele saia, enquanto o advogado questiona o tom da abordagem e pede para ser tratado com respeito. O embate verbal escala rapidamente at\u00e9 o momento em que os policiais seguram o advogado pelo bra\u00e7o e o conduzem para o interior da unidade, momento em que ele exclama estar sendo preso.<\/p>\n<p>A PCDF justificou o uso de algemas alegando que o profissional estava com o &#8220;\u00e2nimo exaltado&#8221;, o que exigiu o uso progressivo da for\u00e7a. A Comiss\u00e3o de Prerrogativas da OAB foi acionada imediatamente, comparecendo \u00e0 delegacia para acompanhar a lavratura do Termo Circunstanciado. A Ordem criticou o fato de o procedimento ter sido homologado pelo pr\u00f3prio agente envolvido no conflito, apontando um poss\u00edvel conflito de interesses.<\/p>\n<p>A gravidade do ocorrido levou a c\u00fapula da OAB-DF a se reunir, nesta ter\u00e7a-feira (3), com as mais altas autoridades do Distrito Federal. O encontro contou com a presen\u00e7a do governador Ibaneis Rocha e do procurador-geral de Justi\u00e7a, Georges Seigneur. Durante a reuni\u00e3o, a entidade manifestou seu forte rep\u00fadio ao que considera um grave atentado contra as prerrogativas da advocacia e um abuso de autoridade.<\/p>\n<p>Como desdobramento imediato, o governador Ibaneis Rocha determinou que a Corregedoria-Geral da Pol\u00edcia Civil instaure uma investiga\u00e7\u00e3o rigorosa sobre a conduta dos policiais. A OAB-DF prometeu adotar todas as medidas judiciais cab\u00edveis, reiterando que a agress\u00e3o a um advogado no exerc\u00edcio da profiss\u00e3o \u00e9 inaceit\u00e1vel e que o caso ser\u00e1 acompanhado de perto para garantir a responsabiliza\u00e7\u00e3o dos envolvidos.<\/p>\n","protected":false},"excerpt":{"rendered":"<p>A noite de segunda-feira (2) na 26\u00aa Delegacia de Pol\u00edcia de Samambaia foi marcada por um epis\u00f3dio de extrema tens\u00e3o que culminou na pris\u00e3o e algema\u00e7\u00e3o do advogado Cl\u00e1udio Martins Louren\u00e7o. A Ordem dos Advogados do Brasil (OAB-DF) denunciou que o profissional foi agredido fisicamente por agentes da unidade enquanto exercia sua fun\u00e7\u00e3o. O caso [&hellip;]<\/p>\n","protected":false},"author":21,"featured_media":385614,"comment_status":"closed","ping_status":"closed","sticky":false,"template":"","format":"standard","meta":{"_acf_changed":false,"footnotes":""},"categories":[161],"tags":[],"class_list":["post-385613","post","type-post","status-publish","format-standard","has-post-thumbnail","hentry","category-quadradinho-em-foco"],"acf":[],"yoast_head":"<!-- This site is optimized with the Yoast SEO plugin v27.2 - https:\/\/yoast.com\/product\/yoast-seo-wordpress\/ -->\n<title>OAB denuncia agress\u00e3o e Ibaneis exige investiga\u00e7\u00e3o rigorosa - Notibras<\/title>\n<meta name=\"robots\" content=\"index, follow, max-snippet:-1, max-image-preview:large, max-video-preview:-1\" \/>\n<link rel=\"canonical\" href=\"https:\/\/www.notibras.com\/site\/oab-denuncia-agressao-e-ibaneis-exige-investigacao-rigorosa\/\" \/>\n<meta property=\"og:locale\" content=\"pt_BR\" \/>\n<meta property=\"og:type\" content=\"article\" \/>\n<meta property=\"og:title\" content=\"OAB denuncia agress\u00e3o e Ibaneis exige investiga\u00e7\u00e3o rigorosa - Notibras\" \/>\n<meta property=\"og:description\" content=\"A noite de segunda-feira (2) na 26\u00aa Delegacia de Pol\u00edcia de Samambaia foi marcada por um epis\u00f3dio de extrema tens\u00e3o que culminou na pris\u00e3o e algema\u00e7\u00e3o do advogado Cl\u00e1udio Martins Louren\u00e7o. A Ordem dos Advogados do Brasil (OAB-DF) denunciou que o profissional foi agredido fisicamente por agentes da unidade enquanto exercia sua fun\u00e7\u00e3o. O caso [&hellip;]\" \/>\n<meta property=\"og:url\" content=\"https:\/\/www.notibras.com\/site\/oab-denuncia-agressao-e-ibaneis-exige-investigacao-rigorosa\/\" \/>\n<meta property=\"og:site_name\" content=\"Notibras\" \/>\n<meta property=\"article:publisher\" content=\"https:\/\/www.facebook.com\/notibras\/\" \/>\n<meta property=\"article:published_time\" content=\"2026-03-05T04:00:11+00:00\" \/>\n<meta property=\"og:image\" content=\"https:\/\/www.notibras.com\/site\/wp-content\/uploads\/2026\/03\/advogado-detido.webp\" \/>\n\t<meta property=\"og:image:width\" content=\"900\" \/>\n\t<meta property=\"og:image:height\" content=\"600\" \/>\n\t<meta property=\"og:image:type\" content=\"image\/webp\" \/>\n<meta name=\"author\" content=\"Eduardo Mart\u00ednez\" \/>\n<meta name=\"twitter:card\" content=\"summary_large_image\" \/>\n<meta name=\"twitter:creator\" content=\"@Notibras\" \/>\n<meta name=\"twitter:site\" content=\"@Notibras\" \/>\n<meta name=\"twitter:label1\" content=\"Escrito por\" \/>\n\t<meta name=\"twitter:data1\" content=\"Eduardo Mart\u00ednez\" \/>\n\t<meta name=\"twitter:label2\" content=\"Est. tempo de leitura\" \/>\n\t<meta name=\"twitter:data2\" content=\"4 minutos\" \/>\n<script type=\"application\/ld+json\" class=\"yoast-schema-graph\">{\"@context\":\"https:\/\/schema.org\",\"@graph\":[{\"@type\":\"Article\",\"@id\":\"https:\/\/www.notibras.com\/site\/oab-denuncia-agressao-e-ibaneis-exige-investigacao-rigorosa\/#article\",\"isPartOf\":{\"@id\":\"https:\/\/www.notibras.com\/site\/oab-denuncia-agressao-e-ibaneis-exige-investigacao-rigorosa\/\"},\"author\":{\"name\":\"Eduardo Mart\u00ednez\",\"@id\":\"https:\/\/www.notibras.com\/site\/#\/schema\/person\/5b7fabf2aedc3ada2105f03b22b4d3dd\"},\"headline\":\"OAB denuncia agress\u00e3o e Ibaneis exige investiga\u00e7\u00e3o rigorosa\",\"datePublished\":\"2026-03-05T04:00:11+00:00\",\"mainEntityOfPage\":{\"@id\":\"https:\/\/www.notibras.com\/site\/oab-denuncia-agressao-e-ibaneis-exige-investigacao-rigorosa\/\"},\"wordCount\":596,\"publisher\":{\"@id\":\"https:\/\/www.notibras.com\/site\/#organization\"},\"image\":{\"@id\":\"https:\/\/www.notibras.com\/site\/oab-denuncia-agressao-e-ibaneis-exige-investigacao-rigorosa\/#primaryimage\"},\"thumbnailUrl\":\"https:\/\/www.notibras.com\/site\/wp-content\/uploads\/2026\/03\/advogado-detido.webp\",\"articleSection\":[\"Quadradinho em Foco\"],\"inLanguage\":\"pt-BR\"},{\"@type\":\"WebPage\",\"@id\":\"https:\/\/www.notibras.com\/site\/oab-denuncia-agressao-e-ibaneis-exige-investigacao-rigorosa\/\",\"url\":\"https:\/\/www.notibras.com\/site\/oab-denuncia-agressao-e-ibaneis-exige-investigacao-rigorosa\/\",\"name\":\"OAB denuncia agress\u00e3o e Ibaneis exige investiga\u00e7\u00e3o rigorosa - Notibras\",\"isPartOf\":{\"@id\":\"https:\/\/www.notibras.com\/site\/#website\"},\"primaryImageOfPage\":{\"@id\":\"https:\/\/www.notibras.com\/site\/oab-denuncia-agressao-e-ibaneis-exige-investigacao-rigorosa\/#primaryimage\"},\"image\":{\"@id\":\"https:\/\/www.notibras.com\/site\/oab-denuncia-agressao-e-ibaneis-exige-investigacao-rigorosa\/#primaryimage\"},\"thumbnailUrl\":\"https:\/\/www.notibras.com\/site\/wp-content\/uploads\/2026\/03\/advogado-detido.webp\",\"datePublished\":\"2026-03-05T04:00:11+00:00\",\"breadcrumb\":{\"@id\":\"https:\/\/www.notibras.com\/site\/oab-denuncia-agressao-e-ibaneis-exige-investigacao-rigorosa\/#breadcrumb\"},\"inLanguage\":\"pt-BR\",\"potentialAction\":[{\"@type\":\"ReadAction\",\"target\":[\"https:\/\/www.notibras.com\/site\/oab-denuncia-agressao-e-ibaneis-exige-investigacao-rigorosa\/\"]}]},{\"@type\":\"ImageObject\",\"inLanguage\":\"pt-BR\",\"@id\":\"https:\/\/www.notibras.com\/site\/oab-denuncia-agressao-e-ibaneis-exige-investigacao-rigorosa\/#primaryimage\",\"url\":\"https:\/\/www.notibras.com\/site\/wp-content\/uploads\/2026\/03\/advogado-detido.webp\",\"contentUrl\":\"https:\/\/www.notibras.com\/site\/wp-content\/uploads\/2026\/03\/advogado-detido.webp\",\"width\":900,\"height\":600},{\"@type\":\"BreadcrumbList\",\"@id\":\"https:\/\/www.notibras.com\/site\/oab-denuncia-agressao-e-ibaneis-exige-investigacao-rigorosa\/#breadcrumb\",\"itemListElement\":[{\"@type\":\"ListItem\",\"position\":1,\"name\":\"In\u00edcio\",\"item\":\"https:\/\/www.notibras.com\/site\/\"},{\"@type\":\"ListItem\",\"position\":2,\"name\":\"OAB denuncia agress\u00e3o e Ibaneis exige investiga\u00e7\u00e3o rigorosa\"}]},{\"@type\":\"WebSite\",\"@id\":\"https:\/\/www.notibras.com\/site\/#website\",\"url\":\"https:\/\/www.notibras.com\/site\/\",\"name\":\"Notibras\",\"description\":\"Not\u00edcias de Bras\u00edlia, do Brasil e do Mundo\",\"publisher\":{\"@id\":\"https:\/\/www.notibras.com\/site\/#organization\"},\"potentialAction\":[{\"@type\":\"SearchAction\",\"target\":{\"@type\":\"EntryPoint\",\"urlTemplate\":\"https:\/\/www.notibras.com\/site\/?s={search_term_string}\"},\"query-input\":{\"@type\":\"PropertyValueSpecification\",\"valueRequired\":true,\"valueName\":\"search_term_string\"}}],\"inLanguage\":\"pt-BR\"},{\"@type\":\"Organization\",\"@id\":\"https:\/\/www.notibras.com\/site\/#organization\",\"name\":\"Grupo Notibras de Comunica\u00e7\u00e3o\",\"url\":\"https:\/\/www.notibras.com\/site\/\",\"logo\":{\"@type\":\"ImageObject\",\"inLanguage\":\"pt-BR\",\"@id\":\"https:\/\/www.notibras.com\/site\/#\/schema\/logo\/image\/\",\"url\":\"https:\/\/www.notibras.com\/site\/wp-content\/uploads\/2023\/01\/notibras23.png\",\"contentUrl\":\"https:\/\/www.notibras.com\/site\/wp-content\/uploads\/2023\/01\/notibras23.png\",\"width\":350,\"height\":87,\"caption\":\"Grupo Notibras de Comunica\u00e7\u00e3o\"},\"image\":{\"@id\":\"https:\/\/www.notibras.com\/site\/#\/schema\/logo\/image\/\"},\"sameAs\":[\"https:\/\/www.facebook.com\/notibras\/\",\"https:\/\/x.com\/Notibras\",\"https:\/\/www.instagram.com\/notibras\/\"]},{\"@type\":\"Person\",\"@id\":\"https:\/\/www.notibras.com\/site\/#\/schema\/person\/5b7fabf2aedc3ada2105f03b22b4d3dd\",\"name\":\"Eduardo Mart\u00ednez\",\"image\":{\"@type\":\"ImageObject\",\"inLanguage\":\"pt-BR\",\"@id\":\"https:\/\/secure.gravatar.com\/avatar\/7902f906289926289cbcda644b5197c796b893c6ffd7b9a536a42d290f7704a0?s=96&d=mm&r=g\",\"url\":\"https:\/\/secure.gravatar.com\/avatar\/7902f906289926289cbcda644b5197c796b893c6ffd7b9a536a42d290f7704a0?s=96&d=mm&r=g\",\"contentUrl\":\"https:\/\/secure.gravatar.com\/avatar\/7902f906289926289cbcda644b5197c796b893c6ffd7b9a536a42d290f7704a0?s=96&d=mm&r=g\",\"caption\":\"Eduardo Mart\u00ednez\"}}]}<\/script>\n<!-- \/ Yoast SEO plugin. -->","yoast_head_json":{"title":"OAB denuncia agress\u00e3o e Ibaneis exige investiga\u00e7\u00e3o rigorosa - Notibras","robots":{"index":"index","follow":"follow","max-snippet":"max-snippet:-1","max-image-preview":"max-image-preview:large","max-video-preview":"max-video-preview:-1"},"canonical":"https:\/\/www.notibras.com\/site\/oab-denuncia-agressao-e-ibaneis-exige-investigacao-rigorosa\/","og_locale":"pt_BR","og_type":"article","og_title":"OAB denuncia agress\u00e3o e Ibaneis exige investiga\u00e7\u00e3o rigorosa - Notibras","og_description":"A noite de segunda-feira (2) na 26\u00aa Delegacia de Pol\u00edcia de Samambaia foi marcada por um epis\u00f3dio de extrema tens\u00e3o que culminou na pris\u00e3o e algema\u00e7\u00e3o do advogado Cl\u00e1udio Martins Louren\u00e7o. A Ordem dos Advogados do Brasil (OAB-DF) denunciou que o profissional foi agredido fisicamente por agentes da unidade enquanto exercia sua fun\u00e7\u00e3o. O caso [&hellip;]","og_url":"https:\/\/www.notibras.com\/site\/oab-denuncia-agressao-e-ibaneis-exige-investigacao-rigorosa\/","og_site_name":"Notibras","article_publisher":"https:\/\/www.facebook.com\/notibras\/","article_published_time":"2026-03-05T04:00:11+00:00","og_image":[{"width":900,"height":600,"url":"https:\/\/www.notibras.com\/site\/wp-content\/uploads\/2026\/03\/advogado-detido.webp","type":"image\/webp"}],"author":"Eduardo Mart\u00ednez","twitter_card":"summary_large_image","twitter_creator":"@Notibras","twitter_site":"@Notibras","twitter_misc":{"Escrito por":"Eduardo Mart\u00ednez","Est. tempo de leitura":"4 minutos"},"schema":{"@context":"https:\/\/schema.org","@graph":[{"@type":"Article","@id":"https:\/\/www.notibras.com\/site\/oab-denuncia-agressao-e-ibaneis-exige-investigacao-rigorosa\/#article","isPartOf":{"@id":"https:\/\/www.notibras.com\/site\/oab-denuncia-agressao-e-ibaneis-exige-investigacao-rigorosa\/"},"author":{"name":"Eduardo Mart\u00ednez","@id":"https:\/\/www.notibras.com\/site\/#\/schema\/person\/5b7fabf2aedc3ada2105f03b22b4d3dd"},"headline":"OAB denuncia agress\u00e3o e Ibaneis exige investiga\u00e7\u00e3o rigorosa","datePublished":"2026-03-05T04:00:11+00:00","mainEntityOfPage":{"@id":"https:\/\/www.notibras.com\/site\/oab-denuncia-agressao-e-ibaneis-exige-investigacao-rigorosa\/"},"wordCount":596,"publisher":{"@id":"https:\/\/www.notibras.com\/site\/#organization"},"image":{"@id":"https:\/\/www.notibras.com\/site\/oab-denuncia-agressao-e-ibaneis-exige-investigacao-rigorosa\/#primaryimage"},"thumbnailUrl":"https:\/\/www.notibras.com\/site\/wp-content\/uploads\/2026\/03\/advogado-detido.webp","articleSection":["Quadradinho em Foco"],"inLanguage":"pt-BR"},{"@type":"WebPage","@id":"https:\/\/www.notibras.com\/site\/oab-denuncia-agressao-e-ibaneis-exige-investigacao-rigorosa\/","url":"https:\/\/www.notibras.com\/site\/oab-denuncia-agressao-e-ibaneis-exige-investigacao-rigorosa\/","name":"OAB denuncia agress\u00e3o e Ibaneis exige investiga\u00e7\u00e3o rigorosa - Notibras","isPartOf":{"@id":"https:\/\/www.notibras.com\/site\/#website"},"primaryImageOfPage":{"@id":"https:\/\/www.notibras.com\/site\/oab-denuncia-agressao-e-ibaneis-exige-investigacao-rigorosa\/#primaryimage"},"image":{"@id":"https:\/\/www.notibras.com\/site\/oab-denuncia-agressao-e-ibaneis-exige-investigacao-rigorosa\/#primaryimage"},"thumbnailUrl":"https:\/\/www.notibras.com\/site\/wp-content\/uploads\/2026\/03\/advogado-detido.webp","datePublished":"2026-03-05T04:00:11+00:00","breadcrumb":{"@id":"https:\/\/www.notibras.com\/site\/oab-denuncia-agressao-e-ibaneis-exige-investigacao-rigorosa\/#breadcrumb"},"inLanguage":"pt-BR","potentialAction":[{"@type":"ReadAction","target":["https:\/\/www.notibras.com\/site\/oab-denuncia-agressao-e-ibaneis-exige-investigacao-rigorosa\/"]}]},{"@type":"ImageObject","inLanguage":"pt-BR","@id":"https:\/\/www.notibras.com\/site\/oab-denuncia-agressao-e-ibaneis-exige-investigacao-rigorosa\/#primaryimage","url":"https:\/\/www.notibras.com\/site\/wp-content\/uploads\/2026\/03\/advogado-detido.webp","contentUrl":"https:\/\/www.notibras.com\/site\/wp-content\/uploads\/2026\/03\/advogado-detido.webp","width":900,"height":600},{"@type":"BreadcrumbList","@id":"https:\/\/www.notibras.com\/site\/oab-denuncia-agressao-e-ibaneis-exige-investigacao-rigorosa\/#breadcrumb","itemListElement":[{"@type":"ListItem","position":1,"name":"In\u00edcio","item":"https:\/\/www.notibras.com\/site\/"},{"@type":"ListItem","position":2,"name":"OAB denuncia agress\u00e3o e Ibaneis exige investiga\u00e7\u00e3o rigorosa"}]},{"@type":"WebSite","@id":"https:\/\/www.notibras.com\/site\/#website","url":"https:\/\/www.notibras.com\/site\/","name":"Notibras","description":"Not\u00edcias de Bras\u00edlia, do Brasil e do Mundo","publisher":{"@id":"https:\/\/www.notibras.com\/site\/#organization"},"potentialAction":[{"@type":"SearchAction","target":{"@type":"EntryPoint","urlTemplate":"https:\/\/www.notibras.com\/site\/?s={search_term_string}"},"query-input":{"@type":"PropertyValueSpecification","valueRequired":true,"valueName":"search_term_string"}}],"inLanguage":"pt-BR"},{"@type":"Organization","@id":"https:\/\/www.notibras.com\/site\/#organization","name":"Grupo Notibras de Comunica\u00e7\u00e3o","url":"https:\/\/www.notibras.com\/site\/","logo":{"@type":"ImageObject","inLanguage":"pt-BR","@id":"https:\/\/www.notibras.com\/site\/#\/schema\/logo\/image\/","url":"https:\/\/www.notibras.com\/site\/wp-content\/uploads\/2023\/01\/notibras23.png","contentUrl":"https:\/\/www.notibras.com\/site\/wp-content\/uploads\/2023\/01\/notibras23.png","width":350,"height":87,"caption":"Grupo Notibras de Comunica\u00e7\u00e3o"},"image":{"@id":"https:\/\/www.notibras.com\/site\/#\/schema\/logo\/image\/"},"sameAs":["https:\/\/www.facebook.com\/notibras\/","https:\/\/x.com\/Notibras","https:\/\/www.instagram.com\/notibras\/"]},{"@type":"Person","@id":"https:\/\/www.notibras.com\/site\/#\/schema\/person\/5b7fabf2aedc3ada2105f03b22b4d3dd","name":"Eduardo Mart\u00ednez","image":{"@type":"ImageObject","inLanguage":"pt-BR","@id":"https:\/\/secure.gravatar.com\/avatar\/7902f906289926289cbcda644b5197c796b893c6ffd7b9a536a42d290f7704a0?s=96&d=mm&r=g","url":"https:\/\/secure.gravatar.com\/avatar\/7902f906289926289cbcda644b5197c796b893c6ffd7b9a536a42d290f7704a0?s=96&d=mm&r=g","contentUrl":"https:\/\/secure.gravatar.com\/avatar\/7902f906289926289cbcda644b5197c796b893c6ffd7b9a536a42d290f7704a0?s=96&d=mm&r=g","caption":"Eduardo Mart\u00ednez"}}]}},"amp_enabled":true,"_links":{"self":[{"href":"https:\/\/www.notibras.com\/site\/wp-json\/wp\/v2\/posts\/385613","targetHints":{"allow":["GET"]}}],"collection":[{"href":"https:\/\/www.notibras.com\/site\/wp-json\/wp\/v2\/posts"}],"about":[{"href":"https:\/\/www.notibras.com\/site\/wp-json\/wp\/v2\/types\/post"}],"author":[{"embeddable":true,"href":"https:\/\/www.notibras.com\/site\/wp-json\/wp\/v2\/users\/21"}],"replies":[{"embeddable":true,"href":"https:\/\/www.notibras.com\/site\/wp-json\/wp\/v2\/comments?post=385613"}],"version-history":[{"count":2,"href":"https:\/\/www.notibras.com\/site\/wp-json\/wp\/v2\/posts\/385613\/revisions"}],"predecessor-version":[{"id":385618,"href":"https:\/\/www.notibras.com\/site\/wp-json\/wp\/v2\/posts\/385613\/revisions\/385618"}],"wp:featuredmedia":[{"embeddable":true,"href":"https:\/\/www.notibras.com\/site\/wp-json\/wp\/v2\/media\/385614"}],"wp:attachment":[{"href":"https:\/\/www.notibras.com\/site\/wp-json\/wp\/v2\/media?parent=385613"}],"wp:term":[{"taxonomy":"category","embeddable":true,"href":"https:\/\/www.notibras.com\/site\/wp-json\/wp\/v2\/categories?post=385613"},{"taxonomy":"post_tag","embeddable":true,"href":"https:\/\/www.notibras.com\/site\/wp-json\/wp\/v2\/tags?post=385613"}],"curies":[{"name":"wp","href":"https:\/\/api.w.org\/{rel}","templated":true}]}}