{"id":385624,"date":"2026-03-05T00:45:23","date_gmt":"2026-03-05T03:45:23","guid":{"rendered":"https:\/\/www.notibras.com\/site\/?p=385624"},"modified":"2026-03-04T22:30:08","modified_gmt":"2026-03-05T01:30:08","slug":"novos-profissionais-reforcam-atendimento-odontologico","status":"publish","type":"post","link":"https:\/\/www.notibras.com\/site\/novos-profissionais-reforcam-atendimento-odontologico\/","title":{"rendered":"Novos profissionais refor\u00e7am atendimento odontol\u00f3gico\u00a0"},"content":{"rendered":"<p>O atendimento odontol\u00f3gico no Hospital Regional de Santa Maria (HRSM) ganhou refor\u00e7o com a chegada de 57 novos integrantes entre estagi\u00e1rios e residentes, que passam a atuar na assist\u00eancia e na forma\u00e7\u00e3o em sa\u00fade dentro da unidade. O acolhimento ocorreu na \u00faltima ter\u00e7a-feira (3) e marca o in\u00edcio de um novo ciclo de aprendizado, qualifica\u00e7\u00e3o profissional e fortalecimento do cuidado oferecido \u00e0 popula\u00e7\u00e3o.<\/p>\n<p>Administrado pelo Instituto de Gest\u00e3o Estrat\u00e9gica de Sa\u00fade do Distrito Federal (IgesDF), o hospital passa a contar com profissionais em forma\u00e7\u00e3o nas \u00e1reas de urg\u00eancia e emerg\u00eancia, radiologia odontol\u00f3gica e Unidade de Terapia Intensiva (UTI). J\u00e1 os estagi\u00e1rios s\u00e3o estudantes de Odontologia do Centro Universit\u00e1rio Uniceplac, do Centro Universit\u00e1rio Icesp e do Centro Universit\u00e1rio Iesb, que passam a vivenciar a rotina hospitalar em um dos principais servi\u00e7os da regi\u00e3o.<\/p>\n<p>A recep\u00e7\u00e3o foi conduzida pela equipe do Servi\u00e7o de Odontologia e Cirurgia Bucomaxilofacial do HRSM. Durante o acolhimento, os novos integrantes visitaram diferentes setores da unidade para conhecer a estrutura e compreender o fluxo assistencial, aproximando-se desde o primeiro dia da din\u00e2mica hospitalar que ir\u00e3o integrar.<\/p>\n<p>Para a chefe do servi\u00e7o, Erika Maurienn, o momento simboliza mais do que a chegada de novos profissionais em forma\u00e7\u00e3o. \u201cReceber esses residentes e estagi\u00e1rios \u00e9 investir diretamente na qualidade da assist\u00eancia que oferecemos. O hospital \u00e9 um espa\u00e7o de aprendizado intenso, mas tamb\u00e9m de muita responsabilidade. Nosso objetivo \u00e9 formar profissionais preparados, sens\u00edveis \u00e0s necessidades do paciente e comprometidos com o servi\u00e7o p\u00fablico\u201d, destaca.<\/p>\n<p><strong>Resid\u00eancia em urg\u00eancia e emerg\u00eancia<\/strong><\/p>\n<p>Um dos principais avan\u00e7os deste ano \u00e9 a abertura in\u00e9dita do programa de resid\u00eancia em urg\u00eancia e emerg\u00eancia odontol\u00f3gica. At\u00e9 ent\u00e3o, o HRSM ofertava vagas apenas nas \u00e1reas de imaginologia e radiologia, terapia intensiva e anomalias dentofaciais. A amplia\u00e7\u00e3o fortalece a linha de cuidado e amplia a capacidade de resposta em casos de trauma e situa\u00e7\u00f5es de maior complexidade.<\/p>\n<p>Rec\u00e9m-formado no fim de 2025, Felipe Ribeiro Cardoso inicia a resid\u00eancia em urg\u00eancia e trauma em odontologia. Segundo ele, o primeiro contato com a unidade contribuiu para reduzir a ansiedade e fortalecer a confian\u00e7a. \u201cJ\u00e1 entendemos como o hospital funciona, quem s\u00e3o os profissionais que estar\u00e3o ao nosso lado e como as resid\u00eancias se integram. Esse acolhimento faz diferen\u00e7a\u201d, afirma.<\/p>\n<p>Tamb\u00e9m residente da \u00e1rea, Amanda Vit\u00f3ria do Nascimento, formada em fevereiro deste ano, destacou a oportunidade de conhecer diferentes setores logo no in\u00edcio das atividades. \u201cConhecer a maternidade, observar procedimentos com rec\u00e9m-nascidos e visitar a UTI nos d\u00e1 uma vis\u00e3o real da responsabilidade que teremos. Fomos muito bem recebidos e estou na expectativa de ganhar pr\u00e1tica, aprender cada vez mais e contribuir com um atendimento de qualidade para a popula\u00e7\u00e3o\u201d, disse.<\/p>\n<p>Para Erika Maurienn, a chegada do novo grupo representa renova\u00e7\u00e3o e compromisso com a assist\u00eancia. \u201cCada residente e estagi\u00e1rio que chega traz novas perspectivas e vontade de aprender. \u00c9 assim que fortalecemos o cuidado e garantimos que a popula\u00e7\u00e3o continue recebendo um atendimento cada vez mais qualificado\u201d, conclui.<\/p>\n","protected":false},"excerpt":{"rendered":"<p>O atendimento odontol\u00f3gico no Hospital Regional de Santa Maria (HRSM) ganhou refor\u00e7o com a chegada de 57 novos integrantes entre estagi\u00e1rios e residentes, que passam a atuar na assist\u00eancia e na forma\u00e7\u00e3o em sa\u00fade dentro da unidade. O acolhimento ocorreu na \u00faltima ter\u00e7a-feira (3) e marca o in\u00edcio de um novo ciclo de aprendizado, qualifica\u00e7\u00e3o [&hellip;]<\/p>\n","protected":false},"author":21,"featured_media":385626,"comment_status":"closed","ping_status":"closed","sticky":false,"template":"","format":"standard","meta":{"_acf_changed":false,"footnotes":""},"categories":[161],"tags":[],"class_list":["post-385624","post","type-post","status-publish","format-standard","has-post-thumbnail","hentry","category-quadradinho-em-foco"],"acf":[],"yoast_head":"<!-- This site is optimized with the Yoast SEO plugin v27.2 - https:\/\/yoast.com\/product\/yoast-seo-wordpress\/ -->\n<title>Novos profissionais refor\u00e7am atendimento odontol\u00f3gico\u00a0 - Notibras<\/title>\n<meta name=\"robots\" content=\"index, follow, max-snippet:-1, max-image-preview:large, max-video-preview:-1\" \/>\n<link rel=\"canonical\" href=\"https:\/\/www.notibras.com\/site\/novos-profissionais-reforcam-atendimento-odontologico\/\" \/>\n<meta property=\"og:locale\" content=\"pt_BR\" \/>\n<meta property=\"og:type\" content=\"article\" \/>\n<meta property=\"og:title\" content=\"Novos profissionais refor\u00e7am atendimento odontol\u00f3gico\u00a0 - Notibras\" \/>\n<meta property=\"og:description\" content=\"O atendimento odontol\u00f3gico no Hospital Regional de Santa Maria (HRSM) ganhou refor\u00e7o com a chegada de 57 novos integrantes entre estagi\u00e1rios e residentes, que passam a atuar na assist\u00eancia e na forma\u00e7\u00e3o em sa\u00fade dentro da unidade. O acolhimento ocorreu na \u00faltima ter\u00e7a-feira (3) e marca o in\u00edcio de um novo ciclo de aprendizado, qualifica\u00e7\u00e3o [&hellip;]\" \/>\n<meta property=\"og:url\" content=\"https:\/\/www.notibras.com\/site\/novos-profissionais-reforcam-atendimento-odontologico\/\" \/>\n<meta property=\"og:site_name\" content=\"Notibras\" \/>\n<meta property=\"article:publisher\" content=\"https:\/\/www.facebook.com\/notibras\/\" \/>\n<meta property=\"article:published_time\" content=\"2026-03-05T03:45:23+00:00\" \/>\n<meta property=\"og:image\" content=\"https:\/\/www.notibras.com\/site\/wp-content\/uploads\/2026\/03\/RUY_2206-1-scaled.jpg\" \/>\n\t<meta property=\"og:image:width\" content=\"2560\" \/>\n\t<meta property=\"og:image:height\" content=\"1707\" \/>\n\t<meta property=\"og:image:type\" content=\"image\/jpeg\" \/>\n<meta name=\"author\" content=\"Eduardo Mart\u00ednez\" \/>\n<meta name=\"twitter:card\" content=\"summary_large_image\" \/>\n<meta name=\"twitter:creator\" content=\"@Notibras\" \/>\n<meta name=\"twitter:site\" content=\"@Notibras\" \/>\n<meta name=\"twitter:label1\" content=\"Escrito por\" \/>\n\t<meta name=\"twitter:data1\" content=\"Eduardo Mart\u00ednez\" \/>\n\t<meta name=\"twitter:label2\" content=\"Est. tempo de leitura\" \/>\n\t<meta name=\"twitter:data2\" content=\"3 minutos\" \/>\n<script type=\"application\/ld+json\" class=\"yoast-schema-graph\">{\"@context\":\"https:\/\/schema.org\",\"@graph\":[{\"@type\":\"Article\",\"@id\":\"https:\/\/www.notibras.com\/site\/novos-profissionais-reforcam-atendimento-odontologico\/#article\",\"isPartOf\":{\"@id\":\"https:\/\/www.notibras.com\/site\/novos-profissionais-reforcam-atendimento-odontologico\/\"},\"author\":{\"name\":\"Eduardo Mart\u00ednez\",\"@id\":\"https:\/\/www.notibras.com\/site\/#\/schema\/person\/5b7fabf2aedc3ada2105f03b22b4d3dd\"},\"headline\":\"Novos profissionais refor\u00e7am atendimento odontol\u00f3gico\u00a0\",\"datePublished\":\"2026-03-05T03:45:23+00:00\",\"mainEntityOfPage\":{\"@id\":\"https:\/\/www.notibras.com\/site\/novos-profissionais-reforcam-atendimento-odontologico\/\"},\"wordCount\":552,\"publisher\":{\"@id\":\"https:\/\/www.notibras.com\/site\/#organization\"},\"image\":{\"@id\":\"https:\/\/www.notibras.com\/site\/novos-profissionais-reforcam-atendimento-odontologico\/#primaryimage\"},\"thumbnailUrl\":\"https:\/\/www.notibras.com\/site\/wp-content\/uploads\/2026\/03\/RUY_2206-1-scaled.jpg\",\"articleSection\":[\"Quadradinho em Foco\"],\"inLanguage\":\"pt-BR\"},{\"@type\":\"WebPage\",\"@id\":\"https:\/\/www.notibras.com\/site\/novos-profissionais-reforcam-atendimento-odontologico\/\",\"url\":\"https:\/\/www.notibras.com\/site\/novos-profissionais-reforcam-atendimento-odontologico\/\",\"name\":\"Novos profissionais refor\u00e7am atendimento odontol\u00f3gico\u00a0 - Notibras\",\"isPartOf\":{\"@id\":\"https:\/\/www.notibras.com\/site\/#website\"},\"primaryImageOfPage\":{\"@id\":\"https:\/\/www.notibras.com\/site\/novos-profissionais-reforcam-atendimento-odontologico\/#primaryimage\"},\"image\":{\"@id\":\"https:\/\/www.notibras.com\/site\/novos-profissionais-reforcam-atendimento-odontologico\/#primaryimage\"},\"thumbnailUrl\":\"https:\/\/www.notibras.com\/site\/wp-content\/uploads\/2026\/03\/RUY_2206-1-scaled.jpg\",\"datePublished\":\"2026-03-05T03:45:23+00:00\",\"breadcrumb\":{\"@id\":\"https:\/\/www.notibras.com\/site\/novos-profissionais-reforcam-atendimento-odontologico\/#breadcrumb\"},\"inLanguage\":\"pt-BR\",\"potentialAction\":[{\"@type\":\"ReadAction\",\"target\":[\"https:\/\/www.notibras.com\/site\/novos-profissionais-reforcam-atendimento-odontologico\/\"]}]},{\"@type\":\"ImageObject\",\"inLanguage\":\"pt-BR\",\"@id\":\"https:\/\/www.notibras.com\/site\/novos-profissionais-reforcam-atendimento-odontologico\/#primaryimage\",\"url\":\"https:\/\/www.notibras.com\/site\/wp-content\/uploads\/2026\/03\/RUY_2206-1-scaled.jpg\",\"contentUrl\":\"https:\/\/www.notibras.com\/site\/wp-content\/uploads\/2026\/03\/RUY_2206-1-scaled.jpg\",\"width\":2560,\"height\":1707},{\"@type\":\"BreadcrumbList\",\"@id\":\"https:\/\/www.notibras.com\/site\/novos-profissionais-reforcam-atendimento-odontologico\/#breadcrumb\",\"itemListElement\":[{\"@type\":\"ListItem\",\"position\":1,\"name\":\"In\u00edcio\",\"item\":\"https:\/\/www.notibras.com\/site\/\"},{\"@type\":\"ListItem\",\"position\":2,\"name\":\"Novos profissionais refor\u00e7am atendimento odontol\u00f3gico\u00a0\"}]},{\"@type\":\"WebSite\",\"@id\":\"https:\/\/www.notibras.com\/site\/#website\",\"url\":\"https:\/\/www.notibras.com\/site\/\",\"name\":\"Notibras\",\"description\":\"Not\u00edcias de Bras\u00edlia, do Brasil e do Mundo\",\"publisher\":{\"@id\":\"https:\/\/www.notibras.com\/site\/#organization\"},\"potentialAction\":[{\"@type\":\"SearchAction\",\"target\":{\"@type\":\"EntryPoint\",\"urlTemplate\":\"https:\/\/www.notibras.com\/site\/?s={search_term_string}\"},\"query-input\":{\"@type\":\"PropertyValueSpecification\",\"valueRequired\":true,\"valueName\":\"search_term_string\"}}],\"inLanguage\":\"pt-BR\"},{\"@type\":\"Organization\",\"@id\":\"https:\/\/www.notibras.com\/site\/#organization\",\"name\":\"Grupo Notibras de Comunica\u00e7\u00e3o\",\"url\":\"https:\/\/www.notibras.com\/site\/\",\"logo\":{\"@type\":\"ImageObject\",\"inLanguage\":\"pt-BR\",\"@id\":\"https:\/\/www.notibras.com\/site\/#\/schema\/logo\/image\/\",\"url\":\"https:\/\/www.notibras.com\/site\/wp-content\/uploads\/2023\/01\/notibras23.png\",\"contentUrl\":\"https:\/\/www.notibras.com\/site\/wp-content\/uploads\/2023\/01\/notibras23.png\",\"width\":350,\"height\":87,\"caption\":\"Grupo Notibras de Comunica\u00e7\u00e3o\"},\"image\":{\"@id\":\"https:\/\/www.notibras.com\/site\/#\/schema\/logo\/image\/\"},\"sameAs\":[\"https:\/\/www.facebook.com\/notibras\/\",\"https:\/\/x.com\/Notibras\",\"https:\/\/www.instagram.com\/notibras\/\"]},{\"@type\":\"Person\",\"@id\":\"https:\/\/www.notibras.com\/site\/#\/schema\/person\/5b7fabf2aedc3ada2105f03b22b4d3dd\",\"name\":\"Eduardo Mart\u00ednez\",\"image\":{\"@type\":\"ImageObject\",\"inLanguage\":\"pt-BR\",\"@id\":\"https:\/\/secure.gravatar.com\/avatar\/7902f906289926289cbcda644b5197c796b893c6ffd7b9a536a42d290f7704a0?s=96&d=mm&r=g\",\"url\":\"https:\/\/secure.gravatar.com\/avatar\/7902f906289926289cbcda644b5197c796b893c6ffd7b9a536a42d290f7704a0?s=96&d=mm&r=g\",\"contentUrl\":\"https:\/\/secure.gravatar.com\/avatar\/7902f906289926289cbcda644b5197c796b893c6ffd7b9a536a42d290f7704a0?s=96&d=mm&r=g\",\"caption\":\"Eduardo Mart\u00ednez\"}}]}<\/script>\n<!-- \/ Yoast SEO plugin. -->","yoast_head_json":{"title":"Novos profissionais refor\u00e7am atendimento odontol\u00f3gico\u00a0 - Notibras","robots":{"index":"index","follow":"follow","max-snippet":"max-snippet:-1","max-image-preview":"max-image-preview:large","max-video-preview":"max-video-preview:-1"},"canonical":"https:\/\/www.notibras.com\/site\/novos-profissionais-reforcam-atendimento-odontologico\/","og_locale":"pt_BR","og_type":"article","og_title":"Novos profissionais refor\u00e7am atendimento odontol\u00f3gico\u00a0 - Notibras","og_description":"O atendimento odontol\u00f3gico no Hospital Regional de Santa Maria (HRSM) ganhou refor\u00e7o com a chegada de 57 novos integrantes entre estagi\u00e1rios e residentes, que passam a atuar na assist\u00eancia e na forma\u00e7\u00e3o em sa\u00fade dentro da unidade. O acolhimento ocorreu na \u00faltima ter\u00e7a-feira (3) e marca o in\u00edcio de um novo ciclo de aprendizado, qualifica\u00e7\u00e3o [&hellip;]","og_url":"https:\/\/www.notibras.com\/site\/novos-profissionais-reforcam-atendimento-odontologico\/","og_site_name":"Notibras","article_publisher":"https:\/\/www.facebook.com\/notibras\/","article_published_time":"2026-03-05T03:45:23+00:00","og_image":[{"width":2560,"height":1707,"url":"https:\/\/www.notibras.com\/site\/wp-content\/uploads\/2026\/03\/RUY_2206-1-scaled.jpg","type":"image\/jpeg"}],"author":"Eduardo Mart\u00ednez","twitter_card":"summary_large_image","twitter_creator":"@Notibras","twitter_site":"@Notibras","twitter_misc":{"Escrito por":"Eduardo Mart\u00ednez","Est. tempo de leitura":"3 minutos"},"schema":{"@context":"https:\/\/schema.org","@graph":[{"@type":"Article","@id":"https:\/\/www.notibras.com\/site\/novos-profissionais-reforcam-atendimento-odontologico\/#article","isPartOf":{"@id":"https:\/\/www.notibras.com\/site\/novos-profissionais-reforcam-atendimento-odontologico\/"},"author":{"name":"Eduardo Mart\u00ednez","@id":"https:\/\/www.notibras.com\/site\/#\/schema\/person\/5b7fabf2aedc3ada2105f03b22b4d3dd"},"headline":"Novos profissionais refor\u00e7am atendimento odontol\u00f3gico\u00a0","datePublished":"2026-03-05T03:45:23+00:00","mainEntityOfPage":{"@id":"https:\/\/www.notibras.com\/site\/novos-profissionais-reforcam-atendimento-odontologico\/"},"wordCount":552,"publisher":{"@id":"https:\/\/www.notibras.com\/site\/#organization"},"image":{"@id":"https:\/\/www.notibras.com\/site\/novos-profissionais-reforcam-atendimento-odontologico\/#primaryimage"},"thumbnailUrl":"https:\/\/www.notibras.com\/site\/wp-content\/uploads\/2026\/03\/RUY_2206-1-scaled.jpg","articleSection":["Quadradinho em Foco"],"inLanguage":"pt-BR"},{"@type":"WebPage","@id":"https:\/\/www.notibras.com\/site\/novos-profissionais-reforcam-atendimento-odontologico\/","url":"https:\/\/www.notibras.com\/site\/novos-profissionais-reforcam-atendimento-odontologico\/","name":"Novos profissionais refor\u00e7am atendimento odontol\u00f3gico\u00a0 - Notibras","isPartOf":{"@id":"https:\/\/www.notibras.com\/site\/#website"},"primaryImageOfPage":{"@id":"https:\/\/www.notibras.com\/site\/novos-profissionais-reforcam-atendimento-odontologico\/#primaryimage"},"image":{"@id":"https:\/\/www.notibras.com\/site\/novos-profissionais-reforcam-atendimento-odontologico\/#primaryimage"},"thumbnailUrl":"https:\/\/www.notibras.com\/site\/wp-content\/uploads\/2026\/03\/RUY_2206-1-scaled.jpg","datePublished":"2026-03-05T03:45:23+00:00","breadcrumb":{"@id":"https:\/\/www.notibras.com\/site\/novos-profissionais-reforcam-atendimento-odontologico\/#breadcrumb"},"inLanguage":"pt-BR","potentialAction":[{"@type":"ReadAction","target":["https:\/\/www.notibras.com\/site\/novos-profissionais-reforcam-atendimento-odontologico\/"]}]},{"@type":"ImageObject","inLanguage":"pt-BR","@id":"https:\/\/www.notibras.com\/site\/novos-profissionais-reforcam-atendimento-odontologico\/#primaryimage","url":"https:\/\/www.notibras.com\/site\/wp-content\/uploads\/2026\/03\/RUY_2206-1-scaled.jpg","contentUrl":"https:\/\/www.notibras.com\/site\/wp-content\/uploads\/2026\/03\/RUY_2206-1-scaled.jpg","width":2560,"height":1707},{"@type":"BreadcrumbList","@id":"https:\/\/www.notibras.com\/site\/novos-profissionais-reforcam-atendimento-odontologico\/#breadcrumb","itemListElement":[{"@type":"ListItem","position":1,"name":"In\u00edcio","item":"https:\/\/www.notibras.com\/site\/"},{"@type":"ListItem","position":2,"name":"Novos profissionais refor\u00e7am atendimento odontol\u00f3gico\u00a0"}]},{"@type":"WebSite","@id":"https:\/\/www.notibras.com\/site\/#website","url":"https:\/\/www.notibras.com\/site\/","name":"Notibras","description":"Not\u00edcias de Bras\u00edlia, do Brasil e do Mundo","publisher":{"@id":"https:\/\/www.notibras.com\/site\/#organization"},"potentialAction":[{"@type":"SearchAction","target":{"@type":"EntryPoint","urlTemplate":"https:\/\/www.notibras.com\/site\/?s={search_term_string}"},"query-input":{"@type":"PropertyValueSpecification","valueRequired":true,"valueName":"search_term_string"}}],"inLanguage":"pt-BR"},{"@type":"Organization","@id":"https:\/\/www.notibras.com\/site\/#organization","name":"Grupo Notibras de Comunica\u00e7\u00e3o","url":"https:\/\/www.notibras.com\/site\/","logo":{"@type":"ImageObject","inLanguage":"pt-BR","@id":"https:\/\/www.notibras.com\/site\/#\/schema\/logo\/image\/","url":"https:\/\/www.notibras.com\/site\/wp-content\/uploads\/2023\/01\/notibras23.png","contentUrl":"https:\/\/www.notibras.com\/site\/wp-content\/uploads\/2023\/01\/notibras23.png","width":350,"height":87,"caption":"Grupo Notibras de Comunica\u00e7\u00e3o"},"image":{"@id":"https:\/\/www.notibras.com\/site\/#\/schema\/logo\/image\/"},"sameAs":["https:\/\/www.facebook.com\/notibras\/","https:\/\/x.com\/Notibras","https:\/\/www.instagram.com\/notibras\/"]},{"@type":"Person","@id":"https:\/\/www.notibras.com\/site\/#\/schema\/person\/5b7fabf2aedc3ada2105f03b22b4d3dd","name":"Eduardo Mart\u00ednez","image":{"@type":"ImageObject","inLanguage":"pt-BR","@id":"https:\/\/secure.gravatar.com\/avatar\/7902f906289926289cbcda644b5197c796b893c6ffd7b9a536a42d290f7704a0?s=96&d=mm&r=g","url":"https:\/\/secure.gravatar.com\/avatar\/7902f906289926289cbcda644b5197c796b893c6ffd7b9a536a42d290f7704a0?s=96&d=mm&r=g","contentUrl":"https:\/\/secure.gravatar.com\/avatar\/7902f906289926289cbcda644b5197c796b893c6ffd7b9a536a42d290f7704a0?s=96&d=mm&r=g","caption":"Eduardo Mart\u00ednez"}}]}},"amp_enabled":true,"_links":{"self":[{"href":"https:\/\/www.notibras.com\/site\/wp-json\/wp\/v2\/posts\/385624","targetHints":{"allow":["GET"]}}],"collection":[{"href":"https:\/\/www.notibras.com\/site\/wp-json\/wp\/v2\/posts"}],"about":[{"href":"https:\/\/www.notibras.com\/site\/wp-json\/wp\/v2\/types\/post"}],"author":[{"embeddable":true,"href":"https:\/\/www.notibras.com\/site\/wp-json\/wp\/v2\/users\/21"}],"replies":[{"embeddable":true,"href":"https:\/\/www.notibras.com\/site\/wp-json\/wp\/v2\/comments?post=385624"}],"version-history":[{"count":3,"href":"https:\/\/www.notibras.com\/site\/wp-json\/wp\/v2\/posts\/385624\/revisions"}],"predecessor-version":[{"id":385628,"href":"https:\/\/www.notibras.com\/site\/wp-json\/wp\/v2\/posts\/385624\/revisions\/385628"}],"wp:featuredmedia":[{"embeddable":true,"href":"https:\/\/www.notibras.com\/site\/wp-json\/wp\/v2\/media\/385626"}],"wp:attachment":[{"href":"https:\/\/www.notibras.com\/site\/wp-json\/wp\/v2\/media?parent=385624"}],"wp:term":[{"taxonomy":"category","embeddable":true,"href":"https:\/\/www.notibras.com\/site\/wp-json\/wp\/v2\/categories?post=385624"},{"taxonomy":"post_tag","embeddable":true,"href":"https:\/\/www.notibras.com\/site\/wp-json\/wp\/v2\/tags?post=385624"}],"curies":[{"name":"wp","href":"https:\/\/api.w.org\/{rel}","templated":true}]}}