{"id":385632,"date":"2026-03-05T02:15:16","date_gmt":"2026-03-05T05:15:16","guid":{"rendered":"https:\/\/www.notibras.com\/site\/?p=385632"},"modified":"2026-03-04T23:47:33","modified_gmt":"2026-03-05T02:47:33","slug":"pt-entra-na-disputa-pelo-gdf-com-leandro-grass","status":"publish","type":"post","link":"https:\/\/www.notibras.com\/site\/pt-entra-na-disputa-pelo-gdf-com-leandro-grass\/","title":{"rendered":"PT entra na disputa pelo GDF com Leandro Grass"},"content":{"rendered":"<p>Nesta semana, o PT oficializou a pr\u00e9-candidatura de Leandro Grass ao Governo do Distrito Federal. A decis\u00e3o marca o in\u00edcio da organiza\u00e7\u00e3o do partido para a disputa ao Pal\u00e1cio do Buriti e coloca na corrida um nome que j\u00e1 tem trajet\u00f3ria pol\u00edtica conhecida no DF, com atua\u00e7\u00e3o marcada pelo debate sobre cidade, cultura e pol\u00edticas p\u00fablicas.<\/p>\n<p>Leandro \u00e9, hoje, uma das poucas lideran\u00e7as do campo progressista que parece ter condi\u00e7\u00f5es reais de enfrentar Celina Le\u00e3o nas urnas. Em um cen\u00e1rio eleitoral ainda em forma\u00e7\u00e3o, sua candidatura surge como uma das que podem organizar a oposi\u00e7\u00e3o e apresentar uma alternativa competitiva ao grupo que atualmente ocupa o governo local.<\/p>\n<p>Al\u00e9m disso, o cen\u00e1rio pol\u00edtico pode sofrer mudan\u00e7as importantes dependendo dos desdobramentos do caso envolvendo o Banco Master. Caso novas revela\u00e7\u00f5es tenham impacto sobre o ambiente pol\u00edtico do Distrito Federal, a disputa pode se tornar mais imprevis\u00edvel. Nesse contexto, Leandro Grass pode acabar surpreendendo na corrida eleitoral.<\/p>\n","protected":false},"excerpt":{"rendered":"<p>Nesta semana, o PT oficializou a pr\u00e9-candidatura de Leandro Grass ao Governo do Distrito Federal. A decis\u00e3o marca o in\u00edcio da organiza\u00e7\u00e3o do partido para a disputa ao Pal\u00e1cio do Buriti e coloca na corrida um nome que j\u00e1 tem trajet\u00f3ria pol\u00edtica conhecida no DF, com atua\u00e7\u00e3o marcada pelo debate sobre cidade, cultura e pol\u00edticas [&hellip;]<\/p>\n","protected":false},"author":21,"featured_media":385634,"comment_status":"closed","ping_status":"closed","sticky":false,"template":"","format":"standard","meta":{"_acf_changed":false,"footnotes":""},"categories":[235],"tags":[],"class_list":["post-385632","post","type-post","status-publish","format-standard","has-post-thumbnail","hentry","category-dona-irene"],"acf":[],"yoast_head":"<!-- This site is optimized with the Yoast SEO plugin v27.2 - https:\/\/yoast.com\/product\/yoast-seo-wordpress\/ -->\n<title>PT entra na disputa pelo GDF com Leandro Grass - Notibras<\/title>\n<meta name=\"robots\" content=\"index, follow, max-snippet:-1, max-image-preview:large, max-video-preview:-1\" \/>\n<link rel=\"canonical\" href=\"https:\/\/www.notibras.com\/site\/pt-entra-na-disputa-pelo-gdf-com-leandro-grass\/\" \/>\n<meta property=\"og:locale\" content=\"pt_BR\" \/>\n<meta property=\"og:type\" content=\"article\" \/>\n<meta property=\"og:title\" content=\"PT entra na disputa pelo GDF com Leandro Grass - Notibras\" \/>\n<meta property=\"og:description\" content=\"Nesta semana, o PT oficializou a pr\u00e9-candidatura de Leandro Grass ao Governo do Distrito Federal. A decis\u00e3o marca o in\u00edcio da organiza\u00e7\u00e3o do partido para a disputa ao Pal\u00e1cio do Buriti e coloca na corrida um nome que j\u00e1 tem trajet\u00f3ria pol\u00edtica conhecida no DF, com atua\u00e7\u00e3o marcada pelo debate sobre cidade, cultura e pol\u00edticas [&hellip;]\" \/>\n<meta property=\"og:url\" content=\"https:\/\/www.notibras.com\/site\/pt-entra-na-disputa-pelo-gdf-com-leandro-grass\/\" \/>\n<meta property=\"og:site_name\" content=\"Notibras\" \/>\n<meta property=\"article:publisher\" content=\"https:\/\/www.facebook.com\/notibras\/\" \/>\n<meta property=\"article:published_time\" content=\"2026-03-05T05:15:16+00:00\" \/>\n<meta property=\"og:image\" content=\"https:\/\/www.notibras.com\/site\/wp-content\/uploads\/2026\/03\/2211309RL-01.06-19.jpg\" \/>\n\t<meta property=\"og:image:width\" content=\"2048\" \/>\n\t<meta property=\"og:image:height\" content=\"1367\" \/>\n\t<meta property=\"og:image:type\" content=\"image\/jpeg\" \/>\n<meta name=\"author\" content=\"Eduardo Mart\u00ednez\" \/>\n<meta name=\"twitter:card\" content=\"summary_large_image\" \/>\n<meta name=\"twitter:creator\" content=\"@Notibras\" \/>\n<meta name=\"twitter:site\" content=\"@Notibras\" \/>\n<meta name=\"twitter:label1\" content=\"Escrito por\" \/>\n\t<meta name=\"twitter:data1\" content=\"Eduardo Mart\u00ednez\" \/>\n\t<meta name=\"twitter:label2\" content=\"Est. tempo de leitura\" \/>\n\t<meta name=\"twitter:data2\" content=\"2 minutos\" \/>\n<script type=\"application\/ld+json\" class=\"yoast-schema-graph\">{\"@context\":\"https:\/\/schema.org\",\"@graph\":[{\"@type\":\"Article\",\"@id\":\"https:\/\/www.notibras.com\/site\/pt-entra-na-disputa-pelo-gdf-com-leandro-grass\/#article\",\"isPartOf\":{\"@id\":\"https:\/\/www.notibras.com\/site\/pt-entra-na-disputa-pelo-gdf-com-leandro-grass\/\"},\"author\":{\"name\":\"Eduardo Mart\u00ednez\",\"@id\":\"https:\/\/www.notibras.com\/site\/#\/schema\/person\/5b7fabf2aedc3ada2105f03b22b4d3dd\"},\"headline\":\"PT entra na disputa pelo GDF com Leandro Grass\",\"datePublished\":\"2026-03-05T05:15:16+00:00\",\"mainEntityOfPage\":{\"@id\":\"https:\/\/www.notibras.com\/site\/pt-entra-na-disputa-pelo-gdf-com-leandro-grass\/\"},\"wordCount\":186,\"publisher\":{\"@id\":\"https:\/\/www.notibras.com\/site\/#organization\"},\"image\":{\"@id\":\"https:\/\/www.notibras.com\/site\/pt-entra-na-disputa-pelo-gdf-com-leandro-grass\/#primaryimage\"},\"thumbnailUrl\":\"https:\/\/www.notibras.com\/site\/wp-content\/uploads\/2026\/03\/2211309RL-01.06-19.jpg\",\"articleSection\":[\"Dona Irene\"],\"inLanguage\":\"pt-BR\"},{\"@type\":\"WebPage\",\"@id\":\"https:\/\/www.notibras.com\/site\/pt-entra-na-disputa-pelo-gdf-com-leandro-grass\/\",\"url\":\"https:\/\/www.notibras.com\/site\/pt-entra-na-disputa-pelo-gdf-com-leandro-grass\/\",\"name\":\"PT entra na disputa pelo GDF com Leandro Grass - Notibras\",\"isPartOf\":{\"@id\":\"https:\/\/www.notibras.com\/site\/#website\"},\"primaryImageOfPage\":{\"@id\":\"https:\/\/www.notibras.com\/site\/pt-entra-na-disputa-pelo-gdf-com-leandro-grass\/#primaryimage\"},\"image\":{\"@id\":\"https:\/\/www.notibras.com\/site\/pt-entra-na-disputa-pelo-gdf-com-leandro-grass\/#primaryimage\"},\"thumbnailUrl\":\"https:\/\/www.notibras.com\/site\/wp-content\/uploads\/2026\/03\/2211309RL-01.06-19.jpg\",\"datePublished\":\"2026-03-05T05:15:16+00:00\",\"breadcrumb\":{\"@id\":\"https:\/\/www.notibras.com\/site\/pt-entra-na-disputa-pelo-gdf-com-leandro-grass\/#breadcrumb\"},\"inLanguage\":\"pt-BR\",\"potentialAction\":[{\"@type\":\"ReadAction\",\"target\":[\"https:\/\/www.notibras.com\/site\/pt-entra-na-disputa-pelo-gdf-com-leandro-grass\/\"]}]},{\"@type\":\"ImageObject\",\"inLanguage\":\"pt-BR\",\"@id\":\"https:\/\/www.notibras.com\/site\/pt-entra-na-disputa-pelo-gdf-com-leandro-grass\/#primaryimage\",\"url\":\"https:\/\/www.notibras.com\/site\/wp-content\/uploads\/2026\/03\/2211309RL-01.06-19.jpg\",\"contentUrl\":\"https:\/\/www.notibras.com\/site\/wp-content\/uploads\/2026\/03\/2211309RL-01.06-19.jpg\",\"width\":2048,\"height\":1367},{\"@type\":\"BreadcrumbList\",\"@id\":\"https:\/\/www.notibras.com\/site\/pt-entra-na-disputa-pelo-gdf-com-leandro-grass\/#breadcrumb\",\"itemListElement\":[{\"@type\":\"ListItem\",\"position\":1,\"name\":\"In\u00edcio\",\"item\":\"https:\/\/www.notibras.com\/site\/\"},{\"@type\":\"ListItem\",\"position\":2,\"name\":\"PT entra na disputa pelo GDF com Leandro Grass\"}]},{\"@type\":\"WebSite\",\"@id\":\"https:\/\/www.notibras.com\/site\/#website\",\"url\":\"https:\/\/www.notibras.com\/site\/\",\"name\":\"Notibras\",\"description\":\"Not\u00edcias de Bras\u00edlia, do Brasil e do Mundo\",\"publisher\":{\"@id\":\"https:\/\/www.notibras.com\/site\/#organization\"},\"potentialAction\":[{\"@type\":\"SearchAction\",\"target\":{\"@type\":\"EntryPoint\",\"urlTemplate\":\"https:\/\/www.notibras.com\/site\/?s={search_term_string}\"},\"query-input\":{\"@type\":\"PropertyValueSpecification\",\"valueRequired\":true,\"valueName\":\"search_term_string\"}}],\"inLanguage\":\"pt-BR\"},{\"@type\":\"Organization\",\"@id\":\"https:\/\/www.notibras.com\/site\/#organization\",\"name\":\"Grupo Notibras de Comunica\u00e7\u00e3o\",\"url\":\"https:\/\/www.notibras.com\/site\/\",\"logo\":{\"@type\":\"ImageObject\",\"inLanguage\":\"pt-BR\",\"@id\":\"https:\/\/www.notibras.com\/site\/#\/schema\/logo\/image\/\",\"url\":\"https:\/\/www.notibras.com\/site\/wp-content\/uploads\/2023\/01\/notibras23.png\",\"contentUrl\":\"https:\/\/www.notibras.com\/site\/wp-content\/uploads\/2023\/01\/notibras23.png\",\"width\":350,\"height\":87,\"caption\":\"Grupo Notibras de Comunica\u00e7\u00e3o\"},\"image\":{\"@id\":\"https:\/\/www.notibras.com\/site\/#\/schema\/logo\/image\/\"},\"sameAs\":[\"https:\/\/www.facebook.com\/notibras\/\",\"https:\/\/x.com\/Notibras\",\"https:\/\/www.instagram.com\/notibras\/\"]},{\"@type\":\"Person\",\"@id\":\"https:\/\/www.notibras.com\/site\/#\/schema\/person\/5b7fabf2aedc3ada2105f03b22b4d3dd\",\"name\":\"Eduardo Mart\u00ednez\",\"image\":{\"@type\":\"ImageObject\",\"inLanguage\":\"pt-BR\",\"@id\":\"https:\/\/secure.gravatar.com\/avatar\/7902f906289926289cbcda644b5197c796b893c6ffd7b9a536a42d290f7704a0?s=96&d=mm&r=g\",\"url\":\"https:\/\/secure.gravatar.com\/avatar\/7902f906289926289cbcda644b5197c796b893c6ffd7b9a536a42d290f7704a0?s=96&d=mm&r=g\",\"contentUrl\":\"https:\/\/secure.gravatar.com\/avatar\/7902f906289926289cbcda644b5197c796b893c6ffd7b9a536a42d290f7704a0?s=96&d=mm&r=g\",\"caption\":\"Eduardo Mart\u00ednez\"}}]}<\/script>\n<!-- \/ Yoast SEO plugin. -->","yoast_head_json":{"title":"PT entra na disputa pelo GDF com Leandro Grass - Notibras","robots":{"index":"index","follow":"follow","max-snippet":"max-snippet:-1","max-image-preview":"max-image-preview:large","max-video-preview":"max-video-preview:-1"},"canonical":"https:\/\/www.notibras.com\/site\/pt-entra-na-disputa-pelo-gdf-com-leandro-grass\/","og_locale":"pt_BR","og_type":"article","og_title":"PT entra na disputa pelo GDF com Leandro Grass - Notibras","og_description":"Nesta semana, o PT oficializou a pr\u00e9-candidatura de Leandro Grass ao Governo do Distrito Federal. A decis\u00e3o marca o in\u00edcio da organiza\u00e7\u00e3o do partido para a disputa ao Pal\u00e1cio do Buriti e coloca na corrida um nome que j\u00e1 tem trajet\u00f3ria pol\u00edtica conhecida no DF, com atua\u00e7\u00e3o marcada pelo debate sobre cidade, cultura e pol\u00edticas [&hellip;]","og_url":"https:\/\/www.notibras.com\/site\/pt-entra-na-disputa-pelo-gdf-com-leandro-grass\/","og_site_name":"Notibras","article_publisher":"https:\/\/www.facebook.com\/notibras\/","article_published_time":"2026-03-05T05:15:16+00:00","og_image":[{"width":2048,"height":1367,"url":"https:\/\/www.notibras.com\/site\/wp-content\/uploads\/2026\/03\/2211309RL-01.06-19.jpg","type":"image\/jpeg"}],"author":"Eduardo Mart\u00ednez","twitter_card":"summary_large_image","twitter_creator":"@Notibras","twitter_site":"@Notibras","twitter_misc":{"Escrito por":"Eduardo Mart\u00ednez","Est. tempo de leitura":"2 minutos"},"schema":{"@context":"https:\/\/schema.org","@graph":[{"@type":"Article","@id":"https:\/\/www.notibras.com\/site\/pt-entra-na-disputa-pelo-gdf-com-leandro-grass\/#article","isPartOf":{"@id":"https:\/\/www.notibras.com\/site\/pt-entra-na-disputa-pelo-gdf-com-leandro-grass\/"},"author":{"name":"Eduardo Mart\u00ednez","@id":"https:\/\/www.notibras.com\/site\/#\/schema\/person\/5b7fabf2aedc3ada2105f03b22b4d3dd"},"headline":"PT entra na disputa pelo GDF com Leandro Grass","datePublished":"2026-03-05T05:15:16+00:00","mainEntityOfPage":{"@id":"https:\/\/www.notibras.com\/site\/pt-entra-na-disputa-pelo-gdf-com-leandro-grass\/"},"wordCount":186,"publisher":{"@id":"https:\/\/www.notibras.com\/site\/#organization"},"image":{"@id":"https:\/\/www.notibras.com\/site\/pt-entra-na-disputa-pelo-gdf-com-leandro-grass\/#primaryimage"},"thumbnailUrl":"https:\/\/www.notibras.com\/site\/wp-content\/uploads\/2026\/03\/2211309RL-01.06-19.jpg","articleSection":["Dona Irene"],"inLanguage":"pt-BR"},{"@type":"WebPage","@id":"https:\/\/www.notibras.com\/site\/pt-entra-na-disputa-pelo-gdf-com-leandro-grass\/","url":"https:\/\/www.notibras.com\/site\/pt-entra-na-disputa-pelo-gdf-com-leandro-grass\/","name":"PT entra na disputa pelo GDF com Leandro Grass - Notibras","isPartOf":{"@id":"https:\/\/www.notibras.com\/site\/#website"},"primaryImageOfPage":{"@id":"https:\/\/www.notibras.com\/site\/pt-entra-na-disputa-pelo-gdf-com-leandro-grass\/#primaryimage"},"image":{"@id":"https:\/\/www.notibras.com\/site\/pt-entra-na-disputa-pelo-gdf-com-leandro-grass\/#primaryimage"},"thumbnailUrl":"https:\/\/www.notibras.com\/site\/wp-content\/uploads\/2026\/03\/2211309RL-01.06-19.jpg","datePublished":"2026-03-05T05:15:16+00:00","breadcrumb":{"@id":"https:\/\/www.notibras.com\/site\/pt-entra-na-disputa-pelo-gdf-com-leandro-grass\/#breadcrumb"},"inLanguage":"pt-BR","potentialAction":[{"@type":"ReadAction","target":["https:\/\/www.notibras.com\/site\/pt-entra-na-disputa-pelo-gdf-com-leandro-grass\/"]}]},{"@type":"ImageObject","inLanguage":"pt-BR","@id":"https:\/\/www.notibras.com\/site\/pt-entra-na-disputa-pelo-gdf-com-leandro-grass\/#primaryimage","url":"https:\/\/www.notibras.com\/site\/wp-content\/uploads\/2026\/03\/2211309RL-01.06-19.jpg","contentUrl":"https:\/\/www.notibras.com\/site\/wp-content\/uploads\/2026\/03\/2211309RL-01.06-19.jpg","width":2048,"height":1367},{"@type":"BreadcrumbList","@id":"https:\/\/www.notibras.com\/site\/pt-entra-na-disputa-pelo-gdf-com-leandro-grass\/#breadcrumb","itemListElement":[{"@type":"ListItem","position":1,"name":"In\u00edcio","item":"https:\/\/www.notibras.com\/site\/"},{"@type":"ListItem","position":2,"name":"PT entra na disputa pelo GDF com Leandro Grass"}]},{"@type":"WebSite","@id":"https:\/\/www.notibras.com\/site\/#website","url":"https:\/\/www.notibras.com\/site\/","name":"Notibras","description":"Not\u00edcias de Bras\u00edlia, do Brasil e do Mundo","publisher":{"@id":"https:\/\/www.notibras.com\/site\/#organization"},"potentialAction":[{"@type":"SearchAction","target":{"@type":"EntryPoint","urlTemplate":"https:\/\/www.notibras.com\/site\/?s={search_term_string}"},"query-input":{"@type":"PropertyValueSpecification","valueRequired":true,"valueName":"search_term_string"}}],"inLanguage":"pt-BR"},{"@type":"Organization","@id":"https:\/\/www.notibras.com\/site\/#organization","name":"Grupo Notibras de Comunica\u00e7\u00e3o","url":"https:\/\/www.notibras.com\/site\/","logo":{"@type":"ImageObject","inLanguage":"pt-BR","@id":"https:\/\/www.notibras.com\/site\/#\/schema\/logo\/image\/","url":"https:\/\/www.notibras.com\/site\/wp-content\/uploads\/2023\/01\/notibras23.png","contentUrl":"https:\/\/www.notibras.com\/site\/wp-content\/uploads\/2023\/01\/notibras23.png","width":350,"height":87,"caption":"Grupo Notibras de Comunica\u00e7\u00e3o"},"image":{"@id":"https:\/\/www.notibras.com\/site\/#\/schema\/logo\/image\/"},"sameAs":["https:\/\/www.facebook.com\/notibras\/","https:\/\/x.com\/Notibras","https:\/\/www.instagram.com\/notibras\/"]},{"@type":"Person","@id":"https:\/\/www.notibras.com\/site\/#\/schema\/person\/5b7fabf2aedc3ada2105f03b22b4d3dd","name":"Eduardo Mart\u00ednez","image":{"@type":"ImageObject","inLanguage":"pt-BR","@id":"https:\/\/secure.gravatar.com\/avatar\/7902f906289926289cbcda644b5197c796b893c6ffd7b9a536a42d290f7704a0?s=96&d=mm&r=g","url":"https:\/\/secure.gravatar.com\/avatar\/7902f906289926289cbcda644b5197c796b893c6ffd7b9a536a42d290f7704a0?s=96&d=mm&r=g","contentUrl":"https:\/\/secure.gravatar.com\/avatar\/7902f906289926289cbcda644b5197c796b893c6ffd7b9a536a42d290f7704a0?s=96&d=mm&r=g","caption":"Eduardo Mart\u00ednez"}}]}},"amp_enabled":true,"_links":{"self":[{"href":"https:\/\/www.notibras.com\/site\/wp-json\/wp\/v2\/posts\/385632","targetHints":{"allow":["GET"]}}],"collection":[{"href":"https:\/\/www.notibras.com\/site\/wp-json\/wp\/v2\/posts"}],"about":[{"href":"https:\/\/www.notibras.com\/site\/wp-json\/wp\/v2\/types\/post"}],"author":[{"embeddable":true,"href":"https:\/\/www.notibras.com\/site\/wp-json\/wp\/v2\/users\/21"}],"replies":[{"embeddable":true,"href":"https:\/\/www.notibras.com\/site\/wp-json\/wp\/v2\/comments?post=385632"}],"version-history":[{"count":3,"href":"https:\/\/www.notibras.com\/site\/wp-json\/wp\/v2\/posts\/385632\/revisions"}],"predecessor-version":[{"id":385636,"href":"https:\/\/www.notibras.com\/site\/wp-json\/wp\/v2\/posts\/385632\/revisions\/385636"}],"wp:featuredmedia":[{"embeddable":true,"href":"https:\/\/www.notibras.com\/site\/wp-json\/wp\/v2\/media\/385634"}],"wp:attachment":[{"href":"https:\/\/www.notibras.com\/site\/wp-json\/wp\/v2\/media?parent=385632"}],"wp:term":[{"taxonomy":"category","embeddable":true,"href":"https:\/\/www.notibras.com\/site\/wp-json\/wp\/v2\/categories?post=385632"},{"taxonomy":"post_tag","embeddable":true,"href":"https:\/\/www.notibras.com\/site\/wp-json\/wp\/v2\/tags?post=385632"}],"curies":[{"name":"wp","href":"https:\/\/api.w.org\/{rel}","templated":true}]}}