{"id":385638,"date":"2026-03-06T00:00:21","date_gmt":"2026-03-06T03:00:21","guid":{"rendered":"https:\/\/www.notibras.com\/site\/?p=385638"},"modified":"2026-03-05T00:33:48","modified_gmt":"2026-03-05T03:33:48","slug":"peter-tocha","status":"publish","type":"post","link":"https:\/\/www.notibras.com\/site\/peter-tocha\/","title":{"rendered":"Peter &#8220;Tocha&#8221;"},"content":{"rendered":"<p>&#8220;As borboletas est\u00e3o voando \/ A dan\u00e7a louca das borboletas&#8230;&#8221;<br \/>\n(Z\u00e9 Ramalho e Alceu Valen\u00e7a, &#8220;A Dan\u00e7a das Borboletas&#8221;)<\/p>\n<p>Salami vive pelas praias de SC entre Florian\u00f3polis e Garopaba.<\/p>\n<p>Vai e volta e vai e volta&#8230;<\/p>\n<p>&#8220;Riponga Rasta&#8221; desde que se conhece por gente.<\/p>\n<p>Salami neste s\u00e1bado arrumou grana e montou um churrasco na cal\u00e7ada da rua.<\/p>\n<p>\u2014 Professor, churrasco democr\u00e1tico!<\/p>\n<p>Parei, sentei a bunda velha na cadeira e o c\u00e3o me atacou.<\/p>\n<p>\u2014 Calma, Profe&#8230; \u00c9 o Peter&#8230; o Peter &#8220;Tocha&#8221;.<\/p>\n<p>Fiquei magn\u00e9tico por segundos e depois entendi.<\/p>\n<p>Salami organizou um churrasco democr\u00e1tico saudando a chegada do d\u00e9cimo cachorro parceiro de rua dele: Peter&#8230; N\u00e3o Tosh, mas &#8220;Tocha&#8221;.<\/p>\n<p>Fiquei calmo e, depois de meia hora o &#8220;Tocha&#8221; j\u00e1 me lambia e fazia carinho em minhas pernas.<\/p>\n<p>E Salami prosseguiu:<\/p>\n<p>\u2014 Estimado, a coisa pegou legal neste Ver\u00e3o. Movimento bom e s\u00f3 alegria&#8230; Muita festa! Fiz o trecho todo: Ferrugem, praia do Rosa, Guardinha do Emba\u00fa, Pinheira e todas de Floripa. Trecheiro \u00e9 trecheiro, br\u00f3di!<\/p>\n<p>Salami \u00e9 &#8220;riponga&#8221;, mas tem um smartphone de \u00faltima gera\u00e7\u00e3o. Com ele, o experiente &#8220;rasta&#8221; faz contato com toda a gente. E vende seus balangand\u00e3s, pulseiras e objetos de artesanato que produz durante os meses de inverno.<\/p>\n<p>E o amigo celular \u00e9 a caixa de som capaz de animar todas as horas com sons inacredit\u00e1veis, psicodelia pura na maioria das programa\u00e7\u00f5es.<\/p>\n<p>\u2014 Alceu, Z\u00e9 Ramalho e &#8220;A Dan\u00e7a das Borboletas&#8221; \u00e9 massa demais, cara!<\/p>\n<p>Pergunto ao Salami sobre o reggae e ele \u00e9 direto:<\/p>\n<p>\u2014 Bob Marley, o &#8220;J\u00c1H&#8221; e, claro, Peter Tosh. Sem os dois n\u00e3o h\u00e1 sobreviv\u00eancia.<\/p>\n<p>O &#8220;churrasco democr\u00e1tico&#8221; prossegue pela tarde nas areias da prainha do bra\u00e7o do rio da Madre, no cora\u00e7\u00e3o da Guarda do Emba\u00fa SC. E a galera vai chegando; gente descolada de todo tipo. Churrasco democr\u00e1tico MESMO.<\/p>\n<p>Cansado e j\u00e1 cheio de trago, despe\u00e7o-me de Salami e da &#8220;galera feliz&#8221; para seguir em busca de descanso na pousada neste final de ver\u00e3o; n\u00e3o sem antes dar um abra\u00e7o em &#8220;Tocha&#8221;, o Peter. Nisto, o c\u00e3o fala comigo e sorri; n\u00e3o um sorriso qualquer: sorriso de quem conhece os segredos das praias e estradas desse mund\u00e3o.<\/p>\n<p>Peter dan\u00e7a sobre as patas traseiras e me oferece um cigarro artesanal imenso no que eu respondo:<\/p>\n<p>\u2014 Grato, Peter, t\u00f4 fora&#8230; S\u00f3 segurando o meu c\u00e2ncer-futuro que o Marlboro garantir\u00e1.<\/p>\n<p>A noite chega e ainda posso ver o Sol se escondendo atr\u00e1s da Pedra do Urubu enquanto caminho pela Estrada Velha do Cumbat\u00e1 ouvindo o som de Alceu e Z\u00e9 Ramalho:<\/p>\n<p>&#8220;As borboletas est\u00e3o voando \/ A dan\u00e7a louca das borboletas&#8230;&#8221;<\/p>\n<p><strong>&#8230;&#8230;&#8230;&#8230;&#8230;&#8230;&#8230;&#8230;&#8230;&#8230;&#8230;&#8230;..<\/strong><\/p>\n<p><strong>Gilberto Motta \u00e9 escritor, jornalista, professor\/pesquisador. Vive na pequena vila da Guarda do Emba\u00fa, ao lado de Florian\u00f3polis, litoral de SC.<\/strong><\/p>\n","protected":false},"excerpt":{"rendered":"<p>&#8220;As borboletas est\u00e3o voando \/ A dan\u00e7a louca das borboletas&#8230;&#8221; (Z\u00e9 Ramalho e Alceu Valen\u00e7a, &#8220;A Dan\u00e7a das Borboletas&#8221;) Salami vive pelas praias de SC entre Florian\u00f3polis e Garopaba. Vai e volta e vai e volta&#8230; &#8220;Riponga Rasta&#8221; desde que se conhece por gente. Salami neste s\u00e1bado arrumou grana e montou um churrasco na cal\u00e7ada [&hellip;]<\/p>\n","protected":false},"author":21,"featured_media":385639,"comment_status":"closed","ping_status":"closed","sticky":false,"template":"","format":"standard","meta":{"_acf_changed":false,"footnotes":""},"categories":[234],"tags":[],"class_list":["post-385638","post","type-post","status-publish","format-standard","has-post-thumbnail","hentry","category-cafe-literario"],"acf":[],"yoast_head":"<!-- This site is optimized with the Yoast SEO plugin v27.2 - https:\/\/yoast.com\/product\/yoast-seo-wordpress\/ -->\n<title>Peter &quot;Tocha&quot; - Notibras<\/title>\n<meta name=\"robots\" content=\"index, follow, max-snippet:-1, max-image-preview:large, max-video-preview:-1\" \/>\n<link rel=\"canonical\" href=\"https:\/\/www.notibras.com\/site\/peter-tocha\/\" \/>\n<meta property=\"og:locale\" content=\"pt_BR\" \/>\n<meta property=\"og:type\" content=\"article\" \/>\n<meta property=\"og:title\" content=\"Peter &quot;Tocha&quot; - Notibras\" \/>\n<meta property=\"og:description\" content=\"&#8220;As borboletas est\u00e3o voando \/ A dan\u00e7a louca das borboletas&#8230;&#8221; (Z\u00e9 Ramalho e Alceu Valen\u00e7a, &#8220;A Dan\u00e7a das Borboletas&#8221;) Salami vive pelas praias de SC entre Florian\u00f3polis e Garopaba. Vai e volta e vai e volta&#8230; &#8220;Riponga Rasta&#8221; desde que se conhece por gente. Salami neste s\u00e1bado arrumou grana e montou um churrasco na cal\u00e7ada [&hellip;]\" \/>\n<meta property=\"og:url\" content=\"https:\/\/www.notibras.com\/site\/peter-tocha\/\" \/>\n<meta property=\"og:site_name\" content=\"Notibras\" \/>\n<meta property=\"article:publisher\" content=\"https:\/\/www.facebook.com\/notibras\/\" \/>\n<meta property=\"article:published_time\" content=\"2026-03-06T03:00:21+00:00\" \/>\n<meta property=\"og:image\" content=\"https:\/\/www.notibras.com\/site\/wp-content\/uploads\/2026\/03\/image-46.png\" \/>\n\t<meta property=\"og:image:width\" content=\"720\" \/>\n\t<meta property=\"og:image:height\" content=\"900\" \/>\n\t<meta property=\"og:image:type\" content=\"image\/png\" \/>\n<meta name=\"author\" content=\"Eduardo Mart\u00ednez\" \/>\n<meta name=\"twitter:card\" content=\"summary_large_image\" \/>\n<meta name=\"twitter:creator\" content=\"@Notibras\" \/>\n<meta name=\"twitter:site\" content=\"@Notibras\" \/>\n<meta name=\"twitter:label1\" content=\"Escrito por\" \/>\n\t<meta name=\"twitter:data1\" content=\"Eduardo Mart\u00ednez\" \/>\n\t<meta name=\"twitter:label2\" content=\"Est. tempo de leitura\" \/>\n\t<meta name=\"twitter:data2\" content=\"3 minutos\" \/>\n<script type=\"application\/ld+json\" class=\"yoast-schema-graph\">{\"@context\":\"https:\/\/schema.org\",\"@graph\":[{\"@type\":\"Article\",\"@id\":\"https:\/\/www.notibras.com\/site\/peter-tocha\/#article\",\"isPartOf\":{\"@id\":\"https:\/\/www.notibras.com\/site\/peter-tocha\/\"},\"author\":{\"name\":\"Eduardo Mart\u00ednez\",\"@id\":\"https:\/\/www.notibras.com\/site\/#\/schema\/person\/5b7fabf2aedc3ada2105f03b22b4d3dd\"},\"headline\":\"Peter &#8220;Tocha&#8221;\",\"datePublished\":\"2026-03-06T03:00:21+00:00\",\"mainEntityOfPage\":{\"@id\":\"https:\/\/www.notibras.com\/site\/peter-tocha\/\"},\"wordCount\":479,\"publisher\":{\"@id\":\"https:\/\/www.notibras.com\/site\/#organization\"},\"image\":{\"@id\":\"https:\/\/www.notibras.com\/site\/peter-tocha\/#primaryimage\"},\"thumbnailUrl\":\"https:\/\/www.notibras.com\/site\/wp-content\/uploads\/2026\/03\/image-46.png\",\"articleSection\":[\"Caf\u00e9 Liter\u00e1rio\"],\"inLanguage\":\"pt-BR\"},{\"@type\":\"WebPage\",\"@id\":\"https:\/\/www.notibras.com\/site\/peter-tocha\/\",\"url\":\"https:\/\/www.notibras.com\/site\/peter-tocha\/\",\"name\":\"Peter \\\"Tocha\\\" - Notibras\",\"isPartOf\":{\"@id\":\"https:\/\/www.notibras.com\/site\/#website\"},\"primaryImageOfPage\":{\"@id\":\"https:\/\/www.notibras.com\/site\/peter-tocha\/#primaryimage\"},\"image\":{\"@id\":\"https:\/\/www.notibras.com\/site\/peter-tocha\/#primaryimage\"},\"thumbnailUrl\":\"https:\/\/www.notibras.com\/site\/wp-content\/uploads\/2026\/03\/image-46.png\",\"datePublished\":\"2026-03-06T03:00:21+00:00\",\"breadcrumb\":{\"@id\":\"https:\/\/www.notibras.com\/site\/peter-tocha\/#breadcrumb\"},\"inLanguage\":\"pt-BR\",\"potentialAction\":[{\"@type\":\"ReadAction\",\"target\":[\"https:\/\/www.notibras.com\/site\/peter-tocha\/\"]}]},{\"@type\":\"ImageObject\",\"inLanguage\":\"pt-BR\",\"@id\":\"https:\/\/www.notibras.com\/site\/peter-tocha\/#primaryimage\",\"url\":\"https:\/\/www.notibras.com\/site\/wp-content\/uploads\/2026\/03\/image-46.png\",\"contentUrl\":\"https:\/\/www.notibras.com\/site\/wp-content\/uploads\/2026\/03\/image-46.png\",\"width\":720,\"height\":900},{\"@type\":\"BreadcrumbList\",\"@id\":\"https:\/\/www.notibras.com\/site\/peter-tocha\/#breadcrumb\",\"itemListElement\":[{\"@type\":\"ListItem\",\"position\":1,\"name\":\"In\u00edcio\",\"item\":\"https:\/\/www.notibras.com\/site\/\"},{\"@type\":\"ListItem\",\"position\":2,\"name\":\"Peter &#8220;Tocha&#8221;\"}]},{\"@type\":\"WebSite\",\"@id\":\"https:\/\/www.notibras.com\/site\/#website\",\"url\":\"https:\/\/www.notibras.com\/site\/\",\"name\":\"Notibras\",\"description\":\"Not\u00edcias de Bras\u00edlia, do Brasil e do Mundo\",\"publisher\":{\"@id\":\"https:\/\/www.notibras.com\/site\/#organization\"},\"potentialAction\":[{\"@type\":\"SearchAction\",\"target\":{\"@type\":\"EntryPoint\",\"urlTemplate\":\"https:\/\/www.notibras.com\/site\/?s={search_term_string}\"},\"query-input\":{\"@type\":\"PropertyValueSpecification\",\"valueRequired\":true,\"valueName\":\"search_term_string\"}}],\"inLanguage\":\"pt-BR\"},{\"@type\":\"Organization\",\"@id\":\"https:\/\/www.notibras.com\/site\/#organization\",\"name\":\"Grupo Notibras de Comunica\u00e7\u00e3o\",\"url\":\"https:\/\/www.notibras.com\/site\/\",\"logo\":{\"@type\":\"ImageObject\",\"inLanguage\":\"pt-BR\",\"@id\":\"https:\/\/www.notibras.com\/site\/#\/schema\/logo\/image\/\",\"url\":\"https:\/\/www.notibras.com\/site\/wp-content\/uploads\/2023\/01\/notibras23.png\",\"contentUrl\":\"https:\/\/www.notibras.com\/site\/wp-content\/uploads\/2023\/01\/notibras23.png\",\"width\":350,\"height\":87,\"caption\":\"Grupo Notibras de Comunica\u00e7\u00e3o\"},\"image\":{\"@id\":\"https:\/\/www.notibras.com\/site\/#\/schema\/logo\/image\/\"},\"sameAs\":[\"https:\/\/www.facebook.com\/notibras\/\",\"https:\/\/x.com\/Notibras\",\"https:\/\/www.instagram.com\/notibras\/\"]},{\"@type\":\"Person\",\"@id\":\"https:\/\/www.notibras.com\/site\/#\/schema\/person\/5b7fabf2aedc3ada2105f03b22b4d3dd\",\"name\":\"Eduardo Mart\u00ednez\",\"image\":{\"@type\":\"ImageObject\",\"inLanguage\":\"pt-BR\",\"@id\":\"https:\/\/secure.gravatar.com\/avatar\/7902f906289926289cbcda644b5197c796b893c6ffd7b9a536a42d290f7704a0?s=96&d=mm&r=g\",\"url\":\"https:\/\/secure.gravatar.com\/avatar\/7902f906289926289cbcda644b5197c796b893c6ffd7b9a536a42d290f7704a0?s=96&d=mm&r=g\",\"contentUrl\":\"https:\/\/secure.gravatar.com\/avatar\/7902f906289926289cbcda644b5197c796b893c6ffd7b9a536a42d290f7704a0?s=96&d=mm&r=g\",\"caption\":\"Eduardo Mart\u00ednez\"}}]}<\/script>\n<!-- \/ Yoast SEO plugin. -->","yoast_head_json":{"title":"Peter \"Tocha\" - Notibras","robots":{"index":"index","follow":"follow","max-snippet":"max-snippet:-1","max-image-preview":"max-image-preview:large","max-video-preview":"max-video-preview:-1"},"canonical":"https:\/\/www.notibras.com\/site\/peter-tocha\/","og_locale":"pt_BR","og_type":"article","og_title":"Peter \"Tocha\" - Notibras","og_description":"&#8220;As borboletas est\u00e3o voando \/ A dan\u00e7a louca das borboletas&#8230;&#8221; (Z\u00e9 Ramalho e Alceu Valen\u00e7a, &#8220;A Dan\u00e7a das Borboletas&#8221;) Salami vive pelas praias de SC entre Florian\u00f3polis e Garopaba. Vai e volta e vai e volta&#8230; &#8220;Riponga Rasta&#8221; desde que se conhece por gente. Salami neste s\u00e1bado arrumou grana e montou um churrasco na cal\u00e7ada [&hellip;]","og_url":"https:\/\/www.notibras.com\/site\/peter-tocha\/","og_site_name":"Notibras","article_publisher":"https:\/\/www.facebook.com\/notibras\/","article_published_time":"2026-03-06T03:00:21+00:00","og_image":[{"width":720,"height":900,"url":"https:\/\/www.notibras.com\/site\/wp-content\/uploads\/2026\/03\/image-46.png","type":"image\/png"}],"author":"Eduardo Mart\u00ednez","twitter_card":"summary_large_image","twitter_creator":"@Notibras","twitter_site":"@Notibras","twitter_misc":{"Escrito por":"Eduardo Mart\u00ednez","Est. tempo de leitura":"3 minutos"},"schema":{"@context":"https:\/\/schema.org","@graph":[{"@type":"Article","@id":"https:\/\/www.notibras.com\/site\/peter-tocha\/#article","isPartOf":{"@id":"https:\/\/www.notibras.com\/site\/peter-tocha\/"},"author":{"name":"Eduardo Mart\u00ednez","@id":"https:\/\/www.notibras.com\/site\/#\/schema\/person\/5b7fabf2aedc3ada2105f03b22b4d3dd"},"headline":"Peter &#8220;Tocha&#8221;","datePublished":"2026-03-06T03:00:21+00:00","mainEntityOfPage":{"@id":"https:\/\/www.notibras.com\/site\/peter-tocha\/"},"wordCount":479,"publisher":{"@id":"https:\/\/www.notibras.com\/site\/#organization"},"image":{"@id":"https:\/\/www.notibras.com\/site\/peter-tocha\/#primaryimage"},"thumbnailUrl":"https:\/\/www.notibras.com\/site\/wp-content\/uploads\/2026\/03\/image-46.png","articleSection":["Caf\u00e9 Liter\u00e1rio"],"inLanguage":"pt-BR"},{"@type":"WebPage","@id":"https:\/\/www.notibras.com\/site\/peter-tocha\/","url":"https:\/\/www.notibras.com\/site\/peter-tocha\/","name":"Peter \"Tocha\" - Notibras","isPartOf":{"@id":"https:\/\/www.notibras.com\/site\/#website"},"primaryImageOfPage":{"@id":"https:\/\/www.notibras.com\/site\/peter-tocha\/#primaryimage"},"image":{"@id":"https:\/\/www.notibras.com\/site\/peter-tocha\/#primaryimage"},"thumbnailUrl":"https:\/\/www.notibras.com\/site\/wp-content\/uploads\/2026\/03\/image-46.png","datePublished":"2026-03-06T03:00:21+00:00","breadcrumb":{"@id":"https:\/\/www.notibras.com\/site\/peter-tocha\/#breadcrumb"},"inLanguage":"pt-BR","potentialAction":[{"@type":"ReadAction","target":["https:\/\/www.notibras.com\/site\/peter-tocha\/"]}]},{"@type":"ImageObject","inLanguage":"pt-BR","@id":"https:\/\/www.notibras.com\/site\/peter-tocha\/#primaryimage","url":"https:\/\/www.notibras.com\/site\/wp-content\/uploads\/2026\/03\/image-46.png","contentUrl":"https:\/\/www.notibras.com\/site\/wp-content\/uploads\/2026\/03\/image-46.png","width":720,"height":900},{"@type":"BreadcrumbList","@id":"https:\/\/www.notibras.com\/site\/peter-tocha\/#breadcrumb","itemListElement":[{"@type":"ListItem","position":1,"name":"In\u00edcio","item":"https:\/\/www.notibras.com\/site\/"},{"@type":"ListItem","position":2,"name":"Peter &#8220;Tocha&#8221;"}]},{"@type":"WebSite","@id":"https:\/\/www.notibras.com\/site\/#website","url":"https:\/\/www.notibras.com\/site\/","name":"Notibras","description":"Not\u00edcias de Bras\u00edlia, do Brasil e do Mundo","publisher":{"@id":"https:\/\/www.notibras.com\/site\/#organization"},"potentialAction":[{"@type":"SearchAction","target":{"@type":"EntryPoint","urlTemplate":"https:\/\/www.notibras.com\/site\/?s={search_term_string}"},"query-input":{"@type":"PropertyValueSpecification","valueRequired":true,"valueName":"search_term_string"}}],"inLanguage":"pt-BR"},{"@type":"Organization","@id":"https:\/\/www.notibras.com\/site\/#organization","name":"Grupo Notibras de Comunica\u00e7\u00e3o","url":"https:\/\/www.notibras.com\/site\/","logo":{"@type":"ImageObject","inLanguage":"pt-BR","@id":"https:\/\/www.notibras.com\/site\/#\/schema\/logo\/image\/","url":"https:\/\/www.notibras.com\/site\/wp-content\/uploads\/2023\/01\/notibras23.png","contentUrl":"https:\/\/www.notibras.com\/site\/wp-content\/uploads\/2023\/01\/notibras23.png","width":350,"height":87,"caption":"Grupo Notibras de Comunica\u00e7\u00e3o"},"image":{"@id":"https:\/\/www.notibras.com\/site\/#\/schema\/logo\/image\/"},"sameAs":["https:\/\/www.facebook.com\/notibras\/","https:\/\/x.com\/Notibras","https:\/\/www.instagram.com\/notibras\/"]},{"@type":"Person","@id":"https:\/\/www.notibras.com\/site\/#\/schema\/person\/5b7fabf2aedc3ada2105f03b22b4d3dd","name":"Eduardo Mart\u00ednez","image":{"@type":"ImageObject","inLanguage":"pt-BR","@id":"https:\/\/secure.gravatar.com\/avatar\/7902f906289926289cbcda644b5197c796b893c6ffd7b9a536a42d290f7704a0?s=96&d=mm&r=g","url":"https:\/\/secure.gravatar.com\/avatar\/7902f906289926289cbcda644b5197c796b893c6ffd7b9a536a42d290f7704a0?s=96&d=mm&r=g","contentUrl":"https:\/\/secure.gravatar.com\/avatar\/7902f906289926289cbcda644b5197c796b893c6ffd7b9a536a42d290f7704a0?s=96&d=mm&r=g","caption":"Eduardo Mart\u00ednez"}}]}},"amp_enabled":true,"_links":{"self":[{"href":"https:\/\/www.notibras.com\/site\/wp-json\/wp\/v2\/posts\/385638","targetHints":{"allow":["GET"]}}],"collection":[{"href":"https:\/\/www.notibras.com\/site\/wp-json\/wp\/v2\/posts"}],"about":[{"href":"https:\/\/www.notibras.com\/site\/wp-json\/wp\/v2\/types\/post"}],"author":[{"embeddable":true,"href":"https:\/\/www.notibras.com\/site\/wp-json\/wp\/v2\/users\/21"}],"replies":[{"embeddable":true,"href":"https:\/\/www.notibras.com\/site\/wp-json\/wp\/v2\/comments?post=385638"}],"version-history":[{"count":2,"href":"https:\/\/www.notibras.com\/site\/wp-json\/wp\/v2\/posts\/385638\/revisions"}],"predecessor-version":[{"id":385641,"href":"https:\/\/www.notibras.com\/site\/wp-json\/wp\/v2\/posts\/385638\/revisions\/385641"}],"wp:featuredmedia":[{"embeddable":true,"href":"https:\/\/www.notibras.com\/site\/wp-json\/wp\/v2\/media\/385639"}],"wp:attachment":[{"href":"https:\/\/www.notibras.com\/site\/wp-json\/wp\/v2\/media?parent=385638"}],"wp:term":[{"taxonomy":"category","embeddable":true,"href":"https:\/\/www.notibras.com\/site\/wp-json\/wp\/v2\/categories?post=385638"},{"taxonomy":"post_tag","embeddable":true,"href":"https:\/\/www.notibras.com\/site\/wp-json\/wp\/v2\/tags?post=385638"}],"curies":[{"name":"wp","href":"https:\/\/api.w.org\/{rel}","templated":true}]}}