{"id":385642,"date":"2026-03-05T02:00:52","date_gmt":"2026-03-05T05:00:52","guid":{"rendered":"https:\/\/www.notibras.com\/site\/?p=385642"},"modified":"2026-03-05T00:52:31","modified_gmt":"2026-03-05T03:52:31","slug":"a-sociedade-nao-aceita-mais-o-regime-de-6-dias-de-trabalho","status":"publish","type":"post","link":"https:\/\/www.notibras.com\/site\/a-sociedade-nao-aceita-mais-o-regime-de-6-dias-de-trabalho\/","title":{"rendered":"A sociedade n\u00e3o aceita mais o regime de 6 dias de trabalho"},"content":{"rendered":"<p>Nas redes sociais, a batalha contra o fim da escala 6&#215;1 j\u00e1 est\u00e1 praticamente perdida. A ampla maioria da popula\u00e7\u00e3o entende que ter duas folgas semanais n\u00e3o \u00e9 luxo, \u00e9 uma quest\u00e3o b\u00e1sica de humanidade. Trabalhar seis dias seguidos, semana ap\u00f3s semana, compromete a sa\u00fade f\u00edsica, mental e a conviv\u00eancia familiar. Por isso, o modelo 5&#215;2 vem sendo cada vez mais defendido como um m\u00ednimo civilizat\u00f3rio para milh\u00f5es de trabalhadores brasileiros.<\/p>\n<p>Diante desse cen\u00e1rio, representantes de federa\u00e7\u00f5es empresariais e do com\u00e9rcio parecem ter percebido que a defesa aberta da escala 6&#215;1 se tornou politicamente insustent\u00e1vel. E ent\u00e3o surge uma nova estrat\u00e9gia: come\u00e7am a aparecer, do mais absoluto nada, mat\u00e9rias e an\u00e1lises assinadas por \u201cespecialistas\u201d alertando que o Brasil enfrentaria enormes problemas econ\u00f4micos caso adotasse o modelo 5&#215;2. O discurso muda de forma, mas o objetivo permanece o mesmo: preservar um modelo de trabalho que favorece apenas um lado da rela\u00e7\u00e3o.<\/p>\n<p>A verdade \u00e9 que nem eles parecem acreditar plenamente nessas teses alarmistas. Pa\u00edses com economias muito mais complexas e produtivas funcionam perfeitamente com jornadas mais equilibradas e maior tempo de descanso para os trabalhadores. O que est\u00e1 em jogo, no fundo, n\u00e3o \u00e9 viabilidade econ\u00f4mica, mas a resist\u00eancia de alguns setores em abrir m\u00e3o de um sistema que por muito tempo se sustentou \u00e0 custa do cansa\u00e7o e da vida pessoal de quem trabalha.<\/p>\n","protected":false},"excerpt":{"rendered":"<p>Nas redes sociais, a batalha contra o fim da escala 6&#215;1 j\u00e1 est\u00e1 praticamente perdida. A ampla maioria da popula\u00e7\u00e3o entende que ter duas folgas semanais n\u00e3o \u00e9 luxo, \u00e9 uma quest\u00e3o b\u00e1sica de humanidade. Trabalhar seis dias seguidos, semana ap\u00f3s semana, compromete a sa\u00fade f\u00edsica, mental e a conviv\u00eancia familiar. Por isso, o modelo [&hellip;]<\/p>\n","protected":false},"author":21,"featured_media":385643,"comment_status":"closed","ping_status":"closed","sticky":false,"template":"","format":"standard","meta":{"_acf_changed":false,"footnotes":""},"categories":[235],"tags":[],"class_list":["post-385642","post","type-post","status-publish","format-standard","has-post-thumbnail","hentry","category-dona-irene"],"acf":[],"yoast_head":"<!-- This site is optimized with the Yoast SEO plugin v27.2 - https:\/\/yoast.com\/product\/yoast-seo-wordpress\/ -->\n<title>A sociedade n\u00e3o aceita mais o regime de 6 dias de trabalho - Notibras<\/title>\n<meta name=\"robots\" content=\"index, follow, max-snippet:-1, max-image-preview:large, max-video-preview:-1\" \/>\n<link rel=\"canonical\" href=\"https:\/\/www.notibras.com\/site\/a-sociedade-nao-aceita-mais-o-regime-de-6-dias-de-trabalho\/\" \/>\n<meta property=\"og:locale\" content=\"pt_BR\" \/>\n<meta property=\"og:type\" content=\"article\" \/>\n<meta property=\"og:title\" content=\"A sociedade n\u00e3o aceita mais o regime de 6 dias de trabalho - Notibras\" \/>\n<meta property=\"og:description\" content=\"Nas redes sociais, a batalha contra o fim da escala 6&#215;1 j\u00e1 est\u00e1 praticamente perdida. A ampla maioria da popula\u00e7\u00e3o entende que ter duas folgas semanais n\u00e3o \u00e9 luxo, \u00e9 uma quest\u00e3o b\u00e1sica de humanidade. Trabalhar seis dias seguidos, semana ap\u00f3s semana, compromete a sa\u00fade f\u00edsica, mental e a conviv\u00eancia familiar. Por isso, o modelo [&hellip;]\" \/>\n<meta property=\"og:url\" content=\"https:\/\/www.notibras.com\/site\/a-sociedade-nao-aceita-mais-o-regime-de-6-dias-de-trabalho\/\" \/>\n<meta property=\"og:site_name\" content=\"Notibras\" \/>\n<meta property=\"article:publisher\" content=\"https:\/\/www.facebook.com\/notibras\/\" \/>\n<meta property=\"article:published_time\" content=\"2026-03-05T05:00:52+00:00\" \/>\n<meta property=\"og:image\" content=\"https:\/\/www.notibras.com\/site\/wp-content\/uploads\/2026\/03\/WhatsApp-Image-2026-03-05-at-00.41.39.jpeg\" \/>\n\t<meta property=\"og:image:width\" content=\"1024\" \/>\n\t<meta property=\"og:image:height\" content=\"559\" \/>\n\t<meta property=\"og:image:type\" content=\"image\/jpeg\" \/>\n<meta name=\"author\" content=\"Eduardo Mart\u00ednez\" \/>\n<meta name=\"twitter:card\" content=\"summary_large_image\" \/>\n<meta name=\"twitter:creator\" content=\"@Notibras\" \/>\n<meta name=\"twitter:site\" content=\"@Notibras\" \/>\n<meta name=\"twitter:label1\" content=\"Escrito por\" \/>\n\t<meta name=\"twitter:data1\" content=\"Eduardo Mart\u00ednez\" \/>\n\t<meta name=\"twitter:label2\" content=\"Est. tempo de leitura\" \/>\n\t<meta name=\"twitter:data2\" content=\"2 minutos\" \/>\n<script type=\"application\/ld+json\" class=\"yoast-schema-graph\">{\"@context\":\"https:\/\/schema.org\",\"@graph\":[{\"@type\":\"Article\",\"@id\":\"https:\/\/www.notibras.com\/site\/a-sociedade-nao-aceita-mais-o-regime-de-6-dias-de-trabalho\/#article\",\"isPartOf\":{\"@id\":\"https:\/\/www.notibras.com\/site\/a-sociedade-nao-aceita-mais-o-regime-de-6-dias-de-trabalho\/\"},\"author\":{\"name\":\"Eduardo Mart\u00ednez\",\"@id\":\"https:\/\/www.notibras.com\/site\/#\/schema\/person\/5b7fabf2aedc3ada2105f03b22b4d3dd\"},\"headline\":\"A sociedade n\u00e3o aceita mais o regime de 6 dias de trabalho\",\"datePublished\":\"2026-03-05T05:00:52+00:00\",\"mainEntityOfPage\":{\"@id\":\"https:\/\/www.notibras.com\/site\/a-sociedade-nao-aceita-mais-o-regime-de-6-dias-de-trabalho\/\"},\"wordCount\":259,\"publisher\":{\"@id\":\"https:\/\/www.notibras.com\/site\/#organization\"},\"image\":{\"@id\":\"https:\/\/www.notibras.com\/site\/a-sociedade-nao-aceita-mais-o-regime-de-6-dias-de-trabalho\/#primaryimage\"},\"thumbnailUrl\":\"https:\/\/www.notibras.com\/site\/wp-content\/uploads\/2026\/03\/WhatsApp-Image-2026-03-05-at-00.41.39.jpeg\",\"articleSection\":[\"Dona Irene\"],\"inLanguage\":\"pt-BR\"},{\"@type\":\"WebPage\",\"@id\":\"https:\/\/www.notibras.com\/site\/a-sociedade-nao-aceita-mais-o-regime-de-6-dias-de-trabalho\/\",\"url\":\"https:\/\/www.notibras.com\/site\/a-sociedade-nao-aceita-mais-o-regime-de-6-dias-de-trabalho\/\",\"name\":\"A sociedade n\u00e3o aceita mais o regime de 6 dias de trabalho - Notibras\",\"isPartOf\":{\"@id\":\"https:\/\/www.notibras.com\/site\/#website\"},\"primaryImageOfPage\":{\"@id\":\"https:\/\/www.notibras.com\/site\/a-sociedade-nao-aceita-mais-o-regime-de-6-dias-de-trabalho\/#primaryimage\"},\"image\":{\"@id\":\"https:\/\/www.notibras.com\/site\/a-sociedade-nao-aceita-mais-o-regime-de-6-dias-de-trabalho\/#primaryimage\"},\"thumbnailUrl\":\"https:\/\/www.notibras.com\/site\/wp-content\/uploads\/2026\/03\/WhatsApp-Image-2026-03-05-at-00.41.39.jpeg\",\"datePublished\":\"2026-03-05T05:00:52+00:00\",\"breadcrumb\":{\"@id\":\"https:\/\/www.notibras.com\/site\/a-sociedade-nao-aceita-mais-o-regime-de-6-dias-de-trabalho\/#breadcrumb\"},\"inLanguage\":\"pt-BR\",\"potentialAction\":[{\"@type\":\"ReadAction\",\"target\":[\"https:\/\/www.notibras.com\/site\/a-sociedade-nao-aceita-mais-o-regime-de-6-dias-de-trabalho\/\"]}]},{\"@type\":\"ImageObject\",\"inLanguage\":\"pt-BR\",\"@id\":\"https:\/\/www.notibras.com\/site\/a-sociedade-nao-aceita-mais-o-regime-de-6-dias-de-trabalho\/#primaryimage\",\"url\":\"https:\/\/www.notibras.com\/site\/wp-content\/uploads\/2026\/03\/WhatsApp-Image-2026-03-05-at-00.41.39.jpeg\",\"contentUrl\":\"https:\/\/www.notibras.com\/site\/wp-content\/uploads\/2026\/03\/WhatsApp-Image-2026-03-05-at-00.41.39.jpeg\",\"width\":1024,\"height\":559},{\"@type\":\"BreadcrumbList\",\"@id\":\"https:\/\/www.notibras.com\/site\/a-sociedade-nao-aceita-mais-o-regime-de-6-dias-de-trabalho\/#breadcrumb\",\"itemListElement\":[{\"@type\":\"ListItem\",\"position\":1,\"name\":\"In\u00edcio\",\"item\":\"https:\/\/www.notibras.com\/site\/\"},{\"@type\":\"ListItem\",\"position\":2,\"name\":\"A sociedade n\u00e3o aceita mais o regime de 6 dias de trabalho\"}]},{\"@type\":\"WebSite\",\"@id\":\"https:\/\/www.notibras.com\/site\/#website\",\"url\":\"https:\/\/www.notibras.com\/site\/\",\"name\":\"Notibras\",\"description\":\"Not\u00edcias de Bras\u00edlia, do Brasil e do Mundo\",\"publisher\":{\"@id\":\"https:\/\/www.notibras.com\/site\/#organization\"},\"potentialAction\":[{\"@type\":\"SearchAction\",\"target\":{\"@type\":\"EntryPoint\",\"urlTemplate\":\"https:\/\/www.notibras.com\/site\/?s={search_term_string}\"},\"query-input\":{\"@type\":\"PropertyValueSpecification\",\"valueRequired\":true,\"valueName\":\"search_term_string\"}}],\"inLanguage\":\"pt-BR\"},{\"@type\":\"Organization\",\"@id\":\"https:\/\/www.notibras.com\/site\/#organization\",\"name\":\"Grupo Notibras de Comunica\u00e7\u00e3o\",\"url\":\"https:\/\/www.notibras.com\/site\/\",\"logo\":{\"@type\":\"ImageObject\",\"inLanguage\":\"pt-BR\",\"@id\":\"https:\/\/www.notibras.com\/site\/#\/schema\/logo\/image\/\",\"url\":\"https:\/\/www.notibras.com\/site\/wp-content\/uploads\/2023\/01\/notibras23.png\",\"contentUrl\":\"https:\/\/www.notibras.com\/site\/wp-content\/uploads\/2023\/01\/notibras23.png\",\"width\":350,\"height\":87,\"caption\":\"Grupo Notibras de Comunica\u00e7\u00e3o\"},\"image\":{\"@id\":\"https:\/\/www.notibras.com\/site\/#\/schema\/logo\/image\/\"},\"sameAs\":[\"https:\/\/www.facebook.com\/notibras\/\",\"https:\/\/x.com\/Notibras\",\"https:\/\/www.instagram.com\/notibras\/\"]},{\"@type\":\"Person\",\"@id\":\"https:\/\/www.notibras.com\/site\/#\/schema\/person\/5b7fabf2aedc3ada2105f03b22b4d3dd\",\"name\":\"Eduardo Mart\u00ednez\",\"image\":{\"@type\":\"ImageObject\",\"inLanguage\":\"pt-BR\",\"@id\":\"https:\/\/secure.gravatar.com\/avatar\/7902f906289926289cbcda644b5197c796b893c6ffd7b9a536a42d290f7704a0?s=96&d=mm&r=g\",\"url\":\"https:\/\/secure.gravatar.com\/avatar\/7902f906289926289cbcda644b5197c796b893c6ffd7b9a536a42d290f7704a0?s=96&d=mm&r=g\",\"contentUrl\":\"https:\/\/secure.gravatar.com\/avatar\/7902f906289926289cbcda644b5197c796b893c6ffd7b9a536a42d290f7704a0?s=96&d=mm&r=g\",\"caption\":\"Eduardo Mart\u00ednez\"}}]}<\/script>\n<!-- \/ Yoast SEO plugin. -->","yoast_head_json":{"title":"A sociedade n\u00e3o aceita mais o regime de 6 dias de trabalho - Notibras","robots":{"index":"index","follow":"follow","max-snippet":"max-snippet:-1","max-image-preview":"max-image-preview:large","max-video-preview":"max-video-preview:-1"},"canonical":"https:\/\/www.notibras.com\/site\/a-sociedade-nao-aceita-mais-o-regime-de-6-dias-de-trabalho\/","og_locale":"pt_BR","og_type":"article","og_title":"A sociedade n\u00e3o aceita mais o regime de 6 dias de trabalho - Notibras","og_description":"Nas redes sociais, a batalha contra o fim da escala 6&#215;1 j\u00e1 est\u00e1 praticamente perdida. A ampla maioria da popula\u00e7\u00e3o entende que ter duas folgas semanais n\u00e3o \u00e9 luxo, \u00e9 uma quest\u00e3o b\u00e1sica de humanidade. Trabalhar seis dias seguidos, semana ap\u00f3s semana, compromete a sa\u00fade f\u00edsica, mental e a conviv\u00eancia familiar. Por isso, o modelo [&hellip;]","og_url":"https:\/\/www.notibras.com\/site\/a-sociedade-nao-aceita-mais-o-regime-de-6-dias-de-trabalho\/","og_site_name":"Notibras","article_publisher":"https:\/\/www.facebook.com\/notibras\/","article_published_time":"2026-03-05T05:00:52+00:00","og_image":[{"width":1024,"height":559,"url":"https:\/\/www.notibras.com\/site\/wp-content\/uploads\/2026\/03\/WhatsApp-Image-2026-03-05-at-00.41.39.jpeg","type":"image\/jpeg"}],"author":"Eduardo Mart\u00ednez","twitter_card":"summary_large_image","twitter_creator":"@Notibras","twitter_site":"@Notibras","twitter_misc":{"Escrito por":"Eduardo Mart\u00ednez","Est. tempo de leitura":"2 minutos"},"schema":{"@context":"https:\/\/schema.org","@graph":[{"@type":"Article","@id":"https:\/\/www.notibras.com\/site\/a-sociedade-nao-aceita-mais-o-regime-de-6-dias-de-trabalho\/#article","isPartOf":{"@id":"https:\/\/www.notibras.com\/site\/a-sociedade-nao-aceita-mais-o-regime-de-6-dias-de-trabalho\/"},"author":{"name":"Eduardo Mart\u00ednez","@id":"https:\/\/www.notibras.com\/site\/#\/schema\/person\/5b7fabf2aedc3ada2105f03b22b4d3dd"},"headline":"A sociedade n\u00e3o aceita mais o regime de 6 dias de trabalho","datePublished":"2026-03-05T05:00:52+00:00","mainEntityOfPage":{"@id":"https:\/\/www.notibras.com\/site\/a-sociedade-nao-aceita-mais-o-regime-de-6-dias-de-trabalho\/"},"wordCount":259,"publisher":{"@id":"https:\/\/www.notibras.com\/site\/#organization"},"image":{"@id":"https:\/\/www.notibras.com\/site\/a-sociedade-nao-aceita-mais-o-regime-de-6-dias-de-trabalho\/#primaryimage"},"thumbnailUrl":"https:\/\/www.notibras.com\/site\/wp-content\/uploads\/2026\/03\/WhatsApp-Image-2026-03-05-at-00.41.39.jpeg","articleSection":["Dona Irene"],"inLanguage":"pt-BR"},{"@type":"WebPage","@id":"https:\/\/www.notibras.com\/site\/a-sociedade-nao-aceita-mais-o-regime-de-6-dias-de-trabalho\/","url":"https:\/\/www.notibras.com\/site\/a-sociedade-nao-aceita-mais-o-regime-de-6-dias-de-trabalho\/","name":"A sociedade n\u00e3o aceita mais o regime de 6 dias de trabalho - Notibras","isPartOf":{"@id":"https:\/\/www.notibras.com\/site\/#website"},"primaryImageOfPage":{"@id":"https:\/\/www.notibras.com\/site\/a-sociedade-nao-aceita-mais-o-regime-de-6-dias-de-trabalho\/#primaryimage"},"image":{"@id":"https:\/\/www.notibras.com\/site\/a-sociedade-nao-aceita-mais-o-regime-de-6-dias-de-trabalho\/#primaryimage"},"thumbnailUrl":"https:\/\/www.notibras.com\/site\/wp-content\/uploads\/2026\/03\/WhatsApp-Image-2026-03-05-at-00.41.39.jpeg","datePublished":"2026-03-05T05:00:52+00:00","breadcrumb":{"@id":"https:\/\/www.notibras.com\/site\/a-sociedade-nao-aceita-mais-o-regime-de-6-dias-de-trabalho\/#breadcrumb"},"inLanguage":"pt-BR","potentialAction":[{"@type":"ReadAction","target":["https:\/\/www.notibras.com\/site\/a-sociedade-nao-aceita-mais-o-regime-de-6-dias-de-trabalho\/"]}]},{"@type":"ImageObject","inLanguage":"pt-BR","@id":"https:\/\/www.notibras.com\/site\/a-sociedade-nao-aceita-mais-o-regime-de-6-dias-de-trabalho\/#primaryimage","url":"https:\/\/www.notibras.com\/site\/wp-content\/uploads\/2026\/03\/WhatsApp-Image-2026-03-05-at-00.41.39.jpeg","contentUrl":"https:\/\/www.notibras.com\/site\/wp-content\/uploads\/2026\/03\/WhatsApp-Image-2026-03-05-at-00.41.39.jpeg","width":1024,"height":559},{"@type":"BreadcrumbList","@id":"https:\/\/www.notibras.com\/site\/a-sociedade-nao-aceita-mais-o-regime-de-6-dias-de-trabalho\/#breadcrumb","itemListElement":[{"@type":"ListItem","position":1,"name":"In\u00edcio","item":"https:\/\/www.notibras.com\/site\/"},{"@type":"ListItem","position":2,"name":"A sociedade n\u00e3o aceita mais o regime de 6 dias de trabalho"}]},{"@type":"WebSite","@id":"https:\/\/www.notibras.com\/site\/#website","url":"https:\/\/www.notibras.com\/site\/","name":"Notibras","description":"Not\u00edcias de Bras\u00edlia, do Brasil e do Mundo","publisher":{"@id":"https:\/\/www.notibras.com\/site\/#organization"},"potentialAction":[{"@type":"SearchAction","target":{"@type":"EntryPoint","urlTemplate":"https:\/\/www.notibras.com\/site\/?s={search_term_string}"},"query-input":{"@type":"PropertyValueSpecification","valueRequired":true,"valueName":"search_term_string"}}],"inLanguage":"pt-BR"},{"@type":"Organization","@id":"https:\/\/www.notibras.com\/site\/#organization","name":"Grupo Notibras de Comunica\u00e7\u00e3o","url":"https:\/\/www.notibras.com\/site\/","logo":{"@type":"ImageObject","inLanguage":"pt-BR","@id":"https:\/\/www.notibras.com\/site\/#\/schema\/logo\/image\/","url":"https:\/\/www.notibras.com\/site\/wp-content\/uploads\/2023\/01\/notibras23.png","contentUrl":"https:\/\/www.notibras.com\/site\/wp-content\/uploads\/2023\/01\/notibras23.png","width":350,"height":87,"caption":"Grupo Notibras de Comunica\u00e7\u00e3o"},"image":{"@id":"https:\/\/www.notibras.com\/site\/#\/schema\/logo\/image\/"},"sameAs":["https:\/\/www.facebook.com\/notibras\/","https:\/\/x.com\/Notibras","https:\/\/www.instagram.com\/notibras\/"]},{"@type":"Person","@id":"https:\/\/www.notibras.com\/site\/#\/schema\/person\/5b7fabf2aedc3ada2105f03b22b4d3dd","name":"Eduardo Mart\u00ednez","image":{"@type":"ImageObject","inLanguage":"pt-BR","@id":"https:\/\/secure.gravatar.com\/avatar\/7902f906289926289cbcda644b5197c796b893c6ffd7b9a536a42d290f7704a0?s=96&d=mm&r=g","url":"https:\/\/secure.gravatar.com\/avatar\/7902f906289926289cbcda644b5197c796b893c6ffd7b9a536a42d290f7704a0?s=96&d=mm&r=g","contentUrl":"https:\/\/secure.gravatar.com\/avatar\/7902f906289926289cbcda644b5197c796b893c6ffd7b9a536a42d290f7704a0?s=96&d=mm&r=g","caption":"Eduardo Mart\u00ednez"}}]}},"amp_enabled":true,"_links":{"self":[{"href":"https:\/\/www.notibras.com\/site\/wp-json\/wp\/v2\/posts\/385642","targetHints":{"allow":["GET"]}}],"collection":[{"href":"https:\/\/www.notibras.com\/site\/wp-json\/wp\/v2\/posts"}],"about":[{"href":"https:\/\/www.notibras.com\/site\/wp-json\/wp\/v2\/types\/post"}],"author":[{"embeddable":true,"href":"https:\/\/www.notibras.com\/site\/wp-json\/wp\/v2\/users\/21"}],"replies":[{"embeddable":true,"href":"https:\/\/www.notibras.com\/site\/wp-json\/wp\/v2\/comments?post=385642"}],"version-history":[{"count":2,"href":"https:\/\/www.notibras.com\/site\/wp-json\/wp\/v2\/posts\/385642\/revisions"}],"predecessor-version":[{"id":385645,"href":"https:\/\/www.notibras.com\/site\/wp-json\/wp\/v2\/posts\/385642\/revisions\/385645"}],"wp:featuredmedia":[{"embeddable":true,"href":"https:\/\/www.notibras.com\/site\/wp-json\/wp\/v2\/media\/385643"}],"wp:attachment":[{"href":"https:\/\/www.notibras.com\/site\/wp-json\/wp\/v2\/media?parent=385642"}],"wp:term":[{"taxonomy":"category","embeddable":true,"href":"https:\/\/www.notibras.com\/site\/wp-json\/wp\/v2\/categories?post=385642"},{"taxonomy":"post_tag","embeddable":true,"href":"https:\/\/www.notibras.com\/site\/wp-json\/wp\/v2\/tags?post=385642"}],"curies":[{"name":"wp","href":"https:\/\/api.w.org\/{rel}","templated":true}]}}