{"id":385647,"date":"2026-03-08T04:00:41","date_gmt":"2026-03-08T07:00:41","guid":{"rendered":"https:\/\/www.notibras.com\/site\/?p=385647"},"modified":"2026-03-05T07:13:00","modified_gmt":"2026-03-05T10:13:00","slug":"garras-afiadas-quando-o-corte-de-unhas-do-gato-e-saude-ou-apenas-estetica","status":"publish","type":"post","link":"https:\/\/www.notibras.com\/site\/garras-afiadas-quando-o-corte-de-unhas-do-gato-e-saude-ou-apenas-estetica\/","title":{"rendered":"Garras afiadas: quando o corte de unhas do gato \u00e9 sa\u00fade ou apenas est\u00e9tica"},"content":{"rendered":"<p>Muitos donos de felinos ficam em d\u00favida sobre a necessidade de aparar as garras de seus animais. As unhas dos gatos, compostas por queratina, s\u00e3o ferramentas essenciais para ca\u00e7ar, escalar e se defender. No entanto, a decis\u00e3o de cort\u00e1-las depende diretamente do estilo de vida do animal e de suas condi\u00e7\u00f5es de sa\u00fade.<\/p>\n<p>Para gatos que vivem exclusivamente em ambientes internos, o corte pode ser muito ben\u00e9fico. Sem acesso a superf\u00edcies naturais para gastar as garras, as unhas podem crescer excessivamente, atingindo a polpa da pata e causando infec\u00e7\u00f5es ou les\u00f5es graves. Al\u00e9m disso, pets mais velhos ou com artrite encontram maior conforto ao caminhar quando as unhas est\u00e3o devidamente aparadas.<\/p>\n<p>Por outro lado, o procedimento exige cautela, pois pode ser uma fonte de grande estresse para o bichano. A unha possui uma parte viva e extremamente sens\u00edvel; se for cortada de forma incorreta ou muito curta, o animal sentir\u00e1 dor intensa e pode sofrer sangramentos. Por isso, a recomenda\u00e7\u00e3o \u00e9 observar sempre o comportamento e o comprimento das garras antes de agir.<\/p>\n<p>Se o corte for realmente necess\u00e1rio, o ideal \u00e9 realiz\u00e1-lo de forma lenta e cuidadosa. \u00c9 indispens\u00e1vel o uso de um cortador de unhas espec\u00edfico para gatos, que garante um corte mais preciso e seguro. Criar um ambiente tranquilo e recompensar o pet durante o processo ajuda a minimizar o desconforto e a resist\u00eancia do animal.<\/p>\n<p>Uma estrat\u00e9gia fundamental para evitar cortes frequentes \u00e9 oferecer enriquecimento ambiental. Disponibilizar arranhadores e postes espec\u00edficos permite que o gato fa\u00e7a a manuten\u00e7\u00e3o natural das garras, mantendo a queratina saud\u00e1vel sem a interven\u00e7\u00e3o humana constante. Isso preserva o instinto do felino e protege os m\u00f3veis da casa.<\/p>\n<p>Caso o tutor sinta inseguran\u00e7a, a melhor sa\u00edda \u00e9 buscar o aux\u00edlio de um veterin\u00e1rio ou profissional de banho e tosa. Esses especialistas podem ensinar a t\u00e9cnica correta, garantindo que a manuten\u00e7\u00e3o seja feita de maneira eficaz e, acima de tudo, sem traumas para o gato.<\/p>\n<p><strong>\u2026\u2026\u2026\u2026\u2026\u2026\u2026\u2026\u2026.<\/strong><\/p>\n<p><strong>Instagram: @leoobernar<\/strong><\/p>\n","protected":false},"excerpt":{"rendered":"<p>Muitos donos de felinos ficam em d\u00favida sobre a necessidade de aparar as garras de seus animais. As unhas dos gatos, compostas por queratina, s\u00e3o ferramentas essenciais para ca\u00e7ar, escalar e se defender. No entanto, a decis\u00e3o de cort\u00e1-las depende diretamente do estilo de vida do animal e de suas condi\u00e7\u00f5es de sa\u00fade. Para gatos [&hellip;]<\/p>\n","protected":false},"author":21,"featured_media":385649,"comment_status":"closed","ping_status":"closed","sticky":false,"template":"","format":"standard","meta":{"_acf_changed":false,"footnotes":""},"categories":[155],"tags":[],"class_list":["post-385647","post","type-post","status-publish","format-standard","has-post-thumbnail","hentry","category-leitura-vip"],"acf":[],"yoast_head":"<!-- This site is optimized with the Yoast SEO plugin v27.2 - https:\/\/yoast.com\/product\/yoast-seo-wordpress\/ -->\n<title>Garras afiadas: quando o corte de unhas do gato \u00e9 sa\u00fade ou apenas est\u00e9tica - Notibras<\/title>\n<meta name=\"robots\" content=\"index, follow, max-snippet:-1, max-image-preview:large, max-video-preview:-1\" \/>\n<link rel=\"canonical\" href=\"https:\/\/www.notibras.com\/site\/garras-afiadas-quando-o-corte-de-unhas-do-gato-e-saude-ou-apenas-estetica\/\" \/>\n<meta property=\"og:locale\" content=\"pt_BR\" \/>\n<meta property=\"og:type\" content=\"article\" \/>\n<meta property=\"og:title\" content=\"Garras afiadas: quando o corte de unhas do gato \u00e9 sa\u00fade ou apenas est\u00e9tica - Notibras\" \/>\n<meta property=\"og:description\" content=\"Muitos donos de felinos ficam em d\u00favida sobre a necessidade de aparar as garras de seus animais. As unhas dos gatos, compostas por queratina, s\u00e3o ferramentas essenciais para ca\u00e7ar, escalar e se defender. No entanto, a decis\u00e3o de cort\u00e1-las depende diretamente do estilo de vida do animal e de suas condi\u00e7\u00f5es de sa\u00fade. Para gatos [&hellip;]\" \/>\n<meta property=\"og:url\" content=\"https:\/\/www.notibras.com\/site\/garras-afiadas-quando-o-corte-de-unhas-do-gato-e-saude-ou-apenas-estetica\/\" \/>\n<meta property=\"og:site_name\" content=\"Notibras\" \/>\n<meta property=\"article:publisher\" content=\"https:\/\/www.facebook.com\/notibras\/\" \/>\n<meta property=\"article:published_time\" content=\"2026-03-08T07:00:41+00:00\" \/>\n<meta property=\"og:image\" content=\"https:\/\/www.notibras.com\/site\/wp-content\/uploads\/2026\/03\/WhatsApp-Image-2026-03-05-at-07.10.42.jpeg\" \/>\n\t<meta property=\"og:image:width\" content=\"775\" \/>\n\t<meta property=\"og:image:height\" content=\"559\" \/>\n\t<meta property=\"og:image:type\" content=\"image\/jpeg\" \/>\n<meta name=\"author\" content=\"Eduardo Mart\u00ednez\" \/>\n<meta name=\"twitter:card\" content=\"summary_large_image\" \/>\n<meta name=\"twitter:creator\" content=\"@Notibras\" \/>\n<meta name=\"twitter:site\" content=\"@Notibras\" \/>\n<meta name=\"twitter:label1\" content=\"Escrito por\" \/>\n\t<meta name=\"twitter:data1\" content=\"Eduardo Mart\u00ednez\" \/>\n\t<meta name=\"twitter:label2\" content=\"Est. tempo de leitura\" \/>\n\t<meta name=\"twitter:data2\" content=\"3 minutos\" \/>\n<script type=\"application\/ld+json\" class=\"yoast-schema-graph\">{\"@context\":\"https:\/\/schema.org\",\"@graph\":[{\"@type\":\"Article\",\"@id\":\"https:\/\/www.notibras.com\/site\/garras-afiadas-quando-o-corte-de-unhas-do-gato-e-saude-ou-apenas-estetica\/#article\",\"isPartOf\":{\"@id\":\"https:\/\/www.notibras.com\/site\/garras-afiadas-quando-o-corte-de-unhas-do-gato-e-saude-ou-apenas-estetica\/\"},\"author\":{\"name\":\"Eduardo Mart\u00ednez\",\"@id\":\"https:\/\/www.notibras.com\/site\/#\/schema\/person\/5b7fabf2aedc3ada2105f03b22b4d3dd\"},\"headline\":\"Garras afiadas: quando o corte de unhas do gato \u00e9 sa\u00fade ou apenas est\u00e9tica\",\"datePublished\":\"2026-03-08T07:00:41+00:00\",\"mainEntityOfPage\":{\"@id\":\"https:\/\/www.notibras.com\/site\/garras-afiadas-quando-o-corte-de-unhas-do-gato-e-saude-ou-apenas-estetica\/\"},\"wordCount\":367,\"publisher\":{\"@id\":\"https:\/\/www.notibras.com\/site\/#organization\"},\"image\":{\"@id\":\"https:\/\/www.notibras.com\/site\/garras-afiadas-quando-o-corte-de-unhas-do-gato-e-saude-ou-apenas-estetica\/#primaryimage\"},\"thumbnailUrl\":\"https:\/\/www.notibras.com\/site\/wp-content\/uploads\/2026\/03\/WhatsApp-Image-2026-03-05-at-07.10.42.jpeg\",\"articleSection\":[\"Leitura Vip\"],\"inLanguage\":\"pt-BR\"},{\"@type\":\"WebPage\",\"@id\":\"https:\/\/www.notibras.com\/site\/garras-afiadas-quando-o-corte-de-unhas-do-gato-e-saude-ou-apenas-estetica\/\",\"url\":\"https:\/\/www.notibras.com\/site\/garras-afiadas-quando-o-corte-de-unhas-do-gato-e-saude-ou-apenas-estetica\/\",\"name\":\"Garras afiadas: quando o corte de unhas do gato \u00e9 sa\u00fade ou apenas est\u00e9tica - Notibras\",\"isPartOf\":{\"@id\":\"https:\/\/www.notibras.com\/site\/#website\"},\"primaryImageOfPage\":{\"@id\":\"https:\/\/www.notibras.com\/site\/garras-afiadas-quando-o-corte-de-unhas-do-gato-e-saude-ou-apenas-estetica\/#primaryimage\"},\"image\":{\"@id\":\"https:\/\/www.notibras.com\/site\/garras-afiadas-quando-o-corte-de-unhas-do-gato-e-saude-ou-apenas-estetica\/#primaryimage\"},\"thumbnailUrl\":\"https:\/\/www.notibras.com\/site\/wp-content\/uploads\/2026\/03\/WhatsApp-Image-2026-03-05-at-07.10.42.jpeg\",\"datePublished\":\"2026-03-08T07:00:41+00:00\",\"breadcrumb\":{\"@id\":\"https:\/\/www.notibras.com\/site\/garras-afiadas-quando-o-corte-de-unhas-do-gato-e-saude-ou-apenas-estetica\/#breadcrumb\"},\"inLanguage\":\"pt-BR\",\"potentialAction\":[{\"@type\":\"ReadAction\",\"target\":[\"https:\/\/www.notibras.com\/site\/garras-afiadas-quando-o-corte-de-unhas-do-gato-e-saude-ou-apenas-estetica\/\"]}]},{\"@type\":\"ImageObject\",\"inLanguage\":\"pt-BR\",\"@id\":\"https:\/\/www.notibras.com\/site\/garras-afiadas-quando-o-corte-de-unhas-do-gato-e-saude-ou-apenas-estetica\/#primaryimage\",\"url\":\"https:\/\/www.notibras.com\/site\/wp-content\/uploads\/2026\/03\/WhatsApp-Image-2026-03-05-at-07.10.42.jpeg\",\"contentUrl\":\"https:\/\/www.notibras.com\/site\/wp-content\/uploads\/2026\/03\/WhatsApp-Image-2026-03-05-at-07.10.42.jpeg\",\"width\":775,\"height\":559},{\"@type\":\"BreadcrumbList\",\"@id\":\"https:\/\/www.notibras.com\/site\/garras-afiadas-quando-o-corte-de-unhas-do-gato-e-saude-ou-apenas-estetica\/#breadcrumb\",\"itemListElement\":[{\"@type\":\"ListItem\",\"position\":1,\"name\":\"In\u00edcio\",\"item\":\"https:\/\/www.notibras.com\/site\/\"},{\"@type\":\"ListItem\",\"position\":2,\"name\":\"Garras afiadas: quando o corte de unhas do gato \u00e9 sa\u00fade ou apenas est\u00e9tica\"}]},{\"@type\":\"WebSite\",\"@id\":\"https:\/\/www.notibras.com\/site\/#website\",\"url\":\"https:\/\/www.notibras.com\/site\/\",\"name\":\"Notibras\",\"description\":\"Not\u00edcias de Bras\u00edlia, do Brasil e do Mundo\",\"publisher\":{\"@id\":\"https:\/\/www.notibras.com\/site\/#organization\"},\"potentialAction\":[{\"@type\":\"SearchAction\",\"target\":{\"@type\":\"EntryPoint\",\"urlTemplate\":\"https:\/\/www.notibras.com\/site\/?s={search_term_string}\"},\"query-input\":{\"@type\":\"PropertyValueSpecification\",\"valueRequired\":true,\"valueName\":\"search_term_string\"}}],\"inLanguage\":\"pt-BR\"},{\"@type\":\"Organization\",\"@id\":\"https:\/\/www.notibras.com\/site\/#organization\",\"name\":\"Grupo Notibras de Comunica\u00e7\u00e3o\",\"url\":\"https:\/\/www.notibras.com\/site\/\",\"logo\":{\"@type\":\"ImageObject\",\"inLanguage\":\"pt-BR\",\"@id\":\"https:\/\/www.notibras.com\/site\/#\/schema\/logo\/image\/\",\"url\":\"https:\/\/www.notibras.com\/site\/wp-content\/uploads\/2023\/01\/notibras23.png\",\"contentUrl\":\"https:\/\/www.notibras.com\/site\/wp-content\/uploads\/2023\/01\/notibras23.png\",\"width\":350,\"height\":87,\"caption\":\"Grupo Notibras de Comunica\u00e7\u00e3o\"},\"image\":{\"@id\":\"https:\/\/www.notibras.com\/site\/#\/schema\/logo\/image\/\"},\"sameAs\":[\"https:\/\/www.facebook.com\/notibras\/\",\"https:\/\/x.com\/Notibras\",\"https:\/\/www.instagram.com\/notibras\/\"]},{\"@type\":\"Person\",\"@id\":\"https:\/\/www.notibras.com\/site\/#\/schema\/person\/5b7fabf2aedc3ada2105f03b22b4d3dd\",\"name\":\"Eduardo Mart\u00ednez\",\"image\":{\"@type\":\"ImageObject\",\"inLanguage\":\"pt-BR\",\"@id\":\"https:\/\/secure.gravatar.com\/avatar\/7902f906289926289cbcda644b5197c796b893c6ffd7b9a536a42d290f7704a0?s=96&d=mm&r=g\",\"url\":\"https:\/\/secure.gravatar.com\/avatar\/7902f906289926289cbcda644b5197c796b893c6ffd7b9a536a42d290f7704a0?s=96&d=mm&r=g\",\"contentUrl\":\"https:\/\/secure.gravatar.com\/avatar\/7902f906289926289cbcda644b5197c796b893c6ffd7b9a536a42d290f7704a0?s=96&d=mm&r=g\",\"caption\":\"Eduardo Mart\u00ednez\"}}]}<\/script>\n<!-- \/ Yoast SEO plugin. -->","yoast_head_json":{"title":"Garras afiadas: quando o corte de unhas do gato \u00e9 sa\u00fade ou apenas est\u00e9tica - Notibras","robots":{"index":"index","follow":"follow","max-snippet":"max-snippet:-1","max-image-preview":"max-image-preview:large","max-video-preview":"max-video-preview:-1"},"canonical":"https:\/\/www.notibras.com\/site\/garras-afiadas-quando-o-corte-de-unhas-do-gato-e-saude-ou-apenas-estetica\/","og_locale":"pt_BR","og_type":"article","og_title":"Garras afiadas: quando o corte de unhas do gato \u00e9 sa\u00fade ou apenas est\u00e9tica - Notibras","og_description":"Muitos donos de felinos ficam em d\u00favida sobre a necessidade de aparar as garras de seus animais. As unhas dos gatos, compostas por queratina, s\u00e3o ferramentas essenciais para ca\u00e7ar, escalar e se defender. No entanto, a decis\u00e3o de cort\u00e1-las depende diretamente do estilo de vida do animal e de suas condi\u00e7\u00f5es de sa\u00fade. Para gatos [&hellip;]","og_url":"https:\/\/www.notibras.com\/site\/garras-afiadas-quando-o-corte-de-unhas-do-gato-e-saude-ou-apenas-estetica\/","og_site_name":"Notibras","article_publisher":"https:\/\/www.facebook.com\/notibras\/","article_published_time":"2026-03-08T07:00:41+00:00","og_image":[{"width":775,"height":559,"url":"https:\/\/www.notibras.com\/site\/wp-content\/uploads\/2026\/03\/WhatsApp-Image-2026-03-05-at-07.10.42.jpeg","type":"image\/jpeg"}],"author":"Eduardo Mart\u00ednez","twitter_card":"summary_large_image","twitter_creator":"@Notibras","twitter_site":"@Notibras","twitter_misc":{"Escrito por":"Eduardo Mart\u00ednez","Est. tempo de leitura":"3 minutos"},"schema":{"@context":"https:\/\/schema.org","@graph":[{"@type":"Article","@id":"https:\/\/www.notibras.com\/site\/garras-afiadas-quando-o-corte-de-unhas-do-gato-e-saude-ou-apenas-estetica\/#article","isPartOf":{"@id":"https:\/\/www.notibras.com\/site\/garras-afiadas-quando-o-corte-de-unhas-do-gato-e-saude-ou-apenas-estetica\/"},"author":{"name":"Eduardo Mart\u00ednez","@id":"https:\/\/www.notibras.com\/site\/#\/schema\/person\/5b7fabf2aedc3ada2105f03b22b4d3dd"},"headline":"Garras afiadas: quando o corte de unhas do gato \u00e9 sa\u00fade ou apenas est\u00e9tica","datePublished":"2026-03-08T07:00:41+00:00","mainEntityOfPage":{"@id":"https:\/\/www.notibras.com\/site\/garras-afiadas-quando-o-corte-de-unhas-do-gato-e-saude-ou-apenas-estetica\/"},"wordCount":367,"publisher":{"@id":"https:\/\/www.notibras.com\/site\/#organization"},"image":{"@id":"https:\/\/www.notibras.com\/site\/garras-afiadas-quando-o-corte-de-unhas-do-gato-e-saude-ou-apenas-estetica\/#primaryimage"},"thumbnailUrl":"https:\/\/www.notibras.com\/site\/wp-content\/uploads\/2026\/03\/WhatsApp-Image-2026-03-05-at-07.10.42.jpeg","articleSection":["Leitura Vip"],"inLanguage":"pt-BR"},{"@type":"WebPage","@id":"https:\/\/www.notibras.com\/site\/garras-afiadas-quando-o-corte-de-unhas-do-gato-e-saude-ou-apenas-estetica\/","url":"https:\/\/www.notibras.com\/site\/garras-afiadas-quando-o-corte-de-unhas-do-gato-e-saude-ou-apenas-estetica\/","name":"Garras afiadas: quando o corte de unhas do gato \u00e9 sa\u00fade ou apenas est\u00e9tica - Notibras","isPartOf":{"@id":"https:\/\/www.notibras.com\/site\/#website"},"primaryImageOfPage":{"@id":"https:\/\/www.notibras.com\/site\/garras-afiadas-quando-o-corte-de-unhas-do-gato-e-saude-ou-apenas-estetica\/#primaryimage"},"image":{"@id":"https:\/\/www.notibras.com\/site\/garras-afiadas-quando-o-corte-de-unhas-do-gato-e-saude-ou-apenas-estetica\/#primaryimage"},"thumbnailUrl":"https:\/\/www.notibras.com\/site\/wp-content\/uploads\/2026\/03\/WhatsApp-Image-2026-03-05-at-07.10.42.jpeg","datePublished":"2026-03-08T07:00:41+00:00","breadcrumb":{"@id":"https:\/\/www.notibras.com\/site\/garras-afiadas-quando-o-corte-de-unhas-do-gato-e-saude-ou-apenas-estetica\/#breadcrumb"},"inLanguage":"pt-BR","potentialAction":[{"@type":"ReadAction","target":["https:\/\/www.notibras.com\/site\/garras-afiadas-quando-o-corte-de-unhas-do-gato-e-saude-ou-apenas-estetica\/"]}]},{"@type":"ImageObject","inLanguage":"pt-BR","@id":"https:\/\/www.notibras.com\/site\/garras-afiadas-quando-o-corte-de-unhas-do-gato-e-saude-ou-apenas-estetica\/#primaryimage","url":"https:\/\/www.notibras.com\/site\/wp-content\/uploads\/2026\/03\/WhatsApp-Image-2026-03-05-at-07.10.42.jpeg","contentUrl":"https:\/\/www.notibras.com\/site\/wp-content\/uploads\/2026\/03\/WhatsApp-Image-2026-03-05-at-07.10.42.jpeg","width":775,"height":559},{"@type":"BreadcrumbList","@id":"https:\/\/www.notibras.com\/site\/garras-afiadas-quando-o-corte-de-unhas-do-gato-e-saude-ou-apenas-estetica\/#breadcrumb","itemListElement":[{"@type":"ListItem","position":1,"name":"In\u00edcio","item":"https:\/\/www.notibras.com\/site\/"},{"@type":"ListItem","position":2,"name":"Garras afiadas: quando o corte de unhas do gato \u00e9 sa\u00fade ou apenas est\u00e9tica"}]},{"@type":"WebSite","@id":"https:\/\/www.notibras.com\/site\/#website","url":"https:\/\/www.notibras.com\/site\/","name":"Notibras","description":"Not\u00edcias de Bras\u00edlia, do Brasil e do Mundo","publisher":{"@id":"https:\/\/www.notibras.com\/site\/#organization"},"potentialAction":[{"@type":"SearchAction","target":{"@type":"EntryPoint","urlTemplate":"https:\/\/www.notibras.com\/site\/?s={search_term_string}"},"query-input":{"@type":"PropertyValueSpecification","valueRequired":true,"valueName":"search_term_string"}}],"inLanguage":"pt-BR"},{"@type":"Organization","@id":"https:\/\/www.notibras.com\/site\/#organization","name":"Grupo Notibras de Comunica\u00e7\u00e3o","url":"https:\/\/www.notibras.com\/site\/","logo":{"@type":"ImageObject","inLanguage":"pt-BR","@id":"https:\/\/www.notibras.com\/site\/#\/schema\/logo\/image\/","url":"https:\/\/www.notibras.com\/site\/wp-content\/uploads\/2023\/01\/notibras23.png","contentUrl":"https:\/\/www.notibras.com\/site\/wp-content\/uploads\/2023\/01\/notibras23.png","width":350,"height":87,"caption":"Grupo Notibras de Comunica\u00e7\u00e3o"},"image":{"@id":"https:\/\/www.notibras.com\/site\/#\/schema\/logo\/image\/"},"sameAs":["https:\/\/www.facebook.com\/notibras\/","https:\/\/x.com\/Notibras","https:\/\/www.instagram.com\/notibras\/"]},{"@type":"Person","@id":"https:\/\/www.notibras.com\/site\/#\/schema\/person\/5b7fabf2aedc3ada2105f03b22b4d3dd","name":"Eduardo Mart\u00ednez","image":{"@type":"ImageObject","inLanguage":"pt-BR","@id":"https:\/\/secure.gravatar.com\/avatar\/7902f906289926289cbcda644b5197c796b893c6ffd7b9a536a42d290f7704a0?s=96&d=mm&r=g","url":"https:\/\/secure.gravatar.com\/avatar\/7902f906289926289cbcda644b5197c796b893c6ffd7b9a536a42d290f7704a0?s=96&d=mm&r=g","contentUrl":"https:\/\/secure.gravatar.com\/avatar\/7902f906289926289cbcda644b5197c796b893c6ffd7b9a536a42d290f7704a0?s=96&d=mm&r=g","caption":"Eduardo Mart\u00ednez"}}]}},"amp_enabled":true,"_links":{"self":[{"href":"https:\/\/www.notibras.com\/site\/wp-json\/wp\/v2\/posts\/385647","targetHints":{"allow":["GET"]}}],"collection":[{"href":"https:\/\/www.notibras.com\/site\/wp-json\/wp\/v2\/posts"}],"about":[{"href":"https:\/\/www.notibras.com\/site\/wp-json\/wp\/v2\/types\/post"}],"author":[{"embeddable":true,"href":"https:\/\/www.notibras.com\/site\/wp-json\/wp\/v2\/users\/21"}],"replies":[{"embeddable":true,"href":"https:\/\/www.notibras.com\/site\/wp-json\/wp\/v2\/comments?post=385647"}],"version-history":[{"count":5,"href":"https:\/\/www.notibras.com\/site\/wp-json\/wp\/v2\/posts\/385647\/revisions"}],"predecessor-version":[{"id":385653,"href":"https:\/\/www.notibras.com\/site\/wp-json\/wp\/v2\/posts\/385647\/revisions\/385653"}],"wp:featuredmedia":[{"embeddable":true,"href":"https:\/\/www.notibras.com\/site\/wp-json\/wp\/v2\/media\/385649"}],"wp:attachment":[{"href":"https:\/\/www.notibras.com\/site\/wp-json\/wp\/v2\/media?parent=385647"}],"wp:term":[{"taxonomy":"category","embeddable":true,"href":"https:\/\/www.notibras.com\/site\/wp-json\/wp\/v2\/categories?post=385647"},{"taxonomy":"post_tag","embeddable":true,"href":"https:\/\/www.notibras.com\/site\/wp-json\/wp\/v2\/tags?post=385647"}],"curies":[{"name":"wp","href":"https:\/\/api.w.org\/{rel}","templated":true}]}}