{"id":385658,"date":"2026-03-09T00:15:08","date_gmt":"2026-03-09T03:15:08","guid":{"rendered":"https:\/\/www.notibras.com\/site\/?p=385658"},"modified":"2026-03-05T07:27:49","modified_gmt":"2026-03-05T10:27:49","slug":"o-duende-no-jardim","status":"publish","type":"post","link":"https:\/\/www.notibras.com\/site\/o-duende-no-jardim\/","title":{"rendered":"O duende no jardim"},"content":{"rendered":"<p>&#8220;Agora n\u00e3o pergunto mais aonde vai a estrada. Agora n\u00e3o espero mais aquela madrugada. Vai ser, vai ser, vai ter de ser, vai ser faca amolada. O brilho cego de paix\u00e3o e f\u00e9, faca amolada&#8221;<br \/>\n(&#8220;F\u00e9 cega, Faca Amolada&#8221; \u2013 Milton Nascimento\/Beto Guedes)<\/p>\n<p>O cara parou na esquina e acendeu o cigarro.<\/p>\n<p>Com as m\u00e3os tr\u00eamulas, retirou da carteira o peda\u00e7o de papel confirmando o endere\u00e7o.<\/p>\n<p>&#8220;N\u00e3o pode ser outro lugar: esquina da Tavares com a Ipiranga, em frente a casa rosada com duendes no jardim&#8221; -, falou sem sons naquele discurso interno de quem sabe que est\u00e1 por um fio. Depois se acalmou. Escondeu-se embaixo da marquise at\u00e9 a chuva passar.<\/p>\n<p>Oito da manh\u00e3 passou o carro da limpeza.<\/p>\n<p>Com a \u00e1gua no corpo, o cara acordou e foi pra briga:<\/p>\n<p>\u2014 Qual\u00e9, man\u00e9?! N\u00e3o t\u00e1 me vendo aqui, caralho!<\/p>\n<p>Os man\u00e9s da limpeza ignoraram e seguiram em frente.<\/p>\n<p>Molhado, o cara buscou o mercadinho da outra esquina. Entrou, comprou dois p\u00e3es, uma Coca-Cola e veio outra surpresa. No caixa, a mo\u00e7a parecia n\u00e3o o enxergar.<\/p>\n<p>\u2014 Cobra a\u00ed, garota! T\u00f4 todo molhado e fudido.<\/p>\n<p>A mo\u00e7a tamb\u00e9m o ignorou e pediu para a fila andar.<\/p>\n<p>O cara passou e seguiu pela rua. Teimoso como sempre fora, voltou \u00e0quela esquina da madrugada anterior: Tavares com Ipiranga. A casa rosada estava l\u00e1. E com os duendes no jardim.<\/p>\n<p>Desde moleque, o cara acreditava em duendes.<\/p>\n<p>Sonhava com eles. Vivia o ano inteiro para, no Halloween, fazer a fantasia de duende. N\u00e3o um duende qualquer. Era o duende assassino, um serial killer. Um homem-an\u00e3o que matava com requintes de cirurgi\u00e3o usando apenas uma faca amolada.<\/p>\n<p>&#8220;Deixar a sua luz brilha e ser muito tranquilo. Deixar o seu amor crescer e ser muito tranquilo. Brilhar, brilhar, acontecer, faca amolada. Irm\u00e3o, irm\u00e3, irm\u00e3o de f\u00e9, irm\u00e3o, faca amolada.&#8221;<\/p>\n<p>Naquela manh\u00e3 o menino-cara chegou na escola antes de toda a turma. Tudo para esperar Mariana. Ela sempre chegava meia hora antes do fechar do port\u00e3o. O carro do pai parou. Mariana desceu e entrou no col\u00e9gio. E nem viu o cara. No port\u00e3o, pela primeira vez, ele percebeu a sua transpar\u00eancia e total insignific\u00e2ncia.<\/p>\n<p>Anos depois, o cara confidenciaria a um amigo:<\/p>\n<p>\u2014 Velho, me senti um bosta. Era como se eu n\u00e3o existisse. Ela passou pelo port\u00e3o e nem me viu.<\/p>\n<p>O cara seguiu pela vida transparente.<\/p>\n<p>Arrumou um trabalho de mec\u00e2nico na oficina do Jorge Martelinho de Ouro e aprendeu o of\u00edcio. Casou, teve dois filhos, mas a menina Mariana jamais saiu de seus sonhos de adolescente.<\/p>\n<p>Chegou na cidade uma nova igreja. Neopentecostal: &#8220;Os \u00daltimos Dias de Davi&#8221;.<\/p>\n<p>O pastor era o pai de Mariana. O cara logo foi ao culto. Virou evang\u00e9lico de carteirinha. Mariana cantava no coro e ele na primeira fila. Mariana jamais o notara. E assim a vida seguiu. E veio o Dia do Halloween.<\/p>\n<p>O cara entrou na igreja vestido de &#8220;duende assassino&#8221; e esfaqueou oito pessoas no palco do culto. Gritava, gritava muito. O pai pastor protegeu Mariana. Restou ao cara bater em retirada.<\/p>\n<p>No bolso, o bilhete com o endere\u00e7o da fam\u00edlia de Mariana: Tavares esquina com a Ipiranga, casa rosada com duendes no jardim.<\/p>\n<p>O cara pulou a grade do port\u00e3o e deitou-se ao lado das est\u00e1tuas de duende no jardim. Cortou os pulsos, morreu ali.<\/p>\n<p>Queria ser para sempre um duende de pedra no jardim da mo\u00e7a.<\/p>\n<p>E assim foi.<\/p>\n<p><strong>&#8230;&#8230;&#8230;&#8230;&#8230;&#8230;&#8230;&#8230;&#8230;&#8230;&#8230;&#8230;&#8230;&#8230;<\/strong><\/p>\n<p><strong>Gilberto Motta \u00e9 escritor, jornalista, professor\/pesquisador que num passado distante pensava ser um duende de jardim. Vive na vila de pescadores da Guarda do Emba\u00fa, SC.<\/strong><\/p>\n","protected":false},"excerpt":{"rendered":"<p>&#8220;Agora n\u00e3o pergunto mais aonde vai a estrada. Agora n\u00e3o espero mais aquela madrugada. Vai ser, vai ser, vai ter de ser, vai ser faca amolada. O brilho cego de paix\u00e3o e f\u00e9, faca amolada&#8221; (&#8220;F\u00e9 cega, Faca Amolada&#8221; \u2013 Milton Nascimento\/Beto Guedes) O cara parou na esquina e acendeu o cigarro. Com as m\u00e3os [&hellip;]<\/p>\n","protected":false},"author":21,"featured_media":385659,"comment_status":"closed","ping_status":"closed","sticky":false,"template":"","format":"standard","meta":{"_acf_changed":false,"footnotes":""},"categories":[234],"tags":[],"class_list":["post-385658","post","type-post","status-publish","format-standard","has-post-thumbnail","hentry","category-cafe-literario"],"acf":[],"yoast_head":"<!-- This site is optimized with the Yoast SEO plugin v27.2 - https:\/\/yoast.com\/product\/yoast-seo-wordpress\/ -->\n<title>O duende no jardim - Notibras<\/title>\n<meta name=\"robots\" content=\"index, follow, max-snippet:-1, max-image-preview:large, max-video-preview:-1\" \/>\n<link rel=\"canonical\" href=\"https:\/\/www.notibras.com\/site\/o-duende-no-jardim\/\" \/>\n<meta property=\"og:locale\" content=\"pt_BR\" \/>\n<meta property=\"og:type\" content=\"article\" \/>\n<meta property=\"og:title\" content=\"O duende no jardim - Notibras\" \/>\n<meta property=\"og:description\" content=\"&#8220;Agora n\u00e3o pergunto mais aonde vai a estrada. Agora n\u00e3o espero mais aquela madrugada. Vai ser, vai ser, vai ter de ser, vai ser faca amolada. O brilho cego de paix\u00e3o e f\u00e9, faca amolada&#8221; (&#8220;F\u00e9 cega, Faca Amolada&#8221; \u2013 Milton Nascimento\/Beto Guedes) O cara parou na esquina e acendeu o cigarro. Com as m\u00e3os [&hellip;]\" \/>\n<meta property=\"og:url\" content=\"https:\/\/www.notibras.com\/site\/o-duende-no-jardim\/\" \/>\n<meta property=\"og:site_name\" content=\"Notibras\" \/>\n<meta property=\"article:publisher\" content=\"https:\/\/www.facebook.com\/notibras\/\" \/>\n<meta property=\"article:published_time\" content=\"2026-03-09T03:15:08+00:00\" \/>\n<meta property=\"og:image\" content=\"https:\/\/www.notibras.com\/site\/wp-content\/uploads\/2026\/03\/image-48.png\" \/>\n\t<meta property=\"og:image:width\" content=\"720\" \/>\n\t<meta property=\"og:image:height\" content=\"900\" \/>\n\t<meta property=\"og:image:type\" content=\"image\/png\" \/>\n<meta name=\"author\" content=\"Eduardo Mart\u00ednez\" \/>\n<meta name=\"twitter:card\" content=\"summary_large_image\" \/>\n<meta name=\"twitter:creator\" content=\"@Notibras\" \/>\n<meta name=\"twitter:site\" content=\"@Notibras\" \/>\n<meta name=\"twitter:label1\" content=\"Escrito por\" \/>\n\t<meta name=\"twitter:data1\" content=\"Eduardo Mart\u00ednez\" \/>\n\t<meta name=\"twitter:label2\" content=\"Est. tempo de leitura\" \/>\n\t<meta name=\"twitter:data2\" content=\"4 minutos\" \/>\n<script type=\"application\/ld+json\" class=\"yoast-schema-graph\">{\"@context\":\"https:\/\/schema.org\",\"@graph\":[{\"@type\":\"Article\",\"@id\":\"https:\/\/www.notibras.com\/site\/o-duende-no-jardim\/#article\",\"isPartOf\":{\"@id\":\"https:\/\/www.notibras.com\/site\/o-duende-no-jardim\/\"},\"author\":{\"name\":\"Eduardo Mart\u00ednez\",\"@id\":\"https:\/\/www.notibras.com\/site\/#\/schema\/person\/5b7fabf2aedc3ada2105f03b22b4d3dd\"},\"headline\":\"O duende no jardim\",\"datePublished\":\"2026-03-09T03:15:08+00:00\",\"mainEntityOfPage\":{\"@id\":\"https:\/\/www.notibras.com\/site\/o-duende-no-jardim\/\"},\"wordCount\":631,\"publisher\":{\"@id\":\"https:\/\/www.notibras.com\/site\/#organization\"},\"image\":{\"@id\":\"https:\/\/www.notibras.com\/site\/o-duende-no-jardim\/#primaryimage\"},\"thumbnailUrl\":\"https:\/\/www.notibras.com\/site\/wp-content\/uploads\/2026\/03\/image-48.png\",\"articleSection\":[\"Caf\u00e9 Liter\u00e1rio\"],\"inLanguage\":\"pt-BR\"},{\"@type\":\"WebPage\",\"@id\":\"https:\/\/www.notibras.com\/site\/o-duende-no-jardim\/\",\"url\":\"https:\/\/www.notibras.com\/site\/o-duende-no-jardim\/\",\"name\":\"O duende no jardim - Notibras\",\"isPartOf\":{\"@id\":\"https:\/\/www.notibras.com\/site\/#website\"},\"primaryImageOfPage\":{\"@id\":\"https:\/\/www.notibras.com\/site\/o-duende-no-jardim\/#primaryimage\"},\"image\":{\"@id\":\"https:\/\/www.notibras.com\/site\/o-duende-no-jardim\/#primaryimage\"},\"thumbnailUrl\":\"https:\/\/www.notibras.com\/site\/wp-content\/uploads\/2026\/03\/image-48.png\",\"datePublished\":\"2026-03-09T03:15:08+00:00\",\"breadcrumb\":{\"@id\":\"https:\/\/www.notibras.com\/site\/o-duende-no-jardim\/#breadcrumb\"},\"inLanguage\":\"pt-BR\",\"potentialAction\":[{\"@type\":\"ReadAction\",\"target\":[\"https:\/\/www.notibras.com\/site\/o-duende-no-jardim\/\"]}]},{\"@type\":\"ImageObject\",\"inLanguage\":\"pt-BR\",\"@id\":\"https:\/\/www.notibras.com\/site\/o-duende-no-jardim\/#primaryimage\",\"url\":\"https:\/\/www.notibras.com\/site\/wp-content\/uploads\/2026\/03\/image-48.png\",\"contentUrl\":\"https:\/\/www.notibras.com\/site\/wp-content\/uploads\/2026\/03\/image-48.png\",\"width\":720,\"height\":900},{\"@type\":\"BreadcrumbList\",\"@id\":\"https:\/\/www.notibras.com\/site\/o-duende-no-jardim\/#breadcrumb\",\"itemListElement\":[{\"@type\":\"ListItem\",\"position\":1,\"name\":\"In\u00edcio\",\"item\":\"https:\/\/www.notibras.com\/site\/\"},{\"@type\":\"ListItem\",\"position\":2,\"name\":\"O duende no jardim\"}]},{\"@type\":\"WebSite\",\"@id\":\"https:\/\/www.notibras.com\/site\/#website\",\"url\":\"https:\/\/www.notibras.com\/site\/\",\"name\":\"Notibras\",\"description\":\"Not\u00edcias de Bras\u00edlia, do Brasil e do Mundo\",\"publisher\":{\"@id\":\"https:\/\/www.notibras.com\/site\/#organization\"},\"potentialAction\":[{\"@type\":\"SearchAction\",\"target\":{\"@type\":\"EntryPoint\",\"urlTemplate\":\"https:\/\/www.notibras.com\/site\/?s={search_term_string}\"},\"query-input\":{\"@type\":\"PropertyValueSpecification\",\"valueRequired\":true,\"valueName\":\"search_term_string\"}}],\"inLanguage\":\"pt-BR\"},{\"@type\":\"Organization\",\"@id\":\"https:\/\/www.notibras.com\/site\/#organization\",\"name\":\"Grupo Notibras de Comunica\u00e7\u00e3o\",\"url\":\"https:\/\/www.notibras.com\/site\/\",\"logo\":{\"@type\":\"ImageObject\",\"inLanguage\":\"pt-BR\",\"@id\":\"https:\/\/www.notibras.com\/site\/#\/schema\/logo\/image\/\",\"url\":\"https:\/\/www.notibras.com\/site\/wp-content\/uploads\/2023\/01\/notibras23.png\",\"contentUrl\":\"https:\/\/www.notibras.com\/site\/wp-content\/uploads\/2023\/01\/notibras23.png\",\"width\":350,\"height\":87,\"caption\":\"Grupo Notibras de Comunica\u00e7\u00e3o\"},\"image\":{\"@id\":\"https:\/\/www.notibras.com\/site\/#\/schema\/logo\/image\/\"},\"sameAs\":[\"https:\/\/www.facebook.com\/notibras\/\",\"https:\/\/x.com\/Notibras\",\"https:\/\/www.instagram.com\/notibras\/\"]},{\"@type\":\"Person\",\"@id\":\"https:\/\/www.notibras.com\/site\/#\/schema\/person\/5b7fabf2aedc3ada2105f03b22b4d3dd\",\"name\":\"Eduardo Mart\u00ednez\",\"image\":{\"@type\":\"ImageObject\",\"inLanguage\":\"pt-BR\",\"@id\":\"https:\/\/secure.gravatar.com\/avatar\/7902f906289926289cbcda644b5197c796b893c6ffd7b9a536a42d290f7704a0?s=96&d=mm&r=g\",\"url\":\"https:\/\/secure.gravatar.com\/avatar\/7902f906289926289cbcda644b5197c796b893c6ffd7b9a536a42d290f7704a0?s=96&d=mm&r=g\",\"contentUrl\":\"https:\/\/secure.gravatar.com\/avatar\/7902f906289926289cbcda644b5197c796b893c6ffd7b9a536a42d290f7704a0?s=96&d=mm&r=g\",\"caption\":\"Eduardo Mart\u00ednez\"}}]}<\/script>\n<!-- \/ Yoast SEO plugin. -->","yoast_head_json":{"title":"O duende no jardim - Notibras","robots":{"index":"index","follow":"follow","max-snippet":"max-snippet:-1","max-image-preview":"max-image-preview:large","max-video-preview":"max-video-preview:-1"},"canonical":"https:\/\/www.notibras.com\/site\/o-duende-no-jardim\/","og_locale":"pt_BR","og_type":"article","og_title":"O duende no jardim - Notibras","og_description":"&#8220;Agora n\u00e3o pergunto mais aonde vai a estrada. Agora n\u00e3o espero mais aquela madrugada. Vai ser, vai ser, vai ter de ser, vai ser faca amolada. O brilho cego de paix\u00e3o e f\u00e9, faca amolada&#8221; (&#8220;F\u00e9 cega, Faca Amolada&#8221; \u2013 Milton Nascimento\/Beto Guedes) O cara parou na esquina e acendeu o cigarro. Com as m\u00e3os [&hellip;]","og_url":"https:\/\/www.notibras.com\/site\/o-duende-no-jardim\/","og_site_name":"Notibras","article_publisher":"https:\/\/www.facebook.com\/notibras\/","article_published_time":"2026-03-09T03:15:08+00:00","og_image":[{"width":720,"height":900,"url":"https:\/\/www.notibras.com\/site\/wp-content\/uploads\/2026\/03\/image-48.png","type":"image\/png"}],"author":"Eduardo Mart\u00ednez","twitter_card":"summary_large_image","twitter_creator":"@Notibras","twitter_site":"@Notibras","twitter_misc":{"Escrito por":"Eduardo Mart\u00ednez","Est. tempo de leitura":"4 minutos"},"schema":{"@context":"https:\/\/schema.org","@graph":[{"@type":"Article","@id":"https:\/\/www.notibras.com\/site\/o-duende-no-jardim\/#article","isPartOf":{"@id":"https:\/\/www.notibras.com\/site\/o-duende-no-jardim\/"},"author":{"name":"Eduardo Mart\u00ednez","@id":"https:\/\/www.notibras.com\/site\/#\/schema\/person\/5b7fabf2aedc3ada2105f03b22b4d3dd"},"headline":"O duende no jardim","datePublished":"2026-03-09T03:15:08+00:00","mainEntityOfPage":{"@id":"https:\/\/www.notibras.com\/site\/o-duende-no-jardim\/"},"wordCount":631,"publisher":{"@id":"https:\/\/www.notibras.com\/site\/#organization"},"image":{"@id":"https:\/\/www.notibras.com\/site\/o-duende-no-jardim\/#primaryimage"},"thumbnailUrl":"https:\/\/www.notibras.com\/site\/wp-content\/uploads\/2026\/03\/image-48.png","articleSection":["Caf\u00e9 Liter\u00e1rio"],"inLanguage":"pt-BR"},{"@type":"WebPage","@id":"https:\/\/www.notibras.com\/site\/o-duende-no-jardim\/","url":"https:\/\/www.notibras.com\/site\/o-duende-no-jardim\/","name":"O duende no jardim - Notibras","isPartOf":{"@id":"https:\/\/www.notibras.com\/site\/#website"},"primaryImageOfPage":{"@id":"https:\/\/www.notibras.com\/site\/o-duende-no-jardim\/#primaryimage"},"image":{"@id":"https:\/\/www.notibras.com\/site\/o-duende-no-jardim\/#primaryimage"},"thumbnailUrl":"https:\/\/www.notibras.com\/site\/wp-content\/uploads\/2026\/03\/image-48.png","datePublished":"2026-03-09T03:15:08+00:00","breadcrumb":{"@id":"https:\/\/www.notibras.com\/site\/o-duende-no-jardim\/#breadcrumb"},"inLanguage":"pt-BR","potentialAction":[{"@type":"ReadAction","target":["https:\/\/www.notibras.com\/site\/o-duende-no-jardim\/"]}]},{"@type":"ImageObject","inLanguage":"pt-BR","@id":"https:\/\/www.notibras.com\/site\/o-duende-no-jardim\/#primaryimage","url":"https:\/\/www.notibras.com\/site\/wp-content\/uploads\/2026\/03\/image-48.png","contentUrl":"https:\/\/www.notibras.com\/site\/wp-content\/uploads\/2026\/03\/image-48.png","width":720,"height":900},{"@type":"BreadcrumbList","@id":"https:\/\/www.notibras.com\/site\/o-duende-no-jardim\/#breadcrumb","itemListElement":[{"@type":"ListItem","position":1,"name":"In\u00edcio","item":"https:\/\/www.notibras.com\/site\/"},{"@type":"ListItem","position":2,"name":"O duende no jardim"}]},{"@type":"WebSite","@id":"https:\/\/www.notibras.com\/site\/#website","url":"https:\/\/www.notibras.com\/site\/","name":"Notibras","description":"Not\u00edcias de Bras\u00edlia, do Brasil e do Mundo","publisher":{"@id":"https:\/\/www.notibras.com\/site\/#organization"},"potentialAction":[{"@type":"SearchAction","target":{"@type":"EntryPoint","urlTemplate":"https:\/\/www.notibras.com\/site\/?s={search_term_string}"},"query-input":{"@type":"PropertyValueSpecification","valueRequired":true,"valueName":"search_term_string"}}],"inLanguage":"pt-BR"},{"@type":"Organization","@id":"https:\/\/www.notibras.com\/site\/#organization","name":"Grupo Notibras de Comunica\u00e7\u00e3o","url":"https:\/\/www.notibras.com\/site\/","logo":{"@type":"ImageObject","inLanguage":"pt-BR","@id":"https:\/\/www.notibras.com\/site\/#\/schema\/logo\/image\/","url":"https:\/\/www.notibras.com\/site\/wp-content\/uploads\/2023\/01\/notibras23.png","contentUrl":"https:\/\/www.notibras.com\/site\/wp-content\/uploads\/2023\/01\/notibras23.png","width":350,"height":87,"caption":"Grupo Notibras de Comunica\u00e7\u00e3o"},"image":{"@id":"https:\/\/www.notibras.com\/site\/#\/schema\/logo\/image\/"},"sameAs":["https:\/\/www.facebook.com\/notibras\/","https:\/\/x.com\/Notibras","https:\/\/www.instagram.com\/notibras\/"]},{"@type":"Person","@id":"https:\/\/www.notibras.com\/site\/#\/schema\/person\/5b7fabf2aedc3ada2105f03b22b4d3dd","name":"Eduardo Mart\u00ednez","image":{"@type":"ImageObject","inLanguage":"pt-BR","@id":"https:\/\/secure.gravatar.com\/avatar\/7902f906289926289cbcda644b5197c796b893c6ffd7b9a536a42d290f7704a0?s=96&d=mm&r=g","url":"https:\/\/secure.gravatar.com\/avatar\/7902f906289926289cbcda644b5197c796b893c6ffd7b9a536a42d290f7704a0?s=96&d=mm&r=g","contentUrl":"https:\/\/secure.gravatar.com\/avatar\/7902f906289926289cbcda644b5197c796b893c6ffd7b9a536a42d290f7704a0?s=96&d=mm&r=g","caption":"Eduardo Mart\u00ednez"}}]}},"amp_enabled":true,"_links":{"self":[{"href":"https:\/\/www.notibras.com\/site\/wp-json\/wp\/v2\/posts\/385658","targetHints":{"allow":["GET"]}}],"collection":[{"href":"https:\/\/www.notibras.com\/site\/wp-json\/wp\/v2\/posts"}],"about":[{"href":"https:\/\/www.notibras.com\/site\/wp-json\/wp\/v2\/types\/post"}],"author":[{"embeddable":true,"href":"https:\/\/www.notibras.com\/site\/wp-json\/wp\/v2\/users\/21"}],"replies":[{"embeddable":true,"href":"https:\/\/www.notibras.com\/site\/wp-json\/wp\/v2\/comments?post=385658"}],"version-history":[{"count":2,"href":"https:\/\/www.notibras.com\/site\/wp-json\/wp\/v2\/posts\/385658\/revisions"}],"predecessor-version":[{"id":385661,"href":"https:\/\/www.notibras.com\/site\/wp-json\/wp\/v2\/posts\/385658\/revisions\/385661"}],"wp:featuredmedia":[{"embeddable":true,"href":"https:\/\/www.notibras.com\/site\/wp-json\/wp\/v2\/media\/385659"}],"wp:attachment":[{"href":"https:\/\/www.notibras.com\/site\/wp-json\/wp\/v2\/media?parent=385658"}],"wp:term":[{"taxonomy":"category","embeddable":true,"href":"https:\/\/www.notibras.com\/site\/wp-json\/wp\/v2\/categories?post=385658"},{"taxonomy":"post_tag","embeddable":true,"href":"https:\/\/www.notibras.com\/site\/wp-json\/wp\/v2\/tags?post=385658"}],"curies":[{"name":"wp","href":"https:\/\/api.w.org\/{rel}","templated":true}]}}