{"id":385673,"date":"2026-03-05T00:00:19","date_gmt":"2026-03-05T03:00:19","guid":{"rendered":"https:\/\/www.notibras.com\/site\/?p=385673"},"modified":"2026-03-05T07:56:04","modified_gmt":"2026-03-05T10:56:04","slug":"senado-aprova-licenca-paternidade-de-ate-20-dias-comecando-com-10","status":"publish","type":"post","link":"https:\/\/www.notibras.com\/site\/senado-aprova-licenca-paternidade-de-ate-20-dias-comecando-com-10\/","title":{"rendered":"Senado aprova Licen\u00e7a-paternidade de at\u00e9 20 dias, come\u00e7ando com 10"},"content":{"rendered":"<p>O projeto de lei (5811\/2025), que amplia a licen\u00e7a-paternidade para 20 dias foi aprovado nesta quarta-feira (4), no Senado, e agora depende da san\u00e7\u00e3o presidencial.<\/p>\n<p>O tema \u00e9 debatido no Congresso Nacional h\u00e1 19 anos, depois de apresentado pela ex-senadora Patr\u00edcia Saboya, em 2007, e relatado pela senadora Ana Paula Lobato (PDT-MA).<\/p>\n<p>O projeto cria ainda o sal\u00e1rio-paternidade como benef\u00edcio previdenci\u00e1rio. O objetivo \u00e9 equiparar a prote\u00e7\u00e3o \u00e0 paternidade \u00e0s garantias j\u00e1 existentes para a maternidade. O texto tamb\u00e9m permite dividir o per\u00edodo da licen\u00e7a.<\/p>\n<p>Segundo o texto aprovado, a licen\u00e7a come\u00e7a a valer de forma gradual:<\/p>\n<p><strong>10 dias nos dois primeiros anos de vig\u00eancia da lei<\/strong><br \/>\n<strong>15 dias no terceiro ano<\/strong><br \/>\n<strong>20 dias a partir do quarto ano<\/strong><\/p>\n<p>Entre os argumentos para aprova\u00e7\u00e3o do projeto, est\u00e1 a possibilidade de maior participa\u00e7\u00e3o dos pais nos cuidados com os filhos rec\u00e9m-nascidos ou adotados. Outro direito seria o de garantir estabilidade no emprego durante e ap\u00f3s a licen\u00e7a.<\/p>\n<p>No embasamento para a nova lei, a licen\u00e7a est\u00e1 descrita tamb\u00e9m como incentivo \u00e0 igualdade de g\u00eanero no ambiente de trabalho, ao reconhecer a import\u00e2ncia do papel paterno na cria\u00e7\u00e3o dos filhos.<\/p>\n<p>Quando foi aprovado na C\u00e2mara dos Deputados, em novembro do ano passado, o relator Pedro Campos (PSB-PE) afirmou que nenhum direito \u00e9 mais fundamental do que o de nascer cercado de cuidado. O deputado lembrou que o tema era alvo de debates desde a Assembleia Nacional Constituinte, que elaborou a Constitui\u00e7\u00e3o de 1988.<\/p>\n","protected":false},"excerpt":{"rendered":"<p>O projeto de lei (5811\/2025), que amplia a licen\u00e7a-paternidade para 20 dias foi aprovado nesta quarta-feira (4), no Senado, e agora depende da san\u00e7\u00e3o presidencial. O tema \u00e9 debatido no Congresso Nacional h\u00e1 19 anos, depois de apresentado pela ex-senadora Patr\u00edcia Saboya, em 2007, e relatado pela senadora Ana Paula Lobato (PDT-MA). O projeto cria [&hellip;]<\/p>\n","protected":false},"author":2,"featured_media":385674,"comment_status":"closed","ping_status":"closed","sticky":false,"template":"","format":"standard","meta":{"_acf_changed":false,"footnotes":""},"categories":[16],"tags":[],"class_list":["post-385673","post","type-post","status-publish","format-standard","has-post-thumbnail","hentry","category-brasil"],"acf":[],"yoast_head":"<!-- This site is optimized with the Yoast SEO plugin v27.2 - https:\/\/yoast.com\/product\/yoast-seo-wordpress\/ -->\n<title>Senado aprova Licen\u00e7a-paternidade de at\u00e9 20 dias, come\u00e7ando com 10 - Notibras<\/title>\n<meta name=\"robots\" content=\"index, follow, max-snippet:-1, max-image-preview:large, max-video-preview:-1\" \/>\n<link rel=\"canonical\" href=\"https:\/\/www.notibras.com\/site\/senado-aprova-licenca-paternidade-de-ate-20-dias-comecando-com-10\/\" \/>\n<meta property=\"og:locale\" content=\"pt_BR\" \/>\n<meta property=\"og:type\" content=\"article\" \/>\n<meta property=\"og:title\" content=\"Senado aprova Licen\u00e7a-paternidade de at\u00e9 20 dias, come\u00e7ando com 10 - Notibras\" \/>\n<meta property=\"og:description\" content=\"O projeto de lei (5811\/2025), que amplia a licen\u00e7a-paternidade para 20 dias foi aprovado nesta quarta-feira (4), no Senado, e agora depende da san\u00e7\u00e3o presidencial. O tema \u00e9 debatido no Congresso Nacional h\u00e1 19 anos, depois de apresentado pela ex-senadora Patr\u00edcia Saboya, em 2007, e relatado pela senadora Ana Paula Lobato (PDT-MA). O projeto cria [&hellip;]\" \/>\n<meta property=\"og:url\" content=\"https:\/\/www.notibras.com\/site\/senado-aprova-licenca-paternidade-de-ate-20-dias-comecando-com-10\/\" \/>\n<meta property=\"og:site_name\" content=\"Notibras\" \/>\n<meta property=\"article:publisher\" content=\"https:\/\/www.facebook.com\/notibras\/\" \/>\n<meta property=\"article:published_time\" content=\"2026-03-05T03:00:19+00:00\" \/>\n<meta property=\"article:modified_time\" content=\"2026-03-05T10:56:04+00:00\" \/>\n<meta property=\"og:image\" content=\"https:\/\/www.notibras.com\/site\/wp-content\/uploads\/2026\/03\/1078374-tnrgo_rj_abr_28.05.2017-0617.webp\" \/>\n\t<meta property=\"og:image:width\" content=\"1170\" \/>\n\t<meta property=\"og:image:height\" content=\"700\" \/>\n\t<meta property=\"og:image:type\" content=\"image\/webp\" \/>\n<meta name=\"author\" content=\"Reda\u00e7\u00e3o\" \/>\n<meta name=\"twitter:card\" content=\"summary_large_image\" \/>\n<meta name=\"twitter:creator\" content=\"@Notibras\" \/>\n<meta name=\"twitter:site\" content=\"@Notibras\" \/>\n<meta name=\"twitter:label1\" content=\"Escrito por\" \/>\n\t<meta name=\"twitter:data1\" content=\"Reda\u00e7\u00e3o\" \/>\n\t<meta name=\"twitter:label2\" content=\"Est. tempo de leitura\" \/>\n\t<meta name=\"twitter:data2\" content=\"2 minutos\" \/>\n<script type=\"application\/ld+json\" class=\"yoast-schema-graph\">{\"@context\":\"https:\/\/schema.org\",\"@graph\":[{\"@type\":\"Article\",\"@id\":\"https:\/\/www.notibras.com\/site\/senado-aprova-licenca-paternidade-de-ate-20-dias-comecando-com-10\/#article\",\"isPartOf\":{\"@id\":\"https:\/\/www.notibras.com\/site\/senado-aprova-licenca-paternidade-de-ate-20-dias-comecando-com-10\/\"},\"author\":{\"name\":\"Reda\u00e7\u00e3o\",\"@id\":\"https:\/\/www.notibras.com\/site\/#\/schema\/person\/36ab0979449956132d3e5b517ea76ac8\"},\"headline\":\"Senado aprova Licen\u00e7a-paternidade de at\u00e9 20 dias, come\u00e7ando com 10\",\"datePublished\":\"2026-03-05T03:00:19+00:00\",\"dateModified\":\"2026-03-05T10:56:04+00:00\",\"mainEntityOfPage\":{\"@id\":\"https:\/\/www.notibras.com\/site\/senado-aprova-licenca-paternidade-de-ate-20-dias-comecando-com-10\/\"},\"wordCount\":262,\"publisher\":{\"@id\":\"https:\/\/www.notibras.com\/site\/#organization\"},\"image\":{\"@id\":\"https:\/\/www.notibras.com\/site\/senado-aprova-licenca-paternidade-de-ate-20-dias-comecando-com-10\/#primaryimage\"},\"thumbnailUrl\":\"https:\/\/www.notibras.com\/site\/wp-content\/uploads\/2026\/03\/1078374-tnrgo_rj_abr_28.05.2017-0617.webp\",\"articleSection\":[\"Brasil\"],\"inLanguage\":\"pt-BR\"},{\"@type\":\"WebPage\",\"@id\":\"https:\/\/www.notibras.com\/site\/senado-aprova-licenca-paternidade-de-ate-20-dias-comecando-com-10\/\",\"url\":\"https:\/\/www.notibras.com\/site\/senado-aprova-licenca-paternidade-de-ate-20-dias-comecando-com-10\/\",\"name\":\"Senado aprova Licen\u00e7a-paternidade de at\u00e9 20 dias, come\u00e7ando com 10 - Notibras\",\"isPartOf\":{\"@id\":\"https:\/\/www.notibras.com\/site\/#website\"},\"primaryImageOfPage\":{\"@id\":\"https:\/\/www.notibras.com\/site\/senado-aprova-licenca-paternidade-de-ate-20-dias-comecando-com-10\/#primaryimage\"},\"image\":{\"@id\":\"https:\/\/www.notibras.com\/site\/senado-aprova-licenca-paternidade-de-ate-20-dias-comecando-com-10\/#primaryimage\"},\"thumbnailUrl\":\"https:\/\/www.notibras.com\/site\/wp-content\/uploads\/2026\/03\/1078374-tnrgo_rj_abr_28.05.2017-0617.webp\",\"datePublished\":\"2026-03-05T03:00:19+00:00\",\"dateModified\":\"2026-03-05T10:56:04+00:00\",\"breadcrumb\":{\"@id\":\"https:\/\/www.notibras.com\/site\/senado-aprova-licenca-paternidade-de-ate-20-dias-comecando-com-10\/#breadcrumb\"},\"inLanguage\":\"pt-BR\",\"potentialAction\":[{\"@type\":\"ReadAction\",\"target\":[\"https:\/\/www.notibras.com\/site\/senado-aprova-licenca-paternidade-de-ate-20-dias-comecando-com-10\/\"]}]},{\"@type\":\"ImageObject\",\"inLanguage\":\"pt-BR\",\"@id\":\"https:\/\/www.notibras.com\/site\/senado-aprova-licenca-paternidade-de-ate-20-dias-comecando-com-10\/#primaryimage\",\"url\":\"https:\/\/www.notibras.com\/site\/wp-content\/uploads\/2026\/03\/1078374-tnrgo_rj_abr_28.05.2017-0617.webp\",\"contentUrl\":\"https:\/\/www.notibras.com\/site\/wp-content\/uploads\/2026\/03\/1078374-tnrgo_rj_abr_28.05.2017-0617.webp\",\"width\":1170,\"height\":700},{\"@type\":\"BreadcrumbList\",\"@id\":\"https:\/\/www.notibras.com\/site\/senado-aprova-licenca-paternidade-de-ate-20-dias-comecando-com-10\/#breadcrumb\",\"itemListElement\":[{\"@type\":\"ListItem\",\"position\":1,\"name\":\"In\u00edcio\",\"item\":\"https:\/\/www.notibras.com\/site\/\"},{\"@type\":\"ListItem\",\"position\":2,\"name\":\"Senado aprova Licen\u00e7a-paternidade de at\u00e9 20 dias, come\u00e7ando com 10\"}]},{\"@type\":\"WebSite\",\"@id\":\"https:\/\/www.notibras.com\/site\/#website\",\"url\":\"https:\/\/www.notibras.com\/site\/\",\"name\":\"Notibras\",\"description\":\"Not\u00edcias de Bras\u00edlia, do Brasil e do Mundo\",\"publisher\":{\"@id\":\"https:\/\/www.notibras.com\/site\/#organization\"},\"potentialAction\":[{\"@type\":\"SearchAction\",\"target\":{\"@type\":\"EntryPoint\",\"urlTemplate\":\"https:\/\/www.notibras.com\/site\/?s={search_term_string}\"},\"query-input\":{\"@type\":\"PropertyValueSpecification\",\"valueRequired\":true,\"valueName\":\"search_term_string\"}}],\"inLanguage\":\"pt-BR\"},{\"@type\":\"Organization\",\"@id\":\"https:\/\/www.notibras.com\/site\/#organization\",\"name\":\"Grupo Notibras de Comunica\u00e7\u00e3o\",\"url\":\"https:\/\/www.notibras.com\/site\/\",\"logo\":{\"@type\":\"ImageObject\",\"inLanguage\":\"pt-BR\",\"@id\":\"https:\/\/www.notibras.com\/site\/#\/schema\/logo\/image\/\",\"url\":\"https:\/\/www.notibras.com\/site\/wp-content\/uploads\/2023\/01\/notibras23.png\",\"contentUrl\":\"https:\/\/www.notibras.com\/site\/wp-content\/uploads\/2023\/01\/notibras23.png\",\"width\":350,\"height\":87,\"caption\":\"Grupo Notibras de Comunica\u00e7\u00e3o\"},\"image\":{\"@id\":\"https:\/\/www.notibras.com\/site\/#\/schema\/logo\/image\/\"},\"sameAs\":[\"https:\/\/www.facebook.com\/notibras\/\",\"https:\/\/x.com\/Notibras\",\"https:\/\/www.instagram.com\/notibras\/\"]},{\"@type\":\"Person\",\"@id\":\"https:\/\/www.notibras.com\/site\/#\/schema\/person\/36ab0979449956132d3e5b517ea76ac8\",\"name\":\"Reda\u00e7\u00e3o\",\"image\":{\"@type\":\"ImageObject\",\"inLanguage\":\"pt-BR\",\"@id\":\"https:\/\/secure.gravatar.com\/avatar\/e0a867bdedb85fd243eadf09663511f96fc81e0720a4a42581f334ad4303aa6b?s=96&d=mm&r=g\",\"url\":\"https:\/\/secure.gravatar.com\/avatar\/e0a867bdedb85fd243eadf09663511f96fc81e0720a4a42581f334ad4303aa6b?s=96&d=mm&r=g\",\"contentUrl\":\"https:\/\/secure.gravatar.com\/avatar\/e0a867bdedb85fd243eadf09663511f96fc81e0720a4a42581f334ad4303aa6b?s=96&d=mm&r=g\",\"caption\":\"Reda\u00e7\u00e3o\"}}]}<\/script>\n<!-- \/ Yoast SEO plugin. -->","yoast_head_json":{"title":"Senado aprova Licen\u00e7a-paternidade de at\u00e9 20 dias, come\u00e7ando com 10 - Notibras","robots":{"index":"index","follow":"follow","max-snippet":"max-snippet:-1","max-image-preview":"max-image-preview:large","max-video-preview":"max-video-preview:-1"},"canonical":"https:\/\/www.notibras.com\/site\/senado-aprova-licenca-paternidade-de-ate-20-dias-comecando-com-10\/","og_locale":"pt_BR","og_type":"article","og_title":"Senado aprova Licen\u00e7a-paternidade de at\u00e9 20 dias, come\u00e7ando com 10 - Notibras","og_description":"O projeto de lei (5811\/2025), que amplia a licen\u00e7a-paternidade para 20 dias foi aprovado nesta quarta-feira (4), no Senado, e agora depende da san\u00e7\u00e3o presidencial. O tema \u00e9 debatido no Congresso Nacional h\u00e1 19 anos, depois de apresentado pela ex-senadora Patr\u00edcia Saboya, em 2007, e relatado pela senadora Ana Paula Lobato (PDT-MA). O projeto cria [&hellip;]","og_url":"https:\/\/www.notibras.com\/site\/senado-aprova-licenca-paternidade-de-ate-20-dias-comecando-com-10\/","og_site_name":"Notibras","article_publisher":"https:\/\/www.facebook.com\/notibras\/","article_published_time":"2026-03-05T03:00:19+00:00","article_modified_time":"2026-03-05T10:56:04+00:00","og_image":[{"width":1170,"height":700,"url":"https:\/\/www.notibras.com\/site\/wp-content\/uploads\/2026\/03\/1078374-tnrgo_rj_abr_28.05.2017-0617.webp","type":"image\/webp"}],"author":"Reda\u00e7\u00e3o","twitter_card":"summary_large_image","twitter_creator":"@Notibras","twitter_site":"@Notibras","twitter_misc":{"Escrito por":"Reda\u00e7\u00e3o","Est. tempo de leitura":"2 minutos"},"schema":{"@context":"https:\/\/schema.org","@graph":[{"@type":"Article","@id":"https:\/\/www.notibras.com\/site\/senado-aprova-licenca-paternidade-de-ate-20-dias-comecando-com-10\/#article","isPartOf":{"@id":"https:\/\/www.notibras.com\/site\/senado-aprova-licenca-paternidade-de-ate-20-dias-comecando-com-10\/"},"author":{"name":"Reda\u00e7\u00e3o","@id":"https:\/\/www.notibras.com\/site\/#\/schema\/person\/36ab0979449956132d3e5b517ea76ac8"},"headline":"Senado aprova Licen\u00e7a-paternidade de at\u00e9 20 dias, come\u00e7ando com 10","datePublished":"2026-03-05T03:00:19+00:00","dateModified":"2026-03-05T10:56:04+00:00","mainEntityOfPage":{"@id":"https:\/\/www.notibras.com\/site\/senado-aprova-licenca-paternidade-de-ate-20-dias-comecando-com-10\/"},"wordCount":262,"publisher":{"@id":"https:\/\/www.notibras.com\/site\/#organization"},"image":{"@id":"https:\/\/www.notibras.com\/site\/senado-aprova-licenca-paternidade-de-ate-20-dias-comecando-com-10\/#primaryimage"},"thumbnailUrl":"https:\/\/www.notibras.com\/site\/wp-content\/uploads\/2026\/03\/1078374-tnrgo_rj_abr_28.05.2017-0617.webp","articleSection":["Brasil"],"inLanguage":"pt-BR"},{"@type":"WebPage","@id":"https:\/\/www.notibras.com\/site\/senado-aprova-licenca-paternidade-de-ate-20-dias-comecando-com-10\/","url":"https:\/\/www.notibras.com\/site\/senado-aprova-licenca-paternidade-de-ate-20-dias-comecando-com-10\/","name":"Senado aprova Licen\u00e7a-paternidade de at\u00e9 20 dias, come\u00e7ando com 10 - Notibras","isPartOf":{"@id":"https:\/\/www.notibras.com\/site\/#website"},"primaryImageOfPage":{"@id":"https:\/\/www.notibras.com\/site\/senado-aprova-licenca-paternidade-de-ate-20-dias-comecando-com-10\/#primaryimage"},"image":{"@id":"https:\/\/www.notibras.com\/site\/senado-aprova-licenca-paternidade-de-ate-20-dias-comecando-com-10\/#primaryimage"},"thumbnailUrl":"https:\/\/www.notibras.com\/site\/wp-content\/uploads\/2026\/03\/1078374-tnrgo_rj_abr_28.05.2017-0617.webp","datePublished":"2026-03-05T03:00:19+00:00","dateModified":"2026-03-05T10:56:04+00:00","breadcrumb":{"@id":"https:\/\/www.notibras.com\/site\/senado-aprova-licenca-paternidade-de-ate-20-dias-comecando-com-10\/#breadcrumb"},"inLanguage":"pt-BR","potentialAction":[{"@type":"ReadAction","target":["https:\/\/www.notibras.com\/site\/senado-aprova-licenca-paternidade-de-ate-20-dias-comecando-com-10\/"]}]},{"@type":"ImageObject","inLanguage":"pt-BR","@id":"https:\/\/www.notibras.com\/site\/senado-aprova-licenca-paternidade-de-ate-20-dias-comecando-com-10\/#primaryimage","url":"https:\/\/www.notibras.com\/site\/wp-content\/uploads\/2026\/03\/1078374-tnrgo_rj_abr_28.05.2017-0617.webp","contentUrl":"https:\/\/www.notibras.com\/site\/wp-content\/uploads\/2026\/03\/1078374-tnrgo_rj_abr_28.05.2017-0617.webp","width":1170,"height":700},{"@type":"BreadcrumbList","@id":"https:\/\/www.notibras.com\/site\/senado-aprova-licenca-paternidade-de-ate-20-dias-comecando-com-10\/#breadcrumb","itemListElement":[{"@type":"ListItem","position":1,"name":"In\u00edcio","item":"https:\/\/www.notibras.com\/site\/"},{"@type":"ListItem","position":2,"name":"Senado aprova Licen\u00e7a-paternidade de at\u00e9 20 dias, come\u00e7ando com 10"}]},{"@type":"WebSite","@id":"https:\/\/www.notibras.com\/site\/#website","url":"https:\/\/www.notibras.com\/site\/","name":"Notibras","description":"Not\u00edcias de Bras\u00edlia, do Brasil e do Mundo","publisher":{"@id":"https:\/\/www.notibras.com\/site\/#organization"},"potentialAction":[{"@type":"SearchAction","target":{"@type":"EntryPoint","urlTemplate":"https:\/\/www.notibras.com\/site\/?s={search_term_string}"},"query-input":{"@type":"PropertyValueSpecification","valueRequired":true,"valueName":"search_term_string"}}],"inLanguage":"pt-BR"},{"@type":"Organization","@id":"https:\/\/www.notibras.com\/site\/#organization","name":"Grupo Notibras de Comunica\u00e7\u00e3o","url":"https:\/\/www.notibras.com\/site\/","logo":{"@type":"ImageObject","inLanguage":"pt-BR","@id":"https:\/\/www.notibras.com\/site\/#\/schema\/logo\/image\/","url":"https:\/\/www.notibras.com\/site\/wp-content\/uploads\/2023\/01\/notibras23.png","contentUrl":"https:\/\/www.notibras.com\/site\/wp-content\/uploads\/2023\/01\/notibras23.png","width":350,"height":87,"caption":"Grupo Notibras de Comunica\u00e7\u00e3o"},"image":{"@id":"https:\/\/www.notibras.com\/site\/#\/schema\/logo\/image\/"},"sameAs":["https:\/\/www.facebook.com\/notibras\/","https:\/\/x.com\/Notibras","https:\/\/www.instagram.com\/notibras\/"]},{"@type":"Person","@id":"https:\/\/www.notibras.com\/site\/#\/schema\/person\/36ab0979449956132d3e5b517ea76ac8","name":"Reda\u00e7\u00e3o","image":{"@type":"ImageObject","inLanguage":"pt-BR","@id":"https:\/\/secure.gravatar.com\/avatar\/e0a867bdedb85fd243eadf09663511f96fc81e0720a4a42581f334ad4303aa6b?s=96&d=mm&r=g","url":"https:\/\/secure.gravatar.com\/avatar\/e0a867bdedb85fd243eadf09663511f96fc81e0720a4a42581f334ad4303aa6b?s=96&d=mm&r=g","contentUrl":"https:\/\/secure.gravatar.com\/avatar\/e0a867bdedb85fd243eadf09663511f96fc81e0720a4a42581f334ad4303aa6b?s=96&d=mm&r=g","caption":"Reda\u00e7\u00e3o"}}]}},"amp_enabled":true,"_links":{"self":[{"href":"https:\/\/www.notibras.com\/site\/wp-json\/wp\/v2\/posts\/385673","targetHints":{"allow":["GET"]}}],"collection":[{"href":"https:\/\/www.notibras.com\/site\/wp-json\/wp\/v2\/posts"}],"about":[{"href":"https:\/\/www.notibras.com\/site\/wp-json\/wp\/v2\/types\/post"}],"author":[{"embeddable":true,"href":"https:\/\/www.notibras.com\/site\/wp-json\/wp\/v2\/users\/2"}],"replies":[{"embeddable":true,"href":"https:\/\/www.notibras.com\/site\/wp-json\/wp\/v2\/comments?post=385673"}],"version-history":[{"count":1,"href":"https:\/\/www.notibras.com\/site\/wp-json\/wp\/v2\/posts\/385673\/revisions"}],"predecessor-version":[{"id":385675,"href":"https:\/\/www.notibras.com\/site\/wp-json\/wp\/v2\/posts\/385673\/revisions\/385675"}],"wp:featuredmedia":[{"embeddable":true,"href":"https:\/\/www.notibras.com\/site\/wp-json\/wp\/v2\/media\/385674"}],"wp:attachment":[{"href":"https:\/\/www.notibras.com\/site\/wp-json\/wp\/v2\/media?parent=385673"}],"wp:term":[{"taxonomy":"category","embeddable":true,"href":"https:\/\/www.notibras.com\/site\/wp-json\/wp\/v2\/categories?post=385673"},{"taxonomy":"post_tag","embeddable":true,"href":"https:\/\/www.notibras.com\/site\/wp-json\/wp\/v2\/tags?post=385673"}],"curies":[{"name":"wp","href":"https:\/\/api.w.org\/{rel}","templated":true}]}}