{"id":385684,"date":"2026-03-05T00:00:37","date_gmt":"2026-03-05T03:00:37","guid":{"rendered":"https:\/\/www.notibras.com\/site\/?p=385684"},"modified":"2026-03-05T08:08:04","modified_gmt":"2026-03-05T11:08:04","slug":"fuzileiros-criam-tecnologias-para-defesa-e-auxilio-em-desastres","status":"publish","type":"post","link":"https:\/\/www.notibras.com\/site\/fuzileiros-criam-tecnologias-para-defesa-e-auxilio-em-desastres\/","title":{"rendered":"Fuzileiros criam tecnologias para defesa e aux\u00edlio em desastres"},"content":{"rendered":"<p>Os Fuzileiros Navais da Marinha do Brasil apresentaram nesta quarta-feira (4), no Rio de Janeiro, as principais inova\u00e7\u00f5es tecnol\u00f3gicas incorporadas ao patrim\u00f4nio da tropa com o objetivo de modernizar as for\u00e7as de defesa do pa\u00eds.<\/p>\n<p>A maior novidade \u00e9 o rec\u00e9m-ativado Esquadr\u00e3o de Drones T\u00e1ticos de Esclarecimento e Ataque, para o qual a corpora\u00e7\u00e3o adquiriu uma s\u00e9rie de modelos de quatro h\u00e9lices, equipados com sensores eletro-\u00f3pticos, infravermelhos e termais.<\/p>\n<p>Os equipamentos podem ser usados tanto para monitorar alvos quanto para localizar v\u00edtimas de desastres. Alguns desses drones tamb\u00e9m conseguem carregar projet\u00e9is para atacar pequenos alvos.<\/p>\n<p>Outro modelo incorporado \u00e9 o drone de asa fixa, popularmente conhecido como kamikaze, que pode ser lan\u00e7ado, com explosivos, para destruir alvos maiores.<\/p>\n<p><strong>Escola para opera\u00e7\u00e3o de drones<\/strong><br \/>\nDe acordo com o comandante-geral do Corpo de Fuzileiros Navais, almirante Carlos Chagas, o novo esquadr\u00e3o ajuda o Brasil a acompanhar as evolu\u00e7\u00f5es tecnol\u00f3gicas das for\u00e7as de defesa mundial, considerando os recentes conflitos deflagrados pelo mundo.<\/p>\n<p>De acordo com o almirante, ainda neste m\u00eas de mar\u00e7o, a corpora\u00e7\u00e3o inaugura, no Rio de Janeiro, a nova escola para formar mais militares em opera\u00e7\u00e3o de drones.<\/p>\n<p>Chagas lembrou que cabe \u00e0 Marinha defender um dos principais ativos estrat\u00e9gicos do pa\u00eds.<\/p>\n<p>&#8220;O Brasil tem 7,5 mil quil\u00f4metros de litoral, uma quantidade de riqueza gigantesca. A maior parte da popula\u00e7\u00e3o vive no litoral, 95% do nosso petr\u00f3leo sai do litoral. Das nossas exporta\u00e7\u00f5es, 97% chegam pelo mar&#8221;.<\/p>\n<p>&#8220;E ainda tem uma parte que muita gente n\u00e3o sabe. As pessoas acham que a comunica\u00e7\u00e3o \u00e9 feita principalmente por sat\u00e9lites, mas n\u00e3o \u00e9. A grande maioria da comunica\u00e7\u00e3o do pa\u00eds \u00e9 feita por cabos submarinos que saem daqui e nos ligam a outros pa\u00edses&#8221;.<\/p>\n<p><strong>Opera\u00e7\u00f5es em desastres<\/strong><br \/>\nA corpora\u00e7\u00e3o tamb\u00e9m recebeu novos ve\u00edculos blindados de desembarque litor\u00e2neo, projetados e produzidos no Brasil. Eles podem navegar com velocidade de at\u00e9 74 km\/h, transportando 13 militares, e s\u00e3o equipados com metralhadoras, radares e c\u00e2meras termais.<\/p>\n<p>Apesar disso, s\u00e3o embarca\u00e7\u00f5es compactas, o que permite a atraca\u00e7\u00e3o em locais com pouca infraestrutura e at\u00e9 o transporte em aeronaves.<\/p>\n<p>De acordo com o comandante-geral, almirante Carlos Chagas, as novas tecnologias tamb\u00e9m aumentam a capacidade de resposta dos Fuzileiros em casos de desastres naturais, um trabalho que tem sido feito de maneira cada vez mais frequente.<\/p>\n<p>&#8220;A log\u00edstica militar se assemelha muito \u00e0 log\u00edstica de resposta de desastres. E como \u00e9 necess\u00e1rio fazer uma grande mobiliza\u00e7\u00e3o, essa semelhan\u00e7a log\u00edstica \u00e9 importante&#8221;.<\/p>\n<p>Segundo ele, uma parte do material acaba tendo um uso duplo, porque \u00e9 adquirido para defesa, mas pode ser utilizado em situa\u00e7\u00f5es de desastres, como carros anf\u00edbios que conseguem entrar em regi\u00e3o alagada, para resgate de pessoas e transporte de alimentos.<\/p>\n<p>A corpora\u00e7\u00e3o tamb\u00e9m apresentou novos armamentos. Uma das principais novidades \u00e9 o M\u00edssil Antinavio Nacional de Superf\u00edcie, capaz de atingir alvos a at\u00e9 70 km de dist\u00e2ncia, com uma velocidade de at\u00e9 1 mil km\/h, em voo rasante, para dificultar a detec\u00e7\u00e3o por radares inimigos.<\/p>\n<p>Outro m\u00edssil, de fabrica\u00e7\u00e3o nacional, possui alcance menor, de at\u00e9 3 quil\u00f4metros, mas \u00e9 guiado a laser com alta precis\u00e3o, sendo capaz de atingir embarca\u00e7\u00f5es e at\u00e9 helic\u00f3pteros e de perfurar at\u00e9 80 cent\u00edmetros de blindagem.<\/p>\n","protected":false},"excerpt":{"rendered":"<p>Os Fuzileiros Navais da Marinha do Brasil apresentaram nesta quarta-feira (4), no Rio de Janeiro, as principais inova\u00e7\u00f5es tecnol\u00f3gicas incorporadas ao patrim\u00f4nio da tropa com o objetivo de modernizar as for\u00e7as de defesa do pa\u00eds. A maior novidade \u00e9 o rec\u00e9m-ativado Esquadr\u00e3o de Drones T\u00e1ticos de Esclarecimento e Ataque, para o qual a corpora\u00e7\u00e3o adquiriu [&hellip;]<\/p>\n","protected":false},"author":2,"featured_media":385686,"comment_status":"closed","ping_status":"closed","sticky":false,"template":"","format":"standard","meta":{"_acf_changed":false,"footnotes":""},"categories":[16],"tags":[],"class_list":["post-385684","post","type-post","status-publish","format-standard","has-post-thumbnail","hentry","category-brasil"],"acf":[],"yoast_head":"<!-- This site is optimized with the Yoast SEO plugin v27.2 - https:\/\/yoast.com\/product\/yoast-seo-wordpress\/ -->\n<title>Fuzileiros criam tecnologias para defesa e aux\u00edlio em desastres - Notibras<\/title>\n<meta name=\"robots\" content=\"index, follow, max-snippet:-1, max-image-preview:large, max-video-preview:-1\" \/>\n<link rel=\"canonical\" href=\"https:\/\/www.notibras.com\/site\/fuzileiros-criam-tecnologias-para-defesa-e-auxilio-em-desastres\/\" \/>\n<meta property=\"og:locale\" content=\"pt_BR\" \/>\n<meta property=\"og:type\" content=\"article\" \/>\n<meta property=\"og:title\" content=\"Fuzileiros criam tecnologias para defesa e aux\u00edlio em desastres - Notibras\" \/>\n<meta property=\"og:description\" content=\"Os Fuzileiros Navais da Marinha do Brasil apresentaram nesta quarta-feira (4), no Rio de Janeiro, as principais inova\u00e7\u00f5es tecnol\u00f3gicas incorporadas ao patrim\u00f4nio da tropa com o objetivo de modernizar as for\u00e7as de defesa do pa\u00eds. A maior novidade \u00e9 o rec\u00e9m-ativado Esquadr\u00e3o de Drones T\u00e1ticos de Esclarecimento e Ataque, para o qual a corpora\u00e7\u00e3o adquiriu [&hellip;]\" \/>\n<meta property=\"og:url\" content=\"https:\/\/www.notibras.com\/site\/fuzileiros-criam-tecnologias-para-defesa-e-auxilio-em-desastres\/\" \/>\n<meta property=\"og:site_name\" content=\"Notibras\" \/>\n<meta property=\"article:publisher\" content=\"https:\/\/www.facebook.com\/notibras\/\" \/>\n<meta property=\"article:published_time\" content=\"2026-03-05T03:00:37+00:00\" \/>\n<meta property=\"article:modified_time\" content=\"2026-03-05T11:08:04+00:00\" \/>\n<meta property=\"og:image\" content=\"https:\/\/www.notibras.com\/site\/wp-content\/uploads\/2026\/03\/toms9982.webp\" \/>\n\t<meta property=\"og:image:width\" content=\"1170\" \/>\n\t<meta property=\"og:image:height\" content=\"700\" \/>\n\t<meta property=\"og:image:type\" content=\"image\/webp\" \/>\n<meta name=\"author\" content=\"Reda\u00e7\u00e3o\" \/>\n<meta name=\"twitter:card\" content=\"summary_large_image\" \/>\n<meta name=\"twitter:creator\" content=\"@Notibras\" \/>\n<meta name=\"twitter:site\" content=\"@Notibras\" \/>\n<meta name=\"twitter:label1\" content=\"Escrito por\" \/>\n\t<meta name=\"twitter:data1\" content=\"Reda\u00e7\u00e3o\" \/>\n\t<meta name=\"twitter:label2\" content=\"Est. tempo de leitura\" \/>\n\t<meta name=\"twitter:data2\" content=\"4 minutos\" \/>\n<script type=\"application\/ld+json\" class=\"yoast-schema-graph\">{\"@context\":\"https:\/\/schema.org\",\"@graph\":[{\"@type\":\"Article\",\"@id\":\"https:\/\/www.notibras.com\/site\/fuzileiros-criam-tecnologias-para-defesa-e-auxilio-em-desastres\/#article\",\"isPartOf\":{\"@id\":\"https:\/\/www.notibras.com\/site\/fuzileiros-criam-tecnologias-para-defesa-e-auxilio-em-desastres\/\"},\"author\":{\"name\":\"Reda\u00e7\u00e3o\",\"@id\":\"https:\/\/www.notibras.com\/site\/#\/schema\/person\/36ab0979449956132d3e5b517ea76ac8\"},\"headline\":\"Fuzileiros criam tecnologias para defesa e aux\u00edlio em desastres\",\"datePublished\":\"2026-03-05T03:00:37+00:00\",\"dateModified\":\"2026-03-05T11:08:04+00:00\",\"mainEntityOfPage\":{\"@id\":\"https:\/\/www.notibras.com\/site\/fuzileiros-criam-tecnologias-para-defesa-e-auxilio-em-desastres\/\"},\"wordCount\":585,\"publisher\":{\"@id\":\"https:\/\/www.notibras.com\/site\/#organization\"},\"image\":{\"@id\":\"https:\/\/www.notibras.com\/site\/fuzileiros-criam-tecnologias-para-defesa-e-auxilio-em-desastres\/#primaryimage\"},\"thumbnailUrl\":\"https:\/\/www.notibras.com\/site\/wp-content\/uploads\/2026\/03\/toms9982.webp\",\"articleSection\":[\"Brasil\"],\"inLanguage\":\"pt-BR\"},{\"@type\":\"WebPage\",\"@id\":\"https:\/\/www.notibras.com\/site\/fuzileiros-criam-tecnologias-para-defesa-e-auxilio-em-desastres\/\",\"url\":\"https:\/\/www.notibras.com\/site\/fuzileiros-criam-tecnologias-para-defesa-e-auxilio-em-desastres\/\",\"name\":\"Fuzileiros criam tecnologias para defesa e aux\u00edlio em desastres - Notibras\",\"isPartOf\":{\"@id\":\"https:\/\/www.notibras.com\/site\/#website\"},\"primaryImageOfPage\":{\"@id\":\"https:\/\/www.notibras.com\/site\/fuzileiros-criam-tecnologias-para-defesa-e-auxilio-em-desastres\/#primaryimage\"},\"image\":{\"@id\":\"https:\/\/www.notibras.com\/site\/fuzileiros-criam-tecnologias-para-defesa-e-auxilio-em-desastres\/#primaryimage\"},\"thumbnailUrl\":\"https:\/\/www.notibras.com\/site\/wp-content\/uploads\/2026\/03\/toms9982.webp\",\"datePublished\":\"2026-03-05T03:00:37+00:00\",\"dateModified\":\"2026-03-05T11:08:04+00:00\",\"breadcrumb\":{\"@id\":\"https:\/\/www.notibras.com\/site\/fuzileiros-criam-tecnologias-para-defesa-e-auxilio-em-desastres\/#breadcrumb\"},\"inLanguage\":\"pt-BR\",\"potentialAction\":[{\"@type\":\"ReadAction\",\"target\":[\"https:\/\/www.notibras.com\/site\/fuzileiros-criam-tecnologias-para-defesa-e-auxilio-em-desastres\/\"]}]},{\"@type\":\"ImageObject\",\"inLanguage\":\"pt-BR\",\"@id\":\"https:\/\/www.notibras.com\/site\/fuzileiros-criam-tecnologias-para-defesa-e-auxilio-em-desastres\/#primaryimage\",\"url\":\"https:\/\/www.notibras.com\/site\/wp-content\/uploads\/2026\/03\/toms9982.webp\",\"contentUrl\":\"https:\/\/www.notibras.com\/site\/wp-content\/uploads\/2026\/03\/toms9982.webp\",\"width\":1170,\"height\":700},{\"@type\":\"BreadcrumbList\",\"@id\":\"https:\/\/www.notibras.com\/site\/fuzileiros-criam-tecnologias-para-defesa-e-auxilio-em-desastres\/#breadcrumb\",\"itemListElement\":[{\"@type\":\"ListItem\",\"position\":1,\"name\":\"In\u00edcio\",\"item\":\"https:\/\/www.notibras.com\/site\/\"},{\"@type\":\"ListItem\",\"position\":2,\"name\":\"Fuzileiros criam tecnologias para defesa e aux\u00edlio em desastres\"}]},{\"@type\":\"WebSite\",\"@id\":\"https:\/\/www.notibras.com\/site\/#website\",\"url\":\"https:\/\/www.notibras.com\/site\/\",\"name\":\"Notibras\",\"description\":\"Not\u00edcias de Bras\u00edlia, do Brasil e do Mundo\",\"publisher\":{\"@id\":\"https:\/\/www.notibras.com\/site\/#organization\"},\"potentialAction\":[{\"@type\":\"SearchAction\",\"target\":{\"@type\":\"EntryPoint\",\"urlTemplate\":\"https:\/\/www.notibras.com\/site\/?s={search_term_string}\"},\"query-input\":{\"@type\":\"PropertyValueSpecification\",\"valueRequired\":true,\"valueName\":\"search_term_string\"}}],\"inLanguage\":\"pt-BR\"},{\"@type\":\"Organization\",\"@id\":\"https:\/\/www.notibras.com\/site\/#organization\",\"name\":\"Grupo Notibras de Comunica\u00e7\u00e3o\",\"url\":\"https:\/\/www.notibras.com\/site\/\",\"logo\":{\"@type\":\"ImageObject\",\"inLanguage\":\"pt-BR\",\"@id\":\"https:\/\/www.notibras.com\/site\/#\/schema\/logo\/image\/\",\"url\":\"https:\/\/www.notibras.com\/site\/wp-content\/uploads\/2023\/01\/notibras23.png\",\"contentUrl\":\"https:\/\/www.notibras.com\/site\/wp-content\/uploads\/2023\/01\/notibras23.png\",\"width\":350,\"height\":87,\"caption\":\"Grupo Notibras de Comunica\u00e7\u00e3o\"},\"image\":{\"@id\":\"https:\/\/www.notibras.com\/site\/#\/schema\/logo\/image\/\"},\"sameAs\":[\"https:\/\/www.facebook.com\/notibras\/\",\"https:\/\/x.com\/Notibras\",\"https:\/\/www.instagram.com\/notibras\/\"]},{\"@type\":\"Person\",\"@id\":\"https:\/\/www.notibras.com\/site\/#\/schema\/person\/36ab0979449956132d3e5b517ea76ac8\",\"name\":\"Reda\u00e7\u00e3o\",\"image\":{\"@type\":\"ImageObject\",\"inLanguage\":\"pt-BR\",\"@id\":\"https:\/\/secure.gravatar.com\/avatar\/e0a867bdedb85fd243eadf09663511f96fc81e0720a4a42581f334ad4303aa6b?s=96&d=mm&r=g\",\"url\":\"https:\/\/secure.gravatar.com\/avatar\/e0a867bdedb85fd243eadf09663511f96fc81e0720a4a42581f334ad4303aa6b?s=96&d=mm&r=g\",\"contentUrl\":\"https:\/\/secure.gravatar.com\/avatar\/e0a867bdedb85fd243eadf09663511f96fc81e0720a4a42581f334ad4303aa6b?s=96&d=mm&r=g\",\"caption\":\"Reda\u00e7\u00e3o\"}}]}<\/script>\n<!-- \/ Yoast SEO plugin. -->","yoast_head_json":{"title":"Fuzileiros criam tecnologias para defesa e aux\u00edlio em desastres - Notibras","robots":{"index":"index","follow":"follow","max-snippet":"max-snippet:-1","max-image-preview":"max-image-preview:large","max-video-preview":"max-video-preview:-1"},"canonical":"https:\/\/www.notibras.com\/site\/fuzileiros-criam-tecnologias-para-defesa-e-auxilio-em-desastres\/","og_locale":"pt_BR","og_type":"article","og_title":"Fuzileiros criam tecnologias para defesa e aux\u00edlio em desastres - Notibras","og_description":"Os Fuzileiros Navais da Marinha do Brasil apresentaram nesta quarta-feira (4), no Rio de Janeiro, as principais inova\u00e7\u00f5es tecnol\u00f3gicas incorporadas ao patrim\u00f4nio da tropa com o objetivo de modernizar as for\u00e7as de defesa do pa\u00eds. A maior novidade \u00e9 o rec\u00e9m-ativado Esquadr\u00e3o de Drones T\u00e1ticos de Esclarecimento e Ataque, para o qual a corpora\u00e7\u00e3o adquiriu [&hellip;]","og_url":"https:\/\/www.notibras.com\/site\/fuzileiros-criam-tecnologias-para-defesa-e-auxilio-em-desastres\/","og_site_name":"Notibras","article_publisher":"https:\/\/www.facebook.com\/notibras\/","article_published_time":"2026-03-05T03:00:37+00:00","article_modified_time":"2026-03-05T11:08:04+00:00","og_image":[{"width":1170,"height":700,"url":"https:\/\/www.notibras.com\/site\/wp-content\/uploads\/2026\/03\/toms9982.webp","type":"image\/webp"}],"author":"Reda\u00e7\u00e3o","twitter_card":"summary_large_image","twitter_creator":"@Notibras","twitter_site":"@Notibras","twitter_misc":{"Escrito por":"Reda\u00e7\u00e3o","Est. tempo de leitura":"4 minutos"},"schema":{"@context":"https:\/\/schema.org","@graph":[{"@type":"Article","@id":"https:\/\/www.notibras.com\/site\/fuzileiros-criam-tecnologias-para-defesa-e-auxilio-em-desastres\/#article","isPartOf":{"@id":"https:\/\/www.notibras.com\/site\/fuzileiros-criam-tecnologias-para-defesa-e-auxilio-em-desastres\/"},"author":{"name":"Reda\u00e7\u00e3o","@id":"https:\/\/www.notibras.com\/site\/#\/schema\/person\/36ab0979449956132d3e5b517ea76ac8"},"headline":"Fuzileiros criam tecnologias para defesa e aux\u00edlio em desastres","datePublished":"2026-03-05T03:00:37+00:00","dateModified":"2026-03-05T11:08:04+00:00","mainEntityOfPage":{"@id":"https:\/\/www.notibras.com\/site\/fuzileiros-criam-tecnologias-para-defesa-e-auxilio-em-desastres\/"},"wordCount":585,"publisher":{"@id":"https:\/\/www.notibras.com\/site\/#organization"},"image":{"@id":"https:\/\/www.notibras.com\/site\/fuzileiros-criam-tecnologias-para-defesa-e-auxilio-em-desastres\/#primaryimage"},"thumbnailUrl":"https:\/\/www.notibras.com\/site\/wp-content\/uploads\/2026\/03\/toms9982.webp","articleSection":["Brasil"],"inLanguage":"pt-BR"},{"@type":"WebPage","@id":"https:\/\/www.notibras.com\/site\/fuzileiros-criam-tecnologias-para-defesa-e-auxilio-em-desastres\/","url":"https:\/\/www.notibras.com\/site\/fuzileiros-criam-tecnologias-para-defesa-e-auxilio-em-desastres\/","name":"Fuzileiros criam tecnologias para defesa e aux\u00edlio em desastres - Notibras","isPartOf":{"@id":"https:\/\/www.notibras.com\/site\/#website"},"primaryImageOfPage":{"@id":"https:\/\/www.notibras.com\/site\/fuzileiros-criam-tecnologias-para-defesa-e-auxilio-em-desastres\/#primaryimage"},"image":{"@id":"https:\/\/www.notibras.com\/site\/fuzileiros-criam-tecnologias-para-defesa-e-auxilio-em-desastres\/#primaryimage"},"thumbnailUrl":"https:\/\/www.notibras.com\/site\/wp-content\/uploads\/2026\/03\/toms9982.webp","datePublished":"2026-03-05T03:00:37+00:00","dateModified":"2026-03-05T11:08:04+00:00","breadcrumb":{"@id":"https:\/\/www.notibras.com\/site\/fuzileiros-criam-tecnologias-para-defesa-e-auxilio-em-desastres\/#breadcrumb"},"inLanguage":"pt-BR","potentialAction":[{"@type":"ReadAction","target":["https:\/\/www.notibras.com\/site\/fuzileiros-criam-tecnologias-para-defesa-e-auxilio-em-desastres\/"]}]},{"@type":"ImageObject","inLanguage":"pt-BR","@id":"https:\/\/www.notibras.com\/site\/fuzileiros-criam-tecnologias-para-defesa-e-auxilio-em-desastres\/#primaryimage","url":"https:\/\/www.notibras.com\/site\/wp-content\/uploads\/2026\/03\/toms9982.webp","contentUrl":"https:\/\/www.notibras.com\/site\/wp-content\/uploads\/2026\/03\/toms9982.webp","width":1170,"height":700},{"@type":"BreadcrumbList","@id":"https:\/\/www.notibras.com\/site\/fuzileiros-criam-tecnologias-para-defesa-e-auxilio-em-desastres\/#breadcrumb","itemListElement":[{"@type":"ListItem","position":1,"name":"In\u00edcio","item":"https:\/\/www.notibras.com\/site\/"},{"@type":"ListItem","position":2,"name":"Fuzileiros criam tecnologias para defesa e aux\u00edlio em desastres"}]},{"@type":"WebSite","@id":"https:\/\/www.notibras.com\/site\/#website","url":"https:\/\/www.notibras.com\/site\/","name":"Notibras","description":"Not\u00edcias de Bras\u00edlia, do Brasil e do Mundo","publisher":{"@id":"https:\/\/www.notibras.com\/site\/#organization"},"potentialAction":[{"@type":"SearchAction","target":{"@type":"EntryPoint","urlTemplate":"https:\/\/www.notibras.com\/site\/?s={search_term_string}"},"query-input":{"@type":"PropertyValueSpecification","valueRequired":true,"valueName":"search_term_string"}}],"inLanguage":"pt-BR"},{"@type":"Organization","@id":"https:\/\/www.notibras.com\/site\/#organization","name":"Grupo Notibras de Comunica\u00e7\u00e3o","url":"https:\/\/www.notibras.com\/site\/","logo":{"@type":"ImageObject","inLanguage":"pt-BR","@id":"https:\/\/www.notibras.com\/site\/#\/schema\/logo\/image\/","url":"https:\/\/www.notibras.com\/site\/wp-content\/uploads\/2023\/01\/notibras23.png","contentUrl":"https:\/\/www.notibras.com\/site\/wp-content\/uploads\/2023\/01\/notibras23.png","width":350,"height":87,"caption":"Grupo Notibras de Comunica\u00e7\u00e3o"},"image":{"@id":"https:\/\/www.notibras.com\/site\/#\/schema\/logo\/image\/"},"sameAs":["https:\/\/www.facebook.com\/notibras\/","https:\/\/x.com\/Notibras","https:\/\/www.instagram.com\/notibras\/"]},{"@type":"Person","@id":"https:\/\/www.notibras.com\/site\/#\/schema\/person\/36ab0979449956132d3e5b517ea76ac8","name":"Reda\u00e7\u00e3o","image":{"@type":"ImageObject","inLanguage":"pt-BR","@id":"https:\/\/secure.gravatar.com\/avatar\/e0a867bdedb85fd243eadf09663511f96fc81e0720a4a42581f334ad4303aa6b?s=96&d=mm&r=g","url":"https:\/\/secure.gravatar.com\/avatar\/e0a867bdedb85fd243eadf09663511f96fc81e0720a4a42581f334ad4303aa6b?s=96&d=mm&r=g","contentUrl":"https:\/\/secure.gravatar.com\/avatar\/e0a867bdedb85fd243eadf09663511f96fc81e0720a4a42581f334ad4303aa6b?s=96&d=mm&r=g","caption":"Reda\u00e7\u00e3o"}}]}},"amp_enabled":true,"_links":{"self":[{"href":"https:\/\/www.notibras.com\/site\/wp-json\/wp\/v2\/posts\/385684","targetHints":{"allow":["GET"]}}],"collection":[{"href":"https:\/\/www.notibras.com\/site\/wp-json\/wp\/v2\/posts"}],"about":[{"href":"https:\/\/www.notibras.com\/site\/wp-json\/wp\/v2\/types\/post"}],"author":[{"embeddable":true,"href":"https:\/\/www.notibras.com\/site\/wp-json\/wp\/v2\/users\/2"}],"replies":[{"embeddable":true,"href":"https:\/\/www.notibras.com\/site\/wp-json\/wp\/v2\/comments?post=385684"}],"version-history":[{"count":1,"href":"https:\/\/www.notibras.com\/site\/wp-json\/wp\/v2\/posts\/385684\/revisions"}],"predecessor-version":[{"id":385687,"href":"https:\/\/www.notibras.com\/site\/wp-json\/wp\/v2\/posts\/385684\/revisions\/385687"}],"wp:featuredmedia":[{"embeddable":true,"href":"https:\/\/www.notibras.com\/site\/wp-json\/wp\/v2\/media\/385686"}],"wp:attachment":[{"href":"https:\/\/www.notibras.com\/site\/wp-json\/wp\/v2\/media?parent=385684"}],"wp:term":[{"taxonomy":"category","embeddable":true,"href":"https:\/\/www.notibras.com\/site\/wp-json\/wp\/v2\/categories?post=385684"},{"taxonomy":"post_tag","embeddable":true,"href":"https:\/\/www.notibras.com\/site\/wp-json\/wp\/v2\/tags?post=385684"}],"curies":[{"name":"wp","href":"https:\/\/api.w.org\/{rel}","templated":true}]}}