{"id":385688,"date":"2026-03-05T08:13:29","date_gmt":"2026-03-05T11:13:29","guid":{"rendered":"https:\/\/www.notibras.com\/site\/?p=385688"},"modified":"2026-03-05T08:13:29","modified_gmt":"2026-03-05T11:13:29","slug":"quando-a-alma-brilha-como-a-luz-do-sol","status":"publish","type":"post","link":"https:\/\/www.notibras.com\/site\/quando-a-alma-brilha-como-a-luz-do-sol\/","title":{"rendered":"Quando a alma brilha como a luz do sol"},"content":{"rendered":"<p data-start=\"309\" data-end=\"757\">H\u00e1 uma claridade que n\u00e3o nasce no c\u00e9u, nem depende da manh\u00e3 para existir. Ela surge silenciosamente dentro de quem aprende a olhar para dentro sem medo, a escutar o pr\u00f3prio sil\u00eancio e a compreender que toda tempestade tamb\u00e9m carrega em si a semente da calmaria. Foi isso que <span class=\"hover:entity-accent entity-underline inline cursor-pointer align-baseline\"><span class=\"whitespace-normal\">Siddhartha Gautama<\/span><\/span> ensinou ao mundo h\u00e1 mais de dois mil\u00eanios: a verdadeira luz n\u00e3o vem de fora \u2014 ela desperta quando o esp\u00edrito abandona o peso da ilus\u00e3o.<\/p>\n<p data-start=\"759\" data-end=\"1147\">Conta-se que, ao sentar-se sob a \u00e1rvore conhecida como <span class=\"hover:entity-accent entity-underline inline cursor-pointer align-baseline\"><span class=\"whitespace-normal\">\u00c1rvore de Bodhi<\/span><\/span>, Buda n\u00e3o buscava poder, gl\u00f3ria nem milagres. Buscava compreender por que o ser humano sofre, por que teme perder, por que se agarra ao que inevitavelmente muda. E ali, em profunda medita\u00e7\u00e3o, percebeu que o sofrimento nasce do apego: apego \u00e0s posses, \u00e0s pessoas, \u00e0s certezas, at\u00e9 mesmo \u00e0s dores.<\/p>\n<p data-start=\"1149\" data-end=\"1424\">Seu primeiro ensinamento foi simples e profundo: tudo passa. Nenhuma alegria \u00e9 eterna, nenhuma tristeza \u00e9 definitiva. A imperman\u00eancia n\u00e3o \u00e9 castigo; \u00e9 a pr\u00f3pria dan\u00e7a do universo. Quem compreende isso deixa de lutar contra o rio da vida e aprende a navegar com serenidade. &#x1f33f;<\/p>\n<p data-start=\"1426\" data-end=\"1711\">Buda ensinou tamb\u00e9m que a mente \u00e9 semelhante a um lago. Quando agitada por desejos, medos e impulsos, n\u00e3o reflete nada com nitidez. Mas quando serenada pela consci\u00eancia, torna-se espelho do infinito. Por isso a medita\u00e7\u00e3o n\u00e3o \u00e9 fuga: \u00e9 encontro. N\u00e3o \u00e9 sil\u00eancio vazio: \u00e9 escuta profunda.<\/p>\n<p data-start=\"1713\" data-end=\"2078\">Entre seus ensinamentos mais luminosos est\u00e1 a compaix\u00e3o. Para Buda, iluminar-se n\u00e3o significa afastar-se do outro, mas reconhecer no outro a mesma fragilidade humana. Aquele que compreende sua pr\u00f3pria dor passa a tratar com delicadeza a dor alheia. \u00c9 por isso que, no caminho budista, a bondade vale mais que o discurso, e o gesto simples vale mais que a apar\u00eancia.<\/p>\n<p data-start=\"2080\" data-end=\"2349\">Outro ensinamento essencial \u00e9 o do desapego do ego. O \u201ceu\u201d r\u00edgido, orgulhoso e ferido \u00e9, segundo Buda, uma constru\u00e7\u00e3o passageira. Quando algu\u00e9m deixa de viver apenas para defender a pr\u00f3pria imagem, nasce uma liberdade silenciosa: a liberdade de ser sem precisar provar.<\/p>\n<p data-start=\"2351\" data-end=\"2589\">Como a luz do sol, a sabedoria budista n\u00e3o escolhe onde tocar. Ela alcan\u00e7a igualmente quem sofre, quem busca, quem caiu e quem recome\u00e7a. O sol n\u00e3o pergunta quem merece sua claridade; apenas ilumina. Assim tamb\u00e9m a consci\u00eancia desperta.<\/p>\n<p data-start=\"2591\" data-end=\"2841\">No budismo, cada amanhecer carrega um s\u00edmbolo: recome\u00e7ar sem carregar excessivamente o ontem. Respirar com presen\u00e7a. Comer com presen\u00e7a. Caminhar com presen\u00e7a. Amar com presen\u00e7a. Porque o instante presente \u00e9 o \u00fanico lugar onde a paz realmente existe.<\/p>\n<p data-start=\"2843\" data-end=\"3026\">Talvez por isso tantos s\u00e9culos tenham passado e os ensinamentos de Buda continuem vivos: porque eles n\u00e3o prometem eliminar a dor, mas ensinar a atravess\u00e1-la sem perder a luz interior.<\/p>\n<p data-start=\"3028\" data-end=\"3159\">Brilhar como o sol, afinal, n\u00e3o significa nunca conhecer nuvens. Significa saber que acima delas a claridade continua intacta.<\/p>\n","protected":false},"excerpt":{"rendered":"<p>H\u00e1 uma claridade que n\u00e3o nasce no c\u00e9u, nem depende da manh\u00e3 para existir. Ela surge silenciosamente dentro de quem aprende a olhar para dentro sem medo, a escutar o pr\u00f3prio sil\u00eancio e a compreender que toda tempestade tamb\u00e9m carrega em si a semente da calmaria. Foi isso que Siddhartha Gautama ensinou ao mundo h\u00e1 [&hellip;]<\/p>\n","protected":false},"author":2,"featured_media":385692,"comment_status":"closed","ping_status":"closed","sticky":false,"template":"","format":"standard","meta":{"_acf_changed":false,"footnotes":""},"categories":[237],"tags":[],"class_list":["post-385688","post","type-post","status-publish","format-standard","has-post-thumbnail","hentry","category-oraculos"],"acf":[],"yoast_head":"<!-- This site is optimized with the Yoast SEO plugin v27.2 - https:\/\/yoast.com\/product\/yoast-seo-wordpress\/ -->\n<title>Quando a alma brilha como a luz do sol - Notibras<\/title>\n<meta name=\"robots\" content=\"index, follow, max-snippet:-1, max-image-preview:large, max-video-preview:-1\" \/>\n<link rel=\"canonical\" href=\"https:\/\/www.notibras.com\/site\/quando-a-alma-brilha-como-a-luz-do-sol\/\" \/>\n<meta property=\"og:locale\" content=\"pt_BR\" \/>\n<meta property=\"og:type\" content=\"article\" \/>\n<meta property=\"og:title\" content=\"Quando a alma brilha como a luz do sol - Notibras\" \/>\n<meta property=\"og:description\" content=\"H\u00e1 uma claridade que n\u00e3o nasce no c\u00e9u, nem depende da manh\u00e3 para existir. Ela surge silenciosamente dentro de quem aprende a olhar para dentro sem medo, a escutar o pr\u00f3prio sil\u00eancio e a compreender que toda tempestade tamb\u00e9m carrega em si a semente da calmaria. Foi isso que Siddhartha Gautama ensinou ao mundo h\u00e1 [&hellip;]\" \/>\n<meta property=\"og:url\" content=\"https:\/\/www.notibras.com\/site\/quando-a-alma-brilha-como-a-luz-do-sol\/\" \/>\n<meta property=\"og:site_name\" content=\"Notibras\" \/>\n<meta property=\"article:publisher\" content=\"https:\/\/www.facebook.com\/notibras\/\" \/>\n<meta property=\"article:published_time\" content=\"2026-03-05T11:13:29+00:00\" \/>\n<meta property=\"og:image\" content=\"https:\/\/www.notibras.com\/site\/wp-content\/uploads\/2026\/03\/ee3ea040-88a9-49ac-a598-2903a1f79f9c-683x1024.png\" \/>\n\t<meta property=\"og:image:width\" content=\"683\" \/>\n\t<meta property=\"og:image:height\" content=\"1024\" \/>\n\t<meta property=\"og:image:type\" content=\"image\/png\" \/>\n<meta name=\"author\" content=\"Reda\u00e7\u00e3o\" \/>\n<meta name=\"twitter:card\" content=\"summary_large_image\" \/>\n<meta name=\"twitter:creator\" content=\"@Notibras\" \/>\n<meta name=\"twitter:site\" content=\"@Notibras\" \/>\n<meta name=\"twitter:label1\" content=\"Escrito por\" \/>\n\t<meta name=\"twitter:data1\" content=\"Reda\u00e7\u00e3o\" \/>\n\t<meta name=\"twitter:label2\" content=\"Est. tempo de leitura\" \/>\n\t<meta name=\"twitter:data2\" content=\"3 minutos\" \/>\n<script type=\"application\/ld+json\" class=\"yoast-schema-graph\">{\"@context\":\"https:\/\/schema.org\",\"@graph\":[{\"@type\":\"Article\",\"@id\":\"https:\/\/www.notibras.com\/site\/quando-a-alma-brilha-como-a-luz-do-sol\/#article\",\"isPartOf\":{\"@id\":\"https:\/\/www.notibras.com\/site\/quando-a-alma-brilha-como-a-luz-do-sol\/\"},\"author\":{\"name\":\"Reda\u00e7\u00e3o\",\"@id\":\"https:\/\/www.notibras.com\/site\/#\/schema\/person\/36ab0979449956132d3e5b517ea76ac8\"},\"headline\":\"Quando a alma brilha como a luz do sol\",\"datePublished\":\"2026-03-05T11:13:29+00:00\",\"mainEntityOfPage\":{\"@id\":\"https:\/\/www.notibras.com\/site\/quando-a-alma-brilha-como-a-luz-do-sol\/\"},\"wordCount\":507,\"publisher\":{\"@id\":\"https:\/\/www.notibras.com\/site\/#organization\"},\"image\":{\"@id\":\"https:\/\/www.notibras.com\/site\/quando-a-alma-brilha-como-a-luz-do-sol\/#primaryimage\"},\"thumbnailUrl\":\"https:\/\/www.notibras.com\/site\/wp-content\/uploads\/2026\/03\/ee3ea040-88a9-49ac-a598-2903a1f79f9c.png\",\"articleSection\":[\"Or\u00e1culos\"],\"inLanguage\":\"pt-BR\"},{\"@type\":\"WebPage\",\"@id\":\"https:\/\/www.notibras.com\/site\/quando-a-alma-brilha-como-a-luz-do-sol\/\",\"url\":\"https:\/\/www.notibras.com\/site\/quando-a-alma-brilha-como-a-luz-do-sol\/\",\"name\":\"Quando a alma brilha como a luz do sol - Notibras\",\"isPartOf\":{\"@id\":\"https:\/\/www.notibras.com\/site\/#website\"},\"primaryImageOfPage\":{\"@id\":\"https:\/\/www.notibras.com\/site\/quando-a-alma-brilha-como-a-luz-do-sol\/#primaryimage\"},\"image\":{\"@id\":\"https:\/\/www.notibras.com\/site\/quando-a-alma-brilha-como-a-luz-do-sol\/#primaryimage\"},\"thumbnailUrl\":\"https:\/\/www.notibras.com\/site\/wp-content\/uploads\/2026\/03\/ee3ea040-88a9-49ac-a598-2903a1f79f9c.png\",\"datePublished\":\"2026-03-05T11:13:29+00:00\",\"breadcrumb\":{\"@id\":\"https:\/\/www.notibras.com\/site\/quando-a-alma-brilha-como-a-luz-do-sol\/#breadcrumb\"},\"inLanguage\":\"pt-BR\",\"potentialAction\":[{\"@type\":\"ReadAction\",\"target\":[\"https:\/\/www.notibras.com\/site\/quando-a-alma-brilha-como-a-luz-do-sol\/\"]}]},{\"@type\":\"ImageObject\",\"inLanguage\":\"pt-BR\",\"@id\":\"https:\/\/www.notibras.com\/site\/quando-a-alma-brilha-como-a-luz-do-sol\/#primaryimage\",\"url\":\"https:\/\/www.notibras.com\/site\/wp-content\/uploads\/2026\/03\/ee3ea040-88a9-49ac-a598-2903a1f79f9c.png\",\"contentUrl\":\"https:\/\/www.notibras.com\/site\/wp-content\/uploads\/2026\/03\/ee3ea040-88a9-49ac-a598-2903a1f79f9c.png\",\"width\":1024,\"height\":1536},{\"@type\":\"BreadcrumbList\",\"@id\":\"https:\/\/www.notibras.com\/site\/quando-a-alma-brilha-como-a-luz-do-sol\/#breadcrumb\",\"itemListElement\":[{\"@type\":\"ListItem\",\"position\":1,\"name\":\"In\u00edcio\",\"item\":\"https:\/\/www.notibras.com\/site\/\"},{\"@type\":\"ListItem\",\"position\":2,\"name\":\"Quando a alma brilha como a luz do sol\"}]},{\"@type\":\"WebSite\",\"@id\":\"https:\/\/www.notibras.com\/site\/#website\",\"url\":\"https:\/\/www.notibras.com\/site\/\",\"name\":\"Notibras\",\"description\":\"Not\u00edcias de Bras\u00edlia, do Brasil e do Mundo\",\"publisher\":{\"@id\":\"https:\/\/www.notibras.com\/site\/#organization\"},\"potentialAction\":[{\"@type\":\"SearchAction\",\"target\":{\"@type\":\"EntryPoint\",\"urlTemplate\":\"https:\/\/www.notibras.com\/site\/?s={search_term_string}\"},\"query-input\":{\"@type\":\"PropertyValueSpecification\",\"valueRequired\":true,\"valueName\":\"search_term_string\"}}],\"inLanguage\":\"pt-BR\"},{\"@type\":\"Organization\",\"@id\":\"https:\/\/www.notibras.com\/site\/#organization\",\"name\":\"Grupo Notibras de Comunica\u00e7\u00e3o\",\"url\":\"https:\/\/www.notibras.com\/site\/\",\"logo\":{\"@type\":\"ImageObject\",\"inLanguage\":\"pt-BR\",\"@id\":\"https:\/\/www.notibras.com\/site\/#\/schema\/logo\/image\/\",\"url\":\"https:\/\/www.notibras.com\/site\/wp-content\/uploads\/2023\/01\/notibras23.png\",\"contentUrl\":\"https:\/\/www.notibras.com\/site\/wp-content\/uploads\/2023\/01\/notibras23.png\",\"width\":350,\"height\":87,\"caption\":\"Grupo Notibras de Comunica\u00e7\u00e3o\"},\"image\":{\"@id\":\"https:\/\/www.notibras.com\/site\/#\/schema\/logo\/image\/\"},\"sameAs\":[\"https:\/\/www.facebook.com\/notibras\/\",\"https:\/\/x.com\/Notibras\",\"https:\/\/www.instagram.com\/notibras\/\"]},{\"@type\":\"Person\",\"@id\":\"https:\/\/www.notibras.com\/site\/#\/schema\/person\/36ab0979449956132d3e5b517ea76ac8\",\"name\":\"Reda\u00e7\u00e3o\",\"image\":{\"@type\":\"ImageObject\",\"inLanguage\":\"pt-BR\",\"@id\":\"https:\/\/secure.gravatar.com\/avatar\/e0a867bdedb85fd243eadf09663511f96fc81e0720a4a42581f334ad4303aa6b?s=96&d=mm&r=g\",\"url\":\"https:\/\/secure.gravatar.com\/avatar\/e0a867bdedb85fd243eadf09663511f96fc81e0720a4a42581f334ad4303aa6b?s=96&d=mm&r=g\",\"contentUrl\":\"https:\/\/secure.gravatar.com\/avatar\/e0a867bdedb85fd243eadf09663511f96fc81e0720a4a42581f334ad4303aa6b?s=96&d=mm&r=g\",\"caption\":\"Reda\u00e7\u00e3o\"}}]}<\/script>\n<!-- \/ Yoast SEO plugin. -->","yoast_head_json":{"title":"Quando a alma brilha como a luz do sol - Notibras","robots":{"index":"index","follow":"follow","max-snippet":"max-snippet:-1","max-image-preview":"max-image-preview:large","max-video-preview":"max-video-preview:-1"},"canonical":"https:\/\/www.notibras.com\/site\/quando-a-alma-brilha-como-a-luz-do-sol\/","og_locale":"pt_BR","og_type":"article","og_title":"Quando a alma brilha como a luz do sol - Notibras","og_description":"H\u00e1 uma claridade que n\u00e3o nasce no c\u00e9u, nem depende da manh\u00e3 para existir. Ela surge silenciosamente dentro de quem aprende a olhar para dentro sem medo, a escutar o pr\u00f3prio sil\u00eancio e a compreender que toda tempestade tamb\u00e9m carrega em si a semente da calmaria. Foi isso que Siddhartha Gautama ensinou ao mundo h\u00e1 [&hellip;]","og_url":"https:\/\/www.notibras.com\/site\/quando-a-alma-brilha-como-a-luz-do-sol\/","og_site_name":"Notibras","article_publisher":"https:\/\/www.facebook.com\/notibras\/","article_published_time":"2026-03-05T11:13:29+00:00","og_image":[{"width":683,"height":1024,"url":"https:\/\/www.notibras.com\/site\/wp-content\/uploads\/2026\/03\/ee3ea040-88a9-49ac-a598-2903a1f79f9c-683x1024.png","type":"image\/png"}],"author":"Reda\u00e7\u00e3o","twitter_card":"summary_large_image","twitter_creator":"@Notibras","twitter_site":"@Notibras","twitter_misc":{"Escrito por":"Reda\u00e7\u00e3o","Est. tempo de leitura":"3 minutos"},"schema":{"@context":"https:\/\/schema.org","@graph":[{"@type":"Article","@id":"https:\/\/www.notibras.com\/site\/quando-a-alma-brilha-como-a-luz-do-sol\/#article","isPartOf":{"@id":"https:\/\/www.notibras.com\/site\/quando-a-alma-brilha-como-a-luz-do-sol\/"},"author":{"name":"Reda\u00e7\u00e3o","@id":"https:\/\/www.notibras.com\/site\/#\/schema\/person\/36ab0979449956132d3e5b517ea76ac8"},"headline":"Quando a alma brilha como a luz do sol","datePublished":"2026-03-05T11:13:29+00:00","mainEntityOfPage":{"@id":"https:\/\/www.notibras.com\/site\/quando-a-alma-brilha-como-a-luz-do-sol\/"},"wordCount":507,"publisher":{"@id":"https:\/\/www.notibras.com\/site\/#organization"},"image":{"@id":"https:\/\/www.notibras.com\/site\/quando-a-alma-brilha-como-a-luz-do-sol\/#primaryimage"},"thumbnailUrl":"https:\/\/www.notibras.com\/site\/wp-content\/uploads\/2026\/03\/ee3ea040-88a9-49ac-a598-2903a1f79f9c.png","articleSection":["Or\u00e1culos"],"inLanguage":"pt-BR"},{"@type":"WebPage","@id":"https:\/\/www.notibras.com\/site\/quando-a-alma-brilha-como-a-luz-do-sol\/","url":"https:\/\/www.notibras.com\/site\/quando-a-alma-brilha-como-a-luz-do-sol\/","name":"Quando a alma brilha como a luz do sol - Notibras","isPartOf":{"@id":"https:\/\/www.notibras.com\/site\/#website"},"primaryImageOfPage":{"@id":"https:\/\/www.notibras.com\/site\/quando-a-alma-brilha-como-a-luz-do-sol\/#primaryimage"},"image":{"@id":"https:\/\/www.notibras.com\/site\/quando-a-alma-brilha-como-a-luz-do-sol\/#primaryimage"},"thumbnailUrl":"https:\/\/www.notibras.com\/site\/wp-content\/uploads\/2026\/03\/ee3ea040-88a9-49ac-a598-2903a1f79f9c.png","datePublished":"2026-03-05T11:13:29+00:00","breadcrumb":{"@id":"https:\/\/www.notibras.com\/site\/quando-a-alma-brilha-como-a-luz-do-sol\/#breadcrumb"},"inLanguage":"pt-BR","potentialAction":[{"@type":"ReadAction","target":["https:\/\/www.notibras.com\/site\/quando-a-alma-brilha-como-a-luz-do-sol\/"]}]},{"@type":"ImageObject","inLanguage":"pt-BR","@id":"https:\/\/www.notibras.com\/site\/quando-a-alma-brilha-como-a-luz-do-sol\/#primaryimage","url":"https:\/\/www.notibras.com\/site\/wp-content\/uploads\/2026\/03\/ee3ea040-88a9-49ac-a598-2903a1f79f9c.png","contentUrl":"https:\/\/www.notibras.com\/site\/wp-content\/uploads\/2026\/03\/ee3ea040-88a9-49ac-a598-2903a1f79f9c.png","width":1024,"height":1536},{"@type":"BreadcrumbList","@id":"https:\/\/www.notibras.com\/site\/quando-a-alma-brilha-como-a-luz-do-sol\/#breadcrumb","itemListElement":[{"@type":"ListItem","position":1,"name":"In\u00edcio","item":"https:\/\/www.notibras.com\/site\/"},{"@type":"ListItem","position":2,"name":"Quando a alma brilha como a luz do sol"}]},{"@type":"WebSite","@id":"https:\/\/www.notibras.com\/site\/#website","url":"https:\/\/www.notibras.com\/site\/","name":"Notibras","description":"Not\u00edcias de Bras\u00edlia, do Brasil e do Mundo","publisher":{"@id":"https:\/\/www.notibras.com\/site\/#organization"},"potentialAction":[{"@type":"SearchAction","target":{"@type":"EntryPoint","urlTemplate":"https:\/\/www.notibras.com\/site\/?s={search_term_string}"},"query-input":{"@type":"PropertyValueSpecification","valueRequired":true,"valueName":"search_term_string"}}],"inLanguage":"pt-BR"},{"@type":"Organization","@id":"https:\/\/www.notibras.com\/site\/#organization","name":"Grupo Notibras de Comunica\u00e7\u00e3o","url":"https:\/\/www.notibras.com\/site\/","logo":{"@type":"ImageObject","inLanguage":"pt-BR","@id":"https:\/\/www.notibras.com\/site\/#\/schema\/logo\/image\/","url":"https:\/\/www.notibras.com\/site\/wp-content\/uploads\/2023\/01\/notibras23.png","contentUrl":"https:\/\/www.notibras.com\/site\/wp-content\/uploads\/2023\/01\/notibras23.png","width":350,"height":87,"caption":"Grupo Notibras de Comunica\u00e7\u00e3o"},"image":{"@id":"https:\/\/www.notibras.com\/site\/#\/schema\/logo\/image\/"},"sameAs":["https:\/\/www.facebook.com\/notibras\/","https:\/\/x.com\/Notibras","https:\/\/www.instagram.com\/notibras\/"]},{"@type":"Person","@id":"https:\/\/www.notibras.com\/site\/#\/schema\/person\/36ab0979449956132d3e5b517ea76ac8","name":"Reda\u00e7\u00e3o","image":{"@type":"ImageObject","inLanguage":"pt-BR","@id":"https:\/\/secure.gravatar.com\/avatar\/e0a867bdedb85fd243eadf09663511f96fc81e0720a4a42581f334ad4303aa6b?s=96&d=mm&r=g","url":"https:\/\/secure.gravatar.com\/avatar\/e0a867bdedb85fd243eadf09663511f96fc81e0720a4a42581f334ad4303aa6b?s=96&d=mm&r=g","contentUrl":"https:\/\/secure.gravatar.com\/avatar\/e0a867bdedb85fd243eadf09663511f96fc81e0720a4a42581f334ad4303aa6b?s=96&d=mm&r=g","caption":"Reda\u00e7\u00e3o"}}]}},"amp_enabled":true,"_links":{"self":[{"href":"https:\/\/www.notibras.com\/site\/wp-json\/wp\/v2\/posts\/385688","targetHints":{"allow":["GET"]}}],"collection":[{"href":"https:\/\/www.notibras.com\/site\/wp-json\/wp\/v2\/posts"}],"about":[{"href":"https:\/\/www.notibras.com\/site\/wp-json\/wp\/v2\/types\/post"}],"author":[{"embeddable":true,"href":"https:\/\/www.notibras.com\/site\/wp-json\/wp\/v2\/users\/2"}],"replies":[{"embeddable":true,"href":"https:\/\/www.notibras.com\/site\/wp-json\/wp\/v2\/comments?post=385688"}],"version-history":[{"count":1,"href":"https:\/\/www.notibras.com\/site\/wp-json\/wp\/v2\/posts\/385688\/revisions"}],"predecessor-version":[{"id":385693,"href":"https:\/\/www.notibras.com\/site\/wp-json\/wp\/v2\/posts\/385688\/revisions\/385693"}],"wp:featuredmedia":[{"embeddable":true,"href":"https:\/\/www.notibras.com\/site\/wp-json\/wp\/v2\/media\/385692"}],"wp:attachment":[{"href":"https:\/\/www.notibras.com\/site\/wp-json\/wp\/v2\/media?parent=385688"}],"wp:term":[{"taxonomy":"category","embeddable":true,"href":"https:\/\/www.notibras.com\/site\/wp-json\/wp\/v2\/categories?post=385688"},{"taxonomy":"post_tag","embeddable":true,"href":"https:\/\/www.notibras.com\/site\/wp-json\/wp\/v2\/tags?post=385688"}],"curies":[{"name":"wp","href":"https:\/\/api.w.org\/{rel}","templated":true}]}}