{"id":385694,"date":"2026-03-05T08:19:10","date_gmt":"2026-03-05T11:19:10","guid":{"rendered":"https:\/\/www.notibras.com\/site\/?p=385694"},"modified":"2026-03-05T08:19:10","modified_gmt":"2026-03-05T11:19:10","slug":"europa-submissa-repetira-os-erros-da-ii-guerra","status":"publish","type":"post","link":"https:\/\/www.notibras.com\/site\/europa-submissa-repetira-os-erros-da-ii-guerra\/","title":{"rendered":"Europa submissa repetir\u00e1 os erros da II Guerra?"},"content":{"rendered":"<p>A pergunta que se apresenta como t\u00edtulo deste texto pode soar como ret\u00f3rica, mas infelizmente, desde o p\u00f3s-guerra a resposta tem sido repetidamente um sonoro sim. E ela vem a reboque de mais uma agress\u00e3o internacional, sustentada por mentiras, dos EUA e de Israel contra uma na\u00e7\u00e3o soberana, no caso agora o Ir\u00e3.<\/p>\n<p>Mais uma vez, desrespeitando a norma constitucional dos pr\u00f3prios EUA, ignorando a Carta das Na\u00e7\u00f5es e os apelos da ONU, totalmente descredibilizada pelas a\u00e7\u00f5es de Trump, e ainda ignorando solenemente a Uni\u00e3o Europeia, ele, Trump, juntamente com seu comparsa e assassino Netanyahu, lan\u00e7am o mundo em nova aventura b\u00e9lica, a \u00fanica forma de parecerem \u00fateis e, claro, em busca do desvio da aten\u00e7\u00e3o de seus concidad\u00e3os para a p\u00e9ssima gest\u00e3o interna em seus pa\u00edses, crise econ\u00f4mica e moral envolvendo pedofilia no caso de Trump, e uma renitente corrup\u00e7\u00e3o no caso de Netanyahu. Nada como uma boa divers\u00e3o para desviar a aten\u00e7\u00e3o para o que realmente importa. O tr\u00e1gico \u00e9 que vidas humanas (muitas) s\u00e3o sacrificadas em prol desta loucura.<\/p>\n<p>E a Europa com isso? Tudo. S\u00e3o in\u00fameras bases americanas no continente, de onde se podem operar a\u00e7\u00f5es contra o Ir\u00e3, sem deixar de citar os apoios expl\u00edcitos de pa\u00edses como Fran\u00e7a, Alemanha e Reino Unido \u00e0s a\u00e7\u00f5es agressivas e criminosas de Trump e Netanyahu. Os mesmos pa\u00edses que vociferam contra a R\u00fassia chamando-a de agressora por conta da Guerra contra a Ucr\u00e2nia. Portanto, nada de estranho ver a\u00e7\u00f5es contra alvos de pa\u00edses europeus, que se vergam aos desejos do belicoso Trump e do genocida Netanyahu, como j\u00e1 ocorreu contra alvos do Reino Unido. \u00c9 importante ressaltar que a Espanha manteve uma postura altiva e negou a utiliza\u00e7\u00e3o de bases para uso dos EUA, e o Reino Unido, ap\u00f3s ter sido alvo de ataques iranianos tamb\u00e9m recuou quanto \u00e0 utiliza\u00e7\u00e3o de suas bases, e Portugal oscila entre defender sua soberania e n\u00e3o melindrar os EUA.<\/p>\n<p>Mas o pior ser\u00e1 pago pelos cidad\u00e3os europeus. O primeiro efeito de uma agress\u00e3o que tem por finalidade \u00faltima conter o fluxo de energia para a China, \u00e9 a imediata eleva\u00e7\u00e3o abrupta dos pre\u00e7os do petr\u00f3leo, que impactam a economia mundial, e para a Europa particularmente, a eleva\u00e7\u00e3o do pre\u00e7o do g\u00e1s, que j\u00e1 sofreu um aumento superior a 50%, o que certamente ter\u00e1 consequ\u00eancias danosas para o dia a dia das pessoas. N\u00e3o custa lembrar que ap\u00f3s o in\u00edcio da guerra da R\u00fassia na Ucr\u00e2nia, a vida dos europeus j\u00e1 foi por demais penalizada com o aumento expressivo do custo dos produtos derivado da abrupta eleva\u00e7\u00e3o do custo da energia . E agora o que se espera \u00e9 mais um rebatimento nos pre\u00e7os influenciados pelo crescente aumento da pre\u00e7o da energia.<\/p>\n<p>E a Europa mais uma vez pagar\u00e1 o pre\u00e7o de n\u00e3o se portar de forma altiva frente a um l\u00edder que n\u00e3o tem o menor respeito pela democracia, pelo direito internacional, pela soberania das na\u00e7\u00f5es e pela vida das pessoas, nem sequer do povo norte americano.<\/p>\n<p>Para finalizar, n\u00e3o podemos deixar de listar que o cen\u00e1rio agora pode ser mais desastroso. Embora haja in\u00fameras v\u00edtimas no Ir\u00e3, inclusive crian\u00e7as assassinadas pelas m\u00e3os dos agressores, Israel j\u00e1 contabiliza mortos e soldados dos EUA voltar\u00e3o para casa em sacos pl\u00e1sticos. Aguardemos o que Trump dir\u00e1 frente a isto, e o que a popula\u00e7\u00e3o dos EUA dir\u00e1.<\/p>\n<p>&#8230;&#8230;&#8230;&#8230;..<\/p>\n<p><strong>Antonio Eust\u00e1quio \u00e9 correspondente de Notibras na Europa<\/strong><\/p>\n","protected":false},"excerpt":{"rendered":"<p>A pergunta que se apresenta como t\u00edtulo deste texto pode soar como ret\u00f3rica, mas infelizmente, desde o p\u00f3s-guerra a resposta tem sido repetidamente um sonoro sim. E ela vem a reboque de mais uma agress\u00e3o internacional, sustentada por mentiras, dos EUA e de Israel contra uma na\u00e7\u00e3o soberana, no caso agora o Ir\u00e3. Mais uma [&hellip;]<\/p>\n","protected":false},"author":2,"featured_media":385032,"comment_status":"closed","ping_status":"closed","sticky":false,"template":"","format":"standard","meta":{"_acf_changed":false,"footnotes":""},"categories":[159],"tags":[],"class_list":["post-385694","post","type-post","status-publish","format-standard","has-post-thumbnail","hentry","category-apocalipse"],"acf":[],"yoast_head":"<!-- This site is optimized with the Yoast SEO plugin v27.2 - https:\/\/yoast.com\/product\/yoast-seo-wordpress\/ -->\n<title>Europa submissa repetir\u00e1 os erros da II Guerra? - Notibras<\/title>\n<meta name=\"robots\" content=\"index, follow, max-snippet:-1, max-image-preview:large, max-video-preview:-1\" \/>\n<link rel=\"canonical\" href=\"https:\/\/www.notibras.com\/site\/europa-submissa-repetira-os-erros-da-ii-guerra\/\" \/>\n<meta property=\"og:locale\" content=\"pt_BR\" \/>\n<meta property=\"og:type\" content=\"article\" \/>\n<meta property=\"og:title\" content=\"Europa submissa repetir\u00e1 os erros da II Guerra? - Notibras\" \/>\n<meta property=\"og:description\" content=\"A pergunta que se apresenta como t\u00edtulo deste texto pode soar como ret\u00f3rica, mas infelizmente, desde o p\u00f3s-guerra a resposta tem sido repetidamente um sonoro sim. E ela vem a reboque de mais uma agress\u00e3o internacional, sustentada por mentiras, dos EUA e de Israel contra uma na\u00e7\u00e3o soberana, no caso agora o Ir\u00e3. Mais uma [&hellip;]\" \/>\n<meta property=\"og:url\" content=\"https:\/\/www.notibras.com\/site\/europa-submissa-repetira-os-erros-da-ii-guerra\/\" \/>\n<meta property=\"og:site_name\" content=\"Notibras\" \/>\n<meta property=\"article:publisher\" content=\"https:\/\/www.facebook.com\/notibras\/\" \/>\n<meta property=\"article:published_time\" content=\"2026-03-05T11:19:10+00:00\" \/>\n<meta property=\"og:image\" content=\"https:\/\/www.notibras.com\/site\/wp-content\/uploads\/2026\/02\/2026-02-28t100434z_917940672_rc2xujavnmw4_rtrmadp_3_iran-crisis-bahrain.webp\" \/>\n\t<meta property=\"og:image:width\" content=\"1170\" \/>\n\t<meta property=\"og:image:height\" content=\"700\" \/>\n\t<meta property=\"og:image:type\" content=\"image\/webp\" \/>\n<meta name=\"author\" content=\"Reda\u00e7\u00e3o\" \/>\n<meta name=\"twitter:card\" content=\"summary_large_image\" \/>\n<meta name=\"twitter:creator\" content=\"@Notibras\" \/>\n<meta name=\"twitter:site\" content=\"@Notibras\" \/>\n<meta name=\"twitter:label1\" content=\"Escrito por\" \/>\n\t<meta name=\"twitter:data1\" content=\"Reda\u00e7\u00e3o\" \/>\n\t<meta name=\"twitter:label2\" content=\"Est. tempo de leitura\" \/>\n\t<meta name=\"twitter:data2\" content=\"4 minutos\" \/>\n<script type=\"application\/ld+json\" class=\"yoast-schema-graph\">{\"@context\":\"https:\/\/schema.org\",\"@graph\":[{\"@type\":\"Article\",\"@id\":\"https:\/\/www.notibras.com\/site\/europa-submissa-repetira-os-erros-da-ii-guerra\/#article\",\"isPartOf\":{\"@id\":\"https:\/\/www.notibras.com\/site\/europa-submissa-repetira-os-erros-da-ii-guerra\/\"},\"author\":{\"name\":\"Reda\u00e7\u00e3o\",\"@id\":\"https:\/\/www.notibras.com\/site\/#\/schema\/person\/36ab0979449956132d3e5b517ea76ac8\"},\"headline\":\"Europa submissa repetir\u00e1 os erros da II Guerra?\",\"datePublished\":\"2026-03-05T11:19:10+00:00\",\"mainEntityOfPage\":{\"@id\":\"https:\/\/www.notibras.com\/site\/europa-submissa-repetira-os-erros-da-ii-guerra\/\"},\"wordCount\":632,\"publisher\":{\"@id\":\"https:\/\/www.notibras.com\/site\/#organization\"},\"image\":{\"@id\":\"https:\/\/www.notibras.com\/site\/europa-submissa-repetira-os-erros-da-ii-guerra\/#primaryimage\"},\"thumbnailUrl\":\"https:\/\/www.notibras.com\/site\/wp-content\/uploads\/2026\/02\/2026-02-28t100434z_917940672_rc2xujavnmw4_rtrmadp_3_iran-crisis-bahrain.webp\",\"articleSection\":[\"Apocalipse\"],\"inLanguage\":\"pt-BR\"},{\"@type\":\"WebPage\",\"@id\":\"https:\/\/www.notibras.com\/site\/europa-submissa-repetira-os-erros-da-ii-guerra\/\",\"url\":\"https:\/\/www.notibras.com\/site\/europa-submissa-repetira-os-erros-da-ii-guerra\/\",\"name\":\"Europa submissa repetir\u00e1 os erros da II Guerra? - Notibras\",\"isPartOf\":{\"@id\":\"https:\/\/www.notibras.com\/site\/#website\"},\"primaryImageOfPage\":{\"@id\":\"https:\/\/www.notibras.com\/site\/europa-submissa-repetira-os-erros-da-ii-guerra\/#primaryimage\"},\"image\":{\"@id\":\"https:\/\/www.notibras.com\/site\/europa-submissa-repetira-os-erros-da-ii-guerra\/#primaryimage\"},\"thumbnailUrl\":\"https:\/\/www.notibras.com\/site\/wp-content\/uploads\/2026\/02\/2026-02-28t100434z_917940672_rc2xujavnmw4_rtrmadp_3_iran-crisis-bahrain.webp\",\"datePublished\":\"2026-03-05T11:19:10+00:00\",\"breadcrumb\":{\"@id\":\"https:\/\/www.notibras.com\/site\/europa-submissa-repetira-os-erros-da-ii-guerra\/#breadcrumb\"},\"inLanguage\":\"pt-BR\",\"potentialAction\":[{\"@type\":\"ReadAction\",\"target\":[\"https:\/\/www.notibras.com\/site\/europa-submissa-repetira-os-erros-da-ii-guerra\/\"]}]},{\"@type\":\"ImageObject\",\"inLanguage\":\"pt-BR\",\"@id\":\"https:\/\/www.notibras.com\/site\/europa-submissa-repetira-os-erros-da-ii-guerra\/#primaryimage\",\"url\":\"https:\/\/www.notibras.com\/site\/wp-content\/uploads\/2026\/02\/2026-02-28t100434z_917940672_rc2xujavnmw4_rtrmadp_3_iran-crisis-bahrain.webp\",\"contentUrl\":\"https:\/\/www.notibras.com\/site\/wp-content\/uploads\/2026\/02\/2026-02-28t100434z_917940672_rc2xujavnmw4_rtrmadp_3_iran-crisis-bahrain.webp\",\"width\":1170,\"height\":700},{\"@type\":\"BreadcrumbList\",\"@id\":\"https:\/\/www.notibras.com\/site\/europa-submissa-repetira-os-erros-da-ii-guerra\/#breadcrumb\",\"itemListElement\":[{\"@type\":\"ListItem\",\"position\":1,\"name\":\"In\u00edcio\",\"item\":\"https:\/\/www.notibras.com\/site\/\"},{\"@type\":\"ListItem\",\"position\":2,\"name\":\"Europa submissa repetir\u00e1 os erros da II Guerra?\"}]},{\"@type\":\"WebSite\",\"@id\":\"https:\/\/www.notibras.com\/site\/#website\",\"url\":\"https:\/\/www.notibras.com\/site\/\",\"name\":\"Notibras\",\"description\":\"Not\u00edcias de Bras\u00edlia, do Brasil e do Mundo\",\"publisher\":{\"@id\":\"https:\/\/www.notibras.com\/site\/#organization\"},\"potentialAction\":[{\"@type\":\"SearchAction\",\"target\":{\"@type\":\"EntryPoint\",\"urlTemplate\":\"https:\/\/www.notibras.com\/site\/?s={search_term_string}\"},\"query-input\":{\"@type\":\"PropertyValueSpecification\",\"valueRequired\":true,\"valueName\":\"search_term_string\"}}],\"inLanguage\":\"pt-BR\"},{\"@type\":\"Organization\",\"@id\":\"https:\/\/www.notibras.com\/site\/#organization\",\"name\":\"Grupo Notibras de Comunica\u00e7\u00e3o\",\"url\":\"https:\/\/www.notibras.com\/site\/\",\"logo\":{\"@type\":\"ImageObject\",\"inLanguage\":\"pt-BR\",\"@id\":\"https:\/\/www.notibras.com\/site\/#\/schema\/logo\/image\/\",\"url\":\"https:\/\/www.notibras.com\/site\/wp-content\/uploads\/2023\/01\/notibras23.png\",\"contentUrl\":\"https:\/\/www.notibras.com\/site\/wp-content\/uploads\/2023\/01\/notibras23.png\",\"width\":350,\"height\":87,\"caption\":\"Grupo Notibras de Comunica\u00e7\u00e3o\"},\"image\":{\"@id\":\"https:\/\/www.notibras.com\/site\/#\/schema\/logo\/image\/\"},\"sameAs\":[\"https:\/\/www.facebook.com\/notibras\/\",\"https:\/\/x.com\/Notibras\",\"https:\/\/www.instagram.com\/notibras\/\"]},{\"@type\":\"Person\",\"@id\":\"https:\/\/www.notibras.com\/site\/#\/schema\/person\/36ab0979449956132d3e5b517ea76ac8\",\"name\":\"Reda\u00e7\u00e3o\",\"image\":{\"@type\":\"ImageObject\",\"inLanguage\":\"pt-BR\",\"@id\":\"https:\/\/secure.gravatar.com\/avatar\/e0a867bdedb85fd243eadf09663511f96fc81e0720a4a42581f334ad4303aa6b?s=96&d=mm&r=g\",\"url\":\"https:\/\/secure.gravatar.com\/avatar\/e0a867bdedb85fd243eadf09663511f96fc81e0720a4a42581f334ad4303aa6b?s=96&d=mm&r=g\",\"contentUrl\":\"https:\/\/secure.gravatar.com\/avatar\/e0a867bdedb85fd243eadf09663511f96fc81e0720a4a42581f334ad4303aa6b?s=96&d=mm&r=g\",\"caption\":\"Reda\u00e7\u00e3o\"}}]}<\/script>\n<!-- \/ Yoast SEO plugin. -->","yoast_head_json":{"title":"Europa submissa repetir\u00e1 os erros da II Guerra? - Notibras","robots":{"index":"index","follow":"follow","max-snippet":"max-snippet:-1","max-image-preview":"max-image-preview:large","max-video-preview":"max-video-preview:-1"},"canonical":"https:\/\/www.notibras.com\/site\/europa-submissa-repetira-os-erros-da-ii-guerra\/","og_locale":"pt_BR","og_type":"article","og_title":"Europa submissa repetir\u00e1 os erros da II Guerra? - Notibras","og_description":"A pergunta que se apresenta como t\u00edtulo deste texto pode soar como ret\u00f3rica, mas infelizmente, desde o p\u00f3s-guerra a resposta tem sido repetidamente um sonoro sim. E ela vem a reboque de mais uma agress\u00e3o internacional, sustentada por mentiras, dos EUA e de Israel contra uma na\u00e7\u00e3o soberana, no caso agora o Ir\u00e3. Mais uma [&hellip;]","og_url":"https:\/\/www.notibras.com\/site\/europa-submissa-repetira-os-erros-da-ii-guerra\/","og_site_name":"Notibras","article_publisher":"https:\/\/www.facebook.com\/notibras\/","article_published_time":"2026-03-05T11:19:10+00:00","og_image":[{"width":1170,"height":700,"url":"https:\/\/www.notibras.com\/site\/wp-content\/uploads\/2026\/02\/2026-02-28t100434z_917940672_rc2xujavnmw4_rtrmadp_3_iran-crisis-bahrain.webp","type":"image\/webp"}],"author":"Reda\u00e7\u00e3o","twitter_card":"summary_large_image","twitter_creator":"@Notibras","twitter_site":"@Notibras","twitter_misc":{"Escrito por":"Reda\u00e7\u00e3o","Est. tempo de leitura":"4 minutos"},"schema":{"@context":"https:\/\/schema.org","@graph":[{"@type":"Article","@id":"https:\/\/www.notibras.com\/site\/europa-submissa-repetira-os-erros-da-ii-guerra\/#article","isPartOf":{"@id":"https:\/\/www.notibras.com\/site\/europa-submissa-repetira-os-erros-da-ii-guerra\/"},"author":{"name":"Reda\u00e7\u00e3o","@id":"https:\/\/www.notibras.com\/site\/#\/schema\/person\/36ab0979449956132d3e5b517ea76ac8"},"headline":"Europa submissa repetir\u00e1 os erros da II Guerra?","datePublished":"2026-03-05T11:19:10+00:00","mainEntityOfPage":{"@id":"https:\/\/www.notibras.com\/site\/europa-submissa-repetira-os-erros-da-ii-guerra\/"},"wordCount":632,"publisher":{"@id":"https:\/\/www.notibras.com\/site\/#organization"},"image":{"@id":"https:\/\/www.notibras.com\/site\/europa-submissa-repetira-os-erros-da-ii-guerra\/#primaryimage"},"thumbnailUrl":"https:\/\/www.notibras.com\/site\/wp-content\/uploads\/2026\/02\/2026-02-28t100434z_917940672_rc2xujavnmw4_rtrmadp_3_iran-crisis-bahrain.webp","articleSection":["Apocalipse"],"inLanguage":"pt-BR"},{"@type":"WebPage","@id":"https:\/\/www.notibras.com\/site\/europa-submissa-repetira-os-erros-da-ii-guerra\/","url":"https:\/\/www.notibras.com\/site\/europa-submissa-repetira-os-erros-da-ii-guerra\/","name":"Europa submissa repetir\u00e1 os erros da II Guerra? - Notibras","isPartOf":{"@id":"https:\/\/www.notibras.com\/site\/#website"},"primaryImageOfPage":{"@id":"https:\/\/www.notibras.com\/site\/europa-submissa-repetira-os-erros-da-ii-guerra\/#primaryimage"},"image":{"@id":"https:\/\/www.notibras.com\/site\/europa-submissa-repetira-os-erros-da-ii-guerra\/#primaryimage"},"thumbnailUrl":"https:\/\/www.notibras.com\/site\/wp-content\/uploads\/2026\/02\/2026-02-28t100434z_917940672_rc2xujavnmw4_rtrmadp_3_iran-crisis-bahrain.webp","datePublished":"2026-03-05T11:19:10+00:00","breadcrumb":{"@id":"https:\/\/www.notibras.com\/site\/europa-submissa-repetira-os-erros-da-ii-guerra\/#breadcrumb"},"inLanguage":"pt-BR","potentialAction":[{"@type":"ReadAction","target":["https:\/\/www.notibras.com\/site\/europa-submissa-repetira-os-erros-da-ii-guerra\/"]}]},{"@type":"ImageObject","inLanguage":"pt-BR","@id":"https:\/\/www.notibras.com\/site\/europa-submissa-repetira-os-erros-da-ii-guerra\/#primaryimage","url":"https:\/\/www.notibras.com\/site\/wp-content\/uploads\/2026\/02\/2026-02-28t100434z_917940672_rc2xujavnmw4_rtrmadp_3_iran-crisis-bahrain.webp","contentUrl":"https:\/\/www.notibras.com\/site\/wp-content\/uploads\/2026\/02\/2026-02-28t100434z_917940672_rc2xujavnmw4_rtrmadp_3_iran-crisis-bahrain.webp","width":1170,"height":700},{"@type":"BreadcrumbList","@id":"https:\/\/www.notibras.com\/site\/europa-submissa-repetira-os-erros-da-ii-guerra\/#breadcrumb","itemListElement":[{"@type":"ListItem","position":1,"name":"In\u00edcio","item":"https:\/\/www.notibras.com\/site\/"},{"@type":"ListItem","position":2,"name":"Europa submissa repetir\u00e1 os erros da II Guerra?"}]},{"@type":"WebSite","@id":"https:\/\/www.notibras.com\/site\/#website","url":"https:\/\/www.notibras.com\/site\/","name":"Notibras","description":"Not\u00edcias de Bras\u00edlia, do Brasil e do Mundo","publisher":{"@id":"https:\/\/www.notibras.com\/site\/#organization"},"potentialAction":[{"@type":"SearchAction","target":{"@type":"EntryPoint","urlTemplate":"https:\/\/www.notibras.com\/site\/?s={search_term_string}"},"query-input":{"@type":"PropertyValueSpecification","valueRequired":true,"valueName":"search_term_string"}}],"inLanguage":"pt-BR"},{"@type":"Organization","@id":"https:\/\/www.notibras.com\/site\/#organization","name":"Grupo Notibras de Comunica\u00e7\u00e3o","url":"https:\/\/www.notibras.com\/site\/","logo":{"@type":"ImageObject","inLanguage":"pt-BR","@id":"https:\/\/www.notibras.com\/site\/#\/schema\/logo\/image\/","url":"https:\/\/www.notibras.com\/site\/wp-content\/uploads\/2023\/01\/notibras23.png","contentUrl":"https:\/\/www.notibras.com\/site\/wp-content\/uploads\/2023\/01\/notibras23.png","width":350,"height":87,"caption":"Grupo Notibras de Comunica\u00e7\u00e3o"},"image":{"@id":"https:\/\/www.notibras.com\/site\/#\/schema\/logo\/image\/"},"sameAs":["https:\/\/www.facebook.com\/notibras\/","https:\/\/x.com\/Notibras","https:\/\/www.instagram.com\/notibras\/"]},{"@type":"Person","@id":"https:\/\/www.notibras.com\/site\/#\/schema\/person\/36ab0979449956132d3e5b517ea76ac8","name":"Reda\u00e7\u00e3o","image":{"@type":"ImageObject","inLanguage":"pt-BR","@id":"https:\/\/secure.gravatar.com\/avatar\/e0a867bdedb85fd243eadf09663511f96fc81e0720a4a42581f334ad4303aa6b?s=96&d=mm&r=g","url":"https:\/\/secure.gravatar.com\/avatar\/e0a867bdedb85fd243eadf09663511f96fc81e0720a4a42581f334ad4303aa6b?s=96&d=mm&r=g","contentUrl":"https:\/\/secure.gravatar.com\/avatar\/e0a867bdedb85fd243eadf09663511f96fc81e0720a4a42581f334ad4303aa6b?s=96&d=mm&r=g","caption":"Reda\u00e7\u00e3o"}}]}},"amp_enabled":true,"_links":{"self":[{"href":"https:\/\/www.notibras.com\/site\/wp-json\/wp\/v2\/posts\/385694","targetHints":{"allow":["GET"]}}],"collection":[{"href":"https:\/\/www.notibras.com\/site\/wp-json\/wp\/v2\/posts"}],"about":[{"href":"https:\/\/www.notibras.com\/site\/wp-json\/wp\/v2\/types\/post"}],"author":[{"embeddable":true,"href":"https:\/\/www.notibras.com\/site\/wp-json\/wp\/v2\/users\/2"}],"replies":[{"embeddable":true,"href":"https:\/\/www.notibras.com\/site\/wp-json\/wp\/v2\/comments?post=385694"}],"version-history":[{"count":1,"href":"https:\/\/www.notibras.com\/site\/wp-json\/wp\/v2\/posts\/385694\/revisions"}],"predecessor-version":[{"id":385695,"href":"https:\/\/www.notibras.com\/site\/wp-json\/wp\/v2\/posts\/385694\/revisions\/385695"}],"wp:featuredmedia":[{"embeddable":true,"href":"https:\/\/www.notibras.com\/site\/wp-json\/wp\/v2\/media\/385032"}],"wp:attachment":[{"href":"https:\/\/www.notibras.com\/site\/wp-json\/wp\/v2\/media?parent=385694"}],"wp:term":[{"taxonomy":"category","embeddable":true,"href":"https:\/\/www.notibras.com\/site\/wp-json\/wp\/v2\/categories?post=385694"},{"taxonomy":"post_tag","embeddable":true,"href":"https:\/\/www.notibras.com\/site\/wp-json\/wp\/v2\/tags?post=385694"}],"curies":[{"name":"wp","href":"https:\/\/api.w.org\/{rel}","templated":true}]}}