{"id":385696,"date":"2026-03-05T08:27:28","date_gmt":"2026-03-05T11:27:28","guid":{"rendered":"https:\/\/www.notibras.com\/site\/?p=385696"},"modified":"2026-03-05T08:27:28","modified_gmt":"2026-03-05T11:27:28","slug":"aroma-da-mata-norte-no-interior-de-pernambuco","status":"publish","type":"post","link":"https:\/\/www.notibras.com\/site\/aroma-da-mata-norte-no-interior-de-pernambuco\/","title":{"rendered":"Aroma da mata norte no interior de Pernambuco"},"content":{"rendered":"<p>No cora\u00e7\u00e3o da Mata Norte pernambucana, entre o verde dos canaviais e o curso sereno do rio, est\u00e1 Paudalho \u2014 uma cidade onde o passado ainda caminha pelas ruas e o presente floresce com sotaque interiorano. O nome curioso carrega hist\u00f3ria: \u201cPau-d\u2019Alho\u201d remete a uma \u00e1rvore t\u00edpica da regi\u00e3o, conhecida pelo aroma forte que lembra alho, marcando a paisagem e a identidade local.<\/p>\n<p>A hist\u00f3ria de Paudalho come\u00e7a ainda no per\u00edodo colonial, quando a economia da cana-de-a\u00e7\u00facar moldava a vida na Zona da Mata. A abund\u00e2ncia da \u00e1rvore pau-d\u2019alho na regi\u00e3o acabou batizando o povoado que crescia \u00e0s margens do rio.<\/p>\n<p>O munic\u00edpio foi oficialmente emancipado no s\u00e9culo XIX, consolidando-se como importante polo agr\u00edcola. At\u00e9 hoje, antigas constru\u00e7\u00f5es e engenhos resistem como testemunhas de um tempo em que a produ\u00e7\u00e3o a\u00e7ucareira era o motor da economia local.<\/p>\n<p>O Rio Capibaribe corta o munic\u00edpio e desempenhou papel essencial no transporte e no desenvolvimento econ\u00f4mico da regi\u00e3o. Suas \u00e1guas n\u00e3o apenas irrigaram planta\u00e7\u00f5es, mas tamb\u00e9m aproximaram comunidades.<\/p>\n<p>No centro da cidade, a Igreja Matriz de Nossa Senhora do Ros\u00e1rio se destaca como s\u00edmbolo de f\u00e9 e tradi\u00e7\u00e3o. Suas celebra\u00e7\u00f5es religiosas, especialmente durante as festas de padroeira, re\u00fanem moradores e visitantes, fortalecendo la\u00e7os culturais que atravessam gera\u00e7\u00f5es.<\/p>\n<p>Paudalho \u00e9 terra de manifesta\u00e7\u00f5es culturais que misturam religiosidade, m\u00fasica e tradi\u00e7\u00e3o popular. Bandas marciais, grupos folcl\u00f3ricos e festejos juninos d\u00e3o vida \u00e0s ruas, enquanto a culin\u00e1ria \u2014 com ra\u00edzes na cozinha rural da Mata Norte \u2014 preserva sabores simples e marcantes.<\/p>\n<p>A cidade mant\u00e9m o ritmo tranquilo do interior, mas acompanha as transforma\u00e7\u00f5es do estado, investindo em educa\u00e7\u00e3o, infraestrutura e valoriza\u00e7\u00e3o cultural.<\/p>\n<p>Caminhar por Paudalho \u00e9 sentir o cheiro da terra molhada ap\u00f3s a chuva, ouvir hist\u00f3rias antigas contadas nas cal\u00e7adas e perceber que ali o tempo tem outro compasso. O \u201caroma\u201d do pau-d\u2019alho tornou-se met\u00e1fora da pr\u00f3pria cidade: forte, marcante e imposs\u00edvel de ignorar.<\/p>\n<p>Entre o verde da Mata Norte e o curso do Capibaribe, Paudalho segue escrevendo sua hist\u00f3ria \u2014 uma hist\u00f3ria que mistura natureza, mem\u00f3ria e identidade nordestina.<\/p>\n","protected":false},"excerpt":{"rendered":"<p>No cora\u00e7\u00e3o da Mata Norte pernambucana, entre o verde dos canaviais e o curso sereno do rio, est\u00e1 Paudalho \u2014 uma cidade onde o passado ainda caminha pelas ruas e o presente floresce com sotaque interiorano. O nome curioso carrega hist\u00f3ria: \u201cPau-d\u2019Alho\u201d remete a uma \u00e1rvore t\u00edpica da regi\u00e3o, conhecida pelo aroma forte que lembra [&hellip;]<\/p>\n","protected":false},"author":2,"featured_media":385697,"comment_status":"closed","ping_status":"closed","sticky":false,"template":"","format":"standard","meta":{"_acf_changed":false,"footnotes":""},"categories":[165],"tags":[],"class_list":["post-385696","post","type-post","status-publish","format-standard","has-post-thumbnail","hentry","category-nordeste"],"acf":[],"yoast_head":"<!-- This site is optimized with the Yoast SEO plugin v27.2 - https:\/\/yoast.com\/product\/yoast-seo-wordpress\/ -->\n<title>Aroma da mata norte no interior de Pernambuco - Notibras<\/title>\n<meta name=\"robots\" content=\"index, follow, max-snippet:-1, max-image-preview:large, max-video-preview:-1\" \/>\n<link rel=\"canonical\" href=\"https:\/\/www.notibras.com\/site\/aroma-da-mata-norte-no-interior-de-pernambuco\/\" \/>\n<meta property=\"og:locale\" content=\"pt_BR\" \/>\n<meta property=\"og:type\" content=\"article\" \/>\n<meta property=\"og:title\" content=\"Aroma da mata norte no interior de Pernambuco - Notibras\" \/>\n<meta property=\"og:description\" content=\"No cora\u00e7\u00e3o da Mata Norte pernambucana, entre o verde dos canaviais e o curso sereno do rio, est\u00e1 Paudalho \u2014 uma cidade onde o passado ainda caminha pelas ruas e o presente floresce com sotaque interiorano. O nome curioso carrega hist\u00f3ria: \u201cPau-d\u2019Alho\u201d remete a uma \u00e1rvore t\u00edpica da regi\u00e3o, conhecida pelo aroma forte que lembra [&hellip;]\" \/>\n<meta property=\"og:url\" content=\"https:\/\/www.notibras.com\/site\/aroma-da-mata-norte-no-interior-de-pernambuco\/\" \/>\n<meta property=\"og:site_name\" content=\"Notibras\" \/>\n<meta property=\"article:publisher\" content=\"https:\/\/www.facebook.com\/notibras\/\" \/>\n<meta property=\"article:published_time\" content=\"2026-03-05T11:27:28+00:00\" \/>\n<meta property=\"og:image\" content=\"https:\/\/www.notibras.com\/site\/wp-content\/uploads\/2026\/03\/f50decac-4e27-45e7-a1e3-ed6c9eab3534.jpg\" \/>\n\t<meta property=\"og:image:width\" content=\"1600\" \/>\n\t<meta property=\"og:image:height\" content=\"1066\" \/>\n\t<meta property=\"og:image:type\" content=\"image\/jpeg\" \/>\n<meta name=\"author\" content=\"Reda\u00e7\u00e3o\" \/>\n<meta name=\"twitter:card\" content=\"summary_large_image\" \/>\n<meta name=\"twitter:creator\" content=\"@Notibras\" \/>\n<meta name=\"twitter:site\" content=\"@Notibras\" \/>\n<meta name=\"twitter:label1\" content=\"Escrito por\" \/>\n\t<meta name=\"twitter:data1\" content=\"Reda\u00e7\u00e3o\" \/>\n\t<meta name=\"twitter:label2\" content=\"Est. tempo de leitura\" \/>\n\t<meta name=\"twitter:data2\" content=\"3 minutos\" \/>\n<script type=\"application\/ld+json\" class=\"yoast-schema-graph\">{\"@context\":\"https:\/\/schema.org\",\"@graph\":[{\"@type\":\"Article\",\"@id\":\"https:\/\/www.notibras.com\/site\/aroma-da-mata-norte-no-interior-de-pernambuco\/#article\",\"isPartOf\":{\"@id\":\"https:\/\/www.notibras.com\/site\/aroma-da-mata-norte-no-interior-de-pernambuco\/\"},\"author\":{\"name\":\"Reda\u00e7\u00e3o\",\"@id\":\"https:\/\/www.notibras.com\/site\/#\/schema\/person\/36ab0979449956132d3e5b517ea76ac8\"},\"headline\":\"Aroma da mata norte no interior de Pernambuco\",\"datePublished\":\"2026-03-05T11:27:28+00:00\",\"mainEntityOfPage\":{\"@id\":\"https:\/\/www.notibras.com\/site\/aroma-da-mata-norte-no-interior-de-pernambuco\/\"},\"wordCount\":390,\"publisher\":{\"@id\":\"https:\/\/www.notibras.com\/site\/#organization\"},\"image\":{\"@id\":\"https:\/\/www.notibras.com\/site\/aroma-da-mata-norte-no-interior-de-pernambuco\/#primaryimage\"},\"thumbnailUrl\":\"https:\/\/www.notibras.com\/site\/wp-content\/uploads\/2026\/03\/f50decac-4e27-45e7-a1e3-ed6c9eab3534.jpg\",\"articleSection\":[\"Nordeste\"],\"inLanguage\":\"pt-BR\"},{\"@type\":\"WebPage\",\"@id\":\"https:\/\/www.notibras.com\/site\/aroma-da-mata-norte-no-interior-de-pernambuco\/\",\"url\":\"https:\/\/www.notibras.com\/site\/aroma-da-mata-norte-no-interior-de-pernambuco\/\",\"name\":\"Aroma da mata norte no interior de Pernambuco - Notibras\",\"isPartOf\":{\"@id\":\"https:\/\/www.notibras.com\/site\/#website\"},\"primaryImageOfPage\":{\"@id\":\"https:\/\/www.notibras.com\/site\/aroma-da-mata-norte-no-interior-de-pernambuco\/#primaryimage\"},\"image\":{\"@id\":\"https:\/\/www.notibras.com\/site\/aroma-da-mata-norte-no-interior-de-pernambuco\/#primaryimage\"},\"thumbnailUrl\":\"https:\/\/www.notibras.com\/site\/wp-content\/uploads\/2026\/03\/f50decac-4e27-45e7-a1e3-ed6c9eab3534.jpg\",\"datePublished\":\"2026-03-05T11:27:28+00:00\",\"breadcrumb\":{\"@id\":\"https:\/\/www.notibras.com\/site\/aroma-da-mata-norte-no-interior-de-pernambuco\/#breadcrumb\"},\"inLanguage\":\"pt-BR\",\"potentialAction\":[{\"@type\":\"ReadAction\",\"target\":[\"https:\/\/www.notibras.com\/site\/aroma-da-mata-norte-no-interior-de-pernambuco\/\"]}]},{\"@type\":\"ImageObject\",\"inLanguage\":\"pt-BR\",\"@id\":\"https:\/\/www.notibras.com\/site\/aroma-da-mata-norte-no-interior-de-pernambuco\/#primaryimage\",\"url\":\"https:\/\/www.notibras.com\/site\/wp-content\/uploads\/2026\/03\/f50decac-4e27-45e7-a1e3-ed6c9eab3534.jpg\",\"contentUrl\":\"https:\/\/www.notibras.com\/site\/wp-content\/uploads\/2026\/03\/f50decac-4e27-45e7-a1e3-ed6c9eab3534.jpg\",\"width\":1600,\"height\":1066},{\"@type\":\"BreadcrumbList\",\"@id\":\"https:\/\/www.notibras.com\/site\/aroma-da-mata-norte-no-interior-de-pernambuco\/#breadcrumb\",\"itemListElement\":[{\"@type\":\"ListItem\",\"position\":1,\"name\":\"In\u00edcio\",\"item\":\"https:\/\/www.notibras.com\/site\/\"},{\"@type\":\"ListItem\",\"position\":2,\"name\":\"Aroma da mata norte no interior de Pernambuco\"}]},{\"@type\":\"WebSite\",\"@id\":\"https:\/\/www.notibras.com\/site\/#website\",\"url\":\"https:\/\/www.notibras.com\/site\/\",\"name\":\"Notibras\",\"description\":\"Not\u00edcias de Bras\u00edlia, do Brasil e do Mundo\",\"publisher\":{\"@id\":\"https:\/\/www.notibras.com\/site\/#organization\"},\"potentialAction\":[{\"@type\":\"SearchAction\",\"target\":{\"@type\":\"EntryPoint\",\"urlTemplate\":\"https:\/\/www.notibras.com\/site\/?s={search_term_string}\"},\"query-input\":{\"@type\":\"PropertyValueSpecification\",\"valueRequired\":true,\"valueName\":\"search_term_string\"}}],\"inLanguage\":\"pt-BR\"},{\"@type\":\"Organization\",\"@id\":\"https:\/\/www.notibras.com\/site\/#organization\",\"name\":\"Grupo Notibras de Comunica\u00e7\u00e3o\",\"url\":\"https:\/\/www.notibras.com\/site\/\",\"logo\":{\"@type\":\"ImageObject\",\"inLanguage\":\"pt-BR\",\"@id\":\"https:\/\/www.notibras.com\/site\/#\/schema\/logo\/image\/\",\"url\":\"https:\/\/www.notibras.com\/site\/wp-content\/uploads\/2023\/01\/notibras23.png\",\"contentUrl\":\"https:\/\/www.notibras.com\/site\/wp-content\/uploads\/2023\/01\/notibras23.png\",\"width\":350,\"height\":87,\"caption\":\"Grupo Notibras de Comunica\u00e7\u00e3o\"},\"image\":{\"@id\":\"https:\/\/www.notibras.com\/site\/#\/schema\/logo\/image\/\"},\"sameAs\":[\"https:\/\/www.facebook.com\/notibras\/\",\"https:\/\/x.com\/Notibras\",\"https:\/\/www.instagram.com\/notibras\/\"]},{\"@type\":\"Person\",\"@id\":\"https:\/\/www.notibras.com\/site\/#\/schema\/person\/36ab0979449956132d3e5b517ea76ac8\",\"name\":\"Reda\u00e7\u00e3o\",\"image\":{\"@type\":\"ImageObject\",\"inLanguage\":\"pt-BR\",\"@id\":\"https:\/\/secure.gravatar.com\/avatar\/e0a867bdedb85fd243eadf09663511f96fc81e0720a4a42581f334ad4303aa6b?s=96&d=mm&r=g\",\"url\":\"https:\/\/secure.gravatar.com\/avatar\/e0a867bdedb85fd243eadf09663511f96fc81e0720a4a42581f334ad4303aa6b?s=96&d=mm&r=g\",\"contentUrl\":\"https:\/\/secure.gravatar.com\/avatar\/e0a867bdedb85fd243eadf09663511f96fc81e0720a4a42581f334ad4303aa6b?s=96&d=mm&r=g\",\"caption\":\"Reda\u00e7\u00e3o\"}}]}<\/script>\n<!-- \/ Yoast SEO plugin. -->","yoast_head_json":{"title":"Aroma da mata norte no interior de Pernambuco - Notibras","robots":{"index":"index","follow":"follow","max-snippet":"max-snippet:-1","max-image-preview":"max-image-preview:large","max-video-preview":"max-video-preview:-1"},"canonical":"https:\/\/www.notibras.com\/site\/aroma-da-mata-norte-no-interior-de-pernambuco\/","og_locale":"pt_BR","og_type":"article","og_title":"Aroma da mata norte no interior de Pernambuco - Notibras","og_description":"No cora\u00e7\u00e3o da Mata Norte pernambucana, entre o verde dos canaviais e o curso sereno do rio, est\u00e1 Paudalho \u2014 uma cidade onde o passado ainda caminha pelas ruas e o presente floresce com sotaque interiorano. O nome curioso carrega hist\u00f3ria: \u201cPau-d\u2019Alho\u201d remete a uma \u00e1rvore t\u00edpica da regi\u00e3o, conhecida pelo aroma forte que lembra [&hellip;]","og_url":"https:\/\/www.notibras.com\/site\/aroma-da-mata-norte-no-interior-de-pernambuco\/","og_site_name":"Notibras","article_publisher":"https:\/\/www.facebook.com\/notibras\/","article_published_time":"2026-03-05T11:27:28+00:00","og_image":[{"width":1600,"height":1066,"url":"https:\/\/www.notibras.com\/site\/wp-content\/uploads\/2026\/03\/f50decac-4e27-45e7-a1e3-ed6c9eab3534.jpg","type":"image\/jpeg"}],"author":"Reda\u00e7\u00e3o","twitter_card":"summary_large_image","twitter_creator":"@Notibras","twitter_site":"@Notibras","twitter_misc":{"Escrito por":"Reda\u00e7\u00e3o","Est. tempo de leitura":"3 minutos"},"schema":{"@context":"https:\/\/schema.org","@graph":[{"@type":"Article","@id":"https:\/\/www.notibras.com\/site\/aroma-da-mata-norte-no-interior-de-pernambuco\/#article","isPartOf":{"@id":"https:\/\/www.notibras.com\/site\/aroma-da-mata-norte-no-interior-de-pernambuco\/"},"author":{"name":"Reda\u00e7\u00e3o","@id":"https:\/\/www.notibras.com\/site\/#\/schema\/person\/36ab0979449956132d3e5b517ea76ac8"},"headline":"Aroma da mata norte no interior de Pernambuco","datePublished":"2026-03-05T11:27:28+00:00","mainEntityOfPage":{"@id":"https:\/\/www.notibras.com\/site\/aroma-da-mata-norte-no-interior-de-pernambuco\/"},"wordCount":390,"publisher":{"@id":"https:\/\/www.notibras.com\/site\/#organization"},"image":{"@id":"https:\/\/www.notibras.com\/site\/aroma-da-mata-norte-no-interior-de-pernambuco\/#primaryimage"},"thumbnailUrl":"https:\/\/www.notibras.com\/site\/wp-content\/uploads\/2026\/03\/f50decac-4e27-45e7-a1e3-ed6c9eab3534.jpg","articleSection":["Nordeste"],"inLanguage":"pt-BR"},{"@type":"WebPage","@id":"https:\/\/www.notibras.com\/site\/aroma-da-mata-norte-no-interior-de-pernambuco\/","url":"https:\/\/www.notibras.com\/site\/aroma-da-mata-norte-no-interior-de-pernambuco\/","name":"Aroma da mata norte no interior de Pernambuco - Notibras","isPartOf":{"@id":"https:\/\/www.notibras.com\/site\/#website"},"primaryImageOfPage":{"@id":"https:\/\/www.notibras.com\/site\/aroma-da-mata-norte-no-interior-de-pernambuco\/#primaryimage"},"image":{"@id":"https:\/\/www.notibras.com\/site\/aroma-da-mata-norte-no-interior-de-pernambuco\/#primaryimage"},"thumbnailUrl":"https:\/\/www.notibras.com\/site\/wp-content\/uploads\/2026\/03\/f50decac-4e27-45e7-a1e3-ed6c9eab3534.jpg","datePublished":"2026-03-05T11:27:28+00:00","breadcrumb":{"@id":"https:\/\/www.notibras.com\/site\/aroma-da-mata-norte-no-interior-de-pernambuco\/#breadcrumb"},"inLanguage":"pt-BR","potentialAction":[{"@type":"ReadAction","target":["https:\/\/www.notibras.com\/site\/aroma-da-mata-norte-no-interior-de-pernambuco\/"]}]},{"@type":"ImageObject","inLanguage":"pt-BR","@id":"https:\/\/www.notibras.com\/site\/aroma-da-mata-norte-no-interior-de-pernambuco\/#primaryimage","url":"https:\/\/www.notibras.com\/site\/wp-content\/uploads\/2026\/03\/f50decac-4e27-45e7-a1e3-ed6c9eab3534.jpg","contentUrl":"https:\/\/www.notibras.com\/site\/wp-content\/uploads\/2026\/03\/f50decac-4e27-45e7-a1e3-ed6c9eab3534.jpg","width":1600,"height":1066},{"@type":"BreadcrumbList","@id":"https:\/\/www.notibras.com\/site\/aroma-da-mata-norte-no-interior-de-pernambuco\/#breadcrumb","itemListElement":[{"@type":"ListItem","position":1,"name":"In\u00edcio","item":"https:\/\/www.notibras.com\/site\/"},{"@type":"ListItem","position":2,"name":"Aroma da mata norte no interior de Pernambuco"}]},{"@type":"WebSite","@id":"https:\/\/www.notibras.com\/site\/#website","url":"https:\/\/www.notibras.com\/site\/","name":"Notibras","description":"Not\u00edcias de Bras\u00edlia, do Brasil e do Mundo","publisher":{"@id":"https:\/\/www.notibras.com\/site\/#organization"},"potentialAction":[{"@type":"SearchAction","target":{"@type":"EntryPoint","urlTemplate":"https:\/\/www.notibras.com\/site\/?s={search_term_string}"},"query-input":{"@type":"PropertyValueSpecification","valueRequired":true,"valueName":"search_term_string"}}],"inLanguage":"pt-BR"},{"@type":"Organization","@id":"https:\/\/www.notibras.com\/site\/#organization","name":"Grupo Notibras de Comunica\u00e7\u00e3o","url":"https:\/\/www.notibras.com\/site\/","logo":{"@type":"ImageObject","inLanguage":"pt-BR","@id":"https:\/\/www.notibras.com\/site\/#\/schema\/logo\/image\/","url":"https:\/\/www.notibras.com\/site\/wp-content\/uploads\/2023\/01\/notibras23.png","contentUrl":"https:\/\/www.notibras.com\/site\/wp-content\/uploads\/2023\/01\/notibras23.png","width":350,"height":87,"caption":"Grupo Notibras de Comunica\u00e7\u00e3o"},"image":{"@id":"https:\/\/www.notibras.com\/site\/#\/schema\/logo\/image\/"},"sameAs":["https:\/\/www.facebook.com\/notibras\/","https:\/\/x.com\/Notibras","https:\/\/www.instagram.com\/notibras\/"]},{"@type":"Person","@id":"https:\/\/www.notibras.com\/site\/#\/schema\/person\/36ab0979449956132d3e5b517ea76ac8","name":"Reda\u00e7\u00e3o","image":{"@type":"ImageObject","inLanguage":"pt-BR","@id":"https:\/\/secure.gravatar.com\/avatar\/e0a867bdedb85fd243eadf09663511f96fc81e0720a4a42581f334ad4303aa6b?s=96&d=mm&r=g","url":"https:\/\/secure.gravatar.com\/avatar\/e0a867bdedb85fd243eadf09663511f96fc81e0720a4a42581f334ad4303aa6b?s=96&d=mm&r=g","contentUrl":"https:\/\/secure.gravatar.com\/avatar\/e0a867bdedb85fd243eadf09663511f96fc81e0720a4a42581f334ad4303aa6b?s=96&d=mm&r=g","caption":"Reda\u00e7\u00e3o"}}]}},"amp_enabled":true,"_links":{"self":[{"href":"https:\/\/www.notibras.com\/site\/wp-json\/wp\/v2\/posts\/385696","targetHints":{"allow":["GET"]}}],"collection":[{"href":"https:\/\/www.notibras.com\/site\/wp-json\/wp\/v2\/posts"}],"about":[{"href":"https:\/\/www.notibras.com\/site\/wp-json\/wp\/v2\/types\/post"}],"author":[{"embeddable":true,"href":"https:\/\/www.notibras.com\/site\/wp-json\/wp\/v2\/users\/2"}],"replies":[{"embeddable":true,"href":"https:\/\/www.notibras.com\/site\/wp-json\/wp\/v2\/comments?post=385696"}],"version-history":[{"count":1,"href":"https:\/\/www.notibras.com\/site\/wp-json\/wp\/v2\/posts\/385696\/revisions"}],"predecessor-version":[{"id":385698,"href":"https:\/\/www.notibras.com\/site\/wp-json\/wp\/v2\/posts\/385696\/revisions\/385698"}],"wp:featuredmedia":[{"embeddable":true,"href":"https:\/\/www.notibras.com\/site\/wp-json\/wp\/v2\/media\/385697"}],"wp:attachment":[{"href":"https:\/\/www.notibras.com\/site\/wp-json\/wp\/v2\/media?parent=385696"}],"wp:term":[{"taxonomy":"category","embeddable":true,"href":"https:\/\/www.notibras.com\/site\/wp-json\/wp\/v2\/categories?post=385696"},{"taxonomy":"post_tag","embeddable":true,"href":"https:\/\/www.notibras.com\/site\/wp-json\/wp\/v2\/tags?post=385696"}],"curies":[{"name":"wp","href":"https:\/\/api.w.org\/{rel}","templated":true}]}}