{"id":385699,"date":"2026-03-05T07:00:57","date_gmt":"2026-03-05T10:00:57","guid":{"rendered":"https:\/\/www.notibras.com\/site\/?p=385699"},"modified":"2026-03-05T09:04:04","modified_gmt":"2026-03-05T12:04:04","slug":"nordeste-vive-revolucao-silenciosa-a-caminho-do-desenvolvimento","status":"publish","type":"post","link":"https:\/\/www.notibras.com\/site\/nordeste-vive-revolucao-silenciosa-a-caminho-do-desenvolvimento\/","title":{"rendered":"Nordeste vive revolu\u00e7\u00e3o silenciosa a caminho do desenvolvimento"},"content":{"rendered":"<p>Durante d\u00e9cadas, a imagem do Nordeste brasileiro esteve ligada ao ch\u00e3o rachado do sert\u00e3o, \u00e0s casas de taipa erguidas com barro e esperan\u00e7a, e \u00e0 for\u00e7a de um povo que nunca se curvou diante das dificuldades. A economia girava em torno da agricultura familiar, da feira livre, da pesca artesanal e do pequeno com\u00e9rcio.<\/p>\n<p>Mas enquanto o sol castigava a terra, algo come\u00e7ava a mudar \u2014 devagar, quase sem alarde<\/p>\n<p>No cora\u00e7\u00e3o do Recife Antigo, \u00e1rea hist\u00f3rica da capital pernambucana, nasceu no ano 2000 o Porto Digital. O que antes eram armaz\u00e9ns antigos e pr\u00e9dios coloniais se transformou em um dos maiores parques tecnol\u00f3gicos do Brasil.<\/p>\n<p>Hoje, o polo abriga centenas de empresas de tecnologia, startups inovadoras e milhares de profissionais altamente qualificados. Jovens que antes precisariam migrar para o Sudeste passaram a encontrar oportunidades no pr\u00f3prio Nordeste.<\/p>\n<p>A revolu\u00e7\u00e3o n\u00e3o veio com m\u00e1quinas barulhentas, mas com c\u00f3digos, ideias e criatividade<\/p>\n<p>O impacto n\u00e3o ficou restrito \u00e0 capital. O crescimento do setor de tecnologia influenciou cidades da Regi\u00e3o Metropolitana e at\u00e9 munic\u00edpios do interior. A internet de qualidade, cursos t\u00e9cnicos e universidades ampliaram horizontes.<\/p>\n<p>Hoje, \u00e9 comum encontrar:<\/p>\n<p>* Jovens do interior trabalhando remotamente para empresas internacionais.<\/p>\n<p>* Pequenos empreendedores vendendo produtos artesanais pelas redes sociais.<\/p>\n<p>* Agricultores utilizando tecnologia para monitorar planta\u00e7\u00f5es.<\/p>\n<p>O barro continua existindo \u2014 mas agora divide espa\u00e7o com fibra \u00f3ptica.<\/p>\n<p>Nos \u00faltimos anos, o Nordeste tem registrado crescimento acima da m\u00e9dia nacional em diversos setores, especialmente servi\u00e7os e tecnologia. O que antes era sin\u00f4nimo apenas de resist\u00eancia, hoje tamb\u00e9m \u00e9 exemplo de inova\u00e7\u00e3o.<\/p>\n<p>A economia criativa, o turismo tecnol\u00f3gico e os polos industriais v\u00eam fortalecendo a regi\u00e3o.<\/p>\n<p>N\u00e3o houve manchetes explosivas anunciando essa transforma\u00e7\u00e3o. Ela aconteceu aos poucos, nas salas de aula, nos coworkings, nas pequenas empresas e nos sonhos de milhares de nordestinos.<\/p>\n<p>Do barro ao Porto Digital, o Nordeste mostra que desenvolvimento n\u00e3o significa abandonar ra\u00edzes \u2014 significa fortalec\u00ea-las com novas ferramentas.<\/p>\n<p>E assim, entre tradi\u00e7\u00e3o e tecnologia, a regi\u00e3o segue escrevendo uma nova hist\u00f3ria.<\/p>\n","protected":false},"excerpt":{"rendered":"<p>Durante d\u00e9cadas, a imagem do Nordeste brasileiro esteve ligada ao ch\u00e3o rachado do sert\u00e3o, \u00e0s casas de taipa erguidas com barro e esperan\u00e7a, e \u00e0 for\u00e7a de um povo que nunca se curvou diante das dificuldades. A economia girava em torno da agricultura familiar, da feira livre, da pesca artesanal e do pequeno com\u00e9rcio. Mas [&hellip;]<\/p>\n","protected":false},"author":2,"featured_media":385700,"comment_status":"closed","ping_status":"closed","sticky":false,"template":"","format":"standard","meta":{"_acf_changed":false,"footnotes":""},"categories":[165],"tags":[],"class_list":["post-385699","post","type-post","status-publish","format-standard","has-post-thumbnail","hentry","category-nordeste"],"acf":[],"yoast_head":"<!-- This site is optimized with the Yoast SEO plugin v27.2 - https:\/\/yoast.com\/product\/yoast-seo-wordpress\/ -->\n<title>Nordeste vive revolu\u00e7\u00e3o silenciosa a caminho do desenvolvimento - Notibras<\/title>\n<meta name=\"robots\" content=\"index, follow, max-snippet:-1, max-image-preview:large, max-video-preview:-1\" \/>\n<link rel=\"canonical\" href=\"https:\/\/www.notibras.com\/site\/nordeste-vive-revolucao-silenciosa-a-caminho-do-desenvolvimento\/\" \/>\n<meta property=\"og:locale\" content=\"pt_BR\" \/>\n<meta property=\"og:type\" content=\"article\" \/>\n<meta property=\"og:title\" content=\"Nordeste vive revolu\u00e7\u00e3o silenciosa a caminho do desenvolvimento - Notibras\" \/>\n<meta property=\"og:description\" content=\"Durante d\u00e9cadas, a imagem do Nordeste brasileiro esteve ligada ao ch\u00e3o rachado do sert\u00e3o, \u00e0s casas de taipa erguidas com barro e esperan\u00e7a, e \u00e0 for\u00e7a de um povo que nunca se curvou diante das dificuldades. A economia girava em torno da agricultura familiar, da feira livre, da pesca artesanal e do pequeno com\u00e9rcio. Mas [&hellip;]\" \/>\n<meta property=\"og:url\" content=\"https:\/\/www.notibras.com\/site\/nordeste-vive-revolucao-silenciosa-a-caminho-do-desenvolvimento\/\" \/>\n<meta property=\"og:site_name\" content=\"Notibras\" \/>\n<meta property=\"article:publisher\" content=\"https:\/\/www.facebook.com\/notibras\/\" \/>\n<meta property=\"article:published_time\" content=\"2026-03-05T10:00:57+00:00\" \/>\n<meta property=\"article:modified_time\" content=\"2026-03-05T12:04:04+00:00\" \/>\n<meta property=\"og:image\" content=\"https:\/\/www.notibras.com\/site\/wp-content\/uploads\/2026\/03\/aee9a9f9-5d63-48a1-b2bc-4ccb181d7e55.jpg\" \/>\n\t<meta property=\"og:image:width\" content=\"1062\" \/>\n\t<meta property=\"og:image:height\" content=\"1036\" \/>\n\t<meta property=\"og:image:type\" content=\"image\/jpeg\" \/>\n<meta name=\"author\" content=\"Reda\u00e7\u00e3o\" \/>\n<meta name=\"twitter:card\" content=\"summary_large_image\" \/>\n<meta name=\"twitter:creator\" content=\"@Notibras\" \/>\n<meta name=\"twitter:site\" content=\"@Notibras\" \/>\n<meta name=\"twitter:label1\" content=\"Escrito por\" \/>\n\t<meta name=\"twitter:data1\" content=\"Reda\u00e7\u00e3o\" \/>\n\t<meta name=\"twitter:label2\" content=\"Est. tempo de leitura\" \/>\n\t<meta name=\"twitter:data2\" content=\"3 minutos\" \/>\n<script type=\"application\/ld+json\" class=\"yoast-schema-graph\">{\"@context\":\"https:\/\/schema.org\",\"@graph\":[{\"@type\":\"Article\",\"@id\":\"https:\/\/www.notibras.com\/site\/nordeste-vive-revolucao-silenciosa-a-caminho-do-desenvolvimento\/#article\",\"isPartOf\":{\"@id\":\"https:\/\/www.notibras.com\/site\/nordeste-vive-revolucao-silenciosa-a-caminho-do-desenvolvimento\/\"},\"author\":{\"name\":\"Reda\u00e7\u00e3o\",\"@id\":\"https:\/\/www.notibras.com\/site\/#\/schema\/person\/36ab0979449956132d3e5b517ea76ac8\"},\"headline\":\"Nordeste vive revolu\u00e7\u00e3o silenciosa a caminho do desenvolvimento\",\"datePublished\":\"2026-03-05T10:00:57+00:00\",\"dateModified\":\"2026-03-05T12:04:04+00:00\",\"mainEntityOfPage\":{\"@id\":\"https:\/\/www.notibras.com\/site\/nordeste-vive-revolucao-silenciosa-a-caminho-do-desenvolvimento\/\"},\"wordCount\":370,\"publisher\":{\"@id\":\"https:\/\/www.notibras.com\/site\/#organization\"},\"image\":{\"@id\":\"https:\/\/www.notibras.com\/site\/nordeste-vive-revolucao-silenciosa-a-caminho-do-desenvolvimento\/#primaryimage\"},\"thumbnailUrl\":\"https:\/\/www.notibras.com\/site\/wp-content\/uploads\/2026\/03\/aee9a9f9-5d63-48a1-b2bc-4ccb181d7e55.jpg\",\"articleSection\":[\"Nordeste\"],\"inLanguage\":\"pt-BR\"},{\"@type\":\"WebPage\",\"@id\":\"https:\/\/www.notibras.com\/site\/nordeste-vive-revolucao-silenciosa-a-caminho-do-desenvolvimento\/\",\"url\":\"https:\/\/www.notibras.com\/site\/nordeste-vive-revolucao-silenciosa-a-caminho-do-desenvolvimento\/\",\"name\":\"Nordeste vive revolu\u00e7\u00e3o silenciosa a caminho do desenvolvimento - Notibras\",\"isPartOf\":{\"@id\":\"https:\/\/www.notibras.com\/site\/#website\"},\"primaryImageOfPage\":{\"@id\":\"https:\/\/www.notibras.com\/site\/nordeste-vive-revolucao-silenciosa-a-caminho-do-desenvolvimento\/#primaryimage\"},\"image\":{\"@id\":\"https:\/\/www.notibras.com\/site\/nordeste-vive-revolucao-silenciosa-a-caminho-do-desenvolvimento\/#primaryimage\"},\"thumbnailUrl\":\"https:\/\/www.notibras.com\/site\/wp-content\/uploads\/2026\/03\/aee9a9f9-5d63-48a1-b2bc-4ccb181d7e55.jpg\",\"datePublished\":\"2026-03-05T10:00:57+00:00\",\"dateModified\":\"2026-03-05T12:04:04+00:00\",\"breadcrumb\":{\"@id\":\"https:\/\/www.notibras.com\/site\/nordeste-vive-revolucao-silenciosa-a-caminho-do-desenvolvimento\/#breadcrumb\"},\"inLanguage\":\"pt-BR\",\"potentialAction\":[{\"@type\":\"ReadAction\",\"target\":[\"https:\/\/www.notibras.com\/site\/nordeste-vive-revolucao-silenciosa-a-caminho-do-desenvolvimento\/\"]}]},{\"@type\":\"ImageObject\",\"inLanguage\":\"pt-BR\",\"@id\":\"https:\/\/www.notibras.com\/site\/nordeste-vive-revolucao-silenciosa-a-caminho-do-desenvolvimento\/#primaryimage\",\"url\":\"https:\/\/www.notibras.com\/site\/wp-content\/uploads\/2026\/03\/aee9a9f9-5d63-48a1-b2bc-4ccb181d7e55.jpg\",\"contentUrl\":\"https:\/\/www.notibras.com\/site\/wp-content\/uploads\/2026\/03\/aee9a9f9-5d63-48a1-b2bc-4ccb181d7e55.jpg\",\"width\":1062,\"height\":1036},{\"@type\":\"BreadcrumbList\",\"@id\":\"https:\/\/www.notibras.com\/site\/nordeste-vive-revolucao-silenciosa-a-caminho-do-desenvolvimento\/#breadcrumb\",\"itemListElement\":[{\"@type\":\"ListItem\",\"position\":1,\"name\":\"In\u00edcio\",\"item\":\"https:\/\/www.notibras.com\/site\/\"},{\"@type\":\"ListItem\",\"position\":2,\"name\":\"Nordeste vive revolu\u00e7\u00e3o silenciosa a caminho do desenvolvimento\"}]},{\"@type\":\"WebSite\",\"@id\":\"https:\/\/www.notibras.com\/site\/#website\",\"url\":\"https:\/\/www.notibras.com\/site\/\",\"name\":\"Notibras\",\"description\":\"Not\u00edcias de Bras\u00edlia, do Brasil e do Mundo\",\"publisher\":{\"@id\":\"https:\/\/www.notibras.com\/site\/#organization\"},\"potentialAction\":[{\"@type\":\"SearchAction\",\"target\":{\"@type\":\"EntryPoint\",\"urlTemplate\":\"https:\/\/www.notibras.com\/site\/?s={search_term_string}\"},\"query-input\":{\"@type\":\"PropertyValueSpecification\",\"valueRequired\":true,\"valueName\":\"search_term_string\"}}],\"inLanguage\":\"pt-BR\"},{\"@type\":\"Organization\",\"@id\":\"https:\/\/www.notibras.com\/site\/#organization\",\"name\":\"Grupo Notibras de Comunica\u00e7\u00e3o\",\"url\":\"https:\/\/www.notibras.com\/site\/\",\"logo\":{\"@type\":\"ImageObject\",\"inLanguage\":\"pt-BR\",\"@id\":\"https:\/\/www.notibras.com\/site\/#\/schema\/logo\/image\/\",\"url\":\"https:\/\/www.notibras.com\/site\/wp-content\/uploads\/2023\/01\/notibras23.png\",\"contentUrl\":\"https:\/\/www.notibras.com\/site\/wp-content\/uploads\/2023\/01\/notibras23.png\",\"width\":350,\"height\":87,\"caption\":\"Grupo Notibras de Comunica\u00e7\u00e3o\"},\"image\":{\"@id\":\"https:\/\/www.notibras.com\/site\/#\/schema\/logo\/image\/\"},\"sameAs\":[\"https:\/\/www.facebook.com\/notibras\/\",\"https:\/\/x.com\/Notibras\",\"https:\/\/www.instagram.com\/notibras\/\"]},{\"@type\":\"Person\",\"@id\":\"https:\/\/www.notibras.com\/site\/#\/schema\/person\/36ab0979449956132d3e5b517ea76ac8\",\"name\":\"Reda\u00e7\u00e3o\",\"image\":{\"@type\":\"ImageObject\",\"inLanguage\":\"pt-BR\",\"@id\":\"https:\/\/secure.gravatar.com\/avatar\/e0a867bdedb85fd243eadf09663511f96fc81e0720a4a42581f334ad4303aa6b?s=96&d=mm&r=g\",\"url\":\"https:\/\/secure.gravatar.com\/avatar\/e0a867bdedb85fd243eadf09663511f96fc81e0720a4a42581f334ad4303aa6b?s=96&d=mm&r=g\",\"contentUrl\":\"https:\/\/secure.gravatar.com\/avatar\/e0a867bdedb85fd243eadf09663511f96fc81e0720a4a42581f334ad4303aa6b?s=96&d=mm&r=g\",\"caption\":\"Reda\u00e7\u00e3o\"}}]}<\/script>\n<!-- \/ Yoast SEO plugin. -->","yoast_head_json":{"title":"Nordeste vive revolu\u00e7\u00e3o silenciosa a caminho do desenvolvimento - Notibras","robots":{"index":"index","follow":"follow","max-snippet":"max-snippet:-1","max-image-preview":"max-image-preview:large","max-video-preview":"max-video-preview:-1"},"canonical":"https:\/\/www.notibras.com\/site\/nordeste-vive-revolucao-silenciosa-a-caminho-do-desenvolvimento\/","og_locale":"pt_BR","og_type":"article","og_title":"Nordeste vive revolu\u00e7\u00e3o silenciosa a caminho do desenvolvimento - Notibras","og_description":"Durante d\u00e9cadas, a imagem do Nordeste brasileiro esteve ligada ao ch\u00e3o rachado do sert\u00e3o, \u00e0s casas de taipa erguidas com barro e esperan\u00e7a, e \u00e0 for\u00e7a de um povo que nunca se curvou diante das dificuldades. A economia girava em torno da agricultura familiar, da feira livre, da pesca artesanal e do pequeno com\u00e9rcio. Mas [&hellip;]","og_url":"https:\/\/www.notibras.com\/site\/nordeste-vive-revolucao-silenciosa-a-caminho-do-desenvolvimento\/","og_site_name":"Notibras","article_publisher":"https:\/\/www.facebook.com\/notibras\/","article_published_time":"2026-03-05T10:00:57+00:00","article_modified_time":"2026-03-05T12:04:04+00:00","og_image":[{"width":1062,"height":1036,"url":"https:\/\/www.notibras.com\/site\/wp-content\/uploads\/2026\/03\/aee9a9f9-5d63-48a1-b2bc-4ccb181d7e55.jpg","type":"image\/jpeg"}],"author":"Reda\u00e7\u00e3o","twitter_card":"summary_large_image","twitter_creator":"@Notibras","twitter_site":"@Notibras","twitter_misc":{"Escrito por":"Reda\u00e7\u00e3o","Est. tempo de leitura":"3 minutos"},"schema":{"@context":"https:\/\/schema.org","@graph":[{"@type":"Article","@id":"https:\/\/www.notibras.com\/site\/nordeste-vive-revolucao-silenciosa-a-caminho-do-desenvolvimento\/#article","isPartOf":{"@id":"https:\/\/www.notibras.com\/site\/nordeste-vive-revolucao-silenciosa-a-caminho-do-desenvolvimento\/"},"author":{"name":"Reda\u00e7\u00e3o","@id":"https:\/\/www.notibras.com\/site\/#\/schema\/person\/36ab0979449956132d3e5b517ea76ac8"},"headline":"Nordeste vive revolu\u00e7\u00e3o silenciosa a caminho do desenvolvimento","datePublished":"2026-03-05T10:00:57+00:00","dateModified":"2026-03-05T12:04:04+00:00","mainEntityOfPage":{"@id":"https:\/\/www.notibras.com\/site\/nordeste-vive-revolucao-silenciosa-a-caminho-do-desenvolvimento\/"},"wordCount":370,"publisher":{"@id":"https:\/\/www.notibras.com\/site\/#organization"},"image":{"@id":"https:\/\/www.notibras.com\/site\/nordeste-vive-revolucao-silenciosa-a-caminho-do-desenvolvimento\/#primaryimage"},"thumbnailUrl":"https:\/\/www.notibras.com\/site\/wp-content\/uploads\/2026\/03\/aee9a9f9-5d63-48a1-b2bc-4ccb181d7e55.jpg","articleSection":["Nordeste"],"inLanguage":"pt-BR"},{"@type":"WebPage","@id":"https:\/\/www.notibras.com\/site\/nordeste-vive-revolucao-silenciosa-a-caminho-do-desenvolvimento\/","url":"https:\/\/www.notibras.com\/site\/nordeste-vive-revolucao-silenciosa-a-caminho-do-desenvolvimento\/","name":"Nordeste vive revolu\u00e7\u00e3o silenciosa a caminho do desenvolvimento - Notibras","isPartOf":{"@id":"https:\/\/www.notibras.com\/site\/#website"},"primaryImageOfPage":{"@id":"https:\/\/www.notibras.com\/site\/nordeste-vive-revolucao-silenciosa-a-caminho-do-desenvolvimento\/#primaryimage"},"image":{"@id":"https:\/\/www.notibras.com\/site\/nordeste-vive-revolucao-silenciosa-a-caminho-do-desenvolvimento\/#primaryimage"},"thumbnailUrl":"https:\/\/www.notibras.com\/site\/wp-content\/uploads\/2026\/03\/aee9a9f9-5d63-48a1-b2bc-4ccb181d7e55.jpg","datePublished":"2026-03-05T10:00:57+00:00","dateModified":"2026-03-05T12:04:04+00:00","breadcrumb":{"@id":"https:\/\/www.notibras.com\/site\/nordeste-vive-revolucao-silenciosa-a-caminho-do-desenvolvimento\/#breadcrumb"},"inLanguage":"pt-BR","potentialAction":[{"@type":"ReadAction","target":["https:\/\/www.notibras.com\/site\/nordeste-vive-revolucao-silenciosa-a-caminho-do-desenvolvimento\/"]}]},{"@type":"ImageObject","inLanguage":"pt-BR","@id":"https:\/\/www.notibras.com\/site\/nordeste-vive-revolucao-silenciosa-a-caminho-do-desenvolvimento\/#primaryimage","url":"https:\/\/www.notibras.com\/site\/wp-content\/uploads\/2026\/03\/aee9a9f9-5d63-48a1-b2bc-4ccb181d7e55.jpg","contentUrl":"https:\/\/www.notibras.com\/site\/wp-content\/uploads\/2026\/03\/aee9a9f9-5d63-48a1-b2bc-4ccb181d7e55.jpg","width":1062,"height":1036},{"@type":"BreadcrumbList","@id":"https:\/\/www.notibras.com\/site\/nordeste-vive-revolucao-silenciosa-a-caminho-do-desenvolvimento\/#breadcrumb","itemListElement":[{"@type":"ListItem","position":1,"name":"In\u00edcio","item":"https:\/\/www.notibras.com\/site\/"},{"@type":"ListItem","position":2,"name":"Nordeste vive revolu\u00e7\u00e3o silenciosa a caminho do desenvolvimento"}]},{"@type":"WebSite","@id":"https:\/\/www.notibras.com\/site\/#website","url":"https:\/\/www.notibras.com\/site\/","name":"Notibras","description":"Not\u00edcias de Bras\u00edlia, do Brasil e do Mundo","publisher":{"@id":"https:\/\/www.notibras.com\/site\/#organization"},"potentialAction":[{"@type":"SearchAction","target":{"@type":"EntryPoint","urlTemplate":"https:\/\/www.notibras.com\/site\/?s={search_term_string}"},"query-input":{"@type":"PropertyValueSpecification","valueRequired":true,"valueName":"search_term_string"}}],"inLanguage":"pt-BR"},{"@type":"Organization","@id":"https:\/\/www.notibras.com\/site\/#organization","name":"Grupo Notibras de Comunica\u00e7\u00e3o","url":"https:\/\/www.notibras.com\/site\/","logo":{"@type":"ImageObject","inLanguage":"pt-BR","@id":"https:\/\/www.notibras.com\/site\/#\/schema\/logo\/image\/","url":"https:\/\/www.notibras.com\/site\/wp-content\/uploads\/2023\/01\/notibras23.png","contentUrl":"https:\/\/www.notibras.com\/site\/wp-content\/uploads\/2023\/01\/notibras23.png","width":350,"height":87,"caption":"Grupo Notibras de Comunica\u00e7\u00e3o"},"image":{"@id":"https:\/\/www.notibras.com\/site\/#\/schema\/logo\/image\/"},"sameAs":["https:\/\/www.facebook.com\/notibras\/","https:\/\/x.com\/Notibras","https:\/\/www.instagram.com\/notibras\/"]},{"@type":"Person","@id":"https:\/\/www.notibras.com\/site\/#\/schema\/person\/36ab0979449956132d3e5b517ea76ac8","name":"Reda\u00e7\u00e3o","image":{"@type":"ImageObject","inLanguage":"pt-BR","@id":"https:\/\/secure.gravatar.com\/avatar\/e0a867bdedb85fd243eadf09663511f96fc81e0720a4a42581f334ad4303aa6b?s=96&d=mm&r=g","url":"https:\/\/secure.gravatar.com\/avatar\/e0a867bdedb85fd243eadf09663511f96fc81e0720a4a42581f334ad4303aa6b?s=96&d=mm&r=g","contentUrl":"https:\/\/secure.gravatar.com\/avatar\/e0a867bdedb85fd243eadf09663511f96fc81e0720a4a42581f334ad4303aa6b?s=96&d=mm&r=g","caption":"Reda\u00e7\u00e3o"}}]}},"amp_enabled":true,"_links":{"self":[{"href":"https:\/\/www.notibras.com\/site\/wp-json\/wp\/v2\/posts\/385699","targetHints":{"allow":["GET"]}}],"collection":[{"href":"https:\/\/www.notibras.com\/site\/wp-json\/wp\/v2\/posts"}],"about":[{"href":"https:\/\/www.notibras.com\/site\/wp-json\/wp\/v2\/types\/post"}],"author":[{"embeddable":true,"href":"https:\/\/www.notibras.com\/site\/wp-json\/wp\/v2\/users\/2"}],"replies":[{"embeddable":true,"href":"https:\/\/www.notibras.com\/site\/wp-json\/wp\/v2\/comments?post=385699"}],"version-history":[{"count":1,"href":"https:\/\/www.notibras.com\/site\/wp-json\/wp\/v2\/posts\/385699\/revisions"}],"predecessor-version":[{"id":385701,"href":"https:\/\/www.notibras.com\/site\/wp-json\/wp\/v2\/posts\/385699\/revisions\/385701"}],"wp:featuredmedia":[{"embeddable":true,"href":"https:\/\/www.notibras.com\/site\/wp-json\/wp\/v2\/media\/385700"}],"wp:attachment":[{"href":"https:\/\/www.notibras.com\/site\/wp-json\/wp\/v2\/media?parent=385699"}],"wp:term":[{"taxonomy":"category","embeddable":true,"href":"https:\/\/www.notibras.com\/site\/wp-json\/wp\/v2\/categories?post=385699"},{"taxonomy":"post_tag","embeddable":true,"href":"https:\/\/www.notibras.com\/site\/wp-json\/wp\/v2\/tags?post=385699"}],"curies":[{"name":"wp","href":"https:\/\/api.w.org\/{rel}","templated":true}]}}