{"id":38570,"date":"2015-03-01T17:40:27","date_gmt":"2015-03-01T20:40:27","guid":{"rendered":"http:\/\/www.notibras.com\/site\/?p=38570"},"modified":"2015-03-01T18:43:22","modified_gmt":"2015-03-01T21:43:22","slug":"ataque-passa-em-branco-e-sao-paulo-fica-no-0x0-com-rio-claro","status":"publish","type":"post","link":"https:\/\/www.notibras.com\/site\/ataque-passa-em-branco-e-sao-paulo-fica-no-0x0-com-rio-claro\/","title":{"rendered":"Ataque passa em branco e S\u00e3o Paulo fica no 0x0 com Rio Claro"},"content":{"rendered":"<p>Se algum desavisado assistisse \u00e0 partida de hoje entre S\u00e3o Paulo e Rio Claro, custaria a acreditar que o melhor ataque do Paulist\u00e3o estava em campo. O time comandado por Muricy n\u00e3o criou, n\u00e3o finalizou e ficou em um morno 0 a 0 com o time da casa.<\/p>\n<p>O calor pode ter tido seu papel na falta de emo\u00e7\u00f5es. O entrosamento tamb\u00e9m &#8211; Muricy escalou um time misto. De qualquer forma, o torcedor que foi ao Augusto Schmidt deve ter travado uma dura batalha contra o sono.<\/p>\n<p>O empate muda pouco a situa\u00e7\u00e3o do S\u00e3o Paulo no Paulist\u00e3o. Com 17 pontos, continua na lideran\u00e7a do Grupo 1. O Rio Claro vai a oito pontos, e ocupa o terceiro lugar no Grupo 2.<\/p>\n<p>O primeiro tempo inteiro foi de dar sono. O forte calor em Rio Claro contribuiu para um jogo em ritmo extremamente lento, sem praticamente nenhum lance de perigo.<\/p>\n<p>Apesar de mais de 70% de posse de bola, o S\u00e3o Paulo n\u00e3o conseguia criar. A \u00fanica \u00a0chance foi em uma cobran\u00e7a de falta de Rog\u00e9rio Ceni, que passou perto do gol de Richard.<\/p>\n<p>Os donos da casa ficaram acuados, e praticamente n\u00e3o fizeram o goleiro s\u00e3o-paulino trabalhar.<\/p>\n<p>As coisas melhoraram um pouco no segundo tempo: o Rio Claro saiu um pouco mais para o ataque, e for\u00e7ou o S\u00e3o Paulo a come\u00e7ar a jogar. Rodolfo fez uma boa jogada e bateu para fora. Em seguida, Centuri\u00f3n cruzou para Kardec, que bateu para fora.<\/p>\n<p>Percebendo a m\u00e1 atua\u00e7\u00e3o do time, Muricy tirou Centuri\u00f3n e Pato, apagados, e colocou os jovens Boschilia e Jonathan Cafu. Melhorou um pouco, mas a dificuldade em criar chances claras de gol continuou.<\/p>\n<p>A melhor chance do jogo apareceu aos 28 do segundo tempo: Jonathan Cafu fez boa jogada individual e rolou para Kardec. O centroavante bateu e Richard fez uma \u00f3tima defesa, espalmando para escanteio.<\/p>\n<p>Foi s\u00f3. N\u00e3o era tarde de gols em Rio Claro. O jogo foi muito fraco, e o placar n\u00e3o saiu do 0 a 0.<\/p>\n","protected":false},"excerpt":{"rendered":"<p>Se algum desavisado assistisse \u00e0 partida de hoje entre S\u00e3o Paulo e Rio Claro, custaria a acreditar que o melhor ataque do Paulist\u00e3o estava em campo. O time comandado por Muricy n\u00e3o criou, n\u00e3o finalizou e ficou em um morno 0 a 0 com o time da casa. O calor pode ter tido seu papel [&hellip;]<\/p>\n","protected":false},"author":2,"featured_media":38571,"comment_status":"open","ping_status":"closed","sticky":false,"template":"","format":"standard","meta":{"_acf_changed":false,"footnotes":""},"categories":[19,29],"tags":[],"class_list":["post-38570","post","type-post","status-publish","format-standard","has-post-thumbnail","hentry","category-esportes","category-futebol"],"acf":[],"yoast_head":"<!-- This site is optimized with the Yoast SEO plugin v27.2 - https:\/\/yoast.com\/product\/yoast-seo-wordpress\/ -->\n<title>Ataque passa em branco e S\u00e3o Paulo fica no 0x0 com Rio Claro - Notibras<\/title>\n<meta name=\"robots\" content=\"index, follow, max-snippet:-1, max-image-preview:large, max-video-preview:-1\" \/>\n<link rel=\"canonical\" href=\"https:\/\/www.notibras.com\/site\/ataque-passa-em-branco-e-sao-paulo-fica-no-0x0-com-rio-claro\/\" \/>\n<meta property=\"og:locale\" content=\"pt_BR\" \/>\n<meta property=\"og:type\" content=\"article\" \/>\n<meta property=\"og:title\" content=\"Ataque passa em branco e S\u00e3o Paulo fica no 0x0 com Rio Claro - Notibras\" \/>\n<meta property=\"og:description\" content=\"Se algum desavisado assistisse \u00e0 partida de hoje entre S\u00e3o Paulo e Rio Claro, custaria a acreditar que o melhor ataque do Paulist\u00e3o estava em campo. O time comandado por Muricy n\u00e3o criou, n\u00e3o finalizou e ficou em um morno 0 a 0 com o time da casa. O calor pode ter tido seu papel [&hellip;]\" \/>\n<meta property=\"og:url\" content=\"https:\/\/www.notibras.com\/site\/ataque-passa-em-branco-e-sao-paulo-fica-no-0x0-com-rio-claro\/\" \/>\n<meta property=\"og:site_name\" content=\"Notibras\" \/>\n<meta property=\"article:publisher\" content=\"https:\/\/www.facebook.com\/notibras\/\" \/>\n<meta property=\"article:published_time\" content=\"2015-03-01T20:40:27+00:00\" \/>\n<meta property=\"article:modified_time\" content=\"2015-03-01T21:43:22+00:00\" \/>\n<meta property=\"og:image\" content=\"https:\/\/www.notibras.com\/site\/wp-content\/uploads\/2015\/03\/reservasheliosuenagafutura.jpg\" \/>\n\t<meta property=\"og:image:width\" content=\"460\" \/>\n\t<meta property=\"og:image:height\" content=\"306\" \/>\n\t<meta property=\"og:image:type\" content=\"image\/jpeg\" \/>\n<meta name=\"author\" content=\"Reda\u00e7\u00e3o\" \/>\n<meta name=\"twitter:card\" content=\"summary_large_image\" \/>\n<meta name=\"twitter:creator\" content=\"@Notibras\" \/>\n<meta name=\"twitter:site\" content=\"@Notibras\" \/>\n<meta name=\"twitter:label1\" content=\"Escrito por\" \/>\n\t<meta name=\"twitter:data1\" content=\"Reda\u00e7\u00e3o\" \/>\n\t<meta name=\"twitter:label2\" content=\"Est. tempo de leitura\" \/>\n\t<meta name=\"twitter:data2\" content=\"2 minutos\" \/>\n<script type=\"application\/ld+json\" class=\"yoast-schema-graph\">{\"@context\":\"https:\/\/schema.org\",\"@graph\":[{\"@type\":\"Article\",\"@id\":\"https:\/\/www.notibras.com\/site\/ataque-passa-em-branco-e-sao-paulo-fica-no-0x0-com-rio-claro\/#article\",\"isPartOf\":{\"@id\":\"https:\/\/www.notibras.com\/site\/ataque-passa-em-branco-e-sao-paulo-fica-no-0x0-com-rio-claro\/\"},\"author\":{\"name\":\"Reda\u00e7\u00e3o\",\"@id\":\"https:\/\/www.notibras.com\/site\/#\/schema\/person\/36ab0979449956132d3e5b517ea76ac8\"},\"headline\":\"Ataque passa em branco e S\u00e3o Paulo fica no 0x0 com Rio Claro\",\"datePublished\":\"2015-03-01T20:40:27+00:00\",\"dateModified\":\"2015-03-01T21:43:22+00:00\",\"mainEntityOfPage\":{\"@id\":\"https:\/\/www.notibras.com\/site\/ataque-passa-em-branco-e-sao-paulo-fica-no-0x0-com-rio-claro\/\"},\"wordCount\":362,\"commentCount\":0,\"publisher\":{\"@id\":\"https:\/\/www.notibras.com\/site\/#organization\"},\"image\":{\"@id\":\"https:\/\/www.notibras.com\/site\/ataque-passa-em-branco-e-sao-paulo-fica-no-0x0-com-rio-claro\/#primaryimage\"},\"thumbnailUrl\":\"https:\/\/www.notibras.com\/site\/wp-content\/uploads\/2015\/03\/reservasheliosuenagafutura.jpg\",\"articleSection\":[\"Esportes\",\"Futebol\"],\"inLanguage\":\"pt-BR\",\"potentialAction\":[{\"@type\":\"CommentAction\",\"name\":\"Comment\",\"target\":[\"https:\/\/www.notibras.com\/site\/ataque-passa-em-branco-e-sao-paulo-fica-no-0x0-com-rio-claro\/#respond\"]}]},{\"@type\":\"WebPage\",\"@id\":\"https:\/\/www.notibras.com\/site\/ataque-passa-em-branco-e-sao-paulo-fica-no-0x0-com-rio-claro\/\",\"url\":\"https:\/\/www.notibras.com\/site\/ataque-passa-em-branco-e-sao-paulo-fica-no-0x0-com-rio-claro\/\",\"name\":\"Ataque passa em branco e S\u00e3o Paulo fica no 0x0 com Rio Claro - Notibras\",\"isPartOf\":{\"@id\":\"https:\/\/www.notibras.com\/site\/#website\"},\"primaryImageOfPage\":{\"@id\":\"https:\/\/www.notibras.com\/site\/ataque-passa-em-branco-e-sao-paulo-fica-no-0x0-com-rio-claro\/#primaryimage\"},\"image\":{\"@id\":\"https:\/\/www.notibras.com\/site\/ataque-passa-em-branco-e-sao-paulo-fica-no-0x0-com-rio-claro\/#primaryimage\"},\"thumbnailUrl\":\"https:\/\/www.notibras.com\/site\/wp-content\/uploads\/2015\/03\/reservasheliosuenagafutura.jpg\",\"datePublished\":\"2015-03-01T20:40:27+00:00\",\"dateModified\":\"2015-03-01T21:43:22+00:00\",\"breadcrumb\":{\"@id\":\"https:\/\/www.notibras.com\/site\/ataque-passa-em-branco-e-sao-paulo-fica-no-0x0-com-rio-claro\/#breadcrumb\"},\"inLanguage\":\"pt-BR\",\"potentialAction\":[{\"@type\":\"ReadAction\",\"target\":[\"https:\/\/www.notibras.com\/site\/ataque-passa-em-branco-e-sao-paulo-fica-no-0x0-com-rio-claro\/\"]}]},{\"@type\":\"ImageObject\",\"inLanguage\":\"pt-BR\",\"@id\":\"https:\/\/www.notibras.com\/site\/ataque-passa-em-branco-e-sao-paulo-fica-no-0x0-com-rio-claro\/#primaryimage\",\"url\":\"https:\/\/www.notibras.com\/site\/wp-content\/uploads\/2015\/03\/reservasheliosuenagafutura.jpg\",\"contentUrl\":\"https:\/\/www.notibras.com\/site\/wp-content\/uploads\/2015\/03\/reservasheliosuenagafutura.jpg\",\"width\":460,\"height\":306},{\"@type\":\"BreadcrumbList\",\"@id\":\"https:\/\/www.notibras.com\/site\/ataque-passa-em-branco-e-sao-paulo-fica-no-0x0-com-rio-claro\/#breadcrumb\",\"itemListElement\":[{\"@type\":\"ListItem\",\"position\":1,\"name\":\"In\u00edcio\",\"item\":\"https:\/\/www.notibras.com\/site\/\"},{\"@type\":\"ListItem\",\"position\":2,\"name\":\"Ataque passa em branco e S\u00e3o Paulo fica no 0x0 com Rio Claro\"}]},{\"@type\":\"WebSite\",\"@id\":\"https:\/\/www.notibras.com\/site\/#website\",\"url\":\"https:\/\/www.notibras.com\/site\/\",\"name\":\"Notibras\",\"description\":\"Not\u00edcias de Bras\u00edlia, do Brasil e do Mundo\",\"publisher\":{\"@id\":\"https:\/\/www.notibras.com\/site\/#organization\"},\"potentialAction\":[{\"@type\":\"SearchAction\",\"target\":{\"@type\":\"EntryPoint\",\"urlTemplate\":\"https:\/\/www.notibras.com\/site\/?s={search_term_string}\"},\"query-input\":{\"@type\":\"PropertyValueSpecification\",\"valueRequired\":true,\"valueName\":\"search_term_string\"}}],\"inLanguage\":\"pt-BR\"},{\"@type\":\"Organization\",\"@id\":\"https:\/\/www.notibras.com\/site\/#organization\",\"name\":\"Grupo Notibras de Comunica\u00e7\u00e3o\",\"url\":\"https:\/\/www.notibras.com\/site\/\",\"logo\":{\"@type\":\"ImageObject\",\"inLanguage\":\"pt-BR\",\"@id\":\"https:\/\/www.notibras.com\/site\/#\/schema\/logo\/image\/\",\"url\":\"https:\/\/www.notibras.com\/site\/wp-content\/uploads\/2023\/01\/notibras23.png\",\"contentUrl\":\"https:\/\/www.notibras.com\/site\/wp-content\/uploads\/2023\/01\/notibras23.png\",\"width\":350,\"height\":87,\"caption\":\"Grupo Notibras de Comunica\u00e7\u00e3o\"},\"image\":{\"@id\":\"https:\/\/www.notibras.com\/site\/#\/schema\/logo\/image\/\"},\"sameAs\":[\"https:\/\/www.facebook.com\/notibras\/\",\"https:\/\/x.com\/Notibras\",\"https:\/\/www.instagram.com\/notibras\/\"]},{\"@type\":\"Person\",\"@id\":\"https:\/\/www.notibras.com\/site\/#\/schema\/person\/36ab0979449956132d3e5b517ea76ac8\",\"name\":\"Reda\u00e7\u00e3o\",\"image\":{\"@type\":\"ImageObject\",\"inLanguage\":\"pt-BR\",\"@id\":\"https:\/\/secure.gravatar.com\/avatar\/e0a867bdedb85fd243eadf09663511f96fc81e0720a4a42581f334ad4303aa6b?s=96&d=mm&r=g\",\"url\":\"https:\/\/secure.gravatar.com\/avatar\/e0a867bdedb85fd243eadf09663511f96fc81e0720a4a42581f334ad4303aa6b?s=96&d=mm&r=g\",\"contentUrl\":\"https:\/\/secure.gravatar.com\/avatar\/e0a867bdedb85fd243eadf09663511f96fc81e0720a4a42581f334ad4303aa6b?s=96&d=mm&r=g\",\"caption\":\"Reda\u00e7\u00e3o\"}}]}<\/script>\n<!-- \/ Yoast SEO plugin. -->","yoast_head_json":{"title":"Ataque passa em branco e S\u00e3o Paulo fica no 0x0 com Rio Claro - Notibras","robots":{"index":"index","follow":"follow","max-snippet":"max-snippet:-1","max-image-preview":"max-image-preview:large","max-video-preview":"max-video-preview:-1"},"canonical":"https:\/\/www.notibras.com\/site\/ataque-passa-em-branco-e-sao-paulo-fica-no-0x0-com-rio-claro\/","og_locale":"pt_BR","og_type":"article","og_title":"Ataque passa em branco e S\u00e3o Paulo fica no 0x0 com Rio Claro - Notibras","og_description":"Se algum desavisado assistisse \u00e0 partida de hoje entre S\u00e3o Paulo e Rio Claro, custaria a acreditar que o melhor ataque do Paulist\u00e3o estava em campo. O time comandado por Muricy n\u00e3o criou, n\u00e3o finalizou e ficou em um morno 0 a 0 com o time da casa. O calor pode ter tido seu papel [&hellip;]","og_url":"https:\/\/www.notibras.com\/site\/ataque-passa-em-branco-e-sao-paulo-fica-no-0x0-com-rio-claro\/","og_site_name":"Notibras","article_publisher":"https:\/\/www.facebook.com\/notibras\/","article_published_time":"2015-03-01T20:40:27+00:00","article_modified_time":"2015-03-01T21:43:22+00:00","og_image":[{"width":460,"height":306,"url":"https:\/\/www.notibras.com\/site\/wp-content\/uploads\/2015\/03\/reservasheliosuenagafutura.jpg","type":"image\/jpeg"}],"author":"Reda\u00e7\u00e3o","twitter_card":"summary_large_image","twitter_creator":"@Notibras","twitter_site":"@Notibras","twitter_misc":{"Escrito por":"Reda\u00e7\u00e3o","Est. tempo de leitura":"2 minutos"},"schema":{"@context":"https:\/\/schema.org","@graph":[{"@type":"Article","@id":"https:\/\/www.notibras.com\/site\/ataque-passa-em-branco-e-sao-paulo-fica-no-0x0-com-rio-claro\/#article","isPartOf":{"@id":"https:\/\/www.notibras.com\/site\/ataque-passa-em-branco-e-sao-paulo-fica-no-0x0-com-rio-claro\/"},"author":{"name":"Reda\u00e7\u00e3o","@id":"https:\/\/www.notibras.com\/site\/#\/schema\/person\/36ab0979449956132d3e5b517ea76ac8"},"headline":"Ataque passa em branco e S\u00e3o Paulo fica no 0x0 com Rio Claro","datePublished":"2015-03-01T20:40:27+00:00","dateModified":"2015-03-01T21:43:22+00:00","mainEntityOfPage":{"@id":"https:\/\/www.notibras.com\/site\/ataque-passa-em-branco-e-sao-paulo-fica-no-0x0-com-rio-claro\/"},"wordCount":362,"commentCount":0,"publisher":{"@id":"https:\/\/www.notibras.com\/site\/#organization"},"image":{"@id":"https:\/\/www.notibras.com\/site\/ataque-passa-em-branco-e-sao-paulo-fica-no-0x0-com-rio-claro\/#primaryimage"},"thumbnailUrl":"https:\/\/www.notibras.com\/site\/wp-content\/uploads\/2015\/03\/reservasheliosuenagafutura.jpg","articleSection":["Esportes","Futebol"],"inLanguage":"pt-BR","potentialAction":[{"@type":"CommentAction","name":"Comment","target":["https:\/\/www.notibras.com\/site\/ataque-passa-em-branco-e-sao-paulo-fica-no-0x0-com-rio-claro\/#respond"]}]},{"@type":"WebPage","@id":"https:\/\/www.notibras.com\/site\/ataque-passa-em-branco-e-sao-paulo-fica-no-0x0-com-rio-claro\/","url":"https:\/\/www.notibras.com\/site\/ataque-passa-em-branco-e-sao-paulo-fica-no-0x0-com-rio-claro\/","name":"Ataque passa em branco e S\u00e3o Paulo fica no 0x0 com Rio Claro - Notibras","isPartOf":{"@id":"https:\/\/www.notibras.com\/site\/#website"},"primaryImageOfPage":{"@id":"https:\/\/www.notibras.com\/site\/ataque-passa-em-branco-e-sao-paulo-fica-no-0x0-com-rio-claro\/#primaryimage"},"image":{"@id":"https:\/\/www.notibras.com\/site\/ataque-passa-em-branco-e-sao-paulo-fica-no-0x0-com-rio-claro\/#primaryimage"},"thumbnailUrl":"https:\/\/www.notibras.com\/site\/wp-content\/uploads\/2015\/03\/reservasheliosuenagafutura.jpg","datePublished":"2015-03-01T20:40:27+00:00","dateModified":"2015-03-01T21:43:22+00:00","breadcrumb":{"@id":"https:\/\/www.notibras.com\/site\/ataque-passa-em-branco-e-sao-paulo-fica-no-0x0-com-rio-claro\/#breadcrumb"},"inLanguage":"pt-BR","potentialAction":[{"@type":"ReadAction","target":["https:\/\/www.notibras.com\/site\/ataque-passa-em-branco-e-sao-paulo-fica-no-0x0-com-rio-claro\/"]}]},{"@type":"ImageObject","inLanguage":"pt-BR","@id":"https:\/\/www.notibras.com\/site\/ataque-passa-em-branco-e-sao-paulo-fica-no-0x0-com-rio-claro\/#primaryimage","url":"https:\/\/www.notibras.com\/site\/wp-content\/uploads\/2015\/03\/reservasheliosuenagafutura.jpg","contentUrl":"https:\/\/www.notibras.com\/site\/wp-content\/uploads\/2015\/03\/reservasheliosuenagafutura.jpg","width":460,"height":306},{"@type":"BreadcrumbList","@id":"https:\/\/www.notibras.com\/site\/ataque-passa-em-branco-e-sao-paulo-fica-no-0x0-com-rio-claro\/#breadcrumb","itemListElement":[{"@type":"ListItem","position":1,"name":"In\u00edcio","item":"https:\/\/www.notibras.com\/site\/"},{"@type":"ListItem","position":2,"name":"Ataque passa em branco e S\u00e3o Paulo fica no 0x0 com Rio Claro"}]},{"@type":"WebSite","@id":"https:\/\/www.notibras.com\/site\/#website","url":"https:\/\/www.notibras.com\/site\/","name":"Notibras","description":"Not\u00edcias de Bras\u00edlia, do Brasil e do Mundo","publisher":{"@id":"https:\/\/www.notibras.com\/site\/#organization"},"potentialAction":[{"@type":"SearchAction","target":{"@type":"EntryPoint","urlTemplate":"https:\/\/www.notibras.com\/site\/?s={search_term_string}"},"query-input":{"@type":"PropertyValueSpecification","valueRequired":true,"valueName":"search_term_string"}}],"inLanguage":"pt-BR"},{"@type":"Organization","@id":"https:\/\/www.notibras.com\/site\/#organization","name":"Grupo Notibras de Comunica\u00e7\u00e3o","url":"https:\/\/www.notibras.com\/site\/","logo":{"@type":"ImageObject","inLanguage":"pt-BR","@id":"https:\/\/www.notibras.com\/site\/#\/schema\/logo\/image\/","url":"https:\/\/www.notibras.com\/site\/wp-content\/uploads\/2023\/01\/notibras23.png","contentUrl":"https:\/\/www.notibras.com\/site\/wp-content\/uploads\/2023\/01\/notibras23.png","width":350,"height":87,"caption":"Grupo Notibras de Comunica\u00e7\u00e3o"},"image":{"@id":"https:\/\/www.notibras.com\/site\/#\/schema\/logo\/image\/"},"sameAs":["https:\/\/www.facebook.com\/notibras\/","https:\/\/x.com\/Notibras","https:\/\/www.instagram.com\/notibras\/"]},{"@type":"Person","@id":"https:\/\/www.notibras.com\/site\/#\/schema\/person\/36ab0979449956132d3e5b517ea76ac8","name":"Reda\u00e7\u00e3o","image":{"@type":"ImageObject","inLanguage":"pt-BR","@id":"https:\/\/secure.gravatar.com\/avatar\/e0a867bdedb85fd243eadf09663511f96fc81e0720a4a42581f334ad4303aa6b?s=96&d=mm&r=g","url":"https:\/\/secure.gravatar.com\/avatar\/e0a867bdedb85fd243eadf09663511f96fc81e0720a4a42581f334ad4303aa6b?s=96&d=mm&r=g","contentUrl":"https:\/\/secure.gravatar.com\/avatar\/e0a867bdedb85fd243eadf09663511f96fc81e0720a4a42581f334ad4303aa6b?s=96&d=mm&r=g","caption":"Reda\u00e7\u00e3o"}}]}},"amp_enabled":true,"_links":{"self":[{"href":"https:\/\/www.notibras.com\/site\/wp-json\/wp\/v2\/posts\/38570","targetHints":{"allow":["GET"]}}],"collection":[{"href":"https:\/\/www.notibras.com\/site\/wp-json\/wp\/v2\/posts"}],"about":[{"href":"https:\/\/www.notibras.com\/site\/wp-json\/wp\/v2\/types\/post"}],"author":[{"embeddable":true,"href":"https:\/\/www.notibras.com\/site\/wp-json\/wp\/v2\/users\/2"}],"replies":[{"embeddable":true,"href":"https:\/\/www.notibras.com\/site\/wp-json\/wp\/v2\/comments?post=38570"}],"version-history":[{"count":0,"href":"https:\/\/www.notibras.com\/site\/wp-json\/wp\/v2\/posts\/38570\/revisions"}],"wp:featuredmedia":[{"embeddable":true,"href":"https:\/\/www.notibras.com\/site\/wp-json\/wp\/v2\/media\/38571"}],"wp:attachment":[{"href":"https:\/\/www.notibras.com\/site\/wp-json\/wp\/v2\/media?parent=38570"}],"wp:term":[{"taxonomy":"category","embeddable":true,"href":"https:\/\/www.notibras.com\/site\/wp-json\/wp\/v2\/categories?post=38570"},{"taxonomy":"post_tag","embeddable":true,"href":"https:\/\/www.notibras.com\/site\/wp-json\/wp\/v2\/tags?post=38570"}],"curies":[{"name":"wp","href":"https:\/\/api.w.org\/{rel}","templated":true}]}}