{"id":385703,"date":"2026-03-06T01:15:02","date_gmt":"2026-03-06T04:15:02","guid":{"rendered":"https:\/\/www.notibras.com\/site\/?p=385703"},"modified":"2026-03-05T09:53:33","modified_gmt":"2026-03-05T12:53:33","slug":"a-historia-de-um-assassinato","status":"publish","type":"post","link":"https:\/\/www.notibras.com\/site\/a-historia-de-um-assassinato\/","title":{"rendered":"A hist\u00f3ria de um assassinato"},"content":{"rendered":"<p>Maria estava especialmente feliz naquela manh\u00e3.<\/p>\n<p>Depois de dezoito meses de terapia, grupos de apoio e uma dif\u00edcil reconcilia\u00e7\u00e3o com a fam\u00edlia \u2014 a mesma que abandonara aos quinze anos, acreditando ter encontrado o amor \u2014 ela finalmente come\u00e7ava a sentir algo que h\u00e1 muito desconhecia: inteireza. Pela primeira vez em duas d\u00e9cadas, reconhecia-se como indiv\u00edduo.<\/p>\n<p>Agora aos trinta e cinco anos, compreendia o quanto fora ing\u00eanua. Achava que o amor tinha dessas coisas. O primeiro tapa n\u00e3o pareceu t\u00e3o grave, afinal, crescera acostumada \u00e0s surras do pai. Quando vieram os socos, prometeu a si mesma que seria melhor, mais d\u00f3cil, mais cuidadosa. Esfor\u00e7ou-se para agradar aquele que se tornara seu marido, mas, apesar de todo empenho, a viol\u00eancia n\u00e3o diminu\u00eda. Ao contr\u00e1rio: intensificava-se. At\u00e9 o dia em que ele tentou mat\u00e1-la.<\/p>\n<p>Neste momento, reconheceu que as situa\u00e7\u00f5es vivenciadas n\u00e3o eram normais. Observou que a dor persistente no peito era t\u00e3o intensa quanto as marcas vis\u00edveis na pele. Constata\u00e7\u00f5es como o abandono escolar, a restri\u00e7\u00e3o de amizades, a proibi\u00e7\u00e3o de trabalhar fora do lar e a imposi\u00e7\u00e3o de estar sempre dispon\u00edvel para atender exig\u00eancias humilhantes configuravam formas de viol\u00eancia. Tais a\u00e7\u00f5es revelaram-se t\u00e3o graves quanto a facada sofrida quando decidiu buscar sua autonomia.<\/p>\n<p>Ainda chorava ao lembrar da menina que fora. Na escola, diziam que era a melhor aluna, que se tornaria escritora. Havia nela um talento natural com as palavras. Chorava porque seus sonhos n\u00e3o foram esquecidos: foram arrancados. E com eles, vinte anos de vida.<\/p>\n<p>Mas naquela manh\u00e3 estava certa de que os anos ruins haviam acabado. Durante a terapia, foi incentivada a colocar seus sentimentos no papel. As primeiras linhas surgiram tr\u00eamulas, fruto do desuso e do trauma: ele, analfabeto, a proibia de escrever alegando quea exist\u00eancia de supostos amantes com quem ela poderia se corresponder com supostos amantes, mas no fundo, Maria sabia que a verdade era que: o monstro n\u00e3o podia admitir que a mulher, sua propriedade, soubesse ler e ele n\u00e3o.<\/p>\n<p>Junto com sua autoestima rec\u00e9m adquirida, seus tra\u00e7os se tornaram mais firmes, assim como sua determina\u00e7\u00e3o em ser feliz, e logo come\u00e7ou a colocar no papel as hist\u00f3rias que povoavam sua mente \u2014 \u00fanico recanto de seu corpo que conseguiu manter longe do dom\u00ednio do assassino, durante seus anos no inferno.<\/p>\n<p>Suas hist\u00f3rias come\u00e7aram a circular na casa de apoio. Depois em outras casas. Logo, atravessaram portas maiores. Falava-se, com entusiasmo crescente, na possibilidade de um livro.<\/p>\n<p>Ainda naquela mesma manh\u00e3, observando algumas crian\u00e7as felizes brincando pelo parque, pensou que de sua antiga vida havia apenas uma coisa pela qual era grata: seu algoz n\u00e3o conseguira engravid\u00e1-la. Estremeceu ao imaginar que destino teria uma crian\u00e7a concebida em meio aos atos de abuso a que era submetida.<\/p>\n<p>Em um desses momentos inexplic\u00e1veis, que somente os mais inspirados escritores entenderiam, Maria sentiu algo poderoso, um amor imenso irrompeu do seu peito e baixinho de forma quase inaud\u00edvel falou:<\/p>\n<p>\u2014Quero ser m\u00e3e.<\/p>\n<p>Ao pronunciar aquelas palavras, imaginou-se contando suas hist\u00f3rias para a crian\u00e7a que ainda n\u00e3o existia, e num jorro de ideias e sonhos reavivados, ela come\u00e7ou a tecer em sua mente a trama de uma linda hist\u00f3ria, um enredo de luta, esperan\u00e7a e bondade. Em sua f\u00e9rtil mente iam desfilando os personagens, surgindo cen\u00e1rios, tramas eram elaboradas e logo toda a hist\u00f3ria que imaginara estava delineada em sua mente.<\/p>\n<p>Quando voltou a si, sorria. Tinha certeza de que aquela hist\u00f3ria seria a mais importante de todas. Escrev\u00ea-la seria um ato de amor \u2014 para o filho ou filha que ainda n\u00e3o fora gerado, mas que j\u00e1 habitava seu cora\u00e7\u00e3o. Queria provar a essa crian\u00e7a que o amor ainda era o sentimento mais forte do mundo. Mesmo depois de tudo. Mesmo tendo sido privada dele por tanto tempo.<\/p>\n<p>O que importava era o agora.<\/p>\n<p>Aquela nova vida, onde seus sonhos tinham valor.<\/p>\n<p>Aquela manh\u00e3 j\u00e1 terminava quando, decidida a escrever os primeiros esbo\u00e7os da hist\u00f3ria que fervilhava em sua mente, levantou-se do banco em que estava sentada e caminhou apressada, quase leve, como se cada passo fosse um pequeno salto rumo ao futuro.<\/p>\n<p>Era para aquela manh\u00e3 terminar assim.<\/p>\n<p>Mas o destino n\u00e3o respeita planos humanos, tampouco se sensibiliza com momentos grandiosos de descobertas pessoais. Se fosse esse o caso, daria um jeito de permitir que alguma distra\u00e7\u00e3o qualquer atrasasse os passos de Maria, de modo que ela n\u00e3o estivesse exatamente no ponto da cal\u00e7ada em que um \u00f4nibus desgovernado subiu, ap\u00f3s uma batida violenta, provocada pelo carro de um motorista que passar\u00e1 mal ao volante.<\/p>\n<p>A dist\u00e2ncia entre o local da batida e o corpo de Maria, \u00fanica v\u00edtima fatal do acidente, evidenciava a viol\u00eancia do impacto. Algumas testemunhas horrorizadas com a cena, lembravam-se nitidamente da express\u00e3o de felicidade da mulher pouco antes de sua morte horr\u00edvel, mas ningu\u00e9m nunca soube qual o motivo do sorriso.<\/p>\n<p><strong>&#8230;&#8230;&#8230;&#8230;&#8230;&#8230;&#8230;&#8230;&#8230;&#8230;&#8230;&#8230;&#8230;&#8230;.<\/strong><\/p>\n<p><strong>Talvez voc\u00ea esteja se perguntando por que o nome do conto \u00e9 \u201cA hist\u00f3ria de um assassinato\u201d, afinal, a protagonista morre em um acidente comum.\u00a0<\/strong><\/p>\n<p><strong>De fato, sua morte f\u00edsica ocorreu de uma forma repentina, sem conex\u00e3o com sua hist\u00f3ria de vida, algo a que todos n\u00f3s estamos sujeitos. Por esse motivo \u00e9 que sempre dizemos e ouvimos coisas do tipo: \u201cViva cada dia como se fosse o seu \u00faltimo, porque um dia ser\u00e1\u201d.\u00a0<\/strong><\/p>\n<p><strong>O assassinato a que me refiro ocorreu bem antes, quando Maria (Nome t\u00e3o comum para combinar com uma dor t\u00e3o comum a tantas mulheres) foi privada de fazer as pr\u00f3prias escolhas, quando um homem (que no texto foi desumanizado por meio de express\u00f5es como algoz, assassino, monstro, mas no final das contas&#8230;um homem) aniquilou a escritora sonhadora para manter a posse sobre a mulher, enterrando em vida os sonhos de uma menina que, embora tenha recuperado a voz no \u00faltimo suspiro, teve sua obra mais importante interrompida n\u00e3o pelo metal do \u00f4nibus, mas pelo tempo que lhe foi roubado e que nunca mais voltar\u00e1.<\/strong><\/p>\n","protected":false},"excerpt":{"rendered":"<p>Maria estava especialmente feliz naquela manh\u00e3. Depois de dezoito meses de terapia, grupos de apoio e uma dif\u00edcil reconcilia\u00e7\u00e3o com a fam\u00edlia \u2014 a mesma que abandonara aos quinze anos, acreditando ter encontrado o amor \u2014 ela finalmente come\u00e7ava a sentir algo que h\u00e1 muito desconhecia: inteireza. Pela primeira vez em duas d\u00e9cadas, reconhecia-se como [&hellip;]<\/p>\n","protected":false},"author":21,"featured_media":385706,"comment_status":"closed","ping_status":"closed","sticky":false,"template":"","format":"standard","meta":{"_acf_changed":false,"footnotes":""},"categories":[234],"tags":[],"class_list":["post-385703","post","type-post","status-publish","format-standard","has-post-thumbnail","hentry","category-cafe-literario"],"acf":[],"yoast_head":"<!-- This site is optimized with the Yoast SEO plugin v27.2 - https:\/\/yoast.com\/product\/yoast-seo-wordpress\/ -->\n<title>A hist\u00f3ria de um assassinato - Notibras<\/title>\n<meta name=\"robots\" content=\"index, follow, max-snippet:-1, max-image-preview:large, max-video-preview:-1\" \/>\n<link rel=\"canonical\" href=\"https:\/\/www.notibras.com\/site\/a-historia-de-um-assassinato\/\" \/>\n<meta property=\"og:locale\" content=\"pt_BR\" \/>\n<meta property=\"og:type\" content=\"article\" \/>\n<meta property=\"og:title\" content=\"A hist\u00f3ria de um assassinato - Notibras\" \/>\n<meta property=\"og:description\" content=\"Maria estava especialmente feliz naquela manh\u00e3. Depois de dezoito meses de terapia, grupos de apoio e uma dif\u00edcil reconcilia\u00e7\u00e3o com a fam\u00edlia \u2014 a mesma que abandonara aos quinze anos, acreditando ter encontrado o amor \u2014 ela finalmente come\u00e7ava a sentir algo que h\u00e1 muito desconhecia: inteireza. Pela primeira vez em duas d\u00e9cadas, reconhecia-se como [&hellip;]\" \/>\n<meta property=\"og:url\" content=\"https:\/\/www.notibras.com\/site\/a-historia-de-um-assassinato\/\" \/>\n<meta property=\"og:site_name\" content=\"Notibras\" \/>\n<meta property=\"article:publisher\" content=\"https:\/\/www.facebook.com\/notibras\/\" \/>\n<meta property=\"article:published_time\" content=\"2026-03-06T04:15:02+00:00\" \/>\n<meta property=\"og:image\" content=\"https:\/\/www.notibras.com\/site\/wp-content\/uploads\/2026\/03\/WhatsApp-Image-2026-03-05-at-09.44.57.jpeg\" \/>\n\t<meta property=\"og:image:width\" content=\"1024\" \/>\n\t<meta property=\"og:image:height\" content=\"559\" \/>\n\t<meta property=\"og:image:type\" content=\"image\/jpeg\" \/>\n<meta name=\"author\" content=\"Eduardo Mart\u00ednez\" \/>\n<meta name=\"twitter:card\" content=\"summary_large_image\" \/>\n<meta name=\"twitter:creator\" content=\"@Notibras\" \/>\n<meta name=\"twitter:site\" content=\"@Notibras\" \/>\n<meta name=\"twitter:label1\" content=\"Escrito por\" \/>\n\t<meta name=\"twitter:data1\" content=\"Eduardo Mart\u00ednez\" \/>\n\t<meta name=\"twitter:label2\" content=\"Est. tempo de leitura\" \/>\n\t<meta name=\"twitter:data2\" content=\"6 minutos\" \/>\n<script type=\"application\/ld+json\" class=\"yoast-schema-graph\">{\"@context\":\"https:\/\/schema.org\",\"@graph\":[{\"@type\":\"Article\",\"@id\":\"https:\/\/www.notibras.com\/site\/a-historia-de-um-assassinato\/#article\",\"isPartOf\":{\"@id\":\"https:\/\/www.notibras.com\/site\/a-historia-de-um-assassinato\/\"},\"author\":{\"name\":\"Eduardo Mart\u00ednez\",\"@id\":\"https:\/\/www.notibras.com\/site\/#\/schema\/person\/5b7fabf2aedc3ada2105f03b22b4d3dd\"},\"headline\":\"A hist\u00f3ria de um assassinato\",\"datePublished\":\"2026-03-06T04:15:02+00:00\",\"mainEntityOfPage\":{\"@id\":\"https:\/\/www.notibras.com\/site\/a-historia-de-um-assassinato\/\"},\"wordCount\":1066,\"publisher\":{\"@id\":\"https:\/\/www.notibras.com\/site\/#organization\"},\"image\":{\"@id\":\"https:\/\/www.notibras.com\/site\/a-historia-de-um-assassinato\/#primaryimage\"},\"thumbnailUrl\":\"https:\/\/www.notibras.com\/site\/wp-content\/uploads\/2026\/03\/WhatsApp-Image-2026-03-05-at-09.44.57.jpeg\",\"articleSection\":[\"Caf\u00e9 Liter\u00e1rio\"],\"inLanguage\":\"pt-BR\"},{\"@type\":\"WebPage\",\"@id\":\"https:\/\/www.notibras.com\/site\/a-historia-de-um-assassinato\/\",\"url\":\"https:\/\/www.notibras.com\/site\/a-historia-de-um-assassinato\/\",\"name\":\"A hist\u00f3ria de um assassinato - Notibras\",\"isPartOf\":{\"@id\":\"https:\/\/www.notibras.com\/site\/#website\"},\"primaryImageOfPage\":{\"@id\":\"https:\/\/www.notibras.com\/site\/a-historia-de-um-assassinato\/#primaryimage\"},\"image\":{\"@id\":\"https:\/\/www.notibras.com\/site\/a-historia-de-um-assassinato\/#primaryimage\"},\"thumbnailUrl\":\"https:\/\/www.notibras.com\/site\/wp-content\/uploads\/2026\/03\/WhatsApp-Image-2026-03-05-at-09.44.57.jpeg\",\"datePublished\":\"2026-03-06T04:15:02+00:00\",\"breadcrumb\":{\"@id\":\"https:\/\/www.notibras.com\/site\/a-historia-de-um-assassinato\/#breadcrumb\"},\"inLanguage\":\"pt-BR\",\"potentialAction\":[{\"@type\":\"ReadAction\",\"target\":[\"https:\/\/www.notibras.com\/site\/a-historia-de-um-assassinato\/\"]}]},{\"@type\":\"ImageObject\",\"inLanguage\":\"pt-BR\",\"@id\":\"https:\/\/www.notibras.com\/site\/a-historia-de-um-assassinato\/#primaryimage\",\"url\":\"https:\/\/www.notibras.com\/site\/wp-content\/uploads\/2026\/03\/WhatsApp-Image-2026-03-05-at-09.44.57.jpeg\",\"contentUrl\":\"https:\/\/www.notibras.com\/site\/wp-content\/uploads\/2026\/03\/WhatsApp-Image-2026-03-05-at-09.44.57.jpeg\",\"width\":1024,\"height\":559},{\"@type\":\"BreadcrumbList\",\"@id\":\"https:\/\/www.notibras.com\/site\/a-historia-de-um-assassinato\/#breadcrumb\",\"itemListElement\":[{\"@type\":\"ListItem\",\"position\":1,\"name\":\"In\u00edcio\",\"item\":\"https:\/\/www.notibras.com\/site\/\"},{\"@type\":\"ListItem\",\"position\":2,\"name\":\"A hist\u00f3ria de um assassinato\"}]},{\"@type\":\"WebSite\",\"@id\":\"https:\/\/www.notibras.com\/site\/#website\",\"url\":\"https:\/\/www.notibras.com\/site\/\",\"name\":\"Notibras\",\"description\":\"Not\u00edcias de Bras\u00edlia, do Brasil e do Mundo\",\"publisher\":{\"@id\":\"https:\/\/www.notibras.com\/site\/#organization\"},\"potentialAction\":[{\"@type\":\"SearchAction\",\"target\":{\"@type\":\"EntryPoint\",\"urlTemplate\":\"https:\/\/www.notibras.com\/site\/?s={search_term_string}\"},\"query-input\":{\"@type\":\"PropertyValueSpecification\",\"valueRequired\":true,\"valueName\":\"search_term_string\"}}],\"inLanguage\":\"pt-BR\"},{\"@type\":\"Organization\",\"@id\":\"https:\/\/www.notibras.com\/site\/#organization\",\"name\":\"Grupo Notibras de Comunica\u00e7\u00e3o\",\"url\":\"https:\/\/www.notibras.com\/site\/\",\"logo\":{\"@type\":\"ImageObject\",\"inLanguage\":\"pt-BR\",\"@id\":\"https:\/\/www.notibras.com\/site\/#\/schema\/logo\/image\/\",\"url\":\"https:\/\/www.notibras.com\/site\/wp-content\/uploads\/2023\/01\/notibras23.png\",\"contentUrl\":\"https:\/\/www.notibras.com\/site\/wp-content\/uploads\/2023\/01\/notibras23.png\",\"width\":350,\"height\":87,\"caption\":\"Grupo Notibras de Comunica\u00e7\u00e3o\"},\"image\":{\"@id\":\"https:\/\/www.notibras.com\/site\/#\/schema\/logo\/image\/\"},\"sameAs\":[\"https:\/\/www.facebook.com\/notibras\/\",\"https:\/\/x.com\/Notibras\",\"https:\/\/www.instagram.com\/notibras\/\"]},{\"@type\":\"Person\",\"@id\":\"https:\/\/www.notibras.com\/site\/#\/schema\/person\/5b7fabf2aedc3ada2105f03b22b4d3dd\",\"name\":\"Eduardo Mart\u00ednez\",\"image\":{\"@type\":\"ImageObject\",\"inLanguage\":\"pt-BR\",\"@id\":\"https:\/\/secure.gravatar.com\/avatar\/7902f906289926289cbcda644b5197c796b893c6ffd7b9a536a42d290f7704a0?s=96&d=mm&r=g\",\"url\":\"https:\/\/secure.gravatar.com\/avatar\/7902f906289926289cbcda644b5197c796b893c6ffd7b9a536a42d290f7704a0?s=96&d=mm&r=g\",\"contentUrl\":\"https:\/\/secure.gravatar.com\/avatar\/7902f906289926289cbcda644b5197c796b893c6ffd7b9a536a42d290f7704a0?s=96&d=mm&r=g\",\"caption\":\"Eduardo Mart\u00ednez\"}}]}<\/script>\n<!-- \/ Yoast SEO plugin. -->","yoast_head_json":{"title":"A hist\u00f3ria de um assassinato - Notibras","robots":{"index":"index","follow":"follow","max-snippet":"max-snippet:-1","max-image-preview":"max-image-preview:large","max-video-preview":"max-video-preview:-1"},"canonical":"https:\/\/www.notibras.com\/site\/a-historia-de-um-assassinato\/","og_locale":"pt_BR","og_type":"article","og_title":"A hist\u00f3ria de um assassinato - Notibras","og_description":"Maria estava especialmente feliz naquela manh\u00e3. Depois de dezoito meses de terapia, grupos de apoio e uma dif\u00edcil reconcilia\u00e7\u00e3o com a fam\u00edlia \u2014 a mesma que abandonara aos quinze anos, acreditando ter encontrado o amor \u2014 ela finalmente come\u00e7ava a sentir algo que h\u00e1 muito desconhecia: inteireza. Pela primeira vez em duas d\u00e9cadas, reconhecia-se como [&hellip;]","og_url":"https:\/\/www.notibras.com\/site\/a-historia-de-um-assassinato\/","og_site_name":"Notibras","article_publisher":"https:\/\/www.facebook.com\/notibras\/","article_published_time":"2026-03-06T04:15:02+00:00","og_image":[{"width":1024,"height":559,"url":"https:\/\/www.notibras.com\/site\/wp-content\/uploads\/2026\/03\/WhatsApp-Image-2026-03-05-at-09.44.57.jpeg","type":"image\/jpeg"}],"author":"Eduardo Mart\u00ednez","twitter_card":"summary_large_image","twitter_creator":"@Notibras","twitter_site":"@Notibras","twitter_misc":{"Escrito por":"Eduardo Mart\u00ednez","Est. tempo de leitura":"6 minutos"},"schema":{"@context":"https:\/\/schema.org","@graph":[{"@type":"Article","@id":"https:\/\/www.notibras.com\/site\/a-historia-de-um-assassinato\/#article","isPartOf":{"@id":"https:\/\/www.notibras.com\/site\/a-historia-de-um-assassinato\/"},"author":{"name":"Eduardo Mart\u00ednez","@id":"https:\/\/www.notibras.com\/site\/#\/schema\/person\/5b7fabf2aedc3ada2105f03b22b4d3dd"},"headline":"A hist\u00f3ria de um assassinato","datePublished":"2026-03-06T04:15:02+00:00","mainEntityOfPage":{"@id":"https:\/\/www.notibras.com\/site\/a-historia-de-um-assassinato\/"},"wordCount":1066,"publisher":{"@id":"https:\/\/www.notibras.com\/site\/#organization"},"image":{"@id":"https:\/\/www.notibras.com\/site\/a-historia-de-um-assassinato\/#primaryimage"},"thumbnailUrl":"https:\/\/www.notibras.com\/site\/wp-content\/uploads\/2026\/03\/WhatsApp-Image-2026-03-05-at-09.44.57.jpeg","articleSection":["Caf\u00e9 Liter\u00e1rio"],"inLanguage":"pt-BR"},{"@type":"WebPage","@id":"https:\/\/www.notibras.com\/site\/a-historia-de-um-assassinato\/","url":"https:\/\/www.notibras.com\/site\/a-historia-de-um-assassinato\/","name":"A hist\u00f3ria de um assassinato - Notibras","isPartOf":{"@id":"https:\/\/www.notibras.com\/site\/#website"},"primaryImageOfPage":{"@id":"https:\/\/www.notibras.com\/site\/a-historia-de-um-assassinato\/#primaryimage"},"image":{"@id":"https:\/\/www.notibras.com\/site\/a-historia-de-um-assassinato\/#primaryimage"},"thumbnailUrl":"https:\/\/www.notibras.com\/site\/wp-content\/uploads\/2026\/03\/WhatsApp-Image-2026-03-05-at-09.44.57.jpeg","datePublished":"2026-03-06T04:15:02+00:00","breadcrumb":{"@id":"https:\/\/www.notibras.com\/site\/a-historia-de-um-assassinato\/#breadcrumb"},"inLanguage":"pt-BR","potentialAction":[{"@type":"ReadAction","target":["https:\/\/www.notibras.com\/site\/a-historia-de-um-assassinato\/"]}]},{"@type":"ImageObject","inLanguage":"pt-BR","@id":"https:\/\/www.notibras.com\/site\/a-historia-de-um-assassinato\/#primaryimage","url":"https:\/\/www.notibras.com\/site\/wp-content\/uploads\/2026\/03\/WhatsApp-Image-2026-03-05-at-09.44.57.jpeg","contentUrl":"https:\/\/www.notibras.com\/site\/wp-content\/uploads\/2026\/03\/WhatsApp-Image-2026-03-05-at-09.44.57.jpeg","width":1024,"height":559},{"@type":"BreadcrumbList","@id":"https:\/\/www.notibras.com\/site\/a-historia-de-um-assassinato\/#breadcrumb","itemListElement":[{"@type":"ListItem","position":1,"name":"In\u00edcio","item":"https:\/\/www.notibras.com\/site\/"},{"@type":"ListItem","position":2,"name":"A hist\u00f3ria de um assassinato"}]},{"@type":"WebSite","@id":"https:\/\/www.notibras.com\/site\/#website","url":"https:\/\/www.notibras.com\/site\/","name":"Notibras","description":"Not\u00edcias de Bras\u00edlia, do Brasil e do Mundo","publisher":{"@id":"https:\/\/www.notibras.com\/site\/#organization"},"potentialAction":[{"@type":"SearchAction","target":{"@type":"EntryPoint","urlTemplate":"https:\/\/www.notibras.com\/site\/?s={search_term_string}"},"query-input":{"@type":"PropertyValueSpecification","valueRequired":true,"valueName":"search_term_string"}}],"inLanguage":"pt-BR"},{"@type":"Organization","@id":"https:\/\/www.notibras.com\/site\/#organization","name":"Grupo Notibras de Comunica\u00e7\u00e3o","url":"https:\/\/www.notibras.com\/site\/","logo":{"@type":"ImageObject","inLanguage":"pt-BR","@id":"https:\/\/www.notibras.com\/site\/#\/schema\/logo\/image\/","url":"https:\/\/www.notibras.com\/site\/wp-content\/uploads\/2023\/01\/notibras23.png","contentUrl":"https:\/\/www.notibras.com\/site\/wp-content\/uploads\/2023\/01\/notibras23.png","width":350,"height":87,"caption":"Grupo Notibras de Comunica\u00e7\u00e3o"},"image":{"@id":"https:\/\/www.notibras.com\/site\/#\/schema\/logo\/image\/"},"sameAs":["https:\/\/www.facebook.com\/notibras\/","https:\/\/x.com\/Notibras","https:\/\/www.instagram.com\/notibras\/"]},{"@type":"Person","@id":"https:\/\/www.notibras.com\/site\/#\/schema\/person\/5b7fabf2aedc3ada2105f03b22b4d3dd","name":"Eduardo Mart\u00ednez","image":{"@type":"ImageObject","inLanguage":"pt-BR","@id":"https:\/\/secure.gravatar.com\/avatar\/7902f906289926289cbcda644b5197c796b893c6ffd7b9a536a42d290f7704a0?s=96&d=mm&r=g","url":"https:\/\/secure.gravatar.com\/avatar\/7902f906289926289cbcda644b5197c796b893c6ffd7b9a536a42d290f7704a0?s=96&d=mm&r=g","contentUrl":"https:\/\/secure.gravatar.com\/avatar\/7902f906289926289cbcda644b5197c796b893c6ffd7b9a536a42d290f7704a0?s=96&d=mm&r=g","caption":"Eduardo Mart\u00ednez"}}]}},"amp_enabled":true,"_links":{"self":[{"href":"https:\/\/www.notibras.com\/site\/wp-json\/wp\/v2\/posts\/385703","targetHints":{"allow":["GET"]}}],"collection":[{"href":"https:\/\/www.notibras.com\/site\/wp-json\/wp\/v2\/posts"}],"about":[{"href":"https:\/\/www.notibras.com\/site\/wp-json\/wp\/v2\/types\/post"}],"author":[{"embeddable":true,"href":"https:\/\/www.notibras.com\/site\/wp-json\/wp\/v2\/users\/21"}],"replies":[{"embeddable":true,"href":"https:\/\/www.notibras.com\/site\/wp-json\/wp\/v2\/comments?post=385703"}],"version-history":[{"count":3,"href":"https:\/\/www.notibras.com\/site\/wp-json\/wp\/v2\/posts\/385703\/revisions"}],"predecessor-version":[{"id":385710,"href":"https:\/\/www.notibras.com\/site\/wp-json\/wp\/v2\/posts\/385703\/revisions\/385710"}],"wp:featuredmedia":[{"embeddable":true,"href":"https:\/\/www.notibras.com\/site\/wp-json\/wp\/v2\/media\/385706"}],"wp:attachment":[{"href":"https:\/\/www.notibras.com\/site\/wp-json\/wp\/v2\/media?parent=385703"}],"wp:term":[{"taxonomy":"category","embeddable":true,"href":"https:\/\/www.notibras.com\/site\/wp-json\/wp\/v2\/categories?post=385703"},{"taxonomy":"post_tag","embeddable":true,"href":"https:\/\/www.notibras.com\/site\/wp-json\/wp\/v2\/tags?post=385703"}],"curies":[{"name":"wp","href":"https:\/\/api.w.org\/{rel}","templated":true}]}}