{"id":385721,"date":"2026-03-06T00:45:12","date_gmt":"2026-03-06T03:45:12","guid":{"rendered":"https:\/\/www.notibras.com\/site\/?p=385721"},"modified":"2026-03-05T19:16:53","modified_gmt":"2026-03-05T22:16:53","slug":"marli-meu-amor","status":"publish","type":"post","link":"https:\/\/www.notibras.com\/site\/marli-meu-amor\/","title":{"rendered":"Marli, meu amor"},"content":{"rendered":"<p>Conheci a Marli atrav\u00e9s da minha irm\u00e3 e, confesso, me senti atra\u00eddo desde a primeira troca de olhares. No entanto, talvez por orgulho ou medo da iminente rejei\u00e7\u00e3o, fingi n\u00e3o ligar para a linda garota de 19 anos diante de mim. Quanto a ela, soube depois, n\u00e3o cogitou nem sequer me considerar al\u00e9m de irm\u00e3o da melhor amiga. N\u00e3o foi no segundo nem no quinto encontro que aconteceu uma conversa de verdade, bem al\u00e9m dos costumeiros cumprimentos. Tamb\u00e9m n\u00e3o sei se foi tudo por conta da minha irm\u00e3, que, ainda hoje, tem a mania de dar uma de cupido. Seja como for, Marli e eu est\u00e1vamos em um churrasco na casa de amigos, quando sentamos \u00e0 mesma mesa.<\/p>\n<p>Naquele dia, Marli estava quase muda, olhar disperso, como se estivesse alheia a tudo e todos ao redor. Procurei algum assunto para puxar conversa, mas o nervosismo me deixou sem palavras. Todavia, a sorte parecia ao meu lado, pois aquela garota se virou para mim e disse.<\/p>\n<p>\u2014 Mauro, por que homem faz essas coisas?<\/p>\n<p>\u2014 Que coisas?<\/p>\n<p>\u2014 Magoar.<\/p>\n<p>Ela fixou aqueles grandes olhos em mim, enquanto tentei n\u00e3o desviar os meus, como se querendo entend\u00ea-la. Ela pareceu se sentir acolhida, pois me abra\u00e7ou, enquanto l\u00e1grimas discretas escorreram pela face t\u00e3o linda.<\/p>\n<p>\u2014 Desculpe.<\/p>\n<p>\u2014 Voc\u00ea quer que eu pegue algo pra voc\u00ea?<\/p>\n<p>Marli voltou a me olhar fixamente. N\u00e3o demorou, me levantei e fui pegar uma \u00e1gua e um refrigerante.<\/p>\n<p>\u2014 Voc\u00ea \u00e9 t\u00e3o gentil.<\/p>\n<p>Fiquei sem entender, at\u00e9 que, na semana seguinte, quando tentava tomar coragem para convid\u00e1-la para sairmos, foi ela quem me chamou para irmos ao cinema. Marli, com aquele jeito pr\u00f3prio de olhar dentro dos meus olhos, me beijou a face.<\/p>\n<p>\u2014 Mauro, se fosse outro, teria trago uma cerveja para me embebedar. Mas voc\u00ea demonstrou um cuidado comigo.<\/p>\n<p>Do cinema, levei-a at\u00e9 sua casa. Ficamos em frente \u00e0 porta por dois ou tr\u00eas minutos, at\u00e9 quando quis me despedir com um aperto de m\u00e3o. Marli envolveu meu rosto com suas m\u00e3os e me beijou os l\u00e1bios. Aquele gesto me pegou de surpresa. N\u00e3o que n\u00e3o desejasse aquilo h\u00e1 tempos, mas eu n\u00e3o esperava.<\/p>\n<p>A partir daquele dia, Marli se tornou a minha namorada. Minha irm\u00e3, apesar de querer que a melhor amiga e eu come\u00e7\u00e1ssemos um relacionamento, ficou pouco enciumada. Mas nada que durasse mais do que uma semana ou duas, pois logo elas voltaram \u00e0s boas.<\/p>\n<p>Dois anos ap\u00f3s aquele primeiro beijo, Marli me pediu em casamento. Devo ter feito uma cara estranha, pois ela pareceu entender algo que n\u00e3o condizia com o que eu estava sentindo.<\/p>\n<p>\u2014 Mauro, se voc\u00ea n\u00e3o quiser, tudo bem.<\/p>\n<p>\u2014 Eu quero.<\/p>\n<p>\u2014 S\u00e9rio?<\/p>\n<p>\u2014 S\u00e9rio. Mas \u00e9 que eu pensava que era eu que deveria pedir a sua m\u00e3o em casamento.<\/p>\n<p>\u2014 Que bobagem! Al\u00e9m do mais, se eu fosse esperar por voc\u00ea, isso nunca aconteceria.<\/p>\n<p>A cerim\u00f4nia foi simples, pois preferimos usar o dinheiro para uma viagem sem preocupa\u00e7\u00f5es com os gastos. Ap\u00f3s a lua de mel, eu me senti muito adaptado \u00e0 vida de casado. Minha mulher tamb\u00e9m parecia muito feliz e, quase tr\u00eas anos ap\u00f3s, desejou que tiv\u00e9ssemos um beb\u00ea.<\/p>\n<p>Ap\u00f3s meses de tentativas, Marli e eu fomos ao m\u00e9dico para saber se havia algo de errado. O diagn\u00f3stico foi o pior poss\u00edvel. Minha esposa estava com c\u00e2ncer de mama, que havia se espalhado. Fiquei sem ch\u00e3o, enquanto Marli, apesar de abalada, mostrou-se racional. Ela passou por tratamentos paliativos, at\u00e9 que, em outubro passado, tivemos nossa \u00faltima conversa no hospital.<\/p>\n<p>\u2014 Marli, por favor, n\u00e3o morra!<\/p>\n<p>\u2014 Mauro, s\u00f3 quero te pedir uma coisa.<\/p>\n<p>\u2014 O qu\u00ea, meu amor?<\/p>\n<p>\u2014 N\u00e3o seja imprudente de n\u00e3o viver.<\/p>\n<p><strong>\u2026\u2026\u2026\u2026\u2026\u2026\u2026\u2026<\/strong><\/p>\n<p><strong>Eduardo Mart\u00ednez \u00e9 autor do livro \u201957 Contos e Cr\u00f4nicas por um Autor Muito Velho\u2019 (Vencedor do Pr\u00eamio Liter\u00e1rio Clarice Lispector \u2013 2025 na categoria livro de contos).<\/strong><\/p>\n<p><strong>Compre aqui<\/strong><\/p>\n<p><a href=\"https:\/\/www.joanineditora.com.br\/57-contos-e-cronicas-por-um-autor-muito-velho\"><strong>https:\/\/www.joanineditora.com.br\/57-contos-e-cronicas-por-um-autor-muito-velho<\/strong><\/a><\/p>\n","protected":false},"excerpt":{"rendered":"<p>Conheci a Marli atrav\u00e9s da minha irm\u00e3 e, confesso, me senti atra\u00eddo desde a primeira troca de olhares. No entanto, talvez por orgulho ou medo da iminente rejei\u00e7\u00e3o, fingi n\u00e3o ligar para a linda garota de 19 anos diante de mim. Quanto a ela, soube depois, n\u00e3o cogitou nem sequer me considerar al\u00e9m de irm\u00e3o [&hellip;]<\/p>\n","protected":false},"author":21,"featured_media":385722,"comment_status":"closed","ping_status":"closed","sticky":false,"template":"","format":"standard","meta":{"_acf_changed":false,"footnotes":""},"categories":[234],"tags":[],"class_list":["post-385721","post","type-post","status-publish","format-standard","has-post-thumbnail","hentry","category-cafe-literario"],"acf":[],"yoast_head":"<!-- This site is optimized with the Yoast SEO plugin v27.2 - https:\/\/yoast.com\/product\/yoast-seo-wordpress\/ -->\n<title>Marli, meu amor - Notibras<\/title>\n<meta name=\"robots\" content=\"index, follow, max-snippet:-1, max-image-preview:large, max-video-preview:-1\" \/>\n<link rel=\"canonical\" href=\"https:\/\/www.notibras.com\/site\/marli-meu-amor\/\" \/>\n<meta property=\"og:locale\" content=\"pt_BR\" \/>\n<meta property=\"og:type\" content=\"article\" \/>\n<meta property=\"og:title\" content=\"Marli, meu amor - Notibras\" \/>\n<meta property=\"og:description\" content=\"Conheci a Marli atrav\u00e9s da minha irm\u00e3 e, confesso, me senti atra\u00eddo desde a primeira troca de olhares. No entanto, talvez por orgulho ou medo da iminente rejei\u00e7\u00e3o, fingi n\u00e3o ligar para a linda garota de 19 anos diante de mim. Quanto a ela, soube depois, n\u00e3o cogitou nem sequer me considerar al\u00e9m de irm\u00e3o [&hellip;]\" \/>\n<meta property=\"og:url\" content=\"https:\/\/www.notibras.com\/site\/marli-meu-amor\/\" \/>\n<meta property=\"og:site_name\" content=\"Notibras\" \/>\n<meta property=\"article:publisher\" content=\"https:\/\/www.facebook.com\/notibras\/\" \/>\n<meta property=\"article:published_time\" content=\"2026-03-06T03:45:12+00:00\" \/>\n<meta property=\"og:image\" content=\"https:\/\/www.notibras.com\/site\/wp-content\/uploads\/2026\/03\/WhatsApp-Image-2026-03-05-at-19.07.49.jpeg\" \/>\n\t<meta property=\"og:image:width\" content=\"1024\" \/>\n\t<meta property=\"og:image:height\" content=\"559\" \/>\n\t<meta property=\"og:image:type\" content=\"image\/jpeg\" \/>\n<meta name=\"author\" content=\"Eduardo Mart\u00ednez\" \/>\n<meta name=\"twitter:card\" content=\"summary_large_image\" \/>\n<meta name=\"twitter:creator\" content=\"@Notibras\" \/>\n<meta name=\"twitter:site\" content=\"@Notibras\" \/>\n<meta name=\"twitter:label1\" content=\"Escrito por\" \/>\n\t<meta name=\"twitter:data1\" content=\"Eduardo Mart\u00ednez\" \/>\n\t<meta name=\"twitter:label2\" content=\"Est. tempo de leitura\" \/>\n\t<meta name=\"twitter:data2\" content=\"4 minutos\" \/>\n<script type=\"application\/ld+json\" class=\"yoast-schema-graph\">{\"@context\":\"https:\/\/schema.org\",\"@graph\":[{\"@type\":\"Article\",\"@id\":\"https:\/\/www.notibras.com\/site\/marli-meu-amor\/#article\",\"isPartOf\":{\"@id\":\"https:\/\/www.notibras.com\/site\/marli-meu-amor\/\"},\"author\":{\"name\":\"Eduardo Mart\u00ednez\",\"@id\":\"https:\/\/www.notibras.com\/site\/#\/schema\/person\/5b7fabf2aedc3ada2105f03b22b4d3dd\"},\"headline\":\"Marli, meu amor\",\"datePublished\":\"2026-03-06T03:45:12+00:00\",\"mainEntityOfPage\":{\"@id\":\"https:\/\/www.notibras.com\/site\/marli-meu-amor\/\"},\"wordCount\":681,\"publisher\":{\"@id\":\"https:\/\/www.notibras.com\/site\/#organization\"},\"image\":{\"@id\":\"https:\/\/www.notibras.com\/site\/marli-meu-amor\/#primaryimage\"},\"thumbnailUrl\":\"https:\/\/www.notibras.com\/site\/wp-content\/uploads\/2026\/03\/WhatsApp-Image-2026-03-05-at-19.07.49.jpeg\",\"articleSection\":[\"Caf\u00e9 Liter\u00e1rio\"],\"inLanguage\":\"pt-BR\"},{\"@type\":\"WebPage\",\"@id\":\"https:\/\/www.notibras.com\/site\/marli-meu-amor\/\",\"url\":\"https:\/\/www.notibras.com\/site\/marli-meu-amor\/\",\"name\":\"Marli, meu amor - Notibras\",\"isPartOf\":{\"@id\":\"https:\/\/www.notibras.com\/site\/#website\"},\"primaryImageOfPage\":{\"@id\":\"https:\/\/www.notibras.com\/site\/marli-meu-amor\/#primaryimage\"},\"image\":{\"@id\":\"https:\/\/www.notibras.com\/site\/marli-meu-amor\/#primaryimage\"},\"thumbnailUrl\":\"https:\/\/www.notibras.com\/site\/wp-content\/uploads\/2026\/03\/WhatsApp-Image-2026-03-05-at-19.07.49.jpeg\",\"datePublished\":\"2026-03-06T03:45:12+00:00\",\"breadcrumb\":{\"@id\":\"https:\/\/www.notibras.com\/site\/marli-meu-amor\/#breadcrumb\"},\"inLanguage\":\"pt-BR\",\"potentialAction\":[{\"@type\":\"ReadAction\",\"target\":[\"https:\/\/www.notibras.com\/site\/marli-meu-amor\/\"]}]},{\"@type\":\"ImageObject\",\"inLanguage\":\"pt-BR\",\"@id\":\"https:\/\/www.notibras.com\/site\/marli-meu-amor\/#primaryimage\",\"url\":\"https:\/\/www.notibras.com\/site\/wp-content\/uploads\/2026\/03\/WhatsApp-Image-2026-03-05-at-19.07.49.jpeg\",\"contentUrl\":\"https:\/\/www.notibras.com\/site\/wp-content\/uploads\/2026\/03\/WhatsApp-Image-2026-03-05-at-19.07.49.jpeg\",\"width\":1024,\"height\":559},{\"@type\":\"BreadcrumbList\",\"@id\":\"https:\/\/www.notibras.com\/site\/marli-meu-amor\/#breadcrumb\",\"itemListElement\":[{\"@type\":\"ListItem\",\"position\":1,\"name\":\"In\u00edcio\",\"item\":\"https:\/\/www.notibras.com\/site\/\"},{\"@type\":\"ListItem\",\"position\":2,\"name\":\"Marli, meu amor\"}]},{\"@type\":\"WebSite\",\"@id\":\"https:\/\/www.notibras.com\/site\/#website\",\"url\":\"https:\/\/www.notibras.com\/site\/\",\"name\":\"Notibras\",\"description\":\"Not\u00edcias de Bras\u00edlia, do Brasil e do Mundo\",\"publisher\":{\"@id\":\"https:\/\/www.notibras.com\/site\/#organization\"},\"potentialAction\":[{\"@type\":\"SearchAction\",\"target\":{\"@type\":\"EntryPoint\",\"urlTemplate\":\"https:\/\/www.notibras.com\/site\/?s={search_term_string}\"},\"query-input\":{\"@type\":\"PropertyValueSpecification\",\"valueRequired\":true,\"valueName\":\"search_term_string\"}}],\"inLanguage\":\"pt-BR\"},{\"@type\":\"Organization\",\"@id\":\"https:\/\/www.notibras.com\/site\/#organization\",\"name\":\"Grupo Notibras de Comunica\u00e7\u00e3o\",\"url\":\"https:\/\/www.notibras.com\/site\/\",\"logo\":{\"@type\":\"ImageObject\",\"inLanguage\":\"pt-BR\",\"@id\":\"https:\/\/www.notibras.com\/site\/#\/schema\/logo\/image\/\",\"url\":\"https:\/\/www.notibras.com\/site\/wp-content\/uploads\/2023\/01\/notibras23.png\",\"contentUrl\":\"https:\/\/www.notibras.com\/site\/wp-content\/uploads\/2023\/01\/notibras23.png\",\"width\":350,\"height\":87,\"caption\":\"Grupo Notibras de Comunica\u00e7\u00e3o\"},\"image\":{\"@id\":\"https:\/\/www.notibras.com\/site\/#\/schema\/logo\/image\/\"},\"sameAs\":[\"https:\/\/www.facebook.com\/notibras\/\",\"https:\/\/x.com\/Notibras\",\"https:\/\/www.instagram.com\/notibras\/\"]},{\"@type\":\"Person\",\"@id\":\"https:\/\/www.notibras.com\/site\/#\/schema\/person\/5b7fabf2aedc3ada2105f03b22b4d3dd\",\"name\":\"Eduardo Mart\u00ednez\",\"image\":{\"@type\":\"ImageObject\",\"inLanguage\":\"pt-BR\",\"@id\":\"https:\/\/secure.gravatar.com\/avatar\/7902f906289926289cbcda644b5197c796b893c6ffd7b9a536a42d290f7704a0?s=96&d=mm&r=g\",\"url\":\"https:\/\/secure.gravatar.com\/avatar\/7902f906289926289cbcda644b5197c796b893c6ffd7b9a536a42d290f7704a0?s=96&d=mm&r=g\",\"contentUrl\":\"https:\/\/secure.gravatar.com\/avatar\/7902f906289926289cbcda644b5197c796b893c6ffd7b9a536a42d290f7704a0?s=96&d=mm&r=g\",\"caption\":\"Eduardo Mart\u00ednez\"}}]}<\/script>\n<!-- \/ Yoast SEO plugin. -->","yoast_head_json":{"title":"Marli, meu amor - Notibras","robots":{"index":"index","follow":"follow","max-snippet":"max-snippet:-1","max-image-preview":"max-image-preview:large","max-video-preview":"max-video-preview:-1"},"canonical":"https:\/\/www.notibras.com\/site\/marli-meu-amor\/","og_locale":"pt_BR","og_type":"article","og_title":"Marli, meu amor - Notibras","og_description":"Conheci a Marli atrav\u00e9s da minha irm\u00e3 e, confesso, me senti atra\u00eddo desde a primeira troca de olhares. No entanto, talvez por orgulho ou medo da iminente rejei\u00e7\u00e3o, fingi n\u00e3o ligar para a linda garota de 19 anos diante de mim. Quanto a ela, soube depois, n\u00e3o cogitou nem sequer me considerar al\u00e9m de irm\u00e3o [&hellip;]","og_url":"https:\/\/www.notibras.com\/site\/marli-meu-amor\/","og_site_name":"Notibras","article_publisher":"https:\/\/www.facebook.com\/notibras\/","article_published_time":"2026-03-06T03:45:12+00:00","og_image":[{"width":1024,"height":559,"url":"https:\/\/www.notibras.com\/site\/wp-content\/uploads\/2026\/03\/WhatsApp-Image-2026-03-05-at-19.07.49.jpeg","type":"image\/jpeg"}],"author":"Eduardo Mart\u00ednez","twitter_card":"summary_large_image","twitter_creator":"@Notibras","twitter_site":"@Notibras","twitter_misc":{"Escrito por":"Eduardo Mart\u00ednez","Est. tempo de leitura":"4 minutos"},"schema":{"@context":"https:\/\/schema.org","@graph":[{"@type":"Article","@id":"https:\/\/www.notibras.com\/site\/marli-meu-amor\/#article","isPartOf":{"@id":"https:\/\/www.notibras.com\/site\/marli-meu-amor\/"},"author":{"name":"Eduardo Mart\u00ednez","@id":"https:\/\/www.notibras.com\/site\/#\/schema\/person\/5b7fabf2aedc3ada2105f03b22b4d3dd"},"headline":"Marli, meu amor","datePublished":"2026-03-06T03:45:12+00:00","mainEntityOfPage":{"@id":"https:\/\/www.notibras.com\/site\/marli-meu-amor\/"},"wordCount":681,"publisher":{"@id":"https:\/\/www.notibras.com\/site\/#organization"},"image":{"@id":"https:\/\/www.notibras.com\/site\/marli-meu-amor\/#primaryimage"},"thumbnailUrl":"https:\/\/www.notibras.com\/site\/wp-content\/uploads\/2026\/03\/WhatsApp-Image-2026-03-05-at-19.07.49.jpeg","articleSection":["Caf\u00e9 Liter\u00e1rio"],"inLanguage":"pt-BR"},{"@type":"WebPage","@id":"https:\/\/www.notibras.com\/site\/marli-meu-amor\/","url":"https:\/\/www.notibras.com\/site\/marli-meu-amor\/","name":"Marli, meu amor - Notibras","isPartOf":{"@id":"https:\/\/www.notibras.com\/site\/#website"},"primaryImageOfPage":{"@id":"https:\/\/www.notibras.com\/site\/marli-meu-amor\/#primaryimage"},"image":{"@id":"https:\/\/www.notibras.com\/site\/marli-meu-amor\/#primaryimage"},"thumbnailUrl":"https:\/\/www.notibras.com\/site\/wp-content\/uploads\/2026\/03\/WhatsApp-Image-2026-03-05-at-19.07.49.jpeg","datePublished":"2026-03-06T03:45:12+00:00","breadcrumb":{"@id":"https:\/\/www.notibras.com\/site\/marli-meu-amor\/#breadcrumb"},"inLanguage":"pt-BR","potentialAction":[{"@type":"ReadAction","target":["https:\/\/www.notibras.com\/site\/marli-meu-amor\/"]}]},{"@type":"ImageObject","inLanguage":"pt-BR","@id":"https:\/\/www.notibras.com\/site\/marli-meu-amor\/#primaryimage","url":"https:\/\/www.notibras.com\/site\/wp-content\/uploads\/2026\/03\/WhatsApp-Image-2026-03-05-at-19.07.49.jpeg","contentUrl":"https:\/\/www.notibras.com\/site\/wp-content\/uploads\/2026\/03\/WhatsApp-Image-2026-03-05-at-19.07.49.jpeg","width":1024,"height":559},{"@type":"BreadcrumbList","@id":"https:\/\/www.notibras.com\/site\/marli-meu-amor\/#breadcrumb","itemListElement":[{"@type":"ListItem","position":1,"name":"In\u00edcio","item":"https:\/\/www.notibras.com\/site\/"},{"@type":"ListItem","position":2,"name":"Marli, meu amor"}]},{"@type":"WebSite","@id":"https:\/\/www.notibras.com\/site\/#website","url":"https:\/\/www.notibras.com\/site\/","name":"Notibras","description":"Not\u00edcias de Bras\u00edlia, do Brasil e do Mundo","publisher":{"@id":"https:\/\/www.notibras.com\/site\/#organization"},"potentialAction":[{"@type":"SearchAction","target":{"@type":"EntryPoint","urlTemplate":"https:\/\/www.notibras.com\/site\/?s={search_term_string}"},"query-input":{"@type":"PropertyValueSpecification","valueRequired":true,"valueName":"search_term_string"}}],"inLanguage":"pt-BR"},{"@type":"Organization","@id":"https:\/\/www.notibras.com\/site\/#organization","name":"Grupo Notibras de Comunica\u00e7\u00e3o","url":"https:\/\/www.notibras.com\/site\/","logo":{"@type":"ImageObject","inLanguage":"pt-BR","@id":"https:\/\/www.notibras.com\/site\/#\/schema\/logo\/image\/","url":"https:\/\/www.notibras.com\/site\/wp-content\/uploads\/2023\/01\/notibras23.png","contentUrl":"https:\/\/www.notibras.com\/site\/wp-content\/uploads\/2023\/01\/notibras23.png","width":350,"height":87,"caption":"Grupo Notibras de Comunica\u00e7\u00e3o"},"image":{"@id":"https:\/\/www.notibras.com\/site\/#\/schema\/logo\/image\/"},"sameAs":["https:\/\/www.facebook.com\/notibras\/","https:\/\/x.com\/Notibras","https:\/\/www.instagram.com\/notibras\/"]},{"@type":"Person","@id":"https:\/\/www.notibras.com\/site\/#\/schema\/person\/5b7fabf2aedc3ada2105f03b22b4d3dd","name":"Eduardo Mart\u00ednez","image":{"@type":"ImageObject","inLanguage":"pt-BR","@id":"https:\/\/secure.gravatar.com\/avatar\/7902f906289926289cbcda644b5197c796b893c6ffd7b9a536a42d290f7704a0?s=96&d=mm&r=g","url":"https:\/\/secure.gravatar.com\/avatar\/7902f906289926289cbcda644b5197c796b893c6ffd7b9a536a42d290f7704a0?s=96&d=mm&r=g","contentUrl":"https:\/\/secure.gravatar.com\/avatar\/7902f906289926289cbcda644b5197c796b893c6ffd7b9a536a42d290f7704a0?s=96&d=mm&r=g","caption":"Eduardo Mart\u00ednez"}}]}},"amp_enabled":true,"_links":{"self":[{"href":"https:\/\/www.notibras.com\/site\/wp-json\/wp\/v2\/posts\/385721","targetHints":{"allow":["GET"]}}],"collection":[{"href":"https:\/\/www.notibras.com\/site\/wp-json\/wp\/v2\/posts"}],"about":[{"href":"https:\/\/www.notibras.com\/site\/wp-json\/wp\/v2\/types\/post"}],"author":[{"embeddable":true,"href":"https:\/\/www.notibras.com\/site\/wp-json\/wp\/v2\/users\/21"}],"replies":[{"embeddable":true,"href":"https:\/\/www.notibras.com\/site\/wp-json\/wp\/v2\/comments?post=385721"}],"version-history":[{"count":2,"href":"https:\/\/www.notibras.com\/site\/wp-json\/wp\/v2\/posts\/385721\/revisions"}],"predecessor-version":[{"id":385725,"href":"https:\/\/www.notibras.com\/site\/wp-json\/wp\/v2\/posts\/385721\/revisions\/385725"}],"wp:featuredmedia":[{"embeddable":true,"href":"https:\/\/www.notibras.com\/site\/wp-json\/wp\/v2\/media\/385722"}],"wp:attachment":[{"href":"https:\/\/www.notibras.com\/site\/wp-json\/wp\/v2\/media?parent=385721"}],"wp:term":[{"taxonomy":"category","embeddable":true,"href":"https:\/\/www.notibras.com\/site\/wp-json\/wp\/v2\/categories?post=385721"},{"taxonomy":"post_tag","embeddable":true,"href":"https:\/\/www.notibras.com\/site\/wp-json\/wp\/v2\/tags?post=385721"}],"curies":[{"name":"wp","href":"https:\/\/api.w.org\/{rel}","templated":true}]}}