{"id":385726,"date":"2026-03-06T02:30:47","date_gmt":"2026-03-06T05:30:47","guid":{"rendered":"https:\/\/www.notibras.com\/site\/?p=385726"},"modified":"2026-03-05T20:26:59","modified_gmt":"2026-03-05T23:26:59","slug":"entre-imperios-teocracias-e-a-autodeterminacao-dos-povos","status":"publish","type":"post","link":"https:\/\/www.notibras.com\/site\/entre-imperios-teocracias-e-a-autodeterminacao-dos-povos\/","title":{"rendered":"Entre imp\u00e9rios, teocracias e a autodetermina\u00e7\u00e3o dos povos"},"content":{"rendered":"<p>Para compreender o atual conflito envolvendo Estados Unidos, Israel e Ir\u00e3, \u00e9 preciso antes olhar para os atores em disputa e para suas motiva\u00e7\u00f5es. Os Estados Unidos s\u00e3o, sem d\u00favida, o principal poder militar do planeta. Trata-se de um ator com vasta experi\u00eancia b\u00e9lica acumulada ao longo de d\u00e9cadas de conflitos diretos ou indiretos. N\u00e3o se trata apenas de tecnologia militar de ponta ou de um arsenal impressionante. O pa\u00eds disp\u00f5e de porta-avi\u00f5es gigantescos, de centenas de bases militares espalhadas pelo mundo e de uma estrutura log\u00edstica de guerra praticamente sem paralelo na hist\u00f3ria contempor\u00e2nea. Esse poder, por si s\u00f3, cria uma enorme assimetria frente a pa\u00edses que n\u00e3o possuem hist\u00f3rico semelhante em conflitos militares de grande escala.<\/p>\n<p>Mas \u00e9 importante compreender que os objetivos de Washington em guerras nem sempre passam necessariamente por \u201cvencer\u201d um conflito de forma cl\u00e1ssica. Muitas vezes, o objetivo \u00e9 outro: derrubar governos, promover mudan\u00e7as de regime, reorganizar alian\u00e7as geopol\u00edticas, garantir acesso a recursos estrat\u00e9gicos ou favorecer determinados interesses econ\u00f4micos. Tudo isso costuma ser apresentado sob o guarda-chuva de uma ideia abstrata de seguran\u00e7a nacional. Diante de recursos militares, financeiros e tecnol\u00f3gicos praticamente ilimitados, torna-se extremamente dif\u00edcil para qualquer pa\u00eds confrontar esse tipo de estrat\u00e9gia. \u00c9 curioso notar, inclusive, que o mesmo pa\u00eds que muitas vezes n\u00e3o garante sa\u00fade p\u00fablica universal a seus pr\u00f3prios cidad\u00e3os, onde at\u00e9 diab\u00e9ticos enfrentam dificuldades para acessar insulina, raramente questiona o tamanho do seu or\u00e7amento militar.<\/p>\n<p>Outro ator central nesse cen\u00e1rio \u00e9 o Estado de Israel. Desde sua funda\u00e7\u00e3o, em 1948, Israel travou diversos conflitos militares com pa\u00edses vizinhos e construiu uma m\u00e1quina de guerra altamente eficiente. Ao longo das d\u00e9cadas, enfrentou e superou militarmente advers\u00e1rios como Egito, Jord\u00e2nia, S\u00edria e L\u00edbano. Al\u00e9m disso, mant\u00e9m a ocupa\u00e7\u00e3o de territ\u00f3rios que permanecem no centro de disputas internacionais. Hoje, um dos principais freios estrat\u00e9gicos \u00e0s ambi\u00e7\u00f5es do Estado israelense \u00e9 justamente o Ir\u00e3. Dentro de Israel tamb\u00e9m existe um discurso pol\u00edtico cada vez mais expl\u00edcito, especialmente em setores da direita e da extrema-direita, que assume contornos expansionistas.<\/p>\n<p>Outro poss\u00edvel limite \u00e0s a\u00e7\u00f5es israelenses seria o direito internacional. Embora fr\u00e1gil e frequentemente desrespeitado, ele ainda funciona como uma pedra no sapato de muitos Estados. No caso de Israel, essa tens\u00e3o \u00e9 ainda mais evidente: a pr\u00f3pria exist\u00eancia do pa\u00eds \u00e9 fruto de uma decis\u00e3o da comunidade internacional no p\u00f3s-Segunda Guerra Mundial. Questionar ou enfraquecer o direito internacional, portanto, cria uma contradi\u00e7\u00e3o dif\u00edcil de ignorar. Em termos de analogia, seria como um governante que chega ao poder por meio das regras democr\u00e1ticas e passa a trabalhar incansavelmente para destruir a mesma democracia que permitiu sua ascens\u00e3o.<\/p>\n<p>Quando se soma o poder militar de Israel ao dos Estados Unidos, forma-se um dos arranjos estrat\u00e9gicos mais poderosos do planeta. Ambos possuem tecnologia avan\u00e7ada, intelig\u00eancia militar sofisticada e experi\u00eancia relevante em conflitos armados. Do outro lado do tabuleiro aparece a Rep\u00fablica Isl\u00e2mica do Ir\u00e3, um ator complexo e frequentemente mal compreendido fora do Oriente M\u00e9dio.<\/p>\n<p>Para entender o Ir\u00e3 contempor\u00e2neo, \u00e9 preciso lembrar o per\u00edodo anterior \u00e0 Revolu\u00e7\u00e3o Isl\u00e2mica de 1979. O pa\u00eds era governado pela monarquia do x\u00e1 Mohammad Reza Pahlavi, um regime autorit\u00e1rio que reprimia duramente a oposi\u00e7\u00e3o pol\u00edtica. Havia censura, persegui\u00e7\u00e3o a dissidentes e forte repress\u00e3o estatal. Ao mesmo tempo, o regime mantinha uma orienta\u00e7\u00e3o ocidentalizante e liberal nos costumes: mulheres podiam se vestir livremente, por exemplo. Ainda assim, as riquezas do pa\u00eds, especialmente o petr\u00f3leo, concentravam-se nas m\u00e3os de elites e n\u00e3o se traduziam necessariamente em desenvolvimento social amplo.<\/p>\n<p>Foi nesse contexto que eclodiu a Revolu\u00e7\u00e3o de 1979, apoiada por diferentes grupos pol\u00edticos, religiosos e sociais que compartilhavam a oposi\u00e7\u00e3o ao regime do x\u00e1. Muitos desses grupos, contudo, posteriormente se desiludiram com o rumo da revolu\u00e7\u00e3o. O novo regime que emergiu passou a estruturar o Estado com base em interpreta\u00e7\u00f5es do Cor\u00e3o, estabelecendo uma teocracia. Desde ent\u00e3o, o pa\u00eds mant\u00e9m um sistema pol\u00edtico profundamente restritivo, especialmente no que diz respeito aos direitos das mulheres. Entre outras imposi\u00e7\u00f5es, mulheres s\u00e3o obrigadas a utilizar o hijab, o v\u00e9u isl\u00e2mico que cobre os cabelos em p\u00fablico.<\/p>\n<p>O Ir\u00e3 tamb\u00e9m \u00e9 um pa\u00eds multi\u00e9tnico. Embora os persas constituam a maioria da popula\u00e7\u00e3o, existem minorias significativas, como curdos e azeris. Quanto ao aspecto religioso, o Ir\u00e3 \u00e9 uma pot\u00eancia regional de maioria xiita e governada por uma elite religiosa da mesma vertente. A imagem de radicalismo frequentemente associada a esse grupo, por\u00e9m, deve-se em grande parte \u00e0 propaganda ocidental, mais do que propriamente a uma an\u00e1lise estrita dos fatos. Ainda assim, do ponto de vista \u00e9tnico ou religioso, a rela\u00e7\u00e3o com o povo judeu n\u00e3o \u00e9 necessariamente hostil; o pa\u00eds abriga inclusive uma antiga comunidade judaica. Ap\u00f3s a revolu\u00e7\u00e3o, o novo regime passou a n\u00e3o reconhecer a legitimidade de Israel, adotando uma postura abertamente hostil ao Estado israelense. Portanto, o conflito atual \u00e9 com o projeto sionista, que o regime iraniano considera colonizador e expansionista.<\/p>\n<p>Isso n\u00e3o significa que o Ir\u00e3 esteja isento de cr\u00edticas. Pelo contr\u00e1rio: o regime \u00e9 alvo frequente de den\u00fancias por viola\u00e7\u00f5es de direitos humanos, repress\u00e3o pol\u00edtica e severas restri\u00e7\u00f5es \u00e0s liberdades individuais, especialmente das mulheres. Al\u00e9m disso, o pa\u00eds financia grupos armados como Hamas, Hezbollah e os houthis no I\u00eamen, o que amplia ainda mais sua inser\u00e7\u00e3o em conflitos regionais.<\/p>\n<p>Paralelamente, o Ir\u00e3 busca desenvolver um programa nuclear pr\u00f3prio, alegando direito \u00e0 soberania tecnol\u00f3gica e estrat\u00e9gica, especialmente diante de uma regi\u00e3o onde outros atores, como Israel, possuem capacidades militares avan\u00e7adas. At\u00e9 o momento, contudo, n\u00e3o existem evid\u00eancias conclusivas de que o pa\u00eds possua efetivamente um arsenal nuclear operacional. Tamb\u00e9m n\u00e3o h\u00e1 registros de invas\u00f5es iranianas contra outros Estados nacionais nas \u00faltimas d\u00e9cadas. Ainda assim, o pa\u00eds enfrenta severos embargos econ\u00f4micos e san\u00e7\u00f5es internacionais que impactam fortemente sua economia. Tais embargos se baseiam na narrativa de que o Ir\u00e3 est\u00e1 prestes a produzir sua bomba at\u00f4mica.<\/p>\n<p>\u00c0 luz do direito internacional, ataques militares preventivos contra um pa\u00eds sem declara\u00e7\u00e3o formal de guerra ou amea\u00e7a iminente constituem uma zona jur\u00eddica extremamente controversa. O chamado \u201cataque preventivo\u201d n\u00e3o encontra base nos principais marcos do ordenamento jur\u00eddico internacional. Nesse contexto, o Ir\u00e3 argumenta estar reagindo a agress\u00f5es externas e tentando preservar a pr\u00f3pria estabilidade interna.<\/p>\n<p>Resistir, ali\u00e1s, parece ser hoje o principal objetivo do regime iraniano. N\u00e3o se trata de conquistar territ\u00f3rios, invadir vizinhos ou subjugar outros povos, mas de evitar uma mudan\u00e7a de regime imposta externamente. E essa \u00e9 uma quest\u00e3o sens\u00edvel: mudan\u00e7as de regime podem ser desej\u00e1veis e at\u00e9 necess\u00e1rias, mas quando ocorrem por interven\u00e7\u00e3o externa raramente beneficiam de fato a popula\u00e7\u00e3o local.<\/p>\n<p>A experi\u00eancia hist\u00f3rica mostra que transforma\u00e7\u00f5es pol\u00edticas duradouras costumam nascer de processos internos, conduzidos pelos pr\u00f3prios cidad\u00e3os. Esse \u00e9 o princ\u00edpio da autodetermina\u00e7\u00e3o dos povos, consagrado na Carta das Na\u00e7\u00f5es Unidas. Trata-se da ideia de que cada na\u00e7\u00e3o tem o direito de decidir seu pr\u00f3prio destino pol\u00edtico, econ\u00f4mico e social.<\/p>\n<p>Esse princ\u00edpio n\u00e3o \u00e9 apenas uma formula\u00e7\u00e3o jur\u00eddica abstrata. Ele expressa um desejo profundamente humano e universal. Povos do Oriente M\u00e9dio, da \u00c1frica ou da Am\u00e9rica Latina compartilham o mesmo anseio: n\u00e3o ser colonizados, n\u00e3o ser subjugados e n\u00e3o trocar uma pot\u00eancia opressora por outra.<\/p>\n<p><strong>\u2026\u2026\u2026\u2026\u2026\u2026\u2026\u2026\u2026\u2026\u2026\u2026\u2026\u2026..<\/strong><\/p>\n<p><strong>Lamartine Teixeira \u00e9 Analista de Rela\u00e7\u00f5es Internacionais.<\/strong><\/p>\n","protected":false},"excerpt":{"rendered":"<p>Para compreender o atual conflito envolvendo Estados Unidos, Israel e Ir\u00e3, \u00e9 preciso antes olhar para os atores em disputa e para suas motiva\u00e7\u00f5es. Os Estados Unidos s\u00e3o, sem d\u00favida, o principal poder militar do planeta. Trata-se de um ator com vasta experi\u00eancia b\u00e9lica acumulada ao longo de d\u00e9cadas de conflitos diretos ou indiretos. N\u00e3o [&hellip;]<\/p>\n","protected":false},"author":21,"featured_media":385727,"comment_status":"closed","ping_status":"closed","sticky":false,"template":"","format":"standard","meta":{"_acf_changed":false,"footnotes":""},"categories":[236],"tags":[],"class_list":["post-385726","post","type-post","status-publish","format-standard","has-post-thumbnail","hentry","category-ponto-de-vista"],"acf":[],"yoast_head":"<!-- This site is optimized with the Yoast SEO plugin v27.2 - https:\/\/yoast.com\/product\/yoast-seo-wordpress\/ -->\n<title>Entre imp\u00e9rios, teocracias e a autodetermina\u00e7\u00e3o dos povos - Notibras<\/title>\n<meta name=\"robots\" content=\"index, follow, max-snippet:-1, max-image-preview:large, max-video-preview:-1\" \/>\n<link rel=\"canonical\" href=\"https:\/\/www.notibras.com\/site\/entre-imperios-teocracias-e-a-autodeterminacao-dos-povos\/\" \/>\n<meta property=\"og:locale\" content=\"pt_BR\" \/>\n<meta property=\"og:type\" content=\"article\" \/>\n<meta property=\"og:title\" content=\"Entre imp\u00e9rios, teocracias e a autodetermina\u00e7\u00e3o dos povos - Notibras\" \/>\n<meta property=\"og:description\" content=\"Para compreender o atual conflito envolvendo Estados Unidos, Israel e Ir\u00e3, \u00e9 preciso antes olhar para os atores em disputa e para suas motiva\u00e7\u00f5es. Os Estados Unidos s\u00e3o, sem d\u00favida, o principal poder militar do planeta. Trata-se de um ator com vasta experi\u00eancia b\u00e9lica acumulada ao longo de d\u00e9cadas de conflitos diretos ou indiretos. N\u00e3o [&hellip;]\" \/>\n<meta property=\"og:url\" content=\"https:\/\/www.notibras.com\/site\/entre-imperios-teocracias-e-a-autodeterminacao-dos-povos\/\" \/>\n<meta property=\"og:site_name\" content=\"Notibras\" \/>\n<meta property=\"article:publisher\" content=\"https:\/\/www.facebook.com\/notibras\/\" \/>\n<meta property=\"article:published_time\" content=\"2026-03-06T05:30:47+00:00\" \/>\n<meta property=\"og:image\" content=\"https:\/\/www.notibras.com\/site\/wp-content\/uploads\/2026\/03\/WhatsApp-Image-2026-03-05-at-19.49.03.jpeg\" \/>\n\t<meta property=\"og:image:width\" content=\"1008\" \/>\n\t<meta property=\"og:image:height\" content=\"672\" \/>\n\t<meta property=\"og:image:type\" content=\"image\/jpeg\" \/>\n<meta name=\"author\" content=\"Eduardo Mart\u00ednez\" \/>\n<meta name=\"twitter:card\" content=\"summary_large_image\" \/>\n<meta name=\"twitter:creator\" content=\"@Notibras\" \/>\n<meta name=\"twitter:site\" content=\"@Notibras\" \/>\n<meta name=\"twitter:label1\" content=\"Escrito por\" \/>\n\t<meta name=\"twitter:data1\" content=\"Eduardo Mart\u00ednez\" \/>\n\t<meta name=\"twitter:label2\" content=\"Est. tempo de leitura\" \/>\n\t<meta name=\"twitter:data2\" content=\"7 minutos\" \/>\n<script type=\"application\/ld+json\" class=\"yoast-schema-graph\">{\"@context\":\"https:\/\/schema.org\",\"@graph\":[{\"@type\":\"Article\",\"@id\":\"https:\/\/www.notibras.com\/site\/entre-imperios-teocracias-e-a-autodeterminacao-dos-povos\/#article\",\"isPartOf\":{\"@id\":\"https:\/\/www.notibras.com\/site\/entre-imperios-teocracias-e-a-autodeterminacao-dos-povos\/\"},\"author\":{\"name\":\"Eduardo Mart\u00ednez\",\"@id\":\"https:\/\/www.notibras.com\/site\/#\/schema\/person\/5b7fabf2aedc3ada2105f03b22b4d3dd\"},\"headline\":\"Entre imp\u00e9rios, teocracias e a autodetermina\u00e7\u00e3o dos povos\",\"datePublished\":\"2026-03-06T05:30:47+00:00\",\"mainEntityOfPage\":{\"@id\":\"https:\/\/www.notibras.com\/site\/entre-imperios-teocracias-e-a-autodeterminacao-dos-povos\/\"},\"wordCount\":1352,\"publisher\":{\"@id\":\"https:\/\/www.notibras.com\/site\/#organization\"},\"image\":{\"@id\":\"https:\/\/www.notibras.com\/site\/entre-imperios-teocracias-e-a-autodeterminacao-dos-povos\/#primaryimage\"},\"thumbnailUrl\":\"https:\/\/www.notibras.com\/site\/wp-content\/uploads\/2026\/03\/WhatsApp-Image-2026-03-05-at-19.49.03.jpeg\",\"articleSection\":[\"Ponto de Vista\"],\"inLanguage\":\"pt-BR\"},{\"@type\":\"WebPage\",\"@id\":\"https:\/\/www.notibras.com\/site\/entre-imperios-teocracias-e-a-autodeterminacao-dos-povos\/\",\"url\":\"https:\/\/www.notibras.com\/site\/entre-imperios-teocracias-e-a-autodeterminacao-dos-povos\/\",\"name\":\"Entre imp\u00e9rios, teocracias e a autodetermina\u00e7\u00e3o dos povos - Notibras\",\"isPartOf\":{\"@id\":\"https:\/\/www.notibras.com\/site\/#website\"},\"primaryImageOfPage\":{\"@id\":\"https:\/\/www.notibras.com\/site\/entre-imperios-teocracias-e-a-autodeterminacao-dos-povos\/#primaryimage\"},\"image\":{\"@id\":\"https:\/\/www.notibras.com\/site\/entre-imperios-teocracias-e-a-autodeterminacao-dos-povos\/#primaryimage\"},\"thumbnailUrl\":\"https:\/\/www.notibras.com\/site\/wp-content\/uploads\/2026\/03\/WhatsApp-Image-2026-03-05-at-19.49.03.jpeg\",\"datePublished\":\"2026-03-06T05:30:47+00:00\",\"breadcrumb\":{\"@id\":\"https:\/\/www.notibras.com\/site\/entre-imperios-teocracias-e-a-autodeterminacao-dos-povos\/#breadcrumb\"},\"inLanguage\":\"pt-BR\",\"potentialAction\":[{\"@type\":\"ReadAction\",\"target\":[\"https:\/\/www.notibras.com\/site\/entre-imperios-teocracias-e-a-autodeterminacao-dos-povos\/\"]}]},{\"@type\":\"ImageObject\",\"inLanguage\":\"pt-BR\",\"@id\":\"https:\/\/www.notibras.com\/site\/entre-imperios-teocracias-e-a-autodeterminacao-dos-povos\/#primaryimage\",\"url\":\"https:\/\/www.notibras.com\/site\/wp-content\/uploads\/2026\/03\/WhatsApp-Image-2026-03-05-at-19.49.03.jpeg\",\"contentUrl\":\"https:\/\/www.notibras.com\/site\/wp-content\/uploads\/2026\/03\/WhatsApp-Image-2026-03-05-at-19.49.03.jpeg\",\"width\":1008,\"height\":672},{\"@type\":\"BreadcrumbList\",\"@id\":\"https:\/\/www.notibras.com\/site\/entre-imperios-teocracias-e-a-autodeterminacao-dos-povos\/#breadcrumb\",\"itemListElement\":[{\"@type\":\"ListItem\",\"position\":1,\"name\":\"In\u00edcio\",\"item\":\"https:\/\/www.notibras.com\/site\/\"},{\"@type\":\"ListItem\",\"position\":2,\"name\":\"Entre imp\u00e9rios, teocracias e a autodetermina\u00e7\u00e3o dos povos\"}]},{\"@type\":\"WebSite\",\"@id\":\"https:\/\/www.notibras.com\/site\/#website\",\"url\":\"https:\/\/www.notibras.com\/site\/\",\"name\":\"Notibras\",\"description\":\"Not\u00edcias de Bras\u00edlia, do Brasil e do Mundo\",\"publisher\":{\"@id\":\"https:\/\/www.notibras.com\/site\/#organization\"},\"potentialAction\":[{\"@type\":\"SearchAction\",\"target\":{\"@type\":\"EntryPoint\",\"urlTemplate\":\"https:\/\/www.notibras.com\/site\/?s={search_term_string}\"},\"query-input\":{\"@type\":\"PropertyValueSpecification\",\"valueRequired\":true,\"valueName\":\"search_term_string\"}}],\"inLanguage\":\"pt-BR\"},{\"@type\":\"Organization\",\"@id\":\"https:\/\/www.notibras.com\/site\/#organization\",\"name\":\"Grupo Notibras de Comunica\u00e7\u00e3o\",\"url\":\"https:\/\/www.notibras.com\/site\/\",\"logo\":{\"@type\":\"ImageObject\",\"inLanguage\":\"pt-BR\",\"@id\":\"https:\/\/www.notibras.com\/site\/#\/schema\/logo\/image\/\",\"url\":\"https:\/\/www.notibras.com\/site\/wp-content\/uploads\/2023\/01\/notibras23.png\",\"contentUrl\":\"https:\/\/www.notibras.com\/site\/wp-content\/uploads\/2023\/01\/notibras23.png\",\"width\":350,\"height\":87,\"caption\":\"Grupo Notibras de Comunica\u00e7\u00e3o\"},\"image\":{\"@id\":\"https:\/\/www.notibras.com\/site\/#\/schema\/logo\/image\/\"},\"sameAs\":[\"https:\/\/www.facebook.com\/notibras\/\",\"https:\/\/x.com\/Notibras\",\"https:\/\/www.instagram.com\/notibras\/\"]},{\"@type\":\"Person\",\"@id\":\"https:\/\/www.notibras.com\/site\/#\/schema\/person\/5b7fabf2aedc3ada2105f03b22b4d3dd\",\"name\":\"Eduardo Mart\u00ednez\",\"image\":{\"@type\":\"ImageObject\",\"inLanguage\":\"pt-BR\",\"@id\":\"https:\/\/secure.gravatar.com\/avatar\/7902f906289926289cbcda644b5197c796b893c6ffd7b9a536a42d290f7704a0?s=96&d=mm&r=g\",\"url\":\"https:\/\/secure.gravatar.com\/avatar\/7902f906289926289cbcda644b5197c796b893c6ffd7b9a536a42d290f7704a0?s=96&d=mm&r=g\",\"contentUrl\":\"https:\/\/secure.gravatar.com\/avatar\/7902f906289926289cbcda644b5197c796b893c6ffd7b9a536a42d290f7704a0?s=96&d=mm&r=g\",\"caption\":\"Eduardo Mart\u00ednez\"}}]}<\/script>\n<!-- \/ Yoast SEO plugin. -->","yoast_head_json":{"title":"Entre imp\u00e9rios, teocracias e a autodetermina\u00e7\u00e3o dos povos - Notibras","robots":{"index":"index","follow":"follow","max-snippet":"max-snippet:-1","max-image-preview":"max-image-preview:large","max-video-preview":"max-video-preview:-1"},"canonical":"https:\/\/www.notibras.com\/site\/entre-imperios-teocracias-e-a-autodeterminacao-dos-povos\/","og_locale":"pt_BR","og_type":"article","og_title":"Entre imp\u00e9rios, teocracias e a autodetermina\u00e7\u00e3o dos povos - Notibras","og_description":"Para compreender o atual conflito envolvendo Estados Unidos, Israel e Ir\u00e3, \u00e9 preciso antes olhar para os atores em disputa e para suas motiva\u00e7\u00f5es. Os Estados Unidos s\u00e3o, sem d\u00favida, o principal poder militar do planeta. Trata-se de um ator com vasta experi\u00eancia b\u00e9lica acumulada ao longo de d\u00e9cadas de conflitos diretos ou indiretos. N\u00e3o [&hellip;]","og_url":"https:\/\/www.notibras.com\/site\/entre-imperios-teocracias-e-a-autodeterminacao-dos-povos\/","og_site_name":"Notibras","article_publisher":"https:\/\/www.facebook.com\/notibras\/","article_published_time":"2026-03-06T05:30:47+00:00","og_image":[{"width":1008,"height":672,"url":"https:\/\/www.notibras.com\/site\/wp-content\/uploads\/2026\/03\/WhatsApp-Image-2026-03-05-at-19.49.03.jpeg","type":"image\/jpeg"}],"author":"Eduardo Mart\u00ednez","twitter_card":"summary_large_image","twitter_creator":"@Notibras","twitter_site":"@Notibras","twitter_misc":{"Escrito por":"Eduardo Mart\u00ednez","Est. tempo de leitura":"7 minutos"},"schema":{"@context":"https:\/\/schema.org","@graph":[{"@type":"Article","@id":"https:\/\/www.notibras.com\/site\/entre-imperios-teocracias-e-a-autodeterminacao-dos-povos\/#article","isPartOf":{"@id":"https:\/\/www.notibras.com\/site\/entre-imperios-teocracias-e-a-autodeterminacao-dos-povos\/"},"author":{"name":"Eduardo Mart\u00ednez","@id":"https:\/\/www.notibras.com\/site\/#\/schema\/person\/5b7fabf2aedc3ada2105f03b22b4d3dd"},"headline":"Entre imp\u00e9rios, teocracias e a autodetermina\u00e7\u00e3o dos povos","datePublished":"2026-03-06T05:30:47+00:00","mainEntityOfPage":{"@id":"https:\/\/www.notibras.com\/site\/entre-imperios-teocracias-e-a-autodeterminacao-dos-povos\/"},"wordCount":1352,"publisher":{"@id":"https:\/\/www.notibras.com\/site\/#organization"},"image":{"@id":"https:\/\/www.notibras.com\/site\/entre-imperios-teocracias-e-a-autodeterminacao-dos-povos\/#primaryimage"},"thumbnailUrl":"https:\/\/www.notibras.com\/site\/wp-content\/uploads\/2026\/03\/WhatsApp-Image-2026-03-05-at-19.49.03.jpeg","articleSection":["Ponto de Vista"],"inLanguage":"pt-BR"},{"@type":"WebPage","@id":"https:\/\/www.notibras.com\/site\/entre-imperios-teocracias-e-a-autodeterminacao-dos-povos\/","url":"https:\/\/www.notibras.com\/site\/entre-imperios-teocracias-e-a-autodeterminacao-dos-povos\/","name":"Entre imp\u00e9rios, teocracias e a autodetermina\u00e7\u00e3o dos povos - Notibras","isPartOf":{"@id":"https:\/\/www.notibras.com\/site\/#website"},"primaryImageOfPage":{"@id":"https:\/\/www.notibras.com\/site\/entre-imperios-teocracias-e-a-autodeterminacao-dos-povos\/#primaryimage"},"image":{"@id":"https:\/\/www.notibras.com\/site\/entre-imperios-teocracias-e-a-autodeterminacao-dos-povos\/#primaryimage"},"thumbnailUrl":"https:\/\/www.notibras.com\/site\/wp-content\/uploads\/2026\/03\/WhatsApp-Image-2026-03-05-at-19.49.03.jpeg","datePublished":"2026-03-06T05:30:47+00:00","breadcrumb":{"@id":"https:\/\/www.notibras.com\/site\/entre-imperios-teocracias-e-a-autodeterminacao-dos-povos\/#breadcrumb"},"inLanguage":"pt-BR","potentialAction":[{"@type":"ReadAction","target":["https:\/\/www.notibras.com\/site\/entre-imperios-teocracias-e-a-autodeterminacao-dos-povos\/"]}]},{"@type":"ImageObject","inLanguage":"pt-BR","@id":"https:\/\/www.notibras.com\/site\/entre-imperios-teocracias-e-a-autodeterminacao-dos-povos\/#primaryimage","url":"https:\/\/www.notibras.com\/site\/wp-content\/uploads\/2026\/03\/WhatsApp-Image-2026-03-05-at-19.49.03.jpeg","contentUrl":"https:\/\/www.notibras.com\/site\/wp-content\/uploads\/2026\/03\/WhatsApp-Image-2026-03-05-at-19.49.03.jpeg","width":1008,"height":672},{"@type":"BreadcrumbList","@id":"https:\/\/www.notibras.com\/site\/entre-imperios-teocracias-e-a-autodeterminacao-dos-povos\/#breadcrumb","itemListElement":[{"@type":"ListItem","position":1,"name":"In\u00edcio","item":"https:\/\/www.notibras.com\/site\/"},{"@type":"ListItem","position":2,"name":"Entre imp\u00e9rios, teocracias e a autodetermina\u00e7\u00e3o dos povos"}]},{"@type":"WebSite","@id":"https:\/\/www.notibras.com\/site\/#website","url":"https:\/\/www.notibras.com\/site\/","name":"Notibras","description":"Not\u00edcias de Bras\u00edlia, do Brasil e do Mundo","publisher":{"@id":"https:\/\/www.notibras.com\/site\/#organization"},"potentialAction":[{"@type":"SearchAction","target":{"@type":"EntryPoint","urlTemplate":"https:\/\/www.notibras.com\/site\/?s={search_term_string}"},"query-input":{"@type":"PropertyValueSpecification","valueRequired":true,"valueName":"search_term_string"}}],"inLanguage":"pt-BR"},{"@type":"Organization","@id":"https:\/\/www.notibras.com\/site\/#organization","name":"Grupo Notibras de Comunica\u00e7\u00e3o","url":"https:\/\/www.notibras.com\/site\/","logo":{"@type":"ImageObject","inLanguage":"pt-BR","@id":"https:\/\/www.notibras.com\/site\/#\/schema\/logo\/image\/","url":"https:\/\/www.notibras.com\/site\/wp-content\/uploads\/2023\/01\/notibras23.png","contentUrl":"https:\/\/www.notibras.com\/site\/wp-content\/uploads\/2023\/01\/notibras23.png","width":350,"height":87,"caption":"Grupo Notibras de Comunica\u00e7\u00e3o"},"image":{"@id":"https:\/\/www.notibras.com\/site\/#\/schema\/logo\/image\/"},"sameAs":["https:\/\/www.facebook.com\/notibras\/","https:\/\/x.com\/Notibras","https:\/\/www.instagram.com\/notibras\/"]},{"@type":"Person","@id":"https:\/\/www.notibras.com\/site\/#\/schema\/person\/5b7fabf2aedc3ada2105f03b22b4d3dd","name":"Eduardo Mart\u00ednez","image":{"@type":"ImageObject","inLanguage":"pt-BR","@id":"https:\/\/secure.gravatar.com\/avatar\/7902f906289926289cbcda644b5197c796b893c6ffd7b9a536a42d290f7704a0?s=96&d=mm&r=g","url":"https:\/\/secure.gravatar.com\/avatar\/7902f906289926289cbcda644b5197c796b893c6ffd7b9a536a42d290f7704a0?s=96&d=mm&r=g","contentUrl":"https:\/\/secure.gravatar.com\/avatar\/7902f906289926289cbcda644b5197c796b893c6ffd7b9a536a42d290f7704a0?s=96&d=mm&r=g","caption":"Eduardo Mart\u00ednez"}}]}},"amp_enabled":true,"_links":{"self":[{"href":"https:\/\/www.notibras.com\/site\/wp-json\/wp\/v2\/posts\/385726","targetHints":{"allow":["GET"]}}],"collection":[{"href":"https:\/\/www.notibras.com\/site\/wp-json\/wp\/v2\/posts"}],"about":[{"href":"https:\/\/www.notibras.com\/site\/wp-json\/wp\/v2\/types\/post"}],"author":[{"embeddable":true,"href":"https:\/\/www.notibras.com\/site\/wp-json\/wp\/v2\/users\/21"}],"replies":[{"embeddable":true,"href":"https:\/\/www.notibras.com\/site\/wp-json\/wp\/v2\/comments?post=385726"}],"version-history":[{"count":2,"href":"https:\/\/www.notibras.com\/site\/wp-json\/wp\/v2\/posts\/385726\/revisions"}],"predecessor-version":[{"id":385729,"href":"https:\/\/www.notibras.com\/site\/wp-json\/wp\/v2\/posts\/385726\/revisions\/385729"}],"wp:featuredmedia":[{"embeddable":true,"href":"https:\/\/www.notibras.com\/site\/wp-json\/wp\/v2\/media\/385727"}],"wp:attachment":[{"href":"https:\/\/www.notibras.com\/site\/wp-json\/wp\/v2\/media?parent=385726"}],"wp:term":[{"taxonomy":"category","embeddable":true,"href":"https:\/\/www.notibras.com\/site\/wp-json\/wp\/v2\/categories?post=385726"},{"taxonomy":"post_tag","embeddable":true,"href":"https:\/\/www.notibras.com\/site\/wp-json\/wp\/v2\/tags?post=385726"}],"curies":[{"name":"wp","href":"https:\/\/api.w.org\/{rel}","templated":true}]}}