{"id":385730,"date":"2026-03-06T00:15:06","date_gmt":"2026-03-06T03:15:06","guid":{"rendered":"https:\/\/www.notibras.com\/site\/?p=385730"},"modified":"2026-03-05T20:33:01","modified_gmt":"2026-03-05T23:33:01","slug":"ampliacao-em-77-das-urgencias-cardiacas","status":"publish","type":"post","link":"https:\/\/www.notibras.com\/site\/ampliacao-em-77-das-urgencias-cardiacas\/","title":{"rendered":"Amplia\u00e7\u00e3o em 77% das urg\u00eancias card\u00edacas"},"content":{"rendered":"<p>Dor no peito, falta de ar e mal-estar s\u00e3o sinais que exigem atendimento imediato. \u00c9 diante desses quadros que o sistema de urg\u00eancia entra em a\u00e7\u00e3o. No Hospital de Base do Distrito Federal (HBDF), os atendimentos relacionados ao cora\u00e7\u00e3o tiveram um salto de 77% em 2025. Esse aumento se deve \u00e0 reorganiza\u00e7\u00e3o da porta de entrada da urg\u00eancia e emerg\u00eancia e \u00e0 integra\u00e7\u00e3o dos servi\u00e7os, o que ampliou o acesso e tornou o cuidado mais \u00e1gil e seguro para a popula\u00e7\u00e3o.<\/p>\n<p>A mudan\u00e7a faz parte de um processo de reestrutura\u00e7\u00e3o conduzido pelo Instituto de Gest\u00e3o Estrat\u00e9gica de Sa\u00fade do Distrito Federal (IgesDF), que redefiniu fluxos internos e fortaleceu a integra\u00e7\u00e3o entre pronto-socorro, cardiologia cl\u00ednica, hemodin\u00e2mica e unidades de interna\u00e7\u00e3o. A reorganiza\u00e7\u00e3o permitiu ampliar a capacidade de resposta da unidade, com maior resolutividade j\u00e1 no primeiro atendimento.<\/p>\n<p>\u201cPassamos a atender n\u00e3o apenas casos complexos, mas tamb\u00e9m pacientes com problemas cardiovasculares de menor gravidade ou em fase inicial de investiga\u00e7\u00e3o. Isso possibilita diagn\u00f3stico mais precoce e in\u00edcio mais r\u00e1pido do tratamento\u201d, explica Gabriela Thevenard, chefe do Servi\u00e7o de Cardiologia.<\/p>\n<p>Com a nova organiza\u00e7\u00e3o, o atendimento come\u00e7a com triagem espec\u00edfica para sintomas card\u00edacos, avalia\u00e7\u00e3o m\u00e9dica imediata e realiza\u00e7\u00e3o de exames, como eletrocardiograma e testes laboratoriais. A avalia\u00e7\u00e3o r\u00e1pida do risco do paciente, feita logo na chegada ao hospital, ajuda a equipe m\u00e9dica a decidir com mais precis\u00e3o a conduta, seja observa\u00e7\u00e3o, seja interna\u00e7\u00e3o ou encaminhamento para procedimento especializado.<\/p>\n<p>Al\u00e9m de ampliar o volume de atendimentos no Hospital de Base, a reorganiza\u00e7\u00e3o tamb\u00e9m contribuiu para reduzir a press\u00e3o sobre as Unidades de Pronto Atendimento (UPAs) e hospitais regionais, permitindo que cada servi\u00e7o atue de forma mais alinhada ao seu perfil assistencial.<\/p>\n<p><strong>Atendimento que salva vidas<\/strong><\/p>\n<p>Jonas Morais Sousa, de 53 anos, j\u00e1 havia sofrido dois infartos, em 2019 e 2020. Em janeiro deste ano, voltou a apresentar mal-estar e procurou o Hospital de Base. Ap\u00f3s avalia\u00e7\u00e3o e exames, permaneceu internado.<\/p>\n<p>Mas uma infec\u00e7\u00e3o renal adiou a cirurgia card\u00edaca. Ap\u00f3s estabiliza\u00e7\u00e3o cl\u00ednica, ele foi submetido \u00e0 cirurgia de revasculariza\u00e7\u00e3o do mioc\u00e1rdio, conhecida como ponte de safena, no dia 16 de fevereiro.<\/p>\n<p>Em recupera\u00e7\u00e3o, Jonas agradeceu o atendimento recebido. \u201cTudo o que tenho a dizer \u00e9 parab\u00e9ns a todos os profissionais. Cada um exerce sua fun\u00e7\u00e3o com dedica\u00e7\u00e3o, sempre com o mesmo objetivo. Desde a primeira vez em que infartei e fiquei internado aqui, s\u00f3 tenho a agradecer. Fui bem atendido e realizei todos os exames de que precisei\u201d, afirmou.<\/p>\n<p>A aquisi\u00e7\u00e3o de um novo angi\u00f3grafo em 2024 ampliou a estrutura tecnol\u00f3gica da unidade, que passou a contar com dois equipamentos em funcionamento na Hemodin\u00e2mica. Em 2025, o n\u00famero de procedimentos realizados no setor cresceu 33% em compara\u00e7\u00e3o com o ano anterior.<\/p>\n<p>\u201cConseguimos expandir a oferta de exames e interven\u00e7\u00f5es, o que impacta diretamente na rapidez do diagn\u00f3stico e no in\u00edcio do tratamento\u201d, afirma Gabriel Kanhouche, chefe do setor.<\/p>\n<p><strong>Como funciona o atendimento<\/strong><\/p>\n<p>O fluxo come\u00e7a na classifica\u00e7\u00e3o de risco do pronto-socorro, com protocolo espec\u00edfico para sintomas cardiovasculares. Ap\u00f3s avalia\u00e7\u00e3o m\u00e9dica e exames, o paciente pode ser encaminhado para observa\u00e7\u00e3o, interna\u00e7\u00e3o ou procedimento especializado. Mesmo depois da alta hospitalar, o acompanhamento ambulatorial garante a continuidade do cuidado.<\/p>\n","protected":false},"excerpt":{"rendered":"<p>Dor no peito, falta de ar e mal-estar s\u00e3o sinais que exigem atendimento imediato. \u00c9 diante desses quadros que o sistema de urg\u00eancia entra em a\u00e7\u00e3o. No Hospital de Base do Distrito Federal (HBDF), os atendimentos relacionados ao cora\u00e7\u00e3o tiveram um salto de 77% em 2025. Esse aumento se deve \u00e0 reorganiza\u00e7\u00e3o da porta de [&hellip;]<\/p>\n","protected":false},"author":21,"featured_media":385731,"comment_status":"closed","ping_status":"closed","sticky":false,"template":"","format":"standard","meta":{"_acf_changed":false,"footnotes":""},"categories":[161],"tags":[],"class_list":["post-385730","post","type-post","status-publish","format-standard","has-post-thumbnail","hentry","category-quadradinho-em-foco"],"acf":[],"yoast_head":"<!-- This site is optimized with the Yoast SEO plugin v27.2 - https:\/\/yoast.com\/product\/yoast-seo-wordpress\/ -->\n<title>Amplia\u00e7\u00e3o em 77% das urg\u00eancias card\u00edacas - Notibras<\/title>\n<meta name=\"robots\" content=\"index, follow, max-snippet:-1, max-image-preview:large, max-video-preview:-1\" \/>\n<link rel=\"canonical\" href=\"https:\/\/www.notibras.com\/site\/ampliacao-em-77-das-urgencias-cardiacas\/\" \/>\n<meta property=\"og:locale\" content=\"pt_BR\" \/>\n<meta property=\"og:type\" content=\"article\" \/>\n<meta property=\"og:title\" content=\"Amplia\u00e7\u00e3o em 77% das urg\u00eancias card\u00edacas - Notibras\" \/>\n<meta property=\"og:description\" content=\"Dor no peito, falta de ar e mal-estar s\u00e3o sinais que exigem atendimento imediato. \u00c9 diante desses quadros que o sistema de urg\u00eancia entra em a\u00e7\u00e3o. No Hospital de Base do Distrito Federal (HBDF), os atendimentos relacionados ao cora\u00e7\u00e3o tiveram um salto de 77% em 2025. Esse aumento se deve \u00e0 reorganiza\u00e7\u00e3o da porta de [&hellip;]\" \/>\n<meta property=\"og:url\" content=\"https:\/\/www.notibras.com\/site\/ampliacao-em-77-das-urgencias-cardiacas\/\" \/>\n<meta property=\"og:site_name\" content=\"Notibras\" \/>\n<meta property=\"article:publisher\" content=\"https:\/\/www.facebook.com\/notibras\/\" \/>\n<meta property=\"article:published_time\" content=\"2026-03-06T03:15:06+00:00\" \/>\n<meta property=\"og:image\" content=\"https:\/\/www.notibras.com\/site\/wp-content\/uploads\/2026\/03\/WhatsApp-Image-2026-02-26-at-16.10.11-1.jpeg\" \/>\n\t<meta property=\"og:image:width\" content=\"1600\" \/>\n\t<meta property=\"og:image:height\" content=\"1066\" \/>\n\t<meta property=\"og:image:type\" content=\"image\/jpeg\" \/>\n<meta name=\"author\" content=\"Eduardo Mart\u00ednez\" \/>\n<meta name=\"twitter:card\" content=\"summary_large_image\" \/>\n<meta name=\"twitter:creator\" content=\"@Notibras\" \/>\n<meta name=\"twitter:site\" content=\"@Notibras\" \/>\n<meta name=\"twitter:label1\" content=\"Escrito por\" \/>\n\t<meta name=\"twitter:data1\" content=\"Eduardo Mart\u00ednez\" \/>\n\t<meta name=\"twitter:label2\" content=\"Est. tempo de leitura\" \/>\n\t<meta name=\"twitter:data2\" content=\"4 minutos\" \/>\n<script type=\"application\/ld+json\" class=\"yoast-schema-graph\">{\"@context\":\"https:\/\/schema.org\",\"@graph\":[{\"@type\":\"Article\",\"@id\":\"https:\/\/www.notibras.com\/site\/ampliacao-em-77-das-urgencias-cardiacas\/#article\",\"isPartOf\":{\"@id\":\"https:\/\/www.notibras.com\/site\/ampliacao-em-77-das-urgencias-cardiacas\/\"},\"author\":{\"name\":\"Eduardo Mart\u00ednez\",\"@id\":\"https:\/\/www.notibras.com\/site\/#\/schema\/person\/5b7fabf2aedc3ada2105f03b22b4d3dd\"},\"headline\":\"Amplia\u00e7\u00e3o em 77% das urg\u00eancias card\u00edacas\",\"datePublished\":\"2026-03-06T03:15:06+00:00\",\"mainEntityOfPage\":{\"@id\":\"https:\/\/www.notibras.com\/site\/ampliacao-em-77-das-urgencias-cardiacas\/\"},\"wordCount\":590,\"publisher\":{\"@id\":\"https:\/\/www.notibras.com\/site\/#organization\"},\"image\":{\"@id\":\"https:\/\/www.notibras.com\/site\/ampliacao-em-77-das-urgencias-cardiacas\/#primaryimage\"},\"thumbnailUrl\":\"https:\/\/www.notibras.com\/site\/wp-content\/uploads\/2026\/03\/WhatsApp-Image-2026-02-26-at-16.10.11-1.jpeg\",\"articleSection\":[\"Quadradinho em Foco\"],\"inLanguage\":\"pt-BR\"},{\"@type\":\"WebPage\",\"@id\":\"https:\/\/www.notibras.com\/site\/ampliacao-em-77-das-urgencias-cardiacas\/\",\"url\":\"https:\/\/www.notibras.com\/site\/ampliacao-em-77-das-urgencias-cardiacas\/\",\"name\":\"Amplia\u00e7\u00e3o em 77% das urg\u00eancias card\u00edacas - Notibras\",\"isPartOf\":{\"@id\":\"https:\/\/www.notibras.com\/site\/#website\"},\"primaryImageOfPage\":{\"@id\":\"https:\/\/www.notibras.com\/site\/ampliacao-em-77-das-urgencias-cardiacas\/#primaryimage\"},\"image\":{\"@id\":\"https:\/\/www.notibras.com\/site\/ampliacao-em-77-das-urgencias-cardiacas\/#primaryimage\"},\"thumbnailUrl\":\"https:\/\/www.notibras.com\/site\/wp-content\/uploads\/2026\/03\/WhatsApp-Image-2026-02-26-at-16.10.11-1.jpeg\",\"datePublished\":\"2026-03-06T03:15:06+00:00\",\"breadcrumb\":{\"@id\":\"https:\/\/www.notibras.com\/site\/ampliacao-em-77-das-urgencias-cardiacas\/#breadcrumb\"},\"inLanguage\":\"pt-BR\",\"potentialAction\":[{\"@type\":\"ReadAction\",\"target\":[\"https:\/\/www.notibras.com\/site\/ampliacao-em-77-das-urgencias-cardiacas\/\"]}]},{\"@type\":\"ImageObject\",\"inLanguage\":\"pt-BR\",\"@id\":\"https:\/\/www.notibras.com\/site\/ampliacao-em-77-das-urgencias-cardiacas\/#primaryimage\",\"url\":\"https:\/\/www.notibras.com\/site\/wp-content\/uploads\/2026\/03\/WhatsApp-Image-2026-02-26-at-16.10.11-1.jpeg\",\"contentUrl\":\"https:\/\/www.notibras.com\/site\/wp-content\/uploads\/2026\/03\/WhatsApp-Image-2026-02-26-at-16.10.11-1.jpeg\",\"width\":1600,\"height\":1066},{\"@type\":\"BreadcrumbList\",\"@id\":\"https:\/\/www.notibras.com\/site\/ampliacao-em-77-das-urgencias-cardiacas\/#breadcrumb\",\"itemListElement\":[{\"@type\":\"ListItem\",\"position\":1,\"name\":\"In\u00edcio\",\"item\":\"https:\/\/www.notibras.com\/site\/\"},{\"@type\":\"ListItem\",\"position\":2,\"name\":\"Amplia\u00e7\u00e3o em 77% das urg\u00eancias card\u00edacas\"}]},{\"@type\":\"WebSite\",\"@id\":\"https:\/\/www.notibras.com\/site\/#website\",\"url\":\"https:\/\/www.notibras.com\/site\/\",\"name\":\"Notibras\",\"description\":\"Not\u00edcias de Bras\u00edlia, do Brasil e do Mundo\",\"publisher\":{\"@id\":\"https:\/\/www.notibras.com\/site\/#organization\"},\"potentialAction\":[{\"@type\":\"SearchAction\",\"target\":{\"@type\":\"EntryPoint\",\"urlTemplate\":\"https:\/\/www.notibras.com\/site\/?s={search_term_string}\"},\"query-input\":{\"@type\":\"PropertyValueSpecification\",\"valueRequired\":true,\"valueName\":\"search_term_string\"}}],\"inLanguage\":\"pt-BR\"},{\"@type\":\"Organization\",\"@id\":\"https:\/\/www.notibras.com\/site\/#organization\",\"name\":\"Grupo Notibras de Comunica\u00e7\u00e3o\",\"url\":\"https:\/\/www.notibras.com\/site\/\",\"logo\":{\"@type\":\"ImageObject\",\"inLanguage\":\"pt-BR\",\"@id\":\"https:\/\/www.notibras.com\/site\/#\/schema\/logo\/image\/\",\"url\":\"https:\/\/www.notibras.com\/site\/wp-content\/uploads\/2023\/01\/notibras23.png\",\"contentUrl\":\"https:\/\/www.notibras.com\/site\/wp-content\/uploads\/2023\/01\/notibras23.png\",\"width\":350,\"height\":87,\"caption\":\"Grupo Notibras de Comunica\u00e7\u00e3o\"},\"image\":{\"@id\":\"https:\/\/www.notibras.com\/site\/#\/schema\/logo\/image\/\"},\"sameAs\":[\"https:\/\/www.facebook.com\/notibras\/\",\"https:\/\/x.com\/Notibras\",\"https:\/\/www.instagram.com\/notibras\/\"]},{\"@type\":\"Person\",\"@id\":\"https:\/\/www.notibras.com\/site\/#\/schema\/person\/5b7fabf2aedc3ada2105f03b22b4d3dd\",\"name\":\"Eduardo Mart\u00ednez\",\"image\":{\"@type\":\"ImageObject\",\"inLanguage\":\"pt-BR\",\"@id\":\"https:\/\/secure.gravatar.com\/avatar\/7902f906289926289cbcda644b5197c796b893c6ffd7b9a536a42d290f7704a0?s=96&d=mm&r=g\",\"url\":\"https:\/\/secure.gravatar.com\/avatar\/7902f906289926289cbcda644b5197c796b893c6ffd7b9a536a42d290f7704a0?s=96&d=mm&r=g\",\"contentUrl\":\"https:\/\/secure.gravatar.com\/avatar\/7902f906289926289cbcda644b5197c796b893c6ffd7b9a536a42d290f7704a0?s=96&d=mm&r=g\",\"caption\":\"Eduardo Mart\u00ednez\"}}]}<\/script>\n<!-- \/ Yoast SEO plugin. -->","yoast_head_json":{"title":"Amplia\u00e7\u00e3o em 77% das urg\u00eancias card\u00edacas - Notibras","robots":{"index":"index","follow":"follow","max-snippet":"max-snippet:-1","max-image-preview":"max-image-preview:large","max-video-preview":"max-video-preview:-1"},"canonical":"https:\/\/www.notibras.com\/site\/ampliacao-em-77-das-urgencias-cardiacas\/","og_locale":"pt_BR","og_type":"article","og_title":"Amplia\u00e7\u00e3o em 77% das urg\u00eancias card\u00edacas - Notibras","og_description":"Dor no peito, falta de ar e mal-estar s\u00e3o sinais que exigem atendimento imediato. \u00c9 diante desses quadros que o sistema de urg\u00eancia entra em a\u00e7\u00e3o. No Hospital de Base do Distrito Federal (HBDF), os atendimentos relacionados ao cora\u00e7\u00e3o tiveram um salto de 77% em 2025. Esse aumento se deve \u00e0 reorganiza\u00e7\u00e3o da porta de [&hellip;]","og_url":"https:\/\/www.notibras.com\/site\/ampliacao-em-77-das-urgencias-cardiacas\/","og_site_name":"Notibras","article_publisher":"https:\/\/www.facebook.com\/notibras\/","article_published_time":"2026-03-06T03:15:06+00:00","og_image":[{"width":1600,"height":1066,"url":"https:\/\/www.notibras.com\/site\/wp-content\/uploads\/2026\/03\/WhatsApp-Image-2026-02-26-at-16.10.11-1.jpeg","type":"image\/jpeg"}],"author":"Eduardo Mart\u00ednez","twitter_card":"summary_large_image","twitter_creator":"@Notibras","twitter_site":"@Notibras","twitter_misc":{"Escrito por":"Eduardo Mart\u00ednez","Est. tempo de leitura":"4 minutos"},"schema":{"@context":"https:\/\/schema.org","@graph":[{"@type":"Article","@id":"https:\/\/www.notibras.com\/site\/ampliacao-em-77-das-urgencias-cardiacas\/#article","isPartOf":{"@id":"https:\/\/www.notibras.com\/site\/ampliacao-em-77-das-urgencias-cardiacas\/"},"author":{"name":"Eduardo Mart\u00ednez","@id":"https:\/\/www.notibras.com\/site\/#\/schema\/person\/5b7fabf2aedc3ada2105f03b22b4d3dd"},"headline":"Amplia\u00e7\u00e3o em 77% das urg\u00eancias card\u00edacas","datePublished":"2026-03-06T03:15:06+00:00","mainEntityOfPage":{"@id":"https:\/\/www.notibras.com\/site\/ampliacao-em-77-das-urgencias-cardiacas\/"},"wordCount":590,"publisher":{"@id":"https:\/\/www.notibras.com\/site\/#organization"},"image":{"@id":"https:\/\/www.notibras.com\/site\/ampliacao-em-77-das-urgencias-cardiacas\/#primaryimage"},"thumbnailUrl":"https:\/\/www.notibras.com\/site\/wp-content\/uploads\/2026\/03\/WhatsApp-Image-2026-02-26-at-16.10.11-1.jpeg","articleSection":["Quadradinho em Foco"],"inLanguage":"pt-BR"},{"@type":"WebPage","@id":"https:\/\/www.notibras.com\/site\/ampliacao-em-77-das-urgencias-cardiacas\/","url":"https:\/\/www.notibras.com\/site\/ampliacao-em-77-das-urgencias-cardiacas\/","name":"Amplia\u00e7\u00e3o em 77% das urg\u00eancias card\u00edacas - Notibras","isPartOf":{"@id":"https:\/\/www.notibras.com\/site\/#website"},"primaryImageOfPage":{"@id":"https:\/\/www.notibras.com\/site\/ampliacao-em-77-das-urgencias-cardiacas\/#primaryimage"},"image":{"@id":"https:\/\/www.notibras.com\/site\/ampliacao-em-77-das-urgencias-cardiacas\/#primaryimage"},"thumbnailUrl":"https:\/\/www.notibras.com\/site\/wp-content\/uploads\/2026\/03\/WhatsApp-Image-2026-02-26-at-16.10.11-1.jpeg","datePublished":"2026-03-06T03:15:06+00:00","breadcrumb":{"@id":"https:\/\/www.notibras.com\/site\/ampliacao-em-77-das-urgencias-cardiacas\/#breadcrumb"},"inLanguage":"pt-BR","potentialAction":[{"@type":"ReadAction","target":["https:\/\/www.notibras.com\/site\/ampliacao-em-77-das-urgencias-cardiacas\/"]}]},{"@type":"ImageObject","inLanguage":"pt-BR","@id":"https:\/\/www.notibras.com\/site\/ampliacao-em-77-das-urgencias-cardiacas\/#primaryimage","url":"https:\/\/www.notibras.com\/site\/wp-content\/uploads\/2026\/03\/WhatsApp-Image-2026-02-26-at-16.10.11-1.jpeg","contentUrl":"https:\/\/www.notibras.com\/site\/wp-content\/uploads\/2026\/03\/WhatsApp-Image-2026-02-26-at-16.10.11-1.jpeg","width":1600,"height":1066},{"@type":"BreadcrumbList","@id":"https:\/\/www.notibras.com\/site\/ampliacao-em-77-das-urgencias-cardiacas\/#breadcrumb","itemListElement":[{"@type":"ListItem","position":1,"name":"In\u00edcio","item":"https:\/\/www.notibras.com\/site\/"},{"@type":"ListItem","position":2,"name":"Amplia\u00e7\u00e3o em 77% das urg\u00eancias card\u00edacas"}]},{"@type":"WebSite","@id":"https:\/\/www.notibras.com\/site\/#website","url":"https:\/\/www.notibras.com\/site\/","name":"Notibras","description":"Not\u00edcias de Bras\u00edlia, do Brasil e do Mundo","publisher":{"@id":"https:\/\/www.notibras.com\/site\/#organization"},"potentialAction":[{"@type":"SearchAction","target":{"@type":"EntryPoint","urlTemplate":"https:\/\/www.notibras.com\/site\/?s={search_term_string}"},"query-input":{"@type":"PropertyValueSpecification","valueRequired":true,"valueName":"search_term_string"}}],"inLanguage":"pt-BR"},{"@type":"Organization","@id":"https:\/\/www.notibras.com\/site\/#organization","name":"Grupo Notibras de Comunica\u00e7\u00e3o","url":"https:\/\/www.notibras.com\/site\/","logo":{"@type":"ImageObject","inLanguage":"pt-BR","@id":"https:\/\/www.notibras.com\/site\/#\/schema\/logo\/image\/","url":"https:\/\/www.notibras.com\/site\/wp-content\/uploads\/2023\/01\/notibras23.png","contentUrl":"https:\/\/www.notibras.com\/site\/wp-content\/uploads\/2023\/01\/notibras23.png","width":350,"height":87,"caption":"Grupo Notibras de Comunica\u00e7\u00e3o"},"image":{"@id":"https:\/\/www.notibras.com\/site\/#\/schema\/logo\/image\/"},"sameAs":["https:\/\/www.facebook.com\/notibras\/","https:\/\/x.com\/Notibras","https:\/\/www.instagram.com\/notibras\/"]},{"@type":"Person","@id":"https:\/\/www.notibras.com\/site\/#\/schema\/person\/5b7fabf2aedc3ada2105f03b22b4d3dd","name":"Eduardo Mart\u00ednez","image":{"@type":"ImageObject","inLanguage":"pt-BR","@id":"https:\/\/secure.gravatar.com\/avatar\/7902f906289926289cbcda644b5197c796b893c6ffd7b9a536a42d290f7704a0?s=96&d=mm&r=g","url":"https:\/\/secure.gravatar.com\/avatar\/7902f906289926289cbcda644b5197c796b893c6ffd7b9a536a42d290f7704a0?s=96&d=mm&r=g","contentUrl":"https:\/\/secure.gravatar.com\/avatar\/7902f906289926289cbcda644b5197c796b893c6ffd7b9a536a42d290f7704a0?s=96&d=mm&r=g","caption":"Eduardo Mart\u00ednez"}}]}},"amp_enabled":true,"_links":{"self":[{"href":"https:\/\/www.notibras.com\/site\/wp-json\/wp\/v2\/posts\/385730","targetHints":{"allow":["GET"]}}],"collection":[{"href":"https:\/\/www.notibras.com\/site\/wp-json\/wp\/v2\/posts"}],"about":[{"href":"https:\/\/www.notibras.com\/site\/wp-json\/wp\/v2\/types\/post"}],"author":[{"embeddable":true,"href":"https:\/\/www.notibras.com\/site\/wp-json\/wp\/v2\/users\/21"}],"replies":[{"embeddable":true,"href":"https:\/\/www.notibras.com\/site\/wp-json\/wp\/v2\/comments?post=385730"}],"version-history":[{"count":3,"href":"https:\/\/www.notibras.com\/site\/wp-json\/wp\/v2\/posts\/385730\/revisions"}],"predecessor-version":[{"id":385734,"href":"https:\/\/www.notibras.com\/site\/wp-json\/wp\/v2\/posts\/385730\/revisions\/385734"}],"wp:featuredmedia":[{"embeddable":true,"href":"https:\/\/www.notibras.com\/site\/wp-json\/wp\/v2\/media\/385731"}],"wp:attachment":[{"href":"https:\/\/www.notibras.com\/site\/wp-json\/wp\/v2\/media?parent=385730"}],"wp:term":[{"taxonomy":"category","embeddable":true,"href":"https:\/\/www.notibras.com\/site\/wp-json\/wp\/v2\/categories?post=385730"},{"taxonomy":"post_tag","embeddable":true,"href":"https:\/\/www.notibras.com\/site\/wp-json\/wp\/v2\/tags?post=385730"}],"curies":[{"name":"wp","href":"https:\/\/api.w.org\/{rel}","templated":true}]}}