{"id":385743,"date":"2026-03-08T01:05:07","date_gmt":"2026-03-08T04:05:07","guid":{"rendered":"https:\/\/www.notibras.com\/site\/?p=385743"},"modified":"2026-03-05T21:13:52","modified_gmt":"2026-03-06T00:13:52","slug":"nascer-mulher-escolher-se","status":"publish","type":"post","link":"https:\/\/www.notibras.com\/site\/nascer-mulher-escolher-se\/","title":{"rendered":"NASCER MULHER, ESCOLHER-SE"},"content":{"rendered":"<p>Se no poder h\u00e1 homens que n\u00e3o suportam mulheres, \u00e9 porque, quando se \u00e9 mulher, \u00e9 preciso ser duas vezes. \u00c9 preciso gestar ainda que n\u00e3o se queira parir. \u00c9 preciso provar-se brilhante \u2014 brilhar n\u00e3o basta. Ao contr\u00e1rio de deus que, em sua invisibilidade, se materializa; a mulher, em sua materialidade, \u00e9, por vezes, invisibilizada.<\/p>\n<p>Certa vez, entrando na Igreja de S\u00e3o Francisco de Assis, uma mulher me disse ter pena de Deus. Imagine o que ela n\u00e3o tinha, ent\u00e3o, por si. Uma grande f\u00e9.<\/p>\n<p>&#8220;A vida \u00e9 uns deveres que trouxemos para fazer em casa&#8221;, mas me esqueci de faz\u00ea-los. Meus professores de matem\u00e1tica detestavam minhas provas, pois sempre fui dada \u00e0s rasuras.<\/p>\n<p>De forma n\u00e3o muito distante, tamb\u00e9m sou muito an\u00e1rquica com a vida. O ac\u00famulo do n\u00e3o-viver, todavia, vai transbordando aos poucos na repeti\u00e7\u00e3o de dias em que ironicamente se vive. \u00c9 que a dualidade existencial \u00e9 mais fina do que pens\u00e1vamos, e a conjuntura t\u00e9cnica do que agrada tamb\u00e9m se apresenta de forma complexa: a zona de conforto deveras desconfort\u00e1vel.<\/p>\n<p>Pensando naquela hist\u00f3ria pela qual, por muito, n\u00e3o me perdoei, entendi que nascer mulher \u00e9 nascer culpada e, arrastando os dias, me vi num beco sem sa\u00edda: ou vivia a culpa ou vivia eu. Assim como os homens, n\u00e3o sou perfeita. Sou prolixa e procrastino, mas tamb\u00e9m jeitosa quando me interesso. Leio livros pela metade, n\u00e3o acredito que a pregui\u00e7a seja pecado e, dia sim, dia n\u00e3o, acredito em sucesso sem esfor\u00e7o. Nem sempre escrevo como deveria e, por vezes, o impulso me faz rabiscar tudo. O que me salva \u00e9 permanecer escrevendo, e o contr\u00e1rio n\u00e3o poderia ser.<\/p>\n<p>Lembro-me com perfei\u00e7\u00e3o do sentimento, t\u00e3o semelhante ao de agora, que senti h\u00e1 muito tempo. Voltava duma viagem de trabalho a Curitiba, tinha ent\u00e3o meus 18 anos. Nada al\u00e9m de uma piscadela mudara tudo. Algo se apagava dentro e tive a impress\u00e3o de que nascia ou morria algo \u2014 sentimento extremamente ambivalente.<\/p>\n<p>\u00c0s cinco da manh\u00e3 daquele dia, escrevi \u2013 sempre acordei assustada \u00e0s cinco da manh\u00e3 \u2013, e acordei em mim numa madrugada t\u00e3o escura que tinha medo de continuar o caminho. Mas continuava.<\/p>\n<p>Essa sensa\u00e7\u00e3o me reapareceu aos 22 numa noite extremamente fria. Escrevi um conto sobre algo que nunca vivi. Todavia, me rotularam e me cuspiram por uma vida inventada. Mas um homem, ah, como s\u00e3o potentes artistas ou qualquer-nome. O mais med\u00edocre de todos se sente uma pot\u00eancia, e lhes enchemos de saliva, e de aplausos, e de flores, e de honras.<\/p>\n<p>Secando, nesse deserto \u00e1rido de pensamentos atravessados, est\u00e1 nosso corpo \u00e0 espera duma chuva prateada de \u00f3dio.<\/p>\n<p>O fastio me vem numa terceira onda agora. A absurdez da vida me p\u00f5e em pausa. Profundo cansa\u00e7o. N\u00e3o queria lutar. N\u00e3o queria ter de dizer o \u00f3bvio. N\u00e3o queria empregar meus bra\u00e7os cansados a levantar bandeiras numa rua em que meus gritos sejam engarrafados, transfigurados e vendidos. N\u00e3o mais espero por nada, levanto e ando, ainda que cansada, ainda que n\u00e3o queira.<\/p>\n<p>H\u00e1 alguns dias, uma mulher me disse que as pessoas me escolhem pela minha verdade; mas tamb\u00e9m \u00e9 por ela que os homens se v\u00e3o. Assassinar minha autenticidade em prol de um mundo de homens \u00e9 requisito para um suic\u00eddio ao qual n\u00e3o estou disposta. \u00c9 obriga\u00e7\u00e3o me insurgir contra o que me violenta e, na dualidade culpa-mulher, sempre me escolher.<\/p>\n<p>Ser med\u00edocre \u00e9 coisa pra macho. Mulher \u00e9 pra ser revolucion\u00e1ria. Eu (me) sou.<\/p>\n<p><strong>&#8230;&#8230;&#8230;..<\/strong><\/p>\n<p><strong>Cris Guedes \u00e9 poeta, advogada e revisora, mestre em Direito pela UNB e mestranda em literatura.<\/strong><\/p>\n","protected":false},"excerpt":{"rendered":"<p>Se no poder h\u00e1 homens que n\u00e3o suportam mulheres, \u00e9 porque, quando se \u00e9 mulher, \u00e9 preciso ser duas vezes. \u00c9 preciso gestar ainda que n\u00e3o se queira parir. \u00c9 preciso provar-se brilhante \u2014 brilhar n\u00e3o basta. Ao contr\u00e1rio de deus que, em sua invisibilidade, se materializa; a mulher, em sua materialidade, \u00e9, por vezes, [&hellip;]<\/p>\n","protected":false},"author":21,"featured_media":385744,"comment_status":"closed","ping_status":"closed","sticky":false,"template":"","format":"standard","meta":{"_acf_changed":false,"footnotes":""},"categories":[234],"tags":[],"class_list":["post-385743","post","type-post","status-publish","format-standard","has-post-thumbnail","hentry","category-cafe-literario"],"acf":[],"yoast_head":"<!-- This site is optimized with the Yoast SEO plugin v27.2 - https:\/\/yoast.com\/product\/yoast-seo-wordpress\/ -->\n<title>NASCER MULHER, ESCOLHER-SE - Notibras<\/title>\n<meta name=\"robots\" content=\"index, follow, max-snippet:-1, max-image-preview:large, max-video-preview:-1\" \/>\n<link rel=\"canonical\" href=\"https:\/\/www.notibras.com\/site\/nascer-mulher-escolher-se\/\" \/>\n<meta property=\"og:locale\" content=\"pt_BR\" \/>\n<meta property=\"og:type\" content=\"article\" \/>\n<meta property=\"og:title\" content=\"NASCER MULHER, ESCOLHER-SE - Notibras\" \/>\n<meta property=\"og:description\" content=\"Se no poder h\u00e1 homens que n\u00e3o suportam mulheres, \u00e9 porque, quando se \u00e9 mulher, \u00e9 preciso ser duas vezes. \u00c9 preciso gestar ainda que n\u00e3o se queira parir. \u00c9 preciso provar-se brilhante \u2014 brilhar n\u00e3o basta. Ao contr\u00e1rio de deus que, em sua invisibilidade, se materializa; a mulher, em sua materialidade, \u00e9, por vezes, [&hellip;]\" \/>\n<meta property=\"og:url\" content=\"https:\/\/www.notibras.com\/site\/nascer-mulher-escolher-se\/\" \/>\n<meta property=\"og:site_name\" content=\"Notibras\" \/>\n<meta property=\"article:publisher\" content=\"https:\/\/www.facebook.com\/notibras\/\" \/>\n<meta property=\"article:published_time\" content=\"2026-03-08T04:05:07+00:00\" \/>\n<meta property=\"og:image\" content=\"https:\/\/www.notibras.com\/site\/wp-content\/uploads\/2026\/03\/Foto-Cris-Guedes.jpeg\" \/>\n\t<meta property=\"og:image:width\" content=\"1170\" \/>\n\t<meta property=\"og:image:height\" content=\"1421\" \/>\n\t<meta property=\"og:image:type\" content=\"image\/jpeg\" \/>\n<meta name=\"author\" content=\"Eduardo Mart\u00ednez\" \/>\n<meta name=\"twitter:card\" content=\"summary_large_image\" \/>\n<meta name=\"twitter:creator\" content=\"@Notibras\" \/>\n<meta name=\"twitter:site\" content=\"@Notibras\" \/>\n<meta name=\"twitter:label1\" content=\"Escrito por\" \/>\n\t<meta name=\"twitter:data1\" content=\"Eduardo Mart\u00ednez\" \/>\n\t<meta name=\"twitter:label2\" content=\"Est. tempo de leitura\" \/>\n\t<meta name=\"twitter:data2\" content=\"4 minutos\" \/>\n<script type=\"application\/ld+json\" class=\"yoast-schema-graph\">{\"@context\":\"https:\/\/schema.org\",\"@graph\":[{\"@type\":\"Article\",\"@id\":\"https:\/\/www.notibras.com\/site\/nascer-mulher-escolher-se\/#article\",\"isPartOf\":{\"@id\":\"https:\/\/www.notibras.com\/site\/nascer-mulher-escolher-se\/\"},\"author\":{\"name\":\"Eduardo Mart\u00ednez\",\"@id\":\"https:\/\/www.notibras.com\/site\/#\/schema\/person\/5b7fabf2aedc3ada2105f03b22b4d3dd\"},\"headline\":\"NASCER MULHER, ESCOLHER-SE\",\"datePublished\":\"2026-03-08T04:05:07+00:00\",\"mainEntityOfPage\":{\"@id\":\"https:\/\/www.notibras.com\/site\/nascer-mulher-escolher-se\/\"},\"wordCount\":625,\"publisher\":{\"@id\":\"https:\/\/www.notibras.com\/site\/#organization\"},\"image\":{\"@id\":\"https:\/\/www.notibras.com\/site\/nascer-mulher-escolher-se\/#primaryimage\"},\"thumbnailUrl\":\"https:\/\/www.notibras.com\/site\/wp-content\/uploads\/2026\/03\/Foto-Cris-Guedes.jpeg\",\"articleSection\":[\"Caf\u00e9 Liter\u00e1rio\"],\"inLanguage\":\"pt-BR\"},{\"@type\":\"WebPage\",\"@id\":\"https:\/\/www.notibras.com\/site\/nascer-mulher-escolher-se\/\",\"url\":\"https:\/\/www.notibras.com\/site\/nascer-mulher-escolher-se\/\",\"name\":\"NASCER MULHER, ESCOLHER-SE - Notibras\",\"isPartOf\":{\"@id\":\"https:\/\/www.notibras.com\/site\/#website\"},\"primaryImageOfPage\":{\"@id\":\"https:\/\/www.notibras.com\/site\/nascer-mulher-escolher-se\/#primaryimage\"},\"image\":{\"@id\":\"https:\/\/www.notibras.com\/site\/nascer-mulher-escolher-se\/#primaryimage\"},\"thumbnailUrl\":\"https:\/\/www.notibras.com\/site\/wp-content\/uploads\/2026\/03\/Foto-Cris-Guedes.jpeg\",\"datePublished\":\"2026-03-08T04:05:07+00:00\",\"breadcrumb\":{\"@id\":\"https:\/\/www.notibras.com\/site\/nascer-mulher-escolher-se\/#breadcrumb\"},\"inLanguage\":\"pt-BR\",\"potentialAction\":[{\"@type\":\"ReadAction\",\"target\":[\"https:\/\/www.notibras.com\/site\/nascer-mulher-escolher-se\/\"]}]},{\"@type\":\"ImageObject\",\"inLanguage\":\"pt-BR\",\"@id\":\"https:\/\/www.notibras.com\/site\/nascer-mulher-escolher-se\/#primaryimage\",\"url\":\"https:\/\/www.notibras.com\/site\/wp-content\/uploads\/2026\/03\/Foto-Cris-Guedes.jpeg\",\"contentUrl\":\"https:\/\/www.notibras.com\/site\/wp-content\/uploads\/2026\/03\/Foto-Cris-Guedes.jpeg\",\"width\":1170,\"height\":1421},{\"@type\":\"BreadcrumbList\",\"@id\":\"https:\/\/www.notibras.com\/site\/nascer-mulher-escolher-se\/#breadcrumb\",\"itemListElement\":[{\"@type\":\"ListItem\",\"position\":1,\"name\":\"In\u00edcio\",\"item\":\"https:\/\/www.notibras.com\/site\/\"},{\"@type\":\"ListItem\",\"position\":2,\"name\":\"NASCER MULHER, ESCOLHER-SE\"}]},{\"@type\":\"WebSite\",\"@id\":\"https:\/\/www.notibras.com\/site\/#website\",\"url\":\"https:\/\/www.notibras.com\/site\/\",\"name\":\"Notibras\",\"description\":\"Not\u00edcias de Bras\u00edlia, do Brasil e do Mundo\",\"publisher\":{\"@id\":\"https:\/\/www.notibras.com\/site\/#organization\"},\"potentialAction\":[{\"@type\":\"SearchAction\",\"target\":{\"@type\":\"EntryPoint\",\"urlTemplate\":\"https:\/\/www.notibras.com\/site\/?s={search_term_string}\"},\"query-input\":{\"@type\":\"PropertyValueSpecification\",\"valueRequired\":true,\"valueName\":\"search_term_string\"}}],\"inLanguage\":\"pt-BR\"},{\"@type\":\"Organization\",\"@id\":\"https:\/\/www.notibras.com\/site\/#organization\",\"name\":\"Grupo Notibras de Comunica\u00e7\u00e3o\",\"url\":\"https:\/\/www.notibras.com\/site\/\",\"logo\":{\"@type\":\"ImageObject\",\"inLanguage\":\"pt-BR\",\"@id\":\"https:\/\/www.notibras.com\/site\/#\/schema\/logo\/image\/\",\"url\":\"https:\/\/www.notibras.com\/site\/wp-content\/uploads\/2023\/01\/notibras23.png\",\"contentUrl\":\"https:\/\/www.notibras.com\/site\/wp-content\/uploads\/2023\/01\/notibras23.png\",\"width\":350,\"height\":87,\"caption\":\"Grupo Notibras de Comunica\u00e7\u00e3o\"},\"image\":{\"@id\":\"https:\/\/www.notibras.com\/site\/#\/schema\/logo\/image\/\"},\"sameAs\":[\"https:\/\/www.facebook.com\/notibras\/\",\"https:\/\/x.com\/Notibras\",\"https:\/\/www.instagram.com\/notibras\/\"]},{\"@type\":\"Person\",\"@id\":\"https:\/\/www.notibras.com\/site\/#\/schema\/person\/5b7fabf2aedc3ada2105f03b22b4d3dd\",\"name\":\"Eduardo Mart\u00ednez\",\"image\":{\"@type\":\"ImageObject\",\"inLanguage\":\"pt-BR\",\"@id\":\"https:\/\/secure.gravatar.com\/avatar\/7902f906289926289cbcda644b5197c796b893c6ffd7b9a536a42d290f7704a0?s=96&d=mm&r=g\",\"url\":\"https:\/\/secure.gravatar.com\/avatar\/7902f906289926289cbcda644b5197c796b893c6ffd7b9a536a42d290f7704a0?s=96&d=mm&r=g\",\"contentUrl\":\"https:\/\/secure.gravatar.com\/avatar\/7902f906289926289cbcda644b5197c796b893c6ffd7b9a536a42d290f7704a0?s=96&d=mm&r=g\",\"caption\":\"Eduardo Mart\u00ednez\"}}]}<\/script>\n<!-- \/ Yoast SEO plugin. -->","yoast_head_json":{"title":"NASCER MULHER, ESCOLHER-SE - Notibras","robots":{"index":"index","follow":"follow","max-snippet":"max-snippet:-1","max-image-preview":"max-image-preview:large","max-video-preview":"max-video-preview:-1"},"canonical":"https:\/\/www.notibras.com\/site\/nascer-mulher-escolher-se\/","og_locale":"pt_BR","og_type":"article","og_title":"NASCER MULHER, ESCOLHER-SE - Notibras","og_description":"Se no poder h\u00e1 homens que n\u00e3o suportam mulheres, \u00e9 porque, quando se \u00e9 mulher, \u00e9 preciso ser duas vezes. \u00c9 preciso gestar ainda que n\u00e3o se queira parir. \u00c9 preciso provar-se brilhante \u2014 brilhar n\u00e3o basta. Ao contr\u00e1rio de deus que, em sua invisibilidade, se materializa; a mulher, em sua materialidade, \u00e9, por vezes, [&hellip;]","og_url":"https:\/\/www.notibras.com\/site\/nascer-mulher-escolher-se\/","og_site_name":"Notibras","article_publisher":"https:\/\/www.facebook.com\/notibras\/","article_published_time":"2026-03-08T04:05:07+00:00","og_image":[{"width":1170,"height":1421,"url":"https:\/\/www.notibras.com\/site\/wp-content\/uploads\/2026\/03\/Foto-Cris-Guedes.jpeg","type":"image\/jpeg"}],"author":"Eduardo Mart\u00ednez","twitter_card":"summary_large_image","twitter_creator":"@Notibras","twitter_site":"@Notibras","twitter_misc":{"Escrito por":"Eduardo Mart\u00ednez","Est. tempo de leitura":"4 minutos"},"schema":{"@context":"https:\/\/schema.org","@graph":[{"@type":"Article","@id":"https:\/\/www.notibras.com\/site\/nascer-mulher-escolher-se\/#article","isPartOf":{"@id":"https:\/\/www.notibras.com\/site\/nascer-mulher-escolher-se\/"},"author":{"name":"Eduardo Mart\u00ednez","@id":"https:\/\/www.notibras.com\/site\/#\/schema\/person\/5b7fabf2aedc3ada2105f03b22b4d3dd"},"headline":"NASCER MULHER, ESCOLHER-SE","datePublished":"2026-03-08T04:05:07+00:00","mainEntityOfPage":{"@id":"https:\/\/www.notibras.com\/site\/nascer-mulher-escolher-se\/"},"wordCount":625,"publisher":{"@id":"https:\/\/www.notibras.com\/site\/#organization"},"image":{"@id":"https:\/\/www.notibras.com\/site\/nascer-mulher-escolher-se\/#primaryimage"},"thumbnailUrl":"https:\/\/www.notibras.com\/site\/wp-content\/uploads\/2026\/03\/Foto-Cris-Guedes.jpeg","articleSection":["Caf\u00e9 Liter\u00e1rio"],"inLanguage":"pt-BR"},{"@type":"WebPage","@id":"https:\/\/www.notibras.com\/site\/nascer-mulher-escolher-se\/","url":"https:\/\/www.notibras.com\/site\/nascer-mulher-escolher-se\/","name":"NASCER MULHER, ESCOLHER-SE - Notibras","isPartOf":{"@id":"https:\/\/www.notibras.com\/site\/#website"},"primaryImageOfPage":{"@id":"https:\/\/www.notibras.com\/site\/nascer-mulher-escolher-se\/#primaryimage"},"image":{"@id":"https:\/\/www.notibras.com\/site\/nascer-mulher-escolher-se\/#primaryimage"},"thumbnailUrl":"https:\/\/www.notibras.com\/site\/wp-content\/uploads\/2026\/03\/Foto-Cris-Guedes.jpeg","datePublished":"2026-03-08T04:05:07+00:00","breadcrumb":{"@id":"https:\/\/www.notibras.com\/site\/nascer-mulher-escolher-se\/#breadcrumb"},"inLanguage":"pt-BR","potentialAction":[{"@type":"ReadAction","target":["https:\/\/www.notibras.com\/site\/nascer-mulher-escolher-se\/"]}]},{"@type":"ImageObject","inLanguage":"pt-BR","@id":"https:\/\/www.notibras.com\/site\/nascer-mulher-escolher-se\/#primaryimage","url":"https:\/\/www.notibras.com\/site\/wp-content\/uploads\/2026\/03\/Foto-Cris-Guedes.jpeg","contentUrl":"https:\/\/www.notibras.com\/site\/wp-content\/uploads\/2026\/03\/Foto-Cris-Guedes.jpeg","width":1170,"height":1421},{"@type":"BreadcrumbList","@id":"https:\/\/www.notibras.com\/site\/nascer-mulher-escolher-se\/#breadcrumb","itemListElement":[{"@type":"ListItem","position":1,"name":"In\u00edcio","item":"https:\/\/www.notibras.com\/site\/"},{"@type":"ListItem","position":2,"name":"NASCER MULHER, ESCOLHER-SE"}]},{"@type":"WebSite","@id":"https:\/\/www.notibras.com\/site\/#website","url":"https:\/\/www.notibras.com\/site\/","name":"Notibras","description":"Not\u00edcias de Bras\u00edlia, do Brasil e do Mundo","publisher":{"@id":"https:\/\/www.notibras.com\/site\/#organization"},"potentialAction":[{"@type":"SearchAction","target":{"@type":"EntryPoint","urlTemplate":"https:\/\/www.notibras.com\/site\/?s={search_term_string}"},"query-input":{"@type":"PropertyValueSpecification","valueRequired":true,"valueName":"search_term_string"}}],"inLanguage":"pt-BR"},{"@type":"Organization","@id":"https:\/\/www.notibras.com\/site\/#organization","name":"Grupo Notibras de Comunica\u00e7\u00e3o","url":"https:\/\/www.notibras.com\/site\/","logo":{"@type":"ImageObject","inLanguage":"pt-BR","@id":"https:\/\/www.notibras.com\/site\/#\/schema\/logo\/image\/","url":"https:\/\/www.notibras.com\/site\/wp-content\/uploads\/2023\/01\/notibras23.png","contentUrl":"https:\/\/www.notibras.com\/site\/wp-content\/uploads\/2023\/01\/notibras23.png","width":350,"height":87,"caption":"Grupo Notibras de Comunica\u00e7\u00e3o"},"image":{"@id":"https:\/\/www.notibras.com\/site\/#\/schema\/logo\/image\/"},"sameAs":["https:\/\/www.facebook.com\/notibras\/","https:\/\/x.com\/Notibras","https:\/\/www.instagram.com\/notibras\/"]},{"@type":"Person","@id":"https:\/\/www.notibras.com\/site\/#\/schema\/person\/5b7fabf2aedc3ada2105f03b22b4d3dd","name":"Eduardo Mart\u00ednez","image":{"@type":"ImageObject","inLanguage":"pt-BR","@id":"https:\/\/secure.gravatar.com\/avatar\/7902f906289926289cbcda644b5197c796b893c6ffd7b9a536a42d290f7704a0?s=96&d=mm&r=g","url":"https:\/\/secure.gravatar.com\/avatar\/7902f906289926289cbcda644b5197c796b893c6ffd7b9a536a42d290f7704a0?s=96&d=mm&r=g","contentUrl":"https:\/\/secure.gravatar.com\/avatar\/7902f906289926289cbcda644b5197c796b893c6ffd7b9a536a42d290f7704a0?s=96&d=mm&r=g","caption":"Eduardo Mart\u00ednez"}}]}},"amp_enabled":true,"_links":{"self":[{"href":"https:\/\/www.notibras.com\/site\/wp-json\/wp\/v2\/posts\/385743","targetHints":{"allow":["GET"]}}],"collection":[{"href":"https:\/\/www.notibras.com\/site\/wp-json\/wp\/v2\/posts"}],"about":[{"href":"https:\/\/www.notibras.com\/site\/wp-json\/wp\/v2\/types\/post"}],"author":[{"embeddable":true,"href":"https:\/\/www.notibras.com\/site\/wp-json\/wp\/v2\/users\/21"}],"replies":[{"embeddable":true,"href":"https:\/\/www.notibras.com\/site\/wp-json\/wp\/v2\/comments?post=385743"}],"version-history":[{"count":2,"href":"https:\/\/www.notibras.com\/site\/wp-json\/wp\/v2\/posts\/385743\/revisions"}],"predecessor-version":[{"id":385746,"href":"https:\/\/www.notibras.com\/site\/wp-json\/wp\/v2\/posts\/385743\/revisions\/385746"}],"wp:featuredmedia":[{"embeddable":true,"href":"https:\/\/www.notibras.com\/site\/wp-json\/wp\/v2\/media\/385744"}],"wp:attachment":[{"href":"https:\/\/www.notibras.com\/site\/wp-json\/wp\/v2\/media?parent=385743"}],"wp:term":[{"taxonomy":"category","embeddable":true,"href":"https:\/\/www.notibras.com\/site\/wp-json\/wp\/v2\/categories?post=385743"},{"taxonomy":"post_tag","embeddable":true,"href":"https:\/\/www.notibras.com\/site\/wp-json\/wp\/v2\/tags?post=385743"}],"curies":[{"name":"wp","href":"https:\/\/api.w.org\/{rel}","templated":true}]}}