{"id":385748,"date":"2026-03-06T00:45:16","date_gmt":"2026-03-06T03:45:16","guid":{"rendered":"https:\/\/www.notibras.com\/site\/?p=385748"},"modified":"2026-03-05T21:34:34","modified_gmt":"2026-03-06T00:34:34","slug":"programa-minha-saude-leva-atendimento-oftalmologico-gratuito","status":"publish","type":"post","link":"https:\/\/www.notibras.com\/site\/programa-minha-saude-leva-atendimento-oftalmologico-gratuito\/","title":{"rendered":"Programa Minha Sa\u00fade leva atendimento oftalmol\u00f3gico gratuito"},"content":{"rendered":"<p>A Secretaria de Sa\u00fade (SES-DF) promove, no Riacho Fundo II, mais uma a\u00e7\u00e3o do programa Minha Sa\u00fade \u2014 Etapa Oftalmologia\/Eixo 1. Fruto de parceria com a Benefic\u00eancia Hospitalar Ces\u00e1rio Lange (BHCL), a iniciativa segue at\u00e9 s\u00e1bado (7), das 8h \u00e0s 18h, ao lado da administra\u00e7\u00e3o da cidade. O atendimento \u00e9 gratuito.<\/p>\n<p>Com o objetivo de ampliar o acesso \u00e0 promo\u00e7\u00e3o, preven\u00e7\u00e3o e cuidado em sa\u00fade dos olhos, o projeto \u00e9 estruturado em eixos. Um deles destina-se ao tratamento corretivo ocular, rastreio e preven\u00e7\u00e3o. Nessa fase, h\u00e1 a entrega gratuita de 30 mil \u00f3culos para pessoas que j\u00e1 possuem receita oftalmol\u00f3gica v\u00e1lida. O programa \u00e9 executado por termo de fomento pactuado entre a SES-DF e a BHCL, no \u00e2mbito do Marco Regulat\u00f3rio das Organiza\u00e7\u00f5es da Sociedade Civil (Mrosc).<\/p>\n<p>A operadora de telemarketing Dandara Matos, 39 anos, foi diagnosticada com astigmatismo \u2014 condi\u00e7\u00e3o que causa vis\u00e3o emba\u00e7ada ou distorcida para perto e para longe. Por conta disso, precisa dos \u00f3culos durante quase todo o dia.<\/p>\n<p>\u201cConsidero a iniciativa muito importante, pois a sa\u00fade da nossa vis\u00e3o \u00e9 fundamental\u201d, avalia. \u201cReceber meus novos \u00f3culos faz toda a diferen\u00e7a no meu cotidiano. Fui muito bem-atendida\u201d. Iolanda Barbosa, de 70 anos, tamb\u00e9m comemorou a assist\u00eancia: \u201cEu estava ansiosa. Quando fui chamada, fiquei t\u00e3o feliz! \u00c9 uma iniciativa que ajuda muita gente\u201d.<\/p>\n<p>O subsecret\u00e1rio de Conv\u00eanios e Parcerias da SES-DF, Samuel Barbosa, refor\u00e7a que a a\u00e7\u00e3o promove equidade e redu\u00e7\u00e3o de desigualdades hist\u00f3ricas no acesso \u00e0 sa\u00fade. \u201cO programa pretende implementar uma pol\u00edtica p\u00fablica estruturada de aten\u00e7\u00e3o oftalmol\u00f3gica nas regi\u00f5es do Distrito Federal a quem mais necessita, e, assim, eliminar barreiras financeiras, dar autonomia, reduzir riscos de acidentes e melhorar a qualidade de vida\u201d, resume.<\/p>\n<p><strong>Cadastro<\/strong><\/p>\n<p>As a\u00e7\u00f5es est\u00e3o estruturadas em tr\u00eas frentes: promo\u00e7\u00e3o da sa\u00fade, preven\u00e7\u00e3o de doen\u00e7as e redu\u00e7\u00e3o de danos. O p\u00fablico-alvo \u00e9 composto por idosos, pessoas com defici\u00eancia (PcD), trabalhadores informais, pacientes com doen\u00e7as cr\u00f4nicas (como diabetes e hipertens\u00e3o) e moradores de regi\u00f5es com alto \u00cdndice de Vulnerabilidade Social (IVS).<\/p>\n<p>Para participar, basta fazer um cadastro pr\u00e9vio <a href=\"https:\/\/www.minhasaudedf.com.br\/\">neste site<\/a>, informando nome, CPF e dados sociais obrigat\u00f3rios. Ap\u00f3s escolher o modelo de \u00f3culos, o usu\u00e1rio finaliza a inscri\u00e7\u00e3o e recebe mensagem no celular com local e hor\u00e1rio da retirada do acess\u00f3rio.<\/p>\n<p><strong>Sobre o projeto<\/strong><\/p>\n<p>O Mais Sa\u00fade possui um investimento de R$ 8,9 milh\u00f5es para atender nove regi\u00f5es administrativas do DF: Ceil\u00e2ndia, Samambaia, Riacho Fundo II, Gama, Sol Nascente, Santa Maria, Recanto das Emas, Brazl\u00e2ndia e Arapoanga. A primeira atendida foi Ceil\u00e2ndia, onde cerca de 1,6 mil \u00f3culos foram entregues entre 21 e 23 de janeiro deste ano.<\/p>\n<p>A expectativa \u00e9 beneficiar 35 mil pessoas at\u00e9 agosto \u2014 entre entregas de \u00f3culos e 5 mil exames oftalmol\u00f3gicos. S\u00e3o atividades itinerantes que incluem triagem, interven\u00e7\u00e3o e acompanhamento. Esses atendimentos s\u00e3o integrados aos sistemas oficiais da SES-DF e ao processo normal de regula\u00e7\u00e3o.<\/p>\n<p>\u201cPor meio dessa parceria com a SES-DF, estamos devolvendo n\u00e3o apenas a vis\u00e3o, mas a dignidade e a esperan\u00e7a para milhares de pessoas\u201d, afirma a gerente do projeto, Pollyanna de Paula. \u201cUm par de \u00f3culos n\u00e3o transforma somente vidas, ele melhora o desempenho escolar, aumenta a produtividade, previne o acidente e devolve a autonomia, principalmente para os idosos.\u201d<\/p>\n","protected":false},"excerpt":{"rendered":"<p>A Secretaria de Sa\u00fade (SES-DF) promove, no Riacho Fundo II, mais uma a\u00e7\u00e3o do programa Minha Sa\u00fade \u2014 Etapa Oftalmologia\/Eixo 1. Fruto de parceria com a Benefic\u00eancia Hospitalar Ces\u00e1rio Lange (BHCL), a iniciativa segue at\u00e9 s\u00e1bado (7), das 8h \u00e0s 18h, ao lado da administra\u00e7\u00e3o da cidade. O atendimento \u00e9 gratuito. Com o objetivo de [&hellip;]<\/p>\n","protected":false},"author":21,"featured_media":385749,"comment_status":"closed","ping_status":"closed","sticky":false,"template":"","format":"standard","meta":{"_acf_changed":false,"footnotes":""},"categories":[161],"tags":[],"class_list":["post-385748","post","type-post","status-publish","format-standard","has-post-thumbnail","hentry","category-quadradinho-em-foco"],"acf":[],"yoast_head":"<!-- This site is optimized with the Yoast SEO plugin v27.2 - https:\/\/yoast.com\/product\/yoast-seo-wordpress\/ -->\n<title>Programa Minha Sa\u00fade leva atendimento oftalmol\u00f3gico gratuito - Notibras<\/title>\n<meta name=\"robots\" content=\"index, follow, max-snippet:-1, max-image-preview:large, max-video-preview:-1\" \/>\n<link rel=\"canonical\" href=\"https:\/\/www.notibras.com\/site\/programa-minha-saude-leva-atendimento-oftalmologico-gratuito\/\" \/>\n<meta property=\"og:locale\" content=\"pt_BR\" \/>\n<meta property=\"og:type\" content=\"article\" \/>\n<meta property=\"og:title\" content=\"Programa Minha Sa\u00fade leva atendimento oftalmol\u00f3gico gratuito - Notibras\" \/>\n<meta property=\"og:description\" content=\"A Secretaria de Sa\u00fade (SES-DF) promove, no Riacho Fundo II, mais uma a\u00e7\u00e3o do programa Minha Sa\u00fade \u2014 Etapa Oftalmologia\/Eixo 1. Fruto de parceria com a Benefic\u00eancia Hospitalar Ces\u00e1rio Lange (BHCL), a iniciativa segue at\u00e9 s\u00e1bado (7), das 8h \u00e0s 18h, ao lado da administra\u00e7\u00e3o da cidade. O atendimento \u00e9 gratuito. Com o objetivo de [&hellip;]\" \/>\n<meta property=\"og:url\" content=\"https:\/\/www.notibras.com\/site\/programa-minha-saude-leva-atendimento-oftalmologico-gratuito\/\" \/>\n<meta property=\"og:site_name\" content=\"Notibras\" \/>\n<meta property=\"article:publisher\" content=\"https:\/\/www.facebook.com\/notibras\/\" \/>\n<meta property=\"article:published_time\" content=\"2026-03-06T03:45:16+00:00\" \/>\n<meta property=\"og:image\" content=\"https:\/\/www.notibras.com\/site\/wp-content\/uploads\/2026\/03\/WhatsApp-Image-2026-03-05-at-21.28.16.jpeg\" \/>\n\t<meta property=\"og:image:width\" content=\"1600\" \/>\n\t<meta property=\"og:image:height\" content=\"1066\" \/>\n\t<meta property=\"og:image:type\" content=\"image\/jpeg\" \/>\n<meta name=\"author\" content=\"Eduardo Mart\u00ednez\" \/>\n<meta name=\"twitter:card\" content=\"summary_large_image\" \/>\n<meta name=\"twitter:creator\" content=\"@Notibras\" \/>\n<meta name=\"twitter:site\" content=\"@Notibras\" \/>\n<meta name=\"twitter:label1\" content=\"Escrito por\" \/>\n\t<meta name=\"twitter:data1\" content=\"Eduardo Mart\u00ednez\" \/>\n\t<meta name=\"twitter:label2\" content=\"Est. tempo de leitura\" \/>\n\t<meta name=\"twitter:data2\" content=\"4 minutos\" \/>\n<script type=\"application\/ld+json\" class=\"yoast-schema-graph\">{\"@context\":\"https:\/\/schema.org\",\"@graph\":[{\"@type\":\"Article\",\"@id\":\"https:\/\/www.notibras.com\/site\/programa-minha-saude-leva-atendimento-oftalmologico-gratuito\/#article\",\"isPartOf\":{\"@id\":\"https:\/\/www.notibras.com\/site\/programa-minha-saude-leva-atendimento-oftalmologico-gratuito\/\"},\"author\":{\"name\":\"Eduardo Mart\u00ednez\",\"@id\":\"https:\/\/www.notibras.com\/site\/#\/schema\/person\/5b7fabf2aedc3ada2105f03b22b4d3dd\"},\"headline\":\"Programa Minha Sa\u00fade leva atendimento oftalmol\u00f3gico gratuito\",\"datePublished\":\"2026-03-06T03:45:16+00:00\",\"mainEntityOfPage\":{\"@id\":\"https:\/\/www.notibras.com\/site\/programa-minha-saude-leva-atendimento-oftalmologico-gratuito\/\"},\"wordCount\":585,\"publisher\":{\"@id\":\"https:\/\/www.notibras.com\/site\/#organization\"},\"image\":{\"@id\":\"https:\/\/www.notibras.com\/site\/programa-minha-saude-leva-atendimento-oftalmologico-gratuito\/#primaryimage\"},\"thumbnailUrl\":\"https:\/\/www.notibras.com\/site\/wp-content\/uploads\/2026\/03\/WhatsApp-Image-2026-03-05-at-21.28.16.jpeg\",\"articleSection\":[\"Quadradinho em Foco\"],\"inLanguage\":\"pt-BR\"},{\"@type\":\"WebPage\",\"@id\":\"https:\/\/www.notibras.com\/site\/programa-minha-saude-leva-atendimento-oftalmologico-gratuito\/\",\"url\":\"https:\/\/www.notibras.com\/site\/programa-minha-saude-leva-atendimento-oftalmologico-gratuito\/\",\"name\":\"Programa Minha Sa\u00fade leva atendimento oftalmol\u00f3gico gratuito - Notibras\",\"isPartOf\":{\"@id\":\"https:\/\/www.notibras.com\/site\/#website\"},\"primaryImageOfPage\":{\"@id\":\"https:\/\/www.notibras.com\/site\/programa-minha-saude-leva-atendimento-oftalmologico-gratuito\/#primaryimage\"},\"image\":{\"@id\":\"https:\/\/www.notibras.com\/site\/programa-minha-saude-leva-atendimento-oftalmologico-gratuito\/#primaryimage\"},\"thumbnailUrl\":\"https:\/\/www.notibras.com\/site\/wp-content\/uploads\/2026\/03\/WhatsApp-Image-2026-03-05-at-21.28.16.jpeg\",\"datePublished\":\"2026-03-06T03:45:16+00:00\",\"breadcrumb\":{\"@id\":\"https:\/\/www.notibras.com\/site\/programa-minha-saude-leva-atendimento-oftalmologico-gratuito\/#breadcrumb\"},\"inLanguage\":\"pt-BR\",\"potentialAction\":[{\"@type\":\"ReadAction\",\"target\":[\"https:\/\/www.notibras.com\/site\/programa-minha-saude-leva-atendimento-oftalmologico-gratuito\/\"]}]},{\"@type\":\"ImageObject\",\"inLanguage\":\"pt-BR\",\"@id\":\"https:\/\/www.notibras.com\/site\/programa-minha-saude-leva-atendimento-oftalmologico-gratuito\/#primaryimage\",\"url\":\"https:\/\/www.notibras.com\/site\/wp-content\/uploads\/2026\/03\/WhatsApp-Image-2026-03-05-at-21.28.16.jpeg\",\"contentUrl\":\"https:\/\/www.notibras.com\/site\/wp-content\/uploads\/2026\/03\/WhatsApp-Image-2026-03-05-at-21.28.16.jpeg\",\"width\":1600,\"height\":1066},{\"@type\":\"BreadcrumbList\",\"@id\":\"https:\/\/www.notibras.com\/site\/programa-minha-saude-leva-atendimento-oftalmologico-gratuito\/#breadcrumb\",\"itemListElement\":[{\"@type\":\"ListItem\",\"position\":1,\"name\":\"In\u00edcio\",\"item\":\"https:\/\/www.notibras.com\/site\/\"},{\"@type\":\"ListItem\",\"position\":2,\"name\":\"Programa Minha Sa\u00fade leva atendimento oftalmol\u00f3gico gratuito\"}]},{\"@type\":\"WebSite\",\"@id\":\"https:\/\/www.notibras.com\/site\/#website\",\"url\":\"https:\/\/www.notibras.com\/site\/\",\"name\":\"Notibras\",\"description\":\"Not\u00edcias de Bras\u00edlia, do Brasil e do Mundo\",\"publisher\":{\"@id\":\"https:\/\/www.notibras.com\/site\/#organization\"},\"potentialAction\":[{\"@type\":\"SearchAction\",\"target\":{\"@type\":\"EntryPoint\",\"urlTemplate\":\"https:\/\/www.notibras.com\/site\/?s={search_term_string}\"},\"query-input\":{\"@type\":\"PropertyValueSpecification\",\"valueRequired\":true,\"valueName\":\"search_term_string\"}}],\"inLanguage\":\"pt-BR\"},{\"@type\":\"Organization\",\"@id\":\"https:\/\/www.notibras.com\/site\/#organization\",\"name\":\"Grupo Notibras de Comunica\u00e7\u00e3o\",\"url\":\"https:\/\/www.notibras.com\/site\/\",\"logo\":{\"@type\":\"ImageObject\",\"inLanguage\":\"pt-BR\",\"@id\":\"https:\/\/www.notibras.com\/site\/#\/schema\/logo\/image\/\",\"url\":\"https:\/\/www.notibras.com\/site\/wp-content\/uploads\/2023\/01\/notibras23.png\",\"contentUrl\":\"https:\/\/www.notibras.com\/site\/wp-content\/uploads\/2023\/01\/notibras23.png\",\"width\":350,\"height\":87,\"caption\":\"Grupo Notibras de Comunica\u00e7\u00e3o\"},\"image\":{\"@id\":\"https:\/\/www.notibras.com\/site\/#\/schema\/logo\/image\/\"},\"sameAs\":[\"https:\/\/www.facebook.com\/notibras\/\",\"https:\/\/x.com\/Notibras\",\"https:\/\/www.instagram.com\/notibras\/\"]},{\"@type\":\"Person\",\"@id\":\"https:\/\/www.notibras.com\/site\/#\/schema\/person\/5b7fabf2aedc3ada2105f03b22b4d3dd\",\"name\":\"Eduardo Mart\u00ednez\",\"image\":{\"@type\":\"ImageObject\",\"inLanguage\":\"pt-BR\",\"@id\":\"https:\/\/secure.gravatar.com\/avatar\/7902f906289926289cbcda644b5197c796b893c6ffd7b9a536a42d290f7704a0?s=96&d=mm&r=g\",\"url\":\"https:\/\/secure.gravatar.com\/avatar\/7902f906289926289cbcda644b5197c796b893c6ffd7b9a536a42d290f7704a0?s=96&d=mm&r=g\",\"contentUrl\":\"https:\/\/secure.gravatar.com\/avatar\/7902f906289926289cbcda644b5197c796b893c6ffd7b9a536a42d290f7704a0?s=96&d=mm&r=g\",\"caption\":\"Eduardo Mart\u00ednez\"}}]}<\/script>\n<!-- \/ Yoast SEO plugin. -->","yoast_head_json":{"title":"Programa Minha Sa\u00fade leva atendimento oftalmol\u00f3gico gratuito - Notibras","robots":{"index":"index","follow":"follow","max-snippet":"max-snippet:-1","max-image-preview":"max-image-preview:large","max-video-preview":"max-video-preview:-1"},"canonical":"https:\/\/www.notibras.com\/site\/programa-minha-saude-leva-atendimento-oftalmologico-gratuito\/","og_locale":"pt_BR","og_type":"article","og_title":"Programa Minha Sa\u00fade leva atendimento oftalmol\u00f3gico gratuito - Notibras","og_description":"A Secretaria de Sa\u00fade (SES-DF) promove, no Riacho Fundo II, mais uma a\u00e7\u00e3o do programa Minha Sa\u00fade \u2014 Etapa Oftalmologia\/Eixo 1. Fruto de parceria com a Benefic\u00eancia Hospitalar Ces\u00e1rio Lange (BHCL), a iniciativa segue at\u00e9 s\u00e1bado (7), das 8h \u00e0s 18h, ao lado da administra\u00e7\u00e3o da cidade. O atendimento \u00e9 gratuito. Com o objetivo de [&hellip;]","og_url":"https:\/\/www.notibras.com\/site\/programa-minha-saude-leva-atendimento-oftalmologico-gratuito\/","og_site_name":"Notibras","article_publisher":"https:\/\/www.facebook.com\/notibras\/","article_published_time":"2026-03-06T03:45:16+00:00","og_image":[{"width":1600,"height":1066,"url":"https:\/\/www.notibras.com\/site\/wp-content\/uploads\/2026\/03\/WhatsApp-Image-2026-03-05-at-21.28.16.jpeg","type":"image\/jpeg"}],"author":"Eduardo Mart\u00ednez","twitter_card":"summary_large_image","twitter_creator":"@Notibras","twitter_site":"@Notibras","twitter_misc":{"Escrito por":"Eduardo Mart\u00ednez","Est. tempo de leitura":"4 minutos"},"schema":{"@context":"https:\/\/schema.org","@graph":[{"@type":"Article","@id":"https:\/\/www.notibras.com\/site\/programa-minha-saude-leva-atendimento-oftalmologico-gratuito\/#article","isPartOf":{"@id":"https:\/\/www.notibras.com\/site\/programa-minha-saude-leva-atendimento-oftalmologico-gratuito\/"},"author":{"name":"Eduardo Mart\u00ednez","@id":"https:\/\/www.notibras.com\/site\/#\/schema\/person\/5b7fabf2aedc3ada2105f03b22b4d3dd"},"headline":"Programa Minha Sa\u00fade leva atendimento oftalmol\u00f3gico gratuito","datePublished":"2026-03-06T03:45:16+00:00","mainEntityOfPage":{"@id":"https:\/\/www.notibras.com\/site\/programa-minha-saude-leva-atendimento-oftalmologico-gratuito\/"},"wordCount":585,"publisher":{"@id":"https:\/\/www.notibras.com\/site\/#organization"},"image":{"@id":"https:\/\/www.notibras.com\/site\/programa-minha-saude-leva-atendimento-oftalmologico-gratuito\/#primaryimage"},"thumbnailUrl":"https:\/\/www.notibras.com\/site\/wp-content\/uploads\/2026\/03\/WhatsApp-Image-2026-03-05-at-21.28.16.jpeg","articleSection":["Quadradinho em Foco"],"inLanguage":"pt-BR"},{"@type":"WebPage","@id":"https:\/\/www.notibras.com\/site\/programa-minha-saude-leva-atendimento-oftalmologico-gratuito\/","url":"https:\/\/www.notibras.com\/site\/programa-minha-saude-leva-atendimento-oftalmologico-gratuito\/","name":"Programa Minha Sa\u00fade leva atendimento oftalmol\u00f3gico gratuito - Notibras","isPartOf":{"@id":"https:\/\/www.notibras.com\/site\/#website"},"primaryImageOfPage":{"@id":"https:\/\/www.notibras.com\/site\/programa-minha-saude-leva-atendimento-oftalmologico-gratuito\/#primaryimage"},"image":{"@id":"https:\/\/www.notibras.com\/site\/programa-minha-saude-leva-atendimento-oftalmologico-gratuito\/#primaryimage"},"thumbnailUrl":"https:\/\/www.notibras.com\/site\/wp-content\/uploads\/2026\/03\/WhatsApp-Image-2026-03-05-at-21.28.16.jpeg","datePublished":"2026-03-06T03:45:16+00:00","breadcrumb":{"@id":"https:\/\/www.notibras.com\/site\/programa-minha-saude-leva-atendimento-oftalmologico-gratuito\/#breadcrumb"},"inLanguage":"pt-BR","potentialAction":[{"@type":"ReadAction","target":["https:\/\/www.notibras.com\/site\/programa-minha-saude-leva-atendimento-oftalmologico-gratuito\/"]}]},{"@type":"ImageObject","inLanguage":"pt-BR","@id":"https:\/\/www.notibras.com\/site\/programa-minha-saude-leva-atendimento-oftalmologico-gratuito\/#primaryimage","url":"https:\/\/www.notibras.com\/site\/wp-content\/uploads\/2026\/03\/WhatsApp-Image-2026-03-05-at-21.28.16.jpeg","contentUrl":"https:\/\/www.notibras.com\/site\/wp-content\/uploads\/2026\/03\/WhatsApp-Image-2026-03-05-at-21.28.16.jpeg","width":1600,"height":1066},{"@type":"BreadcrumbList","@id":"https:\/\/www.notibras.com\/site\/programa-minha-saude-leva-atendimento-oftalmologico-gratuito\/#breadcrumb","itemListElement":[{"@type":"ListItem","position":1,"name":"In\u00edcio","item":"https:\/\/www.notibras.com\/site\/"},{"@type":"ListItem","position":2,"name":"Programa Minha Sa\u00fade leva atendimento oftalmol\u00f3gico gratuito"}]},{"@type":"WebSite","@id":"https:\/\/www.notibras.com\/site\/#website","url":"https:\/\/www.notibras.com\/site\/","name":"Notibras","description":"Not\u00edcias de Bras\u00edlia, do Brasil e do Mundo","publisher":{"@id":"https:\/\/www.notibras.com\/site\/#organization"},"potentialAction":[{"@type":"SearchAction","target":{"@type":"EntryPoint","urlTemplate":"https:\/\/www.notibras.com\/site\/?s={search_term_string}"},"query-input":{"@type":"PropertyValueSpecification","valueRequired":true,"valueName":"search_term_string"}}],"inLanguage":"pt-BR"},{"@type":"Organization","@id":"https:\/\/www.notibras.com\/site\/#organization","name":"Grupo Notibras de Comunica\u00e7\u00e3o","url":"https:\/\/www.notibras.com\/site\/","logo":{"@type":"ImageObject","inLanguage":"pt-BR","@id":"https:\/\/www.notibras.com\/site\/#\/schema\/logo\/image\/","url":"https:\/\/www.notibras.com\/site\/wp-content\/uploads\/2023\/01\/notibras23.png","contentUrl":"https:\/\/www.notibras.com\/site\/wp-content\/uploads\/2023\/01\/notibras23.png","width":350,"height":87,"caption":"Grupo Notibras de Comunica\u00e7\u00e3o"},"image":{"@id":"https:\/\/www.notibras.com\/site\/#\/schema\/logo\/image\/"},"sameAs":["https:\/\/www.facebook.com\/notibras\/","https:\/\/x.com\/Notibras","https:\/\/www.instagram.com\/notibras\/"]},{"@type":"Person","@id":"https:\/\/www.notibras.com\/site\/#\/schema\/person\/5b7fabf2aedc3ada2105f03b22b4d3dd","name":"Eduardo Mart\u00ednez","image":{"@type":"ImageObject","inLanguage":"pt-BR","@id":"https:\/\/secure.gravatar.com\/avatar\/7902f906289926289cbcda644b5197c796b893c6ffd7b9a536a42d290f7704a0?s=96&d=mm&r=g","url":"https:\/\/secure.gravatar.com\/avatar\/7902f906289926289cbcda644b5197c796b893c6ffd7b9a536a42d290f7704a0?s=96&d=mm&r=g","contentUrl":"https:\/\/secure.gravatar.com\/avatar\/7902f906289926289cbcda644b5197c796b893c6ffd7b9a536a42d290f7704a0?s=96&d=mm&r=g","caption":"Eduardo Mart\u00ednez"}}]}},"amp_enabled":true,"_links":{"self":[{"href":"https:\/\/www.notibras.com\/site\/wp-json\/wp\/v2\/posts\/385748","targetHints":{"allow":["GET"]}}],"collection":[{"href":"https:\/\/www.notibras.com\/site\/wp-json\/wp\/v2\/posts"}],"about":[{"href":"https:\/\/www.notibras.com\/site\/wp-json\/wp\/v2\/types\/post"}],"author":[{"embeddable":true,"href":"https:\/\/www.notibras.com\/site\/wp-json\/wp\/v2\/users\/21"}],"replies":[{"embeddable":true,"href":"https:\/\/www.notibras.com\/site\/wp-json\/wp\/v2\/comments?post=385748"}],"version-history":[{"count":2,"href":"https:\/\/www.notibras.com\/site\/wp-json\/wp\/v2\/posts\/385748\/revisions"}],"predecessor-version":[{"id":385755,"href":"https:\/\/www.notibras.com\/site\/wp-json\/wp\/v2\/posts\/385748\/revisions\/385755"}],"wp:featuredmedia":[{"embeddable":true,"href":"https:\/\/www.notibras.com\/site\/wp-json\/wp\/v2\/media\/385749"}],"wp:attachment":[{"href":"https:\/\/www.notibras.com\/site\/wp-json\/wp\/v2\/media?parent=385748"}],"wp:term":[{"taxonomy":"category","embeddable":true,"href":"https:\/\/www.notibras.com\/site\/wp-json\/wp\/v2\/categories?post=385748"},{"taxonomy":"post_tag","embeddable":true,"href":"https:\/\/www.notibras.com\/site\/wp-json\/wp\/v2\/tags?post=385748"}],"curies":[{"name":"wp","href":"https:\/\/api.w.org\/{rel}","templated":true}]}}