{"id":385750,"date":"2026-03-08T00:35:16","date_gmt":"2026-03-08T03:35:16","guid":{"rendered":"https:\/\/www.notibras.com\/site\/?p=385750"},"modified":"2026-03-05T21:32:12","modified_gmt":"2026-03-06T00:32:12","slug":"sapatos-que-nao-nos-cabem-mais","status":"publish","type":"post","link":"https:\/\/www.notibras.com\/site\/sapatos-que-nao-nos-cabem-mais\/","title":{"rendered":"Sapatos que n\u00e3o nos cabem mais"},"content":{"rendered":"<p>Ap\u00f3s acordar pregui\u00e7osamente e tomar caf\u00e9, resolvi olhar pela janela do meu quarto. O dia hoje est\u00e1 nublado, com vento fresco e promessa de chuva. Uma verdadeira ben\u00e7\u00e3o em dias do ver\u00e3o. Como de costume, gosto de olhar mais distante, para desfocar a retina de uma rotina onde s\u00f3 se fixa em telas e lugares pr\u00f3ximos. Neste exerc\u00edcio, enxerguei o zelador de um dos pr\u00e9dios da rua de tr\u00e1s sentado no ch\u00e3o, consertando um t\u00eanis da Nike e logo ap\u00f3s o cal\u00e7ando ao p\u00e9. N\u00e3o h\u00e1 nada demais nesta cena, voc\u00ea pode pensar. Mas a mesma me remeteu \u00e0 muitas quest\u00f5es referentes a um simples sapato.<\/p>\n<p>Vou ao fato em si. O zelador, ap\u00f3s consertar o t\u00eanis, o cal\u00e7ou e andou, parecendo estar satisfeito com o que para ele era novo. Ningu\u00e9m vai fazer faxina em um pr\u00e9dio cal\u00e7ando um Nike \u201cnovo\u201d, correto? Conhecendo o poder aquisitivo do zelador, imagino que algu\u00e9m tenha dado a ele aquele t\u00eanis, por simplesmente n\u00e3o o querer mais. Ou ainda, ele pode ter encontrado em algum lugar na rua ou mesmo nos bazares da vida.<\/p>\n<p>Voc\u00ea pode achar que estou menosprezando o homem. N\u00e3o estou. Como ele, existem v\u00e1rios moradores do meu bairro que trabalham, mas nunca v\u00e3o ter o prazer de comprar um Nike novo saindo da loja. A meu ver, o pre\u00e7o de um t\u00eanis desse n\u00e3o condiz com o real valor do produto. Eu mesma, adoro brech\u00f3s e aceito de cora\u00e7\u00e3o pe\u00e7as de segunda m\u00e3o, por quest\u00f5es ambientais e financeiras mesmo. O mundo que vivemos n\u00e3o permite que todos tenham o prazer do consumo capitalista. Muitas vezes, v\u00e3o apenas sobreviver \u00e0 margem da sociedade, ficando realmente satisfeitos com aqueles objetos que outras pessoas n\u00e3o querem mais. Se por um lado o meio ambiente agradece, por outro, escancara-se a desigualdade latente da sociedade.<\/p>\n<p>Conhe\u00e7o uma senhora que mora aqui perto e vive olhando as lixeiras em busca de roupas, brinquedos, sapatos e outros objetos que possam ser reaproveitados pela sua fam\u00edlia.<\/p>\n<p>Ela diz que leva os mesmos para uns parentes que moram l\u00e1 pelo lado de Serop\u00e9dica e vivem em condi\u00e7\u00e3o de real pobreza, ficando extremamente felizes com o que ela leva. A mulher, mora na chamada \u201cfavelinha\u201d aqui perto. Nordestina, a vida j\u00e1 lhe levou filhos e dentes. Mas continua a busca para ajudar aqueles que ainda s\u00e3o mais pobres que ela.<\/p>\n<p>Outro dia a vi atr\u00e1s de uma funcion\u00e1ria da escola local. Dizia que a menina havia jogado fora um t\u00eanis, mas que s\u00f3 tinha um p\u00e9 e ela queria o outro, pois servia nela. E l\u00e1 foi correndo atr\u00e1s da funcion\u00e1ria em busca do outro p\u00e9 do sapato que lhe coubera.<\/p>\n<p>Eu n\u00e3o consigo mais usar sapatos que me apertem. Por toda minha vida eu calcei 38. Meu p\u00e9 magro, baixo e sem cava sempre teve dificuldade para assentar em sand\u00e1lias, pois sobrava espa\u00e7o entre as tiras. Nunca tinha tido problemas com sapatos fechados. Mas j\u00e1 h\u00e1 alguns anos, eles come\u00e7aram a apertar meus dedinhos. E voc\u00ea sabe que dedinho do p\u00e9 incomoda quando apertado. Come\u00e7a uma queima\u00e7\u00e3o que mal te permite a caminhada.<\/p>\n<p>Na grande maioria das vezes me desloco para o trabalho a p\u00e9. E ando significativamente at\u00e9 metr\u00f4 ou ponto de \u00f4nibus. Logo, sapato apertado ou que machuca meu p\u00e9 chato \u00e9 um real problema. O calcanhar tamb\u00e9m pode doer alcan\u00e7ando logo meu ci\u00e1tico. Foi neste ano que minha ficha caiu e percebi que n\u00e3o me cabia mais o 38, iniciando assim a troca paulatina por sapatos 39, pelo menos os fechados, para que n\u00e3o me apertem ou causem desconforto. Meu receio \u00e9 ficarem largos, caindo ou mesmo saindo em uma caminhada mais apressada. Mas prefiro a leveza ao aperto.<\/p>\n<p>N\u00e3o sei se as formas dos sapatos mudaram ou se foi meu p\u00e9 que cresceu. Por falar em p\u00e9 que cresce, lembrei da teoria do meu professor e orientador da faculdade de Hist\u00f3ria que usava a met\u00e1fora do \u201cp\u00e9 que crescia dentro do sapato\u201d para explicar per\u00edodos de mudan\u00e7as conjunturais econ\u00f4micas e pol\u00edticas no Brasil Col\u00f4nia. Eu uso a mesma met\u00e1fora pra falar da crise do Imp\u00e9rio Romano \u2013 crise de crescimento \u2013 nas minhas aulas de Hist\u00f3ria do Direito.<\/p>\n<p>Levando esta met\u00e1fora para a vida e observando a rotatividade de sapatos que j\u00e1 n\u00e3o servem mais para uns e servem muito para os outros, vejo que meu per\u00edodo interno tamb\u00e9m \u00e9 de mudan\u00e7as e transforma\u00e7\u00f5es. Estou chegando aos 40 e sentindo o que vale e n\u00e3o vale mais a pena, abandonando experi\u00eancias que n\u00e3o resolvem mais meus problemas e situa\u00e7\u00f5es que me apertam os dedinhos dos p\u00e9s. \u00c9 tempo de renova\u00e7\u00e3o, de consertos de sapatos ou mesmo de sapatos novos.<\/p>\n<p>A fase dos 40 para o ser humano \u00e9 uma fase nova. Mulheres iniciam a \u201cperimenopausa\u201d, uma etapa antes da menopausa propriamente dita, mas que j\u00e1 inicia mudan\u00e7as biol\u00f3gicas, hormonais e f\u00edsicas. Para al\u00e9m deste fato, a vida me proporcionou experi\u00eancias nos \u00faltimos anos que n\u00e3o eram das mais agrad\u00e1veis, mas que, de todo modo, me permitiram o crescimento interno: quem antes cal\u00e7ava 38 e agora sente a necessidade de um 39, tem sentido tamb\u00e9m a necessidade de transforma\u00e7\u00f5es internas, espirituais at\u00e9. Uma cren\u00e7a plena de que Deus cuidar\u00e1 das novas passadas com sapatos mais confort\u00e1veis para quem j\u00e1 andou com eles apertados, tem reinado em mim. Um fortalecimento da deusa feminina que habita em cada uma de n\u00f3s (sempre me lembro de \u00cdsis, ou Maat, deusa Eg\u00edpcia), t\u00e3o sofrida no mundo patriarcal, mas t\u00e3o resiliente.<\/p>\n<p>Quem diria que uma simples cena de algu\u00e9m cal\u00e7ando um t\u00eanis \u201cnovo\u201d me faria em minutos chegar at\u00e9 aqui?<\/p>\n<p><strong>\u2026\u2026\u2026\u2026.<\/strong><\/p>\n<p><strong>Rachel Gomes de Lima (@rachel.lima.prof), escritora, \u00e9 doutora em Hist\u00f3ria e professora universit\u00e1ria carioca.<\/strong><\/p>\n","protected":false},"excerpt":{"rendered":"<p>Ap\u00f3s acordar pregui\u00e7osamente e tomar caf\u00e9, resolvi olhar pela janela do meu quarto. O dia hoje est\u00e1 nublado, com vento fresco e promessa de chuva. Uma verdadeira ben\u00e7\u00e3o em dias do ver\u00e3o. Como de costume, gosto de olhar mais distante, para desfocar a retina de uma rotina onde s\u00f3 se fixa em telas e lugares [&hellip;]<\/p>\n","protected":false},"author":21,"featured_media":385751,"comment_status":"closed","ping_status":"closed","sticky":false,"template":"","format":"standard","meta":{"_acf_changed":false,"footnotes":""},"categories":[234],"tags":[],"class_list":["post-385750","post","type-post","status-publish","format-standard","has-post-thumbnail","hentry","category-cafe-literario"],"acf":[],"yoast_head":"<!-- This site is optimized with the Yoast SEO plugin v27.2 - https:\/\/yoast.com\/product\/yoast-seo-wordpress\/ -->\n<title>Sapatos que n\u00e3o nos cabem mais - Notibras<\/title>\n<meta name=\"robots\" content=\"index, follow, max-snippet:-1, max-image-preview:large, max-video-preview:-1\" \/>\n<link rel=\"canonical\" href=\"https:\/\/www.notibras.com\/site\/sapatos-que-nao-nos-cabem-mais\/\" \/>\n<meta property=\"og:locale\" content=\"pt_BR\" \/>\n<meta property=\"og:type\" content=\"article\" \/>\n<meta property=\"og:title\" content=\"Sapatos que n\u00e3o nos cabem mais - Notibras\" \/>\n<meta property=\"og:description\" content=\"Ap\u00f3s acordar pregui\u00e7osamente e tomar caf\u00e9, resolvi olhar pela janela do meu quarto. O dia hoje est\u00e1 nublado, com vento fresco e promessa de chuva. Uma verdadeira ben\u00e7\u00e3o em dias do ver\u00e3o. Como de costume, gosto de olhar mais distante, para desfocar a retina de uma rotina onde s\u00f3 se fixa em telas e lugares [&hellip;]\" \/>\n<meta property=\"og:url\" content=\"https:\/\/www.notibras.com\/site\/sapatos-que-nao-nos-cabem-mais\/\" \/>\n<meta property=\"og:site_name\" content=\"Notibras\" \/>\n<meta property=\"article:publisher\" content=\"https:\/\/www.facebook.com\/notibras\/\" \/>\n<meta property=\"article:published_time\" content=\"2026-03-08T03:35:16+00:00\" \/>\n<meta property=\"og:image\" content=\"https:\/\/www.notibras.com\/site\/wp-content\/uploads\/2026\/03\/Foto-RACHEL-GOMES.jpeg\" \/>\n\t<meta property=\"og:image:width\" content=\"507\" \/>\n\t<meta property=\"og:image:height\" content=\"604\" \/>\n\t<meta property=\"og:image:type\" content=\"image\/jpeg\" \/>\n<meta name=\"author\" content=\"Eduardo Mart\u00ednez\" \/>\n<meta name=\"twitter:card\" content=\"summary_large_image\" \/>\n<meta name=\"twitter:creator\" content=\"@Notibras\" \/>\n<meta name=\"twitter:site\" content=\"@Notibras\" \/>\n<meta name=\"twitter:label1\" content=\"Escrito por\" \/>\n\t<meta name=\"twitter:data1\" content=\"Eduardo Mart\u00ednez\" \/>\n\t<meta name=\"twitter:label2\" content=\"Est. tempo de leitura\" \/>\n\t<meta name=\"twitter:data2\" content=\"6 minutos\" \/>\n<script type=\"application\/ld+json\" class=\"yoast-schema-graph\">{\"@context\":\"https:\/\/schema.org\",\"@graph\":[{\"@type\":\"Article\",\"@id\":\"https:\/\/www.notibras.com\/site\/sapatos-que-nao-nos-cabem-mais\/#article\",\"isPartOf\":{\"@id\":\"https:\/\/www.notibras.com\/site\/sapatos-que-nao-nos-cabem-mais\/\"},\"author\":{\"name\":\"Eduardo Mart\u00ednez\",\"@id\":\"https:\/\/www.notibras.com\/site\/#\/schema\/person\/5b7fabf2aedc3ada2105f03b22b4d3dd\"},\"headline\":\"Sapatos que n\u00e3o nos cabem mais\",\"datePublished\":\"2026-03-08T03:35:16+00:00\",\"mainEntityOfPage\":{\"@id\":\"https:\/\/www.notibras.com\/site\/sapatos-que-nao-nos-cabem-mais\/\"},\"wordCount\":1038,\"publisher\":{\"@id\":\"https:\/\/www.notibras.com\/site\/#organization\"},\"image\":{\"@id\":\"https:\/\/www.notibras.com\/site\/sapatos-que-nao-nos-cabem-mais\/#primaryimage\"},\"thumbnailUrl\":\"https:\/\/www.notibras.com\/site\/wp-content\/uploads\/2026\/03\/Foto-RACHEL-GOMES.jpeg\",\"articleSection\":[\"Caf\u00e9 Liter\u00e1rio\"],\"inLanguage\":\"pt-BR\"},{\"@type\":\"WebPage\",\"@id\":\"https:\/\/www.notibras.com\/site\/sapatos-que-nao-nos-cabem-mais\/\",\"url\":\"https:\/\/www.notibras.com\/site\/sapatos-que-nao-nos-cabem-mais\/\",\"name\":\"Sapatos que n\u00e3o nos cabem mais - Notibras\",\"isPartOf\":{\"@id\":\"https:\/\/www.notibras.com\/site\/#website\"},\"primaryImageOfPage\":{\"@id\":\"https:\/\/www.notibras.com\/site\/sapatos-que-nao-nos-cabem-mais\/#primaryimage\"},\"image\":{\"@id\":\"https:\/\/www.notibras.com\/site\/sapatos-que-nao-nos-cabem-mais\/#primaryimage\"},\"thumbnailUrl\":\"https:\/\/www.notibras.com\/site\/wp-content\/uploads\/2026\/03\/Foto-RACHEL-GOMES.jpeg\",\"datePublished\":\"2026-03-08T03:35:16+00:00\",\"breadcrumb\":{\"@id\":\"https:\/\/www.notibras.com\/site\/sapatos-que-nao-nos-cabem-mais\/#breadcrumb\"},\"inLanguage\":\"pt-BR\",\"potentialAction\":[{\"@type\":\"ReadAction\",\"target\":[\"https:\/\/www.notibras.com\/site\/sapatos-que-nao-nos-cabem-mais\/\"]}]},{\"@type\":\"ImageObject\",\"inLanguage\":\"pt-BR\",\"@id\":\"https:\/\/www.notibras.com\/site\/sapatos-que-nao-nos-cabem-mais\/#primaryimage\",\"url\":\"https:\/\/www.notibras.com\/site\/wp-content\/uploads\/2026\/03\/Foto-RACHEL-GOMES.jpeg\",\"contentUrl\":\"https:\/\/www.notibras.com\/site\/wp-content\/uploads\/2026\/03\/Foto-RACHEL-GOMES.jpeg\",\"width\":507,\"height\":604},{\"@type\":\"BreadcrumbList\",\"@id\":\"https:\/\/www.notibras.com\/site\/sapatos-que-nao-nos-cabem-mais\/#breadcrumb\",\"itemListElement\":[{\"@type\":\"ListItem\",\"position\":1,\"name\":\"In\u00edcio\",\"item\":\"https:\/\/www.notibras.com\/site\/\"},{\"@type\":\"ListItem\",\"position\":2,\"name\":\"Sapatos que n\u00e3o nos cabem mais\"}]},{\"@type\":\"WebSite\",\"@id\":\"https:\/\/www.notibras.com\/site\/#website\",\"url\":\"https:\/\/www.notibras.com\/site\/\",\"name\":\"Notibras\",\"description\":\"Not\u00edcias de Bras\u00edlia, do Brasil e do Mundo\",\"publisher\":{\"@id\":\"https:\/\/www.notibras.com\/site\/#organization\"},\"potentialAction\":[{\"@type\":\"SearchAction\",\"target\":{\"@type\":\"EntryPoint\",\"urlTemplate\":\"https:\/\/www.notibras.com\/site\/?s={search_term_string}\"},\"query-input\":{\"@type\":\"PropertyValueSpecification\",\"valueRequired\":true,\"valueName\":\"search_term_string\"}}],\"inLanguage\":\"pt-BR\"},{\"@type\":\"Organization\",\"@id\":\"https:\/\/www.notibras.com\/site\/#organization\",\"name\":\"Grupo Notibras de Comunica\u00e7\u00e3o\",\"url\":\"https:\/\/www.notibras.com\/site\/\",\"logo\":{\"@type\":\"ImageObject\",\"inLanguage\":\"pt-BR\",\"@id\":\"https:\/\/www.notibras.com\/site\/#\/schema\/logo\/image\/\",\"url\":\"https:\/\/www.notibras.com\/site\/wp-content\/uploads\/2023\/01\/notibras23.png\",\"contentUrl\":\"https:\/\/www.notibras.com\/site\/wp-content\/uploads\/2023\/01\/notibras23.png\",\"width\":350,\"height\":87,\"caption\":\"Grupo Notibras de Comunica\u00e7\u00e3o\"},\"image\":{\"@id\":\"https:\/\/www.notibras.com\/site\/#\/schema\/logo\/image\/\"},\"sameAs\":[\"https:\/\/www.facebook.com\/notibras\/\",\"https:\/\/x.com\/Notibras\",\"https:\/\/www.instagram.com\/notibras\/\"]},{\"@type\":\"Person\",\"@id\":\"https:\/\/www.notibras.com\/site\/#\/schema\/person\/5b7fabf2aedc3ada2105f03b22b4d3dd\",\"name\":\"Eduardo Mart\u00ednez\",\"image\":{\"@type\":\"ImageObject\",\"inLanguage\":\"pt-BR\",\"@id\":\"https:\/\/secure.gravatar.com\/avatar\/7902f906289926289cbcda644b5197c796b893c6ffd7b9a536a42d290f7704a0?s=96&d=mm&r=g\",\"url\":\"https:\/\/secure.gravatar.com\/avatar\/7902f906289926289cbcda644b5197c796b893c6ffd7b9a536a42d290f7704a0?s=96&d=mm&r=g\",\"contentUrl\":\"https:\/\/secure.gravatar.com\/avatar\/7902f906289926289cbcda644b5197c796b893c6ffd7b9a536a42d290f7704a0?s=96&d=mm&r=g\",\"caption\":\"Eduardo Mart\u00ednez\"}}]}<\/script>\n<!-- \/ Yoast SEO plugin. -->","yoast_head_json":{"title":"Sapatos que n\u00e3o nos cabem mais - Notibras","robots":{"index":"index","follow":"follow","max-snippet":"max-snippet:-1","max-image-preview":"max-image-preview:large","max-video-preview":"max-video-preview:-1"},"canonical":"https:\/\/www.notibras.com\/site\/sapatos-que-nao-nos-cabem-mais\/","og_locale":"pt_BR","og_type":"article","og_title":"Sapatos que n\u00e3o nos cabem mais - Notibras","og_description":"Ap\u00f3s acordar pregui\u00e7osamente e tomar caf\u00e9, resolvi olhar pela janela do meu quarto. O dia hoje est\u00e1 nublado, com vento fresco e promessa de chuva. Uma verdadeira ben\u00e7\u00e3o em dias do ver\u00e3o. Como de costume, gosto de olhar mais distante, para desfocar a retina de uma rotina onde s\u00f3 se fixa em telas e lugares [&hellip;]","og_url":"https:\/\/www.notibras.com\/site\/sapatos-que-nao-nos-cabem-mais\/","og_site_name":"Notibras","article_publisher":"https:\/\/www.facebook.com\/notibras\/","article_published_time":"2026-03-08T03:35:16+00:00","og_image":[{"width":507,"height":604,"url":"https:\/\/www.notibras.com\/site\/wp-content\/uploads\/2026\/03\/Foto-RACHEL-GOMES.jpeg","type":"image\/jpeg"}],"author":"Eduardo Mart\u00ednez","twitter_card":"summary_large_image","twitter_creator":"@Notibras","twitter_site":"@Notibras","twitter_misc":{"Escrito por":"Eduardo Mart\u00ednez","Est. tempo de leitura":"6 minutos"},"schema":{"@context":"https:\/\/schema.org","@graph":[{"@type":"Article","@id":"https:\/\/www.notibras.com\/site\/sapatos-que-nao-nos-cabem-mais\/#article","isPartOf":{"@id":"https:\/\/www.notibras.com\/site\/sapatos-que-nao-nos-cabem-mais\/"},"author":{"name":"Eduardo Mart\u00ednez","@id":"https:\/\/www.notibras.com\/site\/#\/schema\/person\/5b7fabf2aedc3ada2105f03b22b4d3dd"},"headline":"Sapatos que n\u00e3o nos cabem mais","datePublished":"2026-03-08T03:35:16+00:00","mainEntityOfPage":{"@id":"https:\/\/www.notibras.com\/site\/sapatos-que-nao-nos-cabem-mais\/"},"wordCount":1038,"publisher":{"@id":"https:\/\/www.notibras.com\/site\/#organization"},"image":{"@id":"https:\/\/www.notibras.com\/site\/sapatos-que-nao-nos-cabem-mais\/#primaryimage"},"thumbnailUrl":"https:\/\/www.notibras.com\/site\/wp-content\/uploads\/2026\/03\/Foto-RACHEL-GOMES.jpeg","articleSection":["Caf\u00e9 Liter\u00e1rio"],"inLanguage":"pt-BR"},{"@type":"WebPage","@id":"https:\/\/www.notibras.com\/site\/sapatos-que-nao-nos-cabem-mais\/","url":"https:\/\/www.notibras.com\/site\/sapatos-que-nao-nos-cabem-mais\/","name":"Sapatos que n\u00e3o nos cabem mais - Notibras","isPartOf":{"@id":"https:\/\/www.notibras.com\/site\/#website"},"primaryImageOfPage":{"@id":"https:\/\/www.notibras.com\/site\/sapatos-que-nao-nos-cabem-mais\/#primaryimage"},"image":{"@id":"https:\/\/www.notibras.com\/site\/sapatos-que-nao-nos-cabem-mais\/#primaryimage"},"thumbnailUrl":"https:\/\/www.notibras.com\/site\/wp-content\/uploads\/2026\/03\/Foto-RACHEL-GOMES.jpeg","datePublished":"2026-03-08T03:35:16+00:00","breadcrumb":{"@id":"https:\/\/www.notibras.com\/site\/sapatos-que-nao-nos-cabem-mais\/#breadcrumb"},"inLanguage":"pt-BR","potentialAction":[{"@type":"ReadAction","target":["https:\/\/www.notibras.com\/site\/sapatos-que-nao-nos-cabem-mais\/"]}]},{"@type":"ImageObject","inLanguage":"pt-BR","@id":"https:\/\/www.notibras.com\/site\/sapatos-que-nao-nos-cabem-mais\/#primaryimage","url":"https:\/\/www.notibras.com\/site\/wp-content\/uploads\/2026\/03\/Foto-RACHEL-GOMES.jpeg","contentUrl":"https:\/\/www.notibras.com\/site\/wp-content\/uploads\/2026\/03\/Foto-RACHEL-GOMES.jpeg","width":507,"height":604},{"@type":"BreadcrumbList","@id":"https:\/\/www.notibras.com\/site\/sapatos-que-nao-nos-cabem-mais\/#breadcrumb","itemListElement":[{"@type":"ListItem","position":1,"name":"In\u00edcio","item":"https:\/\/www.notibras.com\/site\/"},{"@type":"ListItem","position":2,"name":"Sapatos que n\u00e3o nos cabem mais"}]},{"@type":"WebSite","@id":"https:\/\/www.notibras.com\/site\/#website","url":"https:\/\/www.notibras.com\/site\/","name":"Notibras","description":"Not\u00edcias de Bras\u00edlia, do Brasil e do Mundo","publisher":{"@id":"https:\/\/www.notibras.com\/site\/#organization"},"potentialAction":[{"@type":"SearchAction","target":{"@type":"EntryPoint","urlTemplate":"https:\/\/www.notibras.com\/site\/?s={search_term_string}"},"query-input":{"@type":"PropertyValueSpecification","valueRequired":true,"valueName":"search_term_string"}}],"inLanguage":"pt-BR"},{"@type":"Organization","@id":"https:\/\/www.notibras.com\/site\/#organization","name":"Grupo Notibras de Comunica\u00e7\u00e3o","url":"https:\/\/www.notibras.com\/site\/","logo":{"@type":"ImageObject","inLanguage":"pt-BR","@id":"https:\/\/www.notibras.com\/site\/#\/schema\/logo\/image\/","url":"https:\/\/www.notibras.com\/site\/wp-content\/uploads\/2023\/01\/notibras23.png","contentUrl":"https:\/\/www.notibras.com\/site\/wp-content\/uploads\/2023\/01\/notibras23.png","width":350,"height":87,"caption":"Grupo Notibras de Comunica\u00e7\u00e3o"},"image":{"@id":"https:\/\/www.notibras.com\/site\/#\/schema\/logo\/image\/"},"sameAs":["https:\/\/www.facebook.com\/notibras\/","https:\/\/x.com\/Notibras","https:\/\/www.instagram.com\/notibras\/"]},{"@type":"Person","@id":"https:\/\/www.notibras.com\/site\/#\/schema\/person\/5b7fabf2aedc3ada2105f03b22b4d3dd","name":"Eduardo Mart\u00ednez","image":{"@type":"ImageObject","inLanguage":"pt-BR","@id":"https:\/\/secure.gravatar.com\/avatar\/7902f906289926289cbcda644b5197c796b893c6ffd7b9a536a42d290f7704a0?s=96&d=mm&r=g","url":"https:\/\/secure.gravatar.com\/avatar\/7902f906289926289cbcda644b5197c796b893c6ffd7b9a536a42d290f7704a0?s=96&d=mm&r=g","contentUrl":"https:\/\/secure.gravatar.com\/avatar\/7902f906289926289cbcda644b5197c796b893c6ffd7b9a536a42d290f7704a0?s=96&d=mm&r=g","caption":"Eduardo Mart\u00ednez"}}]}},"amp_enabled":true,"_links":{"self":[{"href":"https:\/\/www.notibras.com\/site\/wp-json\/wp\/v2\/posts\/385750","targetHints":{"allow":["GET"]}}],"collection":[{"href":"https:\/\/www.notibras.com\/site\/wp-json\/wp\/v2\/posts"}],"about":[{"href":"https:\/\/www.notibras.com\/site\/wp-json\/wp\/v2\/types\/post"}],"author":[{"embeddable":true,"href":"https:\/\/www.notibras.com\/site\/wp-json\/wp\/v2\/users\/21"}],"replies":[{"embeddable":true,"href":"https:\/\/www.notibras.com\/site\/wp-json\/wp\/v2\/comments?post=385750"}],"version-history":[{"count":1,"href":"https:\/\/www.notibras.com\/site\/wp-json\/wp\/v2\/posts\/385750\/revisions"}],"predecessor-version":[{"id":385752,"href":"https:\/\/www.notibras.com\/site\/wp-json\/wp\/v2\/posts\/385750\/revisions\/385752"}],"wp:featuredmedia":[{"embeddable":true,"href":"https:\/\/www.notibras.com\/site\/wp-json\/wp\/v2\/media\/385751"}],"wp:attachment":[{"href":"https:\/\/www.notibras.com\/site\/wp-json\/wp\/v2\/media?parent=385750"}],"wp:term":[{"taxonomy":"category","embeddable":true,"href":"https:\/\/www.notibras.com\/site\/wp-json\/wp\/v2\/categories?post=385750"},{"taxonomy":"post_tag","embeddable":true,"href":"https:\/\/www.notibras.com\/site\/wp-json\/wp\/v2\/tags?post=385750"}],"curies":[{"name":"wp","href":"https:\/\/api.w.org\/{rel}","templated":true}]}}