{"id":385756,"date":"2026-03-08T00:25:47","date_gmt":"2026-03-08T03:25:47","guid":{"rendered":"https:\/\/www.notibras.com\/site\/?p=385756"},"modified":"2026-03-05T21:36:52","modified_gmt":"2026-03-06T00:36:52","slug":"uma-releitura-contemporanea-do-pensamento-de-schopenhauer","status":"publish","type":"post","link":"https:\/\/www.notibras.com\/site\/uma-releitura-contemporanea-do-pensamento-de-schopenhauer\/","title":{"rendered":"Uma releitura contempor\u00e2nea do pensamento de Schopenhauer"},"content":{"rendered":"<p>Arthur Shopenhauer, que viveu entre os anos de 1788 e 1860, teceu apontamentos sobre as mulheres em sua renomada obra &#8220;As Dores do Mundo&#8221;. Veja alguns trechos:<\/p>\n<p>1-&#8220;O simples aspecto da mulher revela que n\u00e3o \u00e9 destinada nem aos grandes trabalhos intelectuais, nem aos grandes trabalhos materiais.&#8221; (2014, p.73)<\/p>\n<p>2- &#8220;deve obedecer ao homem&#8221; (2014, p.73)<\/p>\n<p>3- &#8221; s\u00f3 v\u00eaem o que t\u00eam diante dos seus olhos, s\u00f3 pensam no presente, tomando a apar\u00eancia pela realidade, e preferindo as ninharias \u00e0s coisas mais importantes.&#8221; (2014, p.74)<\/p>\n<p>4- &#8221; A raz\u00e3o d\u00e9bil da mulher (&#8230;) devido \u00e0 fraqueza da sua raz\u00e3o (&#8230;) as mulheres s\u00e3o criadas unicamente para a propaga\u00e7\u00e3o da esp\u00e9cie (&#8230;)&#8221; ( 2014, p.74 a 77)<\/p>\n<p>5- &#8220;continuam sua tagarelice (&#8230;) s\u00f3 devia haver mulheres retiradas, aplicando-se aos trabalhos dom\u00e9sticos, e raparigas aspirando ao mesmo fim e que se educariam sem arrog\u00e2ncia, para o trabalho e para submiss\u00e3o.&#8221; (2014, p. 78\/79).<\/p>\n<p>6- &#8220;Concedendo \u00e0 mulher direitos acima da natureza, impuseram-lhe igualmente deveres semelhantes, de onde lhe prov\u00e9m uma infinidade de desgra\u00e7as &#8221; (2014, p.80).<\/p>\n<p>Todavia, salvo engano, a hist\u00f3ria nos contou um roteiro um pouco divorciado da perspectiva do referido fil\u00f3sofo, haja vista o protagonismo assumido pelo sexo feminino em diversos setores da sociedade.<br \/>\nMulheres, sou jurista e docente com muito orgulho. Mostrem para o mundo o que voc\u00eas s\u00e3o, igualmente, capazes de fazer!<\/p>\n<p><strong><em>Just do It!<\/em><\/strong><\/p>\n<p><em>(Schopenhauer, Arthur. As Dores do Mundo: o amor- a morte- a arte- a moral-a religi\u00e3o &#8211; a pol\u00edtica &#8211; o homem e a sociedade. Trad: Jos\u00e9 Souza de Oliveira. S\u00e3o Paulo: EDIPRO, 2014.)<\/em><\/p>\n<p><strong>\u2026\u2026\u2026\u2026<\/strong><\/p>\n<p><strong>Sandra J. M. Villaverde (@profsandra.villaverde) \u00e9 professora universit\u00e1ria e advogada criminalista no Rio de Janeiro \u2013 RJ.<\/strong><\/p>\n","protected":false},"excerpt":{"rendered":"<p>Arthur Shopenhauer, que viveu entre os anos de 1788 e 1860, teceu apontamentos sobre as mulheres em sua renomada obra &#8220;As Dores do Mundo&#8221;. Veja alguns trechos: 1-&#8220;O simples aspecto da mulher revela que n\u00e3o \u00e9 destinada nem aos grandes trabalhos intelectuais, nem aos grandes trabalhos materiais.&#8221; (2014, p.73) 2- &#8220;deve obedecer ao homem&#8221; (2014, [&hellip;]<\/p>\n","protected":false},"author":21,"featured_media":385757,"comment_status":"closed","ping_status":"closed","sticky":false,"template":"","format":"standard","meta":{"_acf_changed":false,"footnotes":""},"categories":[234],"tags":[],"class_list":["post-385756","post","type-post","status-publish","format-standard","has-post-thumbnail","hentry","category-cafe-literario"],"acf":[],"yoast_head":"<!-- This site is optimized with the Yoast SEO plugin v27.2 - https:\/\/yoast.com\/product\/yoast-seo-wordpress\/ -->\n<title>Uma releitura contempor\u00e2nea do pensamento de Schopenhauer - Notibras<\/title>\n<meta name=\"robots\" content=\"index, follow, max-snippet:-1, max-image-preview:large, max-video-preview:-1\" \/>\n<link rel=\"canonical\" href=\"https:\/\/www.notibras.com\/site\/uma-releitura-contemporanea-do-pensamento-de-schopenhauer\/\" \/>\n<meta property=\"og:locale\" content=\"pt_BR\" \/>\n<meta property=\"og:type\" content=\"article\" \/>\n<meta property=\"og:title\" content=\"Uma releitura contempor\u00e2nea do pensamento de Schopenhauer - Notibras\" \/>\n<meta property=\"og:description\" content=\"Arthur Shopenhauer, que viveu entre os anos de 1788 e 1860, teceu apontamentos sobre as mulheres em sua renomada obra &#8220;As Dores do Mundo&#8221;. Veja alguns trechos: 1-&#8220;O simples aspecto da mulher revela que n\u00e3o \u00e9 destinada nem aos grandes trabalhos intelectuais, nem aos grandes trabalhos materiais.&#8221; (2014, p.73) 2- &#8220;deve obedecer ao homem&#8221; (2014, [&hellip;]\" \/>\n<meta property=\"og:url\" content=\"https:\/\/www.notibras.com\/site\/uma-releitura-contemporanea-do-pensamento-de-schopenhauer\/\" \/>\n<meta property=\"og:site_name\" content=\"Notibras\" \/>\n<meta property=\"article:publisher\" content=\"https:\/\/www.facebook.com\/notibras\/\" \/>\n<meta property=\"article:published_time\" content=\"2026-03-08T03:25:47+00:00\" \/>\n<meta property=\"og:image\" content=\"https:\/\/www.notibras.com\/site\/wp-content\/uploads\/2026\/03\/Foto-Sandra-Villaverde.jpeg\" \/>\n\t<meta property=\"og:image:width\" content=\"1043\" \/>\n\t<meta property=\"og:image:height\" content=\"1280\" \/>\n\t<meta property=\"og:image:type\" content=\"image\/jpeg\" \/>\n<meta name=\"author\" content=\"Eduardo Mart\u00ednez\" \/>\n<meta name=\"twitter:card\" content=\"summary_large_image\" \/>\n<meta name=\"twitter:creator\" content=\"@Notibras\" \/>\n<meta name=\"twitter:site\" content=\"@Notibras\" \/>\n<meta name=\"twitter:label1\" content=\"Escrito por\" \/>\n\t<meta name=\"twitter:data1\" content=\"Eduardo Mart\u00ednez\" \/>\n\t<meta name=\"twitter:label2\" content=\"Est. tempo de leitura\" \/>\n\t<meta name=\"twitter:data2\" content=\"2 minutos\" \/>\n<script type=\"application\/ld+json\" class=\"yoast-schema-graph\">{\"@context\":\"https:\/\/schema.org\",\"@graph\":[{\"@type\":\"Article\",\"@id\":\"https:\/\/www.notibras.com\/site\/uma-releitura-contemporanea-do-pensamento-de-schopenhauer\/#article\",\"isPartOf\":{\"@id\":\"https:\/\/www.notibras.com\/site\/uma-releitura-contemporanea-do-pensamento-de-schopenhauer\/\"},\"author\":{\"name\":\"Eduardo Mart\u00ednez\",\"@id\":\"https:\/\/www.notibras.com\/site\/#\/schema\/person\/5b7fabf2aedc3ada2105f03b22b4d3dd\"},\"headline\":\"Uma releitura contempor\u00e2nea do pensamento de Schopenhauer\",\"datePublished\":\"2026-03-08T03:25:47+00:00\",\"mainEntityOfPage\":{\"@id\":\"https:\/\/www.notibras.com\/site\/uma-releitura-contemporanea-do-pensamento-de-schopenhauer\/\"},\"wordCount\":287,\"publisher\":{\"@id\":\"https:\/\/www.notibras.com\/site\/#organization\"},\"image\":{\"@id\":\"https:\/\/www.notibras.com\/site\/uma-releitura-contemporanea-do-pensamento-de-schopenhauer\/#primaryimage\"},\"thumbnailUrl\":\"https:\/\/www.notibras.com\/site\/wp-content\/uploads\/2026\/03\/Foto-Sandra-Villaverde.jpeg\",\"articleSection\":[\"Caf\u00e9 Liter\u00e1rio\"],\"inLanguage\":\"pt-BR\"},{\"@type\":\"WebPage\",\"@id\":\"https:\/\/www.notibras.com\/site\/uma-releitura-contemporanea-do-pensamento-de-schopenhauer\/\",\"url\":\"https:\/\/www.notibras.com\/site\/uma-releitura-contemporanea-do-pensamento-de-schopenhauer\/\",\"name\":\"Uma releitura contempor\u00e2nea do pensamento de Schopenhauer - Notibras\",\"isPartOf\":{\"@id\":\"https:\/\/www.notibras.com\/site\/#website\"},\"primaryImageOfPage\":{\"@id\":\"https:\/\/www.notibras.com\/site\/uma-releitura-contemporanea-do-pensamento-de-schopenhauer\/#primaryimage\"},\"image\":{\"@id\":\"https:\/\/www.notibras.com\/site\/uma-releitura-contemporanea-do-pensamento-de-schopenhauer\/#primaryimage\"},\"thumbnailUrl\":\"https:\/\/www.notibras.com\/site\/wp-content\/uploads\/2026\/03\/Foto-Sandra-Villaverde.jpeg\",\"datePublished\":\"2026-03-08T03:25:47+00:00\",\"breadcrumb\":{\"@id\":\"https:\/\/www.notibras.com\/site\/uma-releitura-contemporanea-do-pensamento-de-schopenhauer\/#breadcrumb\"},\"inLanguage\":\"pt-BR\",\"potentialAction\":[{\"@type\":\"ReadAction\",\"target\":[\"https:\/\/www.notibras.com\/site\/uma-releitura-contemporanea-do-pensamento-de-schopenhauer\/\"]}]},{\"@type\":\"ImageObject\",\"inLanguage\":\"pt-BR\",\"@id\":\"https:\/\/www.notibras.com\/site\/uma-releitura-contemporanea-do-pensamento-de-schopenhauer\/#primaryimage\",\"url\":\"https:\/\/www.notibras.com\/site\/wp-content\/uploads\/2026\/03\/Foto-Sandra-Villaverde.jpeg\",\"contentUrl\":\"https:\/\/www.notibras.com\/site\/wp-content\/uploads\/2026\/03\/Foto-Sandra-Villaverde.jpeg\",\"width\":1043,\"height\":1280},{\"@type\":\"BreadcrumbList\",\"@id\":\"https:\/\/www.notibras.com\/site\/uma-releitura-contemporanea-do-pensamento-de-schopenhauer\/#breadcrumb\",\"itemListElement\":[{\"@type\":\"ListItem\",\"position\":1,\"name\":\"In\u00edcio\",\"item\":\"https:\/\/www.notibras.com\/site\/\"},{\"@type\":\"ListItem\",\"position\":2,\"name\":\"Uma releitura contempor\u00e2nea do pensamento de Schopenhauer\"}]},{\"@type\":\"WebSite\",\"@id\":\"https:\/\/www.notibras.com\/site\/#website\",\"url\":\"https:\/\/www.notibras.com\/site\/\",\"name\":\"Notibras\",\"description\":\"Not\u00edcias de Bras\u00edlia, do Brasil e do Mundo\",\"publisher\":{\"@id\":\"https:\/\/www.notibras.com\/site\/#organization\"},\"potentialAction\":[{\"@type\":\"SearchAction\",\"target\":{\"@type\":\"EntryPoint\",\"urlTemplate\":\"https:\/\/www.notibras.com\/site\/?s={search_term_string}\"},\"query-input\":{\"@type\":\"PropertyValueSpecification\",\"valueRequired\":true,\"valueName\":\"search_term_string\"}}],\"inLanguage\":\"pt-BR\"},{\"@type\":\"Organization\",\"@id\":\"https:\/\/www.notibras.com\/site\/#organization\",\"name\":\"Grupo Notibras de Comunica\u00e7\u00e3o\",\"url\":\"https:\/\/www.notibras.com\/site\/\",\"logo\":{\"@type\":\"ImageObject\",\"inLanguage\":\"pt-BR\",\"@id\":\"https:\/\/www.notibras.com\/site\/#\/schema\/logo\/image\/\",\"url\":\"https:\/\/www.notibras.com\/site\/wp-content\/uploads\/2023\/01\/notibras23.png\",\"contentUrl\":\"https:\/\/www.notibras.com\/site\/wp-content\/uploads\/2023\/01\/notibras23.png\",\"width\":350,\"height\":87,\"caption\":\"Grupo Notibras de Comunica\u00e7\u00e3o\"},\"image\":{\"@id\":\"https:\/\/www.notibras.com\/site\/#\/schema\/logo\/image\/\"},\"sameAs\":[\"https:\/\/www.facebook.com\/notibras\/\",\"https:\/\/x.com\/Notibras\",\"https:\/\/www.instagram.com\/notibras\/\"]},{\"@type\":\"Person\",\"@id\":\"https:\/\/www.notibras.com\/site\/#\/schema\/person\/5b7fabf2aedc3ada2105f03b22b4d3dd\",\"name\":\"Eduardo Mart\u00ednez\",\"image\":{\"@type\":\"ImageObject\",\"inLanguage\":\"pt-BR\",\"@id\":\"https:\/\/secure.gravatar.com\/avatar\/7902f906289926289cbcda644b5197c796b893c6ffd7b9a536a42d290f7704a0?s=96&d=mm&r=g\",\"url\":\"https:\/\/secure.gravatar.com\/avatar\/7902f906289926289cbcda644b5197c796b893c6ffd7b9a536a42d290f7704a0?s=96&d=mm&r=g\",\"contentUrl\":\"https:\/\/secure.gravatar.com\/avatar\/7902f906289926289cbcda644b5197c796b893c6ffd7b9a536a42d290f7704a0?s=96&d=mm&r=g\",\"caption\":\"Eduardo Mart\u00ednez\"}}]}<\/script>\n<!-- \/ Yoast SEO plugin. -->","yoast_head_json":{"title":"Uma releitura contempor\u00e2nea do pensamento de Schopenhauer - Notibras","robots":{"index":"index","follow":"follow","max-snippet":"max-snippet:-1","max-image-preview":"max-image-preview:large","max-video-preview":"max-video-preview:-1"},"canonical":"https:\/\/www.notibras.com\/site\/uma-releitura-contemporanea-do-pensamento-de-schopenhauer\/","og_locale":"pt_BR","og_type":"article","og_title":"Uma releitura contempor\u00e2nea do pensamento de Schopenhauer - Notibras","og_description":"Arthur Shopenhauer, que viveu entre os anos de 1788 e 1860, teceu apontamentos sobre as mulheres em sua renomada obra &#8220;As Dores do Mundo&#8221;. Veja alguns trechos: 1-&#8220;O simples aspecto da mulher revela que n\u00e3o \u00e9 destinada nem aos grandes trabalhos intelectuais, nem aos grandes trabalhos materiais.&#8221; (2014, p.73) 2- &#8220;deve obedecer ao homem&#8221; (2014, [&hellip;]","og_url":"https:\/\/www.notibras.com\/site\/uma-releitura-contemporanea-do-pensamento-de-schopenhauer\/","og_site_name":"Notibras","article_publisher":"https:\/\/www.facebook.com\/notibras\/","article_published_time":"2026-03-08T03:25:47+00:00","og_image":[{"width":1043,"height":1280,"url":"https:\/\/www.notibras.com\/site\/wp-content\/uploads\/2026\/03\/Foto-Sandra-Villaverde.jpeg","type":"image\/jpeg"}],"author":"Eduardo Mart\u00ednez","twitter_card":"summary_large_image","twitter_creator":"@Notibras","twitter_site":"@Notibras","twitter_misc":{"Escrito por":"Eduardo Mart\u00ednez","Est. tempo de leitura":"2 minutos"},"schema":{"@context":"https:\/\/schema.org","@graph":[{"@type":"Article","@id":"https:\/\/www.notibras.com\/site\/uma-releitura-contemporanea-do-pensamento-de-schopenhauer\/#article","isPartOf":{"@id":"https:\/\/www.notibras.com\/site\/uma-releitura-contemporanea-do-pensamento-de-schopenhauer\/"},"author":{"name":"Eduardo Mart\u00ednez","@id":"https:\/\/www.notibras.com\/site\/#\/schema\/person\/5b7fabf2aedc3ada2105f03b22b4d3dd"},"headline":"Uma releitura contempor\u00e2nea do pensamento de Schopenhauer","datePublished":"2026-03-08T03:25:47+00:00","mainEntityOfPage":{"@id":"https:\/\/www.notibras.com\/site\/uma-releitura-contemporanea-do-pensamento-de-schopenhauer\/"},"wordCount":287,"publisher":{"@id":"https:\/\/www.notibras.com\/site\/#organization"},"image":{"@id":"https:\/\/www.notibras.com\/site\/uma-releitura-contemporanea-do-pensamento-de-schopenhauer\/#primaryimage"},"thumbnailUrl":"https:\/\/www.notibras.com\/site\/wp-content\/uploads\/2026\/03\/Foto-Sandra-Villaverde.jpeg","articleSection":["Caf\u00e9 Liter\u00e1rio"],"inLanguage":"pt-BR"},{"@type":"WebPage","@id":"https:\/\/www.notibras.com\/site\/uma-releitura-contemporanea-do-pensamento-de-schopenhauer\/","url":"https:\/\/www.notibras.com\/site\/uma-releitura-contemporanea-do-pensamento-de-schopenhauer\/","name":"Uma releitura contempor\u00e2nea do pensamento de Schopenhauer - Notibras","isPartOf":{"@id":"https:\/\/www.notibras.com\/site\/#website"},"primaryImageOfPage":{"@id":"https:\/\/www.notibras.com\/site\/uma-releitura-contemporanea-do-pensamento-de-schopenhauer\/#primaryimage"},"image":{"@id":"https:\/\/www.notibras.com\/site\/uma-releitura-contemporanea-do-pensamento-de-schopenhauer\/#primaryimage"},"thumbnailUrl":"https:\/\/www.notibras.com\/site\/wp-content\/uploads\/2026\/03\/Foto-Sandra-Villaverde.jpeg","datePublished":"2026-03-08T03:25:47+00:00","breadcrumb":{"@id":"https:\/\/www.notibras.com\/site\/uma-releitura-contemporanea-do-pensamento-de-schopenhauer\/#breadcrumb"},"inLanguage":"pt-BR","potentialAction":[{"@type":"ReadAction","target":["https:\/\/www.notibras.com\/site\/uma-releitura-contemporanea-do-pensamento-de-schopenhauer\/"]}]},{"@type":"ImageObject","inLanguage":"pt-BR","@id":"https:\/\/www.notibras.com\/site\/uma-releitura-contemporanea-do-pensamento-de-schopenhauer\/#primaryimage","url":"https:\/\/www.notibras.com\/site\/wp-content\/uploads\/2026\/03\/Foto-Sandra-Villaverde.jpeg","contentUrl":"https:\/\/www.notibras.com\/site\/wp-content\/uploads\/2026\/03\/Foto-Sandra-Villaverde.jpeg","width":1043,"height":1280},{"@type":"BreadcrumbList","@id":"https:\/\/www.notibras.com\/site\/uma-releitura-contemporanea-do-pensamento-de-schopenhauer\/#breadcrumb","itemListElement":[{"@type":"ListItem","position":1,"name":"In\u00edcio","item":"https:\/\/www.notibras.com\/site\/"},{"@type":"ListItem","position":2,"name":"Uma releitura contempor\u00e2nea do pensamento de Schopenhauer"}]},{"@type":"WebSite","@id":"https:\/\/www.notibras.com\/site\/#website","url":"https:\/\/www.notibras.com\/site\/","name":"Notibras","description":"Not\u00edcias de Bras\u00edlia, do Brasil e do Mundo","publisher":{"@id":"https:\/\/www.notibras.com\/site\/#organization"},"potentialAction":[{"@type":"SearchAction","target":{"@type":"EntryPoint","urlTemplate":"https:\/\/www.notibras.com\/site\/?s={search_term_string}"},"query-input":{"@type":"PropertyValueSpecification","valueRequired":true,"valueName":"search_term_string"}}],"inLanguage":"pt-BR"},{"@type":"Organization","@id":"https:\/\/www.notibras.com\/site\/#organization","name":"Grupo Notibras de Comunica\u00e7\u00e3o","url":"https:\/\/www.notibras.com\/site\/","logo":{"@type":"ImageObject","inLanguage":"pt-BR","@id":"https:\/\/www.notibras.com\/site\/#\/schema\/logo\/image\/","url":"https:\/\/www.notibras.com\/site\/wp-content\/uploads\/2023\/01\/notibras23.png","contentUrl":"https:\/\/www.notibras.com\/site\/wp-content\/uploads\/2023\/01\/notibras23.png","width":350,"height":87,"caption":"Grupo Notibras de Comunica\u00e7\u00e3o"},"image":{"@id":"https:\/\/www.notibras.com\/site\/#\/schema\/logo\/image\/"},"sameAs":["https:\/\/www.facebook.com\/notibras\/","https:\/\/x.com\/Notibras","https:\/\/www.instagram.com\/notibras\/"]},{"@type":"Person","@id":"https:\/\/www.notibras.com\/site\/#\/schema\/person\/5b7fabf2aedc3ada2105f03b22b4d3dd","name":"Eduardo Mart\u00ednez","image":{"@type":"ImageObject","inLanguage":"pt-BR","@id":"https:\/\/secure.gravatar.com\/avatar\/7902f906289926289cbcda644b5197c796b893c6ffd7b9a536a42d290f7704a0?s=96&d=mm&r=g","url":"https:\/\/secure.gravatar.com\/avatar\/7902f906289926289cbcda644b5197c796b893c6ffd7b9a536a42d290f7704a0?s=96&d=mm&r=g","contentUrl":"https:\/\/secure.gravatar.com\/avatar\/7902f906289926289cbcda644b5197c796b893c6ffd7b9a536a42d290f7704a0?s=96&d=mm&r=g","caption":"Eduardo Mart\u00ednez"}}]}},"amp_enabled":true,"_links":{"self":[{"href":"https:\/\/www.notibras.com\/site\/wp-json\/wp\/v2\/posts\/385756","targetHints":{"allow":["GET"]}}],"collection":[{"href":"https:\/\/www.notibras.com\/site\/wp-json\/wp\/v2\/posts"}],"about":[{"href":"https:\/\/www.notibras.com\/site\/wp-json\/wp\/v2\/types\/post"}],"author":[{"embeddable":true,"href":"https:\/\/www.notibras.com\/site\/wp-json\/wp\/v2\/users\/21"}],"replies":[{"embeddable":true,"href":"https:\/\/www.notibras.com\/site\/wp-json\/wp\/v2\/comments?post=385756"}],"version-history":[{"count":1,"href":"https:\/\/www.notibras.com\/site\/wp-json\/wp\/v2\/posts\/385756\/revisions"}],"predecessor-version":[{"id":385758,"href":"https:\/\/www.notibras.com\/site\/wp-json\/wp\/v2\/posts\/385756\/revisions\/385758"}],"wp:featuredmedia":[{"embeddable":true,"href":"https:\/\/www.notibras.com\/site\/wp-json\/wp\/v2\/media\/385757"}],"wp:attachment":[{"href":"https:\/\/www.notibras.com\/site\/wp-json\/wp\/v2\/media?parent=385756"}],"wp:term":[{"taxonomy":"category","embeddable":true,"href":"https:\/\/www.notibras.com\/site\/wp-json\/wp\/v2\/categories?post=385756"},{"taxonomy":"post_tag","embeddable":true,"href":"https:\/\/www.notibras.com\/site\/wp-json\/wp\/v2\/tags?post=385756"}],"curies":[{"name":"wp","href":"https:\/\/api.w.org\/{rel}","templated":true}]}}