{"id":385760,"date":"2026-03-06T01:15:54","date_gmt":"2026-03-06T04:15:54","guid":{"rendered":"https:\/\/www.notibras.com\/site\/?p=385760"},"modified":"2026-03-05T21:46:35","modified_gmt":"2026-03-06T00:46:35","slug":"stj-deve-adiar-para-abril-conclusao-de-apuracao-contra-ministro-marco-buzzi","status":"publish","type":"post","link":"https:\/\/www.notibras.com\/site\/stj-deve-adiar-para-abril-conclusao-de-apuracao-contra-ministro-marco-buzzi\/","title":{"rendered":"STJ deve adiar para abril conclus\u00e3o de apura\u00e7\u00e3o contra ministro Marco Buzzi"},"content":{"rendered":"<p>O Superior Tribunal de Justi\u00e7a (STJ) deve prorrogar at\u00e9 o dia 14 de abril o prazo para a conclus\u00e3o da sindic\u00e2ncia que investiga o ministro Marco Buzzi. Alvo de den\u00fancias de importuna\u00e7\u00e3o sexual, o magistrado nega as acusa\u00e7\u00f5es, mas segue afastado de suas fun\u00e7\u00f5es por decis\u00e3o un\u00e2nime do tribunal tomada em fevereiro. A expectativa \u00e9 que a reuni\u00e3o inicialmente prevista para a pr\u00f3xima ter\u00e7a-feira (10) seja cancelada para viabilizar o novo cronograma.<\/p>\n<p>O adiamento atende a uma necessidade interna de aprofundar as investiga\u00e7\u00f5es. Segundo interlocutores da Corte, o tempo extra ser\u00e1 utilizado pela comiss\u00e3o de sindic\u00e2ncia para realizar uma an\u00e1lise detalhada das provas e proceder com a tomada de novos depoimentos. A inten\u00e7\u00e3o \u00e9 garantir o rigor t\u00e9cnico antes que o colegiado decida pela abertura ou n\u00e3o de um Processo Administrativo Disciplinar (PAD), que pode resultar em aposentadoria compuls\u00f3ria.<\/p>\n<p>Buzzi permanece impedido de frequentar as depend\u00eancias do STJ e de utilizar prerrogativas do cargo, como ve\u00edculo oficial e gabinete. A medida, classificada pelo tribunal como &#8220;cautelar, tempor\u00e1ria e excepcional&#8221;, visa preservar a integridade da apura\u00e7\u00e3o. Em resposta, o ministro enviou uma carta \u00e0 Corte reafirmando sua inoc\u00eancia e solicitou uma licen\u00e7a de 90 dias, enquanto sua defesa sustenta formalmente a aus\u00eancia de provas nas acusa\u00e7\u00f5es apresentadas.<\/p>\n<p>As investiga\u00e7\u00f5es concentram-se em dois epis\u00f3dios distintos de suposta importuna\u00e7\u00e3o sexual. O primeiro envolve uma jovem de 18 anos que teria sido alvo do ministro durante as f\u00e9rias de janeiro na casa de Buzzi, em Santa Catarina. O segundo caso refere-se a uma ex-servidora que atuou em seu gabinete e relata abusos ocorridos em 2023. Ambas as den\u00fancias chegaram ao tribunal por meio do Conselho Nacional de Justi\u00e7a (CNJ), que compartilha o material coletado com o STJ.<\/p>\n<p>Nos bastidores, o clima \u00e9 de press\u00e3o para que o tribunal d\u00ea uma resposta contundente ao caso. Ministros avaliam que a resolu\u00e7\u00e3o do imbr\u00f3glio \u00e9 essencial para demonstrar que a institui\u00e7\u00e3o tem capacidade de &#8220;cortar na pr\u00f3pria carne&#8221;. Existe ainda o debate sobre uma eventual aposentadoria volunt\u00e1ria de Buzzi, solu\u00e7\u00e3o que s\u00f3 seria juridicamente vi\u00e1vel caso o pedido fosse oficializado antes da instaura\u00e7\u00e3o formal de um Processo Administrativo Disciplinar.<\/p>\n<p>A defesa de Marco Buzzi mant\u00e9m a postura de nega\u00e7\u00e3o total dos fatos. Os advogados j\u00e1 apresentaram uma pe\u00e7a escrita alegando que as den\u00fancias carecem de sustenta\u00e7\u00e3o probat\u00f3ria m\u00ednima. Com a prorroga\u00e7\u00e3o da sindic\u00e2ncia, o caso ganha novo f\u00f4lego administrativo, mantendo o foco sobre a conduta de um dos membros da c\u00fapula do Judici\u00e1rio brasileiro at\u00e9 a decis\u00e3o final no pr\u00f3ximo m\u00eas.<\/p>\n","protected":false},"excerpt":{"rendered":"<p>O Superior Tribunal de Justi\u00e7a (STJ) deve prorrogar at\u00e9 o dia 14 de abril o prazo para a conclus\u00e3o da sindic\u00e2ncia que investiga o ministro Marco Buzzi. Alvo de den\u00fancias de importuna\u00e7\u00e3o sexual, o magistrado nega as acusa\u00e7\u00f5es, mas segue afastado de suas fun\u00e7\u00f5es por decis\u00e3o un\u00e2nime do tribunal tomada em fevereiro. A expectativa \u00e9 [&hellip;]<\/p>\n","protected":false},"author":21,"featured_media":385762,"comment_status":"closed","ping_status":"closed","sticky":false,"template":"","format":"standard","meta":{"_acf_changed":false,"footnotes":""},"categories":[161],"tags":[],"class_list":["post-385760","post","type-post","status-publish","format-standard","has-post-thumbnail","hentry","category-quadradinho-em-foco"],"acf":[],"yoast_head":"<!-- This site is optimized with the Yoast SEO plugin v27.2 - https:\/\/yoast.com\/product\/yoast-seo-wordpress\/ -->\n<title>STJ deve adiar para abril conclus\u00e3o de apura\u00e7\u00e3o contra ministro Marco Buzzi - Notibras<\/title>\n<meta name=\"robots\" content=\"index, follow, max-snippet:-1, max-image-preview:large, max-video-preview:-1\" \/>\n<link rel=\"canonical\" href=\"https:\/\/www.notibras.com\/site\/stj-deve-adiar-para-abril-conclusao-de-apuracao-contra-ministro-marco-buzzi\/\" \/>\n<meta property=\"og:locale\" content=\"pt_BR\" \/>\n<meta property=\"og:type\" content=\"article\" \/>\n<meta property=\"og:title\" content=\"STJ deve adiar para abril conclus\u00e3o de apura\u00e7\u00e3o contra ministro Marco Buzzi - Notibras\" \/>\n<meta property=\"og:description\" content=\"O Superior Tribunal de Justi\u00e7a (STJ) deve prorrogar at\u00e9 o dia 14 de abril o prazo para a conclus\u00e3o da sindic\u00e2ncia que investiga o ministro Marco Buzzi. Alvo de den\u00fancias de importuna\u00e7\u00e3o sexual, o magistrado nega as acusa\u00e7\u00f5es, mas segue afastado de suas fun\u00e7\u00f5es por decis\u00e3o un\u00e2nime do tribunal tomada em fevereiro. A expectativa \u00e9 [&hellip;]\" \/>\n<meta property=\"og:url\" content=\"https:\/\/www.notibras.com\/site\/stj-deve-adiar-para-abril-conclusao-de-apuracao-contra-ministro-marco-buzzi\/\" \/>\n<meta property=\"og:site_name\" content=\"Notibras\" \/>\n<meta property=\"article:publisher\" content=\"https:\/\/www.facebook.com\/notibras\/\" \/>\n<meta property=\"article:published_time\" content=\"2026-03-06T04:15:54+00:00\" \/>\n<meta property=\"og:image\" content=\"https:\/\/www.notibras.com\/site\/wp-content\/uploads\/2026\/03\/Marco-Buzzi-640x370.jpg.webp\" \/>\n\t<meta property=\"og:image:width\" content=\"640\" \/>\n\t<meta property=\"og:image:height\" content=\"370\" \/>\n\t<meta property=\"og:image:type\" content=\"image\/webp\" \/>\n<meta name=\"author\" content=\"Eduardo Mart\u00ednez\" \/>\n<meta name=\"twitter:card\" content=\"summary_large_image\" \/>\n<meta name=\"twitter:creator\" content=\"@Notibras\" \/>\n<meta name=\"twitter:site\" content=\"@Notibras\" \/>\n<meta name=\"twitter:label1\" content=\"Escrito por\" \/>\n\t<meta name=\"twitter:data1\" content=\"Eduardo Mart\u00ednez\" \/>\n\t<meta name=\"twitter:label2\" content=\"Est. tempo de leitura\" \/>\n\t<meta name=\"twitter:data2\" content=\"3 minutos\" \/>\n<script type=\"application\/ld+json\" class=\"yoast-schema-graph\">{\"@context\":\"https:\/\/schema.org\",\"@graph\":[{\"@type\":\"Article\",\"@id\":\"https:\/\/www.notibras.com\/site\/stj-deve-adiar-para-abril-conclusao-de-apuracao-contra-ministro-marco-buzzi\/#article\",\"isPartOf\":{\"@id\":\"https:\/\/www.notibras.com\/site\/stj-deve-adiar-para-abril-conclusao-de-apuracao-contra-ministro-marco-buzzi\/\"},\"author\":{\"name\":\"Eduardo Mart\u00ednez\",\"@id\":\"https:\/\/www.notibras.com\/site\/#\/schema\/person\/5b7fabf2aedc3ada2105f03b22b4d3dd\"},\"headline\":\"STJ deve adiar para abril conclus\u00e3o de apura\u00e7\u00e3o contra ministro Marco Buzzi\",\"datePublished\":\"2026-03-06T04:15:54+00:00\",\"mainEntityOfPage\":{\"@id\":\"https:\/\/www.notibras.com\/site\/stj-deve-adiar-para-abril-conclusao-de-apuracao-contra-ministro-marco-buzzi\/\"},\"wordCount\":476,\"publisher\":{\"@id\":\"https:\/\/www.notibras.com\/site\/#organization\"},\"image\":{\"@id\":\"https:\/\/www.notibras.com\/site\/stj-deve-adiar-para-abril-conclusao-de-apuracao-contra-ministro-marco-buzzi\/#primaryimage\"},\"thumbnailUrl\":\"https:\/\/www.notibras.com\/site\/wp-content\/uploads\/2026\/03\/Marco-Buzzi-640x370.jpg.webp\",\"articleSection\":[\"Quadradinho em Foco\"],\"inLanguage\":\"pt-BR\"},{\"@type\":\"WebPage\",\"@id\":\"https:\/\/www.notibras.com\/site\/stj-deve-adiar-para-abril-conclusao-de-apuracao-contra-ministro-marco-buzzi\/\",\"url\":\"https:\/\/www.notibras.com\/site\/stj-deve-adiar-para-abril-conclusao-de-apuracao-contra-ministro-marco-buzzi\/\",\"name\":\"STJ deve adiar para abril conclus\u00e3o de apura\u00e7\u00e3o contra ministro Marco Buzzi - Notibras\",\"isPartOf\":{\"@id\":\"https:\/\/www.notibras.com\/site\/#website\"},\"primaryImageOfPage\":{\"@id\":\"https:\/\/www.notibras.com\/site\/stj-deve-adiar-para-abril-conclusao-de-apuracao-contra-ministro-marco-buzzi\/#primaryimage\"},\"image\":{\"@id\":\"https:\/\/www.notibras.com\/site\/stj-deve-adiar-para-abril-conclusao-de-apuracao-contra-ministro-marco-buzzi\/#primaryimage\"},\"thumbnailUrl\":\"https:\/\/www.notibras.com\/site\/wp-content\/uploads\/2026\/03\/Marco-Buzzi-640x370.jpg.webp\",\"datePublished\":\"2026-03-06T04:15:54+00:00\",\"breadcrumb\":{\"@id\":\"https:\/\/www.notibras.com\/site\/stj-deve-adiar-para-abril-conclusao-de-apuracao-contra-ministro-marco-buzzi\/#breadcrumb\"},\"inLanguage\":\"pt-BR\",\"potentialAction\":[{\"@type\":\"ReadAction\",\"target\":[\"https:\/\/www.notibras.com\/site\/stj-deve-adiar-para-abril-conclusao-de-apuracao-contra-ministro-marco-buzzi\/\"]}]},{\"@type\":\"ImageObject\",\"inLanguage\":\"pt-BR\",\"@id\":\"https:\/\/www.notibras.com\/site\/stj-deve-adiar-para-abril-conclusao-de-apuracao-contra-ministro-marco-buzzi\/#primaryimage\",\"url\":\"https:\/\/www.notibras.com\/site\/wp-content\/uploads\/2026\/03\/Marco-Buzzi-640x370.jpg.webp\",\"contentUrl\":\"https:\/\/www.notibras.com\/site\/wp-content\/uploads\/2026\/03\/Marco-Buzzi-640x370.jpg.webp\",\"width\":640,\"height\":370},{\"@type\":\"BreadcrumbList\",\"@id\":\"https:\/\/www.notibras.com\/site\/stj-deve-adiar-para-abril-conclusao-de-apuracao-contra-ministro-marco-buzzi\/#breadcrumb\",\"itemListElement\":[{\"@type\":\"ListItem\",\"position\":1,\"name\":\"In\u00edcio\",\"item\":\"https:\/\/www.notibras.com\/site\/\"},{\"@type\":\"ListItem\",\"position\":2,\"name\":\"STJ deve adiar para abril conclus\u00e3o de apura\u00e7\u00e3o contra ministro Marco Buzzi\"}]},{\"@type\":\"WebSite\",\"@id\":\"https:\/\/www.notibras.com\/site\/#website\",\"url\":\"https:\/\/www.notibras.com\/site\/\",\"name\":\"Notibras\",\"description\":\"Not\u00edcias de Bras\u00edlia, do Brasil e do Mundo\",\"publisher\":{\"@id\":\"https:\/\/www.notibras.com\/site\/#organization\"},\"potentialAction\":[{\"@type\":\"SearchAction\",\"target\":{\"@type\":\"EntryPoint\",\"urlTemplate\":\"https:\/\/www.notibras.com\/site\/?s={search_term_string}\"},\"query-input\":{\"@type\":\"PropertyValueSpecification\",\"valueRequired\":true,\"valueName\":\"search_term_string\"}}],\"inLanguage\":\"pt-BR\"},{\"@type\":\"Organization\",\"@id\":\"https:\/\/www.notibras.com\/site\/#organization\",\"name\":\"Grupo Notibras de Comunica\u00e7\u00e3o\",\"url\":\"https:\/\/www.notibras.com\/site\/\",\"logo\":{\"@type\":\"ImageObject\",\"inLanguage\":\"pt-BR\",\"@id\":\"https:\/\/www.notibras.com\/site\/#\/schema\/logo\/image\/\",\"url\":\"https:\/\/www.notibras.com\/site\/wp-content\/uploads\/2023\/01\/notibras23.png\",\"contentUrl\":\"https:\/\/www.notibras.com\/site\/wp-content\/uploads\/2023\/01\/notibras23.png\",\"width\":350,\"height\":87,\"caption\":\"Grupo Notibras de Comunica\u00e7\u00e3o\"},\"image\":{\"@id\":\"https:\/\/www.notibras.com\/site\/#\/schema\/logo\/image\/\"},\"sameAs\":[\"https:\/\/www.facebook.com\/notibras\/\",\"https:\/\/x.com\/Notibras\",\"https:\/\/www.instagram.com\/notibras\/\"]},{\"@type\":\"Person\",\"@id\":\"https:\/\/www.notibras.com\/site\/#\/schema\/person\/5b7fabf2aedc3ada2105f03b22b4d3dd\",\"name\":\"Eduardo Mart\u00ednez\",\"image\":{\"@type\":\"ImageObject\",\"inLanguage\":\"pt-BR\",\"@id\":\"https:\/\/secure.gravatar.com\/avatar\/7902f906289926289cbcda644b5197c796b893c6ffd7b9a536a42d290f7704a0?s=96&d=mm&r=g\",\"url\":\"https:\/\/secure.gravatar.com\/avatar\/7902f906289926289cbcda644b5197c796b893c6ffd7b9a536a42d290f7704a0?s=96&d=mm&r=g\",\"contentUrl\":\"https:\/\/secure.gravatar.com\/avatar\/7902f906289926289cbcda644b5197c796b893c6ffd7b9a536a42d290f7704a0?s=96&d=mm&r=g\",\"caption\":\"Eduardo Mart\u00ednez\"}}]}<\/script>\n<!-- \/ Yoast SEO plugin. -->","yoast_head_json":{"title":"STJ deve adiar para abril conclus\u00e3o de apura\u00e7\u00e3o contra ministro Marco Buzzi - Notibras","robots":{"index":"index","follow":"follow","max-snippet":"max-snippet:-1","max-image-preview":"max-image-preview:large","max-video-preview":"max-video-preview:-1"},"canonical":"https:\/\/www.notibras.com\/site\/stj-deve-adiar-para-abril-conclusao-de-apuracao-contra-ministro-marco-buzzi\/","og_locale":"pt_BR","og_type":"article","og_title":"STJ deve adiar para abril conclus\u00e3o de apura\u00e7\u00e3o contra ministro Marco Buzzi - Notibras","og_description":"O Superior Tribunal de Justi\u00e7a (STJ) deve prorrogar at\u00e9 o dia 14 de abril o prazo para a conclus\u00e3o da sindic\u00e2ncia que investiga o ministro Marco Buzzi. Alvo de den\u00fancias de importuna\u00e7\u00e3o sexual, o magistrado nega as acusa\u00e7\u00f5es, mas segue afastado de suas fun\u00e7\u00f5es por decis\u00e3o un\u00e2nime do tribunal tomada em fevereiro. A expectativa \u00e9 [&hellip;]","og_url":"https:\/\/www.notibras.com\/site\/stj-deve-adiar-para-abril-conclusao-de-apuracao-contra-ministro-marco-buzzi\/","og_site_name":"Notibras","article_publisher":"https:\/\/www.facebook.com\/notibras\/","article_published_time":"2026-03-06T04:15:54+00:00","og_image":[{"width":640,"height":370,"url":"https:\/\/www.notibras.com\/site\/wp-content\/uploads\/2026\/03\/Marco-Buzzi-640x370.jpg.webp","type":"image\/webp"}],"author":"Eduardo Mart\u00ednez","twitter_card":"summary_large_image","twitter_creator":"@Notibras","twitter_site":"@Notibras","twitter_misc":{"Escrito por":"Eduardo Mart\u00ednez","Est. tempo de leitura":"3 minutos"},"schema":{"@context":"https:\/\/schema.org","@graph":[{"@type":"Article","@id":"https:\/\/www.notibras.com\/site\/stj-deve-adiar-para-abril-conclusao-de-apuracao-contra-ministro-marco-buzzi\/#article","isPartOf":{"@id":"https:\/\/www.notibras.com\/site\/stj-deve-adiar-para-abril-conclusao-de-apuracao-contra-ministro-marco-buzzi\/"},"author":{"name":"Eduardo Mart\u00ednez","@id":"https:\/\/www.notibras.com\/site\/#\/schema\/person\/5b7fabf2aedc3ada2105f03b22b4d3dd"},"headline":"STJ deve adiar para abril conclus\u00e3o de apura\u00e7\u00e3o contra ministro Marco Buzzi","datePublished":"2026-03-06T04:15:54+00:00","mainEntityOfPage":{"@id":"https:\/\/www.notibras.com\/site\/stj-deve-adiar-para-abril-conclusao-de-apuracao-contra-ministro-marco-buzzi\/"},"wordCount":476,"publisher":{"@id":"https:\/\/www.notibras.com\/site\/#organization"},"image":{"@id":"https:\/\/www.notibras.com\/site\/stj-deve-adiar-para-abril-conclusao-de-apuracao-contra-ministro-marco-buzzi\/#primaryimage"},"thumbnailUrl":"https:\/\/www.notibras.com\/site\/wp-content\/uploads\/2026\/03\/Marco-Buzzi-640x370.jpg.webp","articleSection":["Quadradinho em Foco"],"inLanguage":"pt-BR"},{"@type":"WebPage","@id":"https:\/\/www.notibras.com\/site\/stj-deve-adiar-para-abril-conclusao-de-apuracao-contra-ministro-marco-buzzi\/","url":"https:\/\/www.notibras.com\/site\/stj-deve-adiar-para-abril-conclusao-de-apuracao-contra-ministro-marco-buzzi\/","name":"STJ deve adiar para abril conclus\u00e3o de apura\u00e7\u00e3o contra ministro Marco Buzzi - Notibras","isPartOf":{"@id":"https:\/\/www.notibras.com\/site\/#website"},"primaryImageOfPage":{"@id":"https:\/\/www.notibras.com\/site\/stj-deve-adiar-para-abril-conclusao-de-apuracao-contra-ministro-marco-buzzi\/#primaryimage"},"image":{"@id":"https:\/\/www.notibras.com\/site\/stj-deve-adiar-para-abril-conclusao-de-apuracao-contra-ministro-marco-buzzi\/#primaryimage"},"thumbnailUrl":"https:\/\/www.notibras.com\/site\/wp-content\/uploads\/2026\/03\/Marco-Buzzi-640x370.jpg.webp","datePublished":"2026-03-06T04:15:54+00:00","breadcrumb":{"@id":"https:\/\/www.notibras.com\/site\/stj-deve-adiar-para-abril-conclusao-de-apuracao-contra-ministro-marco-buzzi\/#breadcrumb"},"inLanguage":"pt-BR","potentialAction":[{"@type":"ReadAction","target":["https:\/\/www.notibras.com\/site\/stj-deve-adiar-para-abril-conclusao-de-apuracao-contra-ministro-marco-buzzi\/"]}]},{"@type":"ImageObject","inLanguage":"pt-BR","@id":"https:\/\/www.notibras.com\/site\/stj-deve-adiar-para-abril-conclusao-de-apuracao-contra-ministro-marco-buzzi\/#primaryimage","url":"https:\/\/www.notibras.com\/site\/wp-content\/uploads\/2026\/03\/Marco-Buzzi-640x370.jpg.webp","contentUrl":"https:\/\/www.notibras.com\/site\/wp-content\/uploads\/2026\/03\/Marco-Buzzi-640x370.jpg.webp","width":640,"height":370},{"@type":"BreadcrumbList","@id":"https:\/\/www.notibras.com\/site\/stj-deve-adiar-para-abril-conclusao-de-apuracao-contra-ministro-marco-buzzi\/#breadcrumb","itemListElement":[{"@type":"ListItem","position":1,"name":"In\u00edcio","item":"https:\/\/www.notibras.com\/site\/"},{"@type":"ListItem","position":2,"name":"STJ deve adiar para abril conclus\u00e3o de apura\u00e7\u00e3o contra ministro Marco Buzzi"}]},{"@type":"WebSite","@id":"https:\/\/www.notibras.com\/site\/#website","url":"https:\/\/www.notibras.com\/site\/","name":"Notibras","description":"Not\u00edcias de Bras\u00edlia, do Brasil e do Mundo","publisher":{"@id":"https:\/\/www.notibras.com\/site\/#organization"},"potentialAction":[{"@type":"SearchAction","target":{"@type":"EntryPoint","urlTemplate":"https:\/\/www.notibras.com\/site\/?s={search_term_string}"},"query-input":{"@type":"PropertyValueSpecification","valueRequired":true,"valueName":"search_term_string"}}],"inLanguage":"pt-BR"},{"@type":"Organization","@id":"https:\/\/www.notibras.com\/site\/#organization","name":"Grupo Notibras de Comunica\u00e7\u00e3o","url":"https:\/\/www.notibras.com\/site\/","logo":{"@type":"ImageObject","inLanguage":"pt-BR","@id":"https:\/\/www.notibras.com\/site\/#\/schema\/logo\/image\/","url":"https:\/\/www.notibras.com\/site\/wp-content\/uploads\/2023\/01\/notibras23.png","contentUrl":"https:\/\/www.notibras.com\/site\/wp-content\/uploads\/2023\/01\/notibras23.png","width":350,"height":87,"caption":"Grupo Notibras de Comunica\u00e7\u00e3o"},"image":{"@id":"https:\/\/www.notibras.com\/site\/#\/schema\/logo\/image\/"},"sameAs":["https:\/\/www.facebook.com\/notibras\/","https:\/\/x.com\/Notibras","https:\/\/www.instagram.com\/notibras\/"]},{"@type":"Person","@id":"https:\/\/www.notibras.com\/site\/#\/schema\/person\/5b7fabf2aedc3ada2105f03b22b4d3dd","name":"Eduardo Mart\u00ednez","image":{"@type":"ImageObject","inLanguage":"pt-BR","@id":"https:\/\/secure.gravatar.com\/avatar\/7902f906289926289cbcda644b5197c796b893c6ffd7b9a536a42d290f7704a0?s=96&d=mm&r=g","url":"https:\/\/secure.gravatar.com\/avatar\/7902f906289926289cbcda644b5197c796b893c6ffd7b9a536a42d290f7704a0?s=96&d=mm&r=g","contentUrl":"https:\/\/secure.gravatar.com\/avatar\/7902f906289926289cbcda644b5197c796b893c6ffd7b9a536a42d290f7704a0?s=96&d=mm&r=g","caption":"Eduardo Mart\u00ednez"}}]}},"amp_enabled":true,"_links":{"self":[{"href":"https:\/\/www.notibras.com\/site\/wp-json\/wp\/v2\/posts\/385760","targetHints":{"allow":["GET"]}}],"collection":[{"href":"https:\/\/www.notibras.com\/site\/wp-json\/wp\/v2\/posts"}],"about":[{"href":"https:\/\/www.notibras.com\/site\/wp-json\/wp\/v2\/types\/post"}],"author":[{"embeddable":true,"href":"https:\/\/www.notibras.com\/site\/wp-json\/wp\/v2\/users\/21"}],"replies":[{"embeddable":true,"href":"https:\/\/www.notibras.com\/site\/wp-json\/wp\/v2\/comments?post=385760"}],"version-history":[{"count":2,"href":"https:\/\/www.notibras.com\/site\/wp-json\/wp\/v2\/posts\/385760\/revisions"}],"predecessor-version":[{"id":385764,"href":"https:\/\/www.notibras.com\/site\/wp-json\/wp\/v2\/posts\/385760\/revisions\/385764"}],"wp:featuredmedia":[{"embeddable":true,"href":"https:\/\/www.notibras.com\/site\/wp-json\/wp\/v2\/media\/385762"}],"wp:attachment":[{"href":"https:\/\/www.notibras.com\/site\/wp-json\/wp\/v2\/media?parent=385760"}],"wp:term":[{"taxonomy":"category","embeddable":true,"href":"https:\/\/www.notibras.com\/site\/wp-json\/wp\/v2\/categories?post=385760"},{"taxonomy":"post_tag","embeddable":true,"href":"https:\/\/www.notibras.com\/site\/wp-json\/wp\/v2\/tags?post=385760"}],"curies":[{"name":"wp","href":"https:\/\/api.w.org\/{rel}","templated":true}]}}