{"id":385767,"date":"2026-03-06T04:00:41","date_gmt":"2026-03-06T07:00:41","guid":{"rendered":"https:\/\/www.notibras.com\/site\/?p=385767"},"modified":"2026-03-06T04:06:57","modified_gmt":"2026-03-06T07:06:57","slug":"felicidade-nao-e-um-evento-mas-treino-de-percepcao","status":"publish","type":"post","link":"https:\/\/www.notibras.com\/site\/felicidade-nao-e-um-evento-mas-treino-de-percepcao\/","title":{"rendered":"Felicidade n\u00e3o \u00e9 um evento, mas treino de percep\u00e7\u00e3o"},"content":{"rendered":"<p>A felicidade \u00e9 frequentemente associada a conquistas, momentos marcantes ou circunst\u00e2ncias ideais. Essa vis\u00e3o, t\u00e3o comum em nossa cultura, cria a expectativa de que o bem-estar depende exclusivamente de acontecimentos externos. Consequentemente, torna a felicidade algo raro, inst\u00e1vel e condicionado, sempre colocada em um futuro distante que nunca parece chegar de fato.<\/p>\n<p>Quando uma pessoa espera sentir-se bem apenas quando determinados objetivos forem alcan\u00e7ados, a vida cotidiana passa a ser percebida como um mero intervalo entre momentos felizes. Os dias comuns, as manh\u00e3s silenciosas e as pequenas rotinas perdem o brilho, pois a aten\u00e7\u00e3o est\u00e1 toda voltada para o pr\u00f3ximo marco. Essa l\u00f3gica alimenta uma frustra\u00e7\u00e3o constante e reduz drasticamente a capacidade de reconhecer experi\u00eancias de satisfa\u00e7\u00e3o que j\u00e1 est\u00e3o presentes na vida di\u00e1ria.<\/p>\n<p>\u00c9 fato que a felicidade est\u00e1 menos relacionada \u00e0 aus\u00eancia de problemas e mais \u00e0 forma como a realidade \u00e9 percebida e interpretada por cada um de n\u00f3s. Pessoas emocionalmente saud\u00e1veis n\u00e3o vivem sem dificuldades, isso seria irreal. Elas desenvolvem, por\u00e9m, uma maior flexibilidade cognitiva para identificar sentido, cultivar gratid\u00e3o e acolher pequenas experi\u00eancias de bem-estar mesmo em contextos imperfeitos e desafiadores.<\/p>\n<p>Treinar a percep\u00e7\u00e3o n\u00e3o significa ignorar dores ou romantizar desafios, mas sim ampliar o olhar para al\u00e9m daquilo que falta. \u00c9 um exerc\u00edcio di\u00e1rio de reconhecer momentos de tranquilidade, valorizar conex\u00f5es genu\u00ednas com as pessoas ao redor, celebrar pequenas conquistas e perceber sensa\u00e7\u00f5es de presen\u00e7a que normalmente passam despercebidas quando a aten\u00e7\u00e3o est\u00e1 focada apenas em problemas ou expectativas futuras. \u00c9 no ordin\u00e1rio que o extraordin\u00e1rio muitas vezes se esconde.<\/p>\n<p>Como pr\u00e1tica de autocuidado, cultivar pausas conscientes ao longo do dia, reduzir a compara\u00e7\u00e3o constante com a vida alheia e desenvolver gratid\u00e3o por experi\u00eancias simples contribui significativamente para a estabilidade emocional. Quando nos permitimos esse treino di\u00e1rio, a felicidade deixa de ser um destino distante e passa a ser um estado constru\u00eddo na rela\u00e7\u00e3o di\u00e1ria com a pr\u00f3pria vida, com suas imperfei\u00e7\u00f5es e belezas.<\/p>\n<p>Esperar que a felicidade chega como um grande evento pode gerar frustra\u00e7\u00e3o e vazio. Aprender a perceb\u00ea-la onde ela j\u00e1 existe transforma profundamente a forma de viver.<\/p>\n<p>E voc\u00ea, o que voc\u00ea tem deixado de enxergar na sua rotina enquanto espera pelo grande momento que nunca chega?<\/p>\n<p><strong>&#8230;&#8230;&#8230;&#8230;&#8230;..<\/strong><\/p>\n<p><strong>Acompanhe no perfil @sersuperconsciente \u00e0s lives \u201cTerapias que reconectam\u201d, todas \u00e0s quartas-feiras, \u00e0s 19h.<\/strong><\/p>\n<p><strong>Marina Dutra \u2013 Terapeuta<\/strong><br \/>\n<strong>E-mail: sersuperconsciente@gmail.com<\/strong><\/p>\n","protected":false},"excerpt":{"rendered":"<p>A felicidade \u00e9 frequentemente associada a conquistas, momentos marcantes ou circunst\u00e2ncias ideais. Essa vis\u00e3o, t\u00e3o comum em nossa cultura, cria a expectativa de que o bem-estar depende exclusivamente de acontecimentos externos. Consequentemente, torna a felicidade algo raro, inst\u00e1vel e condicionado, sempre colocada em um futuro distante que nunca parece chegar de fato. Quando uma pessoa [&hellip;]<\/p>\n","protected":false},"author":21,"featured_media":385771,"comment_status":"closed","ping_status":"closed","sticky":false,"template":"","format":"standard","meta":{"_acf_changed":false,"footnotes":""},"categories":[155],"tags":[],"class_list":["post-385767","post","type-post","status-publish","format-standard","has-post-thumbnail","hentry","category-leitura-vip"],"acf":[],"yoast_head":"<!-- This site is optimized with the Yoast SEO plugin v27.2 - https:\/\/yoast.com\/product\/yoast-seo-wordpress\/ -->\n<title>Felicidade n\u00e3o \u00e9 um evento, mas treino de percep\u00e7\u00e3o - Notibras<\/title>\n<meta name=\"robots\" content=\"index, follow, max-snippet:-1, max-image-preview:large, max-video-preview:-1\" \/>\n<link rel=\"canonical\" href=\"https:\/\/www.notibras.com\/site\/felicidade-nao-e-um-evento-mas-treino-de-percepcao\/\" \/>\n<meta property=\"og:locale\" content=\"pt_BR\" \/>\n<meta property=\"og:type\" content=\"article\" \/>\n<meta property=\"og:title\" content=\"Felicidade n\u00e3o \u00e9 um evento, mas treino de percep\u00e7\u00e3o - Notibras\" \/>\n<meta property=\"og:description\" content=\"A felicidade \u00e9 frequentemente associada a conquistas, momentos marcantes ou circunst\u00e2ncias ideais. Essa vis\u00e3o, t\u00e3o comum em nossa cultura, cria a expectativa de que o bem-estar depende exclusivamente de acontecimentos externos. Consequentemente, torna a felicidade algo raro, inst\u00e1vel e condicionado, sempre colocada em um futuro distante que nunca parece chegar de fato. Quando uma pessoa [&hellip;]\" \/>\n<meta property=\"og:url\" content=\"https:\/\/www.notibras.com\/site\/felicidade-nao-e-um-evento-mas-treino-de-percepcao\/\" \/>\n<meta property=\"og:site_name\" content=\"Notibras\" \/>\n<meta property=\"article:publisher\" content=\"https:\/\/www.facebook.com\/notibras\/\" \/>\n<meta property=\"article:published_time\" content=\"2026-03-06T07:00:41+00:00\" \/>\n<meta property=\"article:modified_time\" content=\"2026-03-06T07:06:57+00:00\" \/>\n<meta property=\"og:image\" content=\"https:\/\/www.notibras.com\/site\/wp-content\/uploads\/2026\/03\/WhatsApp-Image-2026-03-03-at-16.27.44.jpeg\" \/>\n\t<meta property=\"og:image:width\" content=\"1024\" \/>\n\t<meta property=\"og:image:height\" content=\"1536\" \/>\n\t<meta property=\"og:image:type\" content=\"image\/jpeg\" \/>\n<meta name=\"author\" content=\"Eduardo Mart\u00ednez\" \/>\n<meta name=\"twitter:card\" content=\"summary_large_image\" \/>\n<meta name=\"twitter:creator\" content=\"@Notibras\" \/>\n<meta name=\"twitter:site\" content=\"@Notibras\" \/>\n<meta name=\"twitter:label1\" content=\"Escrito por\" \/>\n\t<meta name=\"twitter:data1\" content=\"Eduardo Mart\u00ednez\" \/>\n\t<meta name=\"twitter:label2\" content=\"Est. tempo de leitura\" \/>\n\t<meta name=\"twitter:data2\" content=\"3 minutos\" \/>\n<script type=\"application\/ld+json\" class=\"yoast-schema-graph\">{\"@context\":\"https:\/\/schema.org\",\"@graph\":[{\"@type\":\"Article\",\"@id\":\"https:\/\/www.notibras.com\/site\/felicidade-nao-e-um-evento-mas-treino-de-percepcao\/#article\",\"isPartOf\":{\"@id\":\"https:\/\/www.notibras.com\/site\/felicidade-nao-e-um-evento-mas-treino-de-percepcao\/\"},\"author\":{\"name\":\"Eduardo Mart\u00ednez\",\"@id\":\"https:\/\/www.notibras.com\/site\/#\/schema\/person\/5b7fabf2aedc3ada2105f03b22b4d3dd\"},\"headline\":\"Felicidade n\u00e3o \u00e9 um evento, mas treino de percep\u00e7\u00e3o\",\"datePublished\":\"2026-03-06T07:00:41+00:00\",\"dateModified\":\"2026-03-06T07:06:57+00:00\",\"mainEntityOfPage\":{\"@id\":\"https:\/\/www.notibras.com\/site\/felicidade-nao-e-um-evento-mas-treino-de-percepcao\/\"},\"wordCount\":436,\"publisher\":{\"@id\":\"https:\/\/www.notibras.com\/site\/#organization\"},\"image\":{\"@id\":\"https:\/\/www.notibras.com\/site\/felicidade-nao-e-um-evento-mas-treino-de-percepcao\/#primaryimage\"},\"thumbnailUrl\":\"https:\/\/www.notibras.com\/site\/wp-content\/uploads\/2026\/03\/WhatsApp-Image-2026-03-03-at-16.27.44.jpeg\",\"articleSection\":[\"Leitura Vip\"],\"inLanguage\":\"pt-BR\"},{\"@type\":\"WebPage\",\"@id\":\"https:\/\/www.notibras.com\/site\/felicidade-nao-e-um-evento-mas-treino-de-percepcao\/\",\"url\":\"https:\/\/www.notibras.com\/site\/felicidade-nao-e-um-evento-mas-treino-de-percepcao\/\",\"name\":\"Felicidade n\u00e3o \u00e9 um evento, mas treino de percep\u00e7\u00e3o - Notibras\",\"isPartOf\":{\"@id\":\"https:\/\/www.notibras.com\/site\/#website\"},\"primaryImageOfPage\":{\"@id\":\"https:\/\/www.notibras.com\/site\/felicidade-nao-e-um-evento-mas-treino-de-percepcao\/#primaryimage\"},\"image\":{\"@id\":\"https:\/\/www.notibras.com\/site\/felicidade-nao-e-um-evento-mas-treino-de-percepcao\/#primaryimage\"},\"thumbnailUrl\":\"https:\/\/www.notibras.com\/site\/wp-content\/uploads\/2026\/03\/WhatsApp-Image-2026-03-03-at-16.27.44.jpeg\",\"datePublished\":\"2026-03-06T07:00:41+00:00\",\"dateModified\":\"2026-03-06T07:06:57+00:00\",\"breadcrumb\":{\"@id\":\"https:\/\/www.notibras.com\/site\/felicidade-nao-e-um-evento-mas-treino-de-percepcao\/#breadcrumb\"},\"inLanguage\":\"pt-BR\",\"potentialAction\":[{\"@type\":\"ReadAction\",\"target\":[\"https:\/\/www.notibras.com\/site\/felicidade-nao-e-um-evento-mas-treino-de-percepcao\/\"]}]},{\"@type\":\"ImageObject\",\"inLanguage\":\"pt-BR\",\"@id\":\"https:\/\/www.notibras.com\/site\/felicidade-nao-e-um-evento-mas-treino-de-percepcao\/#primaryimage\",\"url\":\"https:\/\/www.notibras.com\/site\/wp-content\/uploads\/2026\/03\/WhatsApp-Image-2026-03-03-at-16.27.44.jpeg\",\"contentUrl\":\"https:\/\/www.notibras.com\/site\/wp-content\/uploads\/2026\/03\/WhatsApp-Image-2026-03-03-at-16.27.44.jpeg\",\"width\":1024,\"height\":1536},{\"@type\":\"BreadcrumbList\",\"@id\":\"https:\/\/www.notibras.com\/site\/felicidade-nao-e-um-evento-mas-treino-de-percepcao\/#breadcrumb\",\"itemListElement\":[{\"@type\":\"ListItem\",\"position\":1,\"name\":\"In\u00edcio\",\"item\":\"https:\/\/www.notibras.com\/site\/\"},{\"@type\":\"ListItem\",\"position\":2,\"name\":\"Felicidade n\u00e3o \u00e9 um evento, mas treino de percep\u00e7\u00e3o\"}]},{\"@type\":\"WebSite\",\"@id\":\"https:\/\/www.notibras.com\/site\/#website\",\"url\":\"https:\/\/www.notibras.com\/site\/\",\"name\":\"Notibras\",\"description\":\"Not\u00edcias de Bras\u00edlia, do Brasil e do Mundo\",\"publisher\":{\"@id\":\"https:\/\/www.notibras.com\/site\/#organization\"},\"potentialAction\":[{\"@type\":\"SearchAction\",\"target\":{\"@type\":\"EntryPoint\",\"urlTemplate\":\"https:\/\/www.notibras.com\/site\/?s={search_term_string}\"},\"query-input\":{\"@type\":\"PropertyValueSpecification\",\"valueRequired\":true,\"valueName\":\"search_term_string\"}}],\"inLanguage\":\"pt-BR\"},{\"@type\":\"Organization\",\"@id\":\"https:\/\/www.notibras.com\/site\/#organization\",\"name\":\"Grupo Notibras de Comunica\u00e7\u00e3o\",\"url\":\"https:\/\/www.notibras.com\/site\/\",\"logo\":{\"@type\":\"ImageObject\",\"inLanguage\":\"pt-BR\",\"@id\":\"https:\/\/www.notibras.com\/site\/#\/schema\/logo\/image\/\",\"url\":\"https:\/\/www.notibras.com\/site\/wp-content\/uploads\/2023\/01\/notibras23.png\",\"contentUrl\":\"https:\/\/www.notibras.com\/site\/wp-content\/uploads\/2023\/01\/notibras23.png\",\"width\":350,\"height\":87,\"caption\":\"Grupo Notibras de Comunica\u00e7\u00e3o\"},\"image\":{\"@id\":\"https:\/\/www.notibras.com\/site\/#\/schema\/logo\/image\/\"},\"sameAs\":[\"https:\/\/www.facebook.com\/notibras\/\",\"https:\/\/x.com\/Notibras\",\"https:\/\/www.instagram.com\/notibras\/\"]},{\"@type\":\"Person\",\"@id\":\"https:\/\/www.notibras.com\/site\/#\/schema\/person\/5b7fabf2aedc3ada2105f03b22b4d3dd\",\"name\":\"Eduardo Mart\u00ednez\",\"image\":{\"@type\":\"ImageObject\",\"inLanguage\":\"pt-BR\",\"@id\":\"https:\/\/secure.gravatar.com\/avatar\/7902f906289926289cbcda644b5197c796b893c6ffd7b9a536a42d290f7704a0?s=96&d=mm&r=g\",\"url\":\"https:\/\/secure.gravatar.com\/avatar\/7902f906289926289cbcda644b5197c796b893c6ffd7b9a536a42d290f7704a0?s=96&d=mm&r=g\",\"contentUrl\":\"https:\/\/secure.gravatar.com\/avatar\/7902f906289926289cbcda644b5197c796b893c6ffd7b9a536a42d290f7704a0?s=96&d=mm&r=g\",\"caption\":\"Eduardo Mart\u00ednez\"}}]}<\/script>\n<!-- \/ Yoast SEO plugin. -->","yoast_head_json":{"title":"Felicidade n\u00e3o \u00e9 um evento, mas treino de percep\u00e7\u00e3o - Notibras","robots":{"index":"index","follow":"follow","max-snippet":"max-snippet:-1","max-image-preview":"max-image-preview:large","max-video-preview":"max-video-preview:-1"},"canonical":"https:\/\/www.notibras.com\/site\/felicidade-nao-e-um-evento-mas-treino-de-percepcao\/","og_locale":"pt_BR","og_type":"article","og_title":"Felicidade n\u00e3o \u00e9 um evento, mas treino de percep\u00e7\u00e3o - Notibras","og_description":"A felicidade \u00e9 frequentemente associada a conquistas, momentos marcantes ou circunst\u00e2ncias ideais. Essa vis\u00e3o, t\u00e3o comum em nossa cultura, cria a expectativa de que o bem-estar depende exclusivamente de acontecimentos externos. Consequentemente, torna a felicidade algo raro, inst\u00e1vel e condicionado, sempre colocada em um futuro distante que nunca parece chegar de fato. Quando uma pessoa [&hellip;]","og_url":"https:\/\/www.notibras.com\/site\/felicidade-nao-e-um-evento-mas-treino-de-percepcao\/","og_site_name":"Notibras","article_publisher":"https:\/\/www.facebook.com\/notibras\/","article_published_time":"2026-03-06T07:00:41+00:00","article_modified_time":"2026-03-06T07:06:57+00:00","og_image":[{"width":1024,"height":1536,"url":"https:\/\/www.notibras.com\/site\/wp-content\/uploads\/2026\/03\/WhatsApp-Image-2026-03-03-at-16.27.44.jpeg","type":"image\/jpeg"}],"author":"Eduardo Mart\u00ednez","twitter_card":"summary_large_image","twitter_creator":"@Notibras","twitter_site":"@Notibras","twitter_misc":{"Escrito por":"Eduardo Mart\u00ednez","Est. tempo de leitura":"3 minutos"},"schema":{"@context":"https:\/\/schema.org","@graph":[{"@type":"Article","@id":"https:\/\/www.notibras.com\/site\/felicidade-nao-e-um-evento-mas-treino-de-percepcao\/#article","isPartOf":{"@id":"https:\/\/www.notibras.com\/site\/felicidade-nao-e-um-evento-mas-treino-de-percepcao\/"},"author":{"name":"Eduardo Mart\u00ednez","@id":"https:\/\/www.notibras.com\/site\/#\/schema\/person\/5b7fabf2aedc3ada2105f03b22b4d3dd"},"headline":"Felicidade n\u00e3o \u00e9 um evento, mas treino de percep\u00e7\u00e3o","datePublished":"2026-03-06T07:00:41+00:00","dateModified":"2026-03-06T07:06:57+00:00","mainEntityOfPage":{"@id":"https:\/\/www.notibras.com\/site\/felicidade-nao-e-um-evento-mas-treino-de-percepcao\/"},"wordCount":436,"publisher":{"@id":"https:\/\/www.notibras.com\/site\/#organization"},"image":{"@id":"https:\/\/www.notibras.com\/site\/felicidade-nao-e-um-evento-mas-treino-de-percepcao\/#primaryimage"},"thumbnailUrl":"https:\/\/www.notibras.com\/site\/wp-content\/uploads\/2026\/03\/WhatsApp-Image-2026-03-03-at-16.27.44.jpeg","articleSection":["Leitura Vip"],"inLanguage":"pt-BR"},{"@type":"WebPage","@id":"https:\/\/www.notibras.com\/site\/felicidade-nao-e-um-evento-mas-treino-de-percepcao\/","url":"https:\/\/www.notibras.com\/site\/felicidade-nao-e-um-evento-mas-treino-de-percepcao\/","name":"Felicidade n\u00e3o \u00e9 um evento, mas treino de percep\u00e7\u00e3o - Notibras","isPartOf":{"@id":"https:\/\/www.notibras.com\/site\/#website"},"primaryImageOfPage":{"@id":"https:\/\/www.notibras.com\/site\/felicidade-nao-e-um-evento-mas-treino-de-percepcao\/#primaryimage"},"image":{"@id":"https:\/\/www.notibras.com\/site\/felicidade-nao-e-um-evento-mas-treino-de-percepcao\/#primaryimage"},"thumbnailUrl":"https:\/\/www.notibras.com\/site\/wp-content\/uploads\/2026\/03\/WhatsApp-Image-2026-03-03-at-16.27.44.jpeg","datePublished":"2026-03-06T07:00:41+00:00","dateModified":"2026-03-06T07:06:57+00:00","breadcrumb":{"@id":"https:\/\/www.notibras.com\/site\/felicidade-nao-e-um-evento-mas-treino-de-percepcao\/#breadcrumb"},"inLanguage":"pt-BR","potentialAction":[{"@type":"ReadAction","target":["https:\/\/www.notibras.com\/site\/felicidade-nao-e-um-evento-mas-treino-de-percepcao\/"]}]},{"@type":"ImageObject","inLanguage":"pt-BR","@id":"https:\/\/www.notibras.com\/site\/felicidade-nao-e-um-evento-mas-treino-de-percepcao\/#primaryimage","url":"https:\/\/www.notibras.com\/site\/wp-content\/uploads\/2026\/03\/WhatsApp-Image-2026-03-03-at-16.27.44.jpeg","contentUrl":"https:\/\/www.notibras.com\/site\/wp-content\/uploads\/2026\/03\/WhatsApp-Image-2026-03-03-at-16.27.44.jpeg","width":1024,"height":1536},{"@type":"BreadcrumbList","@id":"https:\/\/www.notibras.com\/site\/felicidade-nao-e-um-evento-mas-treino-de-percepcao\/#breadcrumb","itemListElement":[{"@type":"ListItem","position":1,"name":"In\u00edcio","item":"https:\/\/www.notibras.com\/site\/"},{"@type":"ListItem","position":2,"name":"Felicidade n\u00e3o \u00e9 um evento, mas treino de percep\u00e7\u00e3o"}]},{"@type":"WebSite","@id":"https:\/\/www.notibras.com\/site\/#website","url":"https:\/\/www.notibras.com\/site\/","name":"Notibras","description":"Not\u00edcias de Bras\u00edlia, do Brasil e do Mundo","publisher":{"@id":"https:\/\/www.notibras.com\/site\/#organization"},"potentialAction":[{"@type":"SearchAction","target":{"@type":"EntryPoint","urlTemplate":"https:\/\/www.notibras.com\/site\/?s={search_term_string}"},"query-input":{"@type":"PropertyValueSpecification","valueRequired":true,"valueName":"search_term_string"}}],"inLanguage":"pt-BR"},{"@type":"Organization","@id":"https:\/\/www.notibras.com\/site\/#organization","name":"Grupo Notibras de Comunica\u00e7\u00e3o","url":"https:\/\/www.notibras.com\/site\/","logo":{"@type":"ImageObject","inLanguage":"pt-BR","@id":"https:\/\/www.notibras.com\/site\/#\/schema\/logo\/image\/","url":"https:\/\/www.notibras.com\/site\/wp-content\/uploads\/2023\/01\/notibras23.png","contentUrl":"https:\/\/www.notibras.com\/site\/wp-content\/uploads\/2023\/01\/notibras23.png","width":350,"height":87,"caption":"Grupo Notibras de Comunica\u00e7\u00e3o"},"image":{"@id":"https:\/\/www.notibras.com\/site\/#\/schema\/logo\/image\/"},"sameAs":["https:\/\/www.facebook.com\/notibras\/","https:\/\/x.com\/Notibras","https:\/\/www.instagram.com\/notibras\/"]},{"@type":"Person","@id":"https:\/\/www.notibras.com\/site\/#\/schema\/person\/5b7fabf2aedc3ada2105f03b22b4d3dd","name":"Eduardo Mart\u00ednez","image":{"@type":"ImageObject","inLanguage":"pt-BR","@id":"https:\/\/secure.gravatar.com\/avatar\/7902f906289926289cbcda644b5197c796b893c6ffd7b9a536a42d290f7704a0?s=96&d=mm&r=g","url":"https:\/\/secure.gravatar.com\/avatar\/7902f906289926289cbcda644b5197c796b893c6ffd7b9a536a42d290f7704a0?s=96&d=mm&r=g","contentUrl":"https:\/\/secure.gravatar.com\/avatar\/7902f906289926289cbcda644b5197c796b893c6ffd7b9a536a42d290f7704a0?s=96&d=mm&r=g","caption":"Eduardo Mart\u00ednez"}}]}},"amp_enabled":true,"_links":{"self":[{"href":"https:\/\/www.notibras.com\/site\/wp-json\/wp\/v2\/posts\/385767","targetHints":{"allow":["GET"]}}],"collection":[{"href":"https:\/\/www.notibras.com\/site\/wp-json\/wp\/v2\/posts"}],"about":[{"href":"https:\/\/www.notibras.com\/site\/wp-json\/wp\/v2\/types\/post"}],"author":[{"embeddable":true,"href":"https:\/\/www.notibras.com\/site\/wp-json\/wp\/v2\/users\/21"}],"replies":[{"embeddable":true,"href":"https:\/\/www.notibras.com\/site\/wp-json\/wp\/v2\/comments?post=385767"}],"version-history":[{"count":3,"href":"https:\/\/www.notibras.com\/site\/wp-json\/wp\/v2\/posts\/385767\/revisions"}],"predecessor-version":[{"id":385795,"href":"https:\/\/www.notibras.com\/site\/wp-json\/wp\/v2\/posts\/385767\/revisions\/385795"}],"wp:featuredmedia":[{"embeddable":true,"href":"https:\/\/www.notibras.com\/site\/wp-json\/wp\/v2\/media\/385771"}],"wp:attachment":[{"href":"https:\/\/www.notibras.com\/site\/wp-json\/wp\/v2\/media?parent=385767"}],"wp:term":[{"taxonomy":"category","embeddable":true,"href":"https:\/\/www.notibras.com\/site\/wp-json\/wp\/v2\/categories?post=385767"},{"taxonomy":"post_tag","embeddable":true,"href":"https:\/\/www.notibras.com\/site\/wp-json\/wp\/v2\/tags?post=385767"}],"curies":[{"name":"wp","href":"https:\/\/api.w.org\/{rel}","templated":true}]}}