{"id":385773,"date":"2026-03-08T01:00:57","date_gmt":"2026-03-08T04:00:57","guid":{"rendered":"https:\/\/www.notibras.com\/site\/?p=385773"},"modified":"2026-03-07T14:19:20","modified_gmt":"2026-03-07T17:19:20","slug":"uma-mulher-com-o-pe-no-chao","status":"publish","type":"post","link":"https:\/\/www.notibras.com\/site\/uma-mulher-com-o-pe-no-chao\/","title":{"rendered":"Uma mulher com o p\u00e9 no ch\u00e3o"},"content":{"rendered":"<p style=\"text-align: right;\"><em>(Sarah Munck em di\u00e1logo com Cl\u00e1udia Sampaio)<\/em><\/p>\n<p>Voc\u00ea me fala de uma mulher<br \/>\ncom chap\u00e9u na cabe\u00e7a<br \/>\na esperar coisas invis\u00edveis<br \/>\napesar do mundo inteiro<br \/>\nn\u00e3o caber ali<br \/>\ne de ela se fazer maior que o mundo<br \/>\npara ocup\u00e1-lo<\/p>\n<p>Eu vejo uma mulher desnuda<br \/>\ncom um p\u00e9 cravado no ch\u00e3o<br \/>\na domesticar presen\u00e7as<br \/>\nonde surgem todos os infort\u00fanios do dia<br \/>\ne onde vivem as agonias da noite<br \/>\ncomo se n\u00e3o bastassem<br \/>\nos magn\u00edficos chap\u00e9us<br \/>\na entrela\u00e7ar as caraminholas<br \/>\nque perduram na face<\/p>\n<p>Porque as mulheres s\u00e3o \u00ednfimas<br \/>\npara gerenciar toda a exist\u00eancia<br \/>\ndo mundo,<br \/>\nque racha a cabe\u00e7a ao meio<br \/>\ncomo uma pedra bruta<br \/>\nlan\u00e7ada na piscina<br \/>\nvazia-esverdeada da vizinha<\/p>\n<p>&nbsp;<\/p>\n<p><img loading=\"lazy\" decoding=\"async\" class=\"alignnone size-medium wp-image-385920\" src=\"https:\/\/www.notibras.com\/site\/wp-content\/uploads\/2026\/03\/WhatsApp-Image-2026-03-06-at-11.09.38-300x300.jpeg\" alt=\"\" width=\"300\" height=\"300\" srcset=\"https:\/\/www.notibras.com\/site\/wp-content\/uploads\/2026\/03\/WhatsApp-Image-2026-03-06-at-11.09.38-300x300.jpeg 300w, https:\/\/www.notibras.com\/site\/wp-content\/uploads\/2026\/03\/WhatsApp-Image-2026-03-06-at-11.09.38-150x150.jpeg 150w, https:\/\/www.notibras.com\/site\/wp-content\/uploads\/2026\/03\/WhatsApp-Image-2026-03-06-at-11.09.38-768x768.jpeg 768w, https:\/\/www.notibras.com\/site\/wp-content\/uploads\/2026\/03\/WhatsApp-Image-2026-03-06-at-11.09.38-80x80.jpeg 80w, https:\/\/www.notibras.com\/site\/wp-content\/uploads\/2026\/03\/WhatsApp-Image-2026-03-06-at-11.09.38.jpeg 1024w\" sizes=\"auto, (max-width: 300px) 100vw, 300px\" \/><\/p>\n<p>&nbsp;<\/p>\n<p>Ent\u00e3o, penso: creio que estou<br \/>\nViva,<br \/>\napesar de sentir demasiado<br \/>\nmas n\u00e3o sentir nada,<\/p>\n<p>e de n\u00e3o processar a dor de forma<br \/>\nadequada<br \/>\npor minha baixa sensibilidade<br \/>\n\u00e0quilo que me espeta<br \/>\ne minha forte como\u00e7\u00e3o pelo que<br \/>\nmachuca o outro<\/p>\n<p>Por que as mulheres veem<br \/>\na tristeza nascer<br \/>\njunto \u00e0 vida que n\u00e3o puderam<br \/>\nescolher<br \/>\ne \u00e0s barras de chumbo<br \/>\nque carregam nas costas<\/p>\n<p>Por que as mulheres se acostumam<br \/>\ncom a tristeza<br \/>\npara dar conta de toda uma<br \/>\nancestralidade<br \/>\ne de tudo o que h\u00e1 de ser,<br \/>\ncomo deusas advindas,<br \/>\nretiradas do seio da madre<br \/>\ncomo um l\u00edrio da cor de todas as mulheres<\/p>\n<p>Ent\u00e3o, penso: estou viva,<br \/>\nsinto demasiado<br \/>\ne vivo toda a vida<br \/>\nPorque as mulheres sonham<br \/>\napesar dos deuses infecundos,<br \/>\nsonham como um l\u00edrio<br \/>\nda cor de todas as mulheres.<\/p>\n<p><strong>\u2026\u2026\u2026\u2026\u2026\u2026<\/strong><\/p>\n<p><strong>Sarah Munck, mineira de Juiz de Fora, professora do IF-Sudeste, escreve no Substack sarahmunck.substack.com, e \u00e9 autora dos livros de poemas \u201cO Diagn\u00f3stico do Espelho\u201d e \u201cEsquecemos os nomes dos p\u00e1ssaros\u201d.<\/strong><\/p>\n","protected":false},"excerpt":{"rendered":"<p>(Sarah Munck em di\u00e1logo com Cl\u00e1udia Sampaio) Voc\u00ea me fala de uma mulher com chap\u00e9u na cabe\u00e7a a esperar coisas invis\u00edveis apesar do mundo inteiro n\u00e3o caber ali e de ela se fazer maior que o mundo para ocup\u00e1-lo Eu vejo uma mulher desnuda com um p\u00e9 cravado no ch\u00e3o a domesticar presen\u00e7as onde surgem [&hellip;]<\/p>\n","protected":false},"author":21,"featured_media":385776,"comment_status":"closed","ping_status":"closed","sticky":false,"template":"","format":"standard","meta":{"_acf_changed":false,"footnotes":""},"categories":[234],"tags":[],"class_list":["post-385773","post","type-post","status-publish","format-standard","has-post-thumbnail","hentry","category-cafe-literario"],"acf":[],"yoast_head":"<!-- This site is optimized with the Yoast SEO plugin v27.2 - https:\/\/yoast.com\/product\/yoast-seo-wordpress\/ -->\n<title>Uma mulher com o p\u00e9 no ch\u00e3o - Notibras<\/title>\n<meta name=\"robots\" content=\"index, follow, max-snippet:-1, max-image-preview:large, max-video-preview:-1\" \/>\n<link rel=\"canonical\" href=\"https:\/\/www.notibras.com\/site\/uma-mulher-com-o-pe-no-chao\/\" \/>\n<meta property=\"og:locale\" content=\"pt_BR\" \/>\n<meta property=\"og:type\" content=\"article\" \/>\n<meta property=\"og:title\" content=\"Uma mulher com o p\u00e9 no ch\u00e3o - Notibras\" \/>\n<meta property=\"og:description\" content=\"(Sarah Munck em di\u00e1logo com Cl\u00e1udia Sampaio) Voc\u00ea me fala de uma mulher com chap\u00e9u na cabe\u00e7a a esperar coisas invis\u00edveis apesar do mundo inteiro n\u00e3o caber ali e de ela se fazer maior que o mundo para ocup\u00e1-lo Eu vejo uma mulher desnuda com um p\u00e9 cravado no ch\u00e3o a domesticar presen\u00e7as onde surgem [&hellip;]\" \/>\n<meta property=\"og:url\" content=\"https:\/\/www.notibras.com\/site\/uma-mulher-com-o-pe-no-chao\/\" \/>\n<meta property=\"og:site_name\" content=\"Notibras\" \/>\n<meta property=\"article:publisher\" content=\"https:\/\/www.facebook.com\/notibras\/\" \/>\n<meta property=\"article:published_time\" content=\"2026-03-08T04:00:57+00:00\" \/>\n<meta property=\"og:image\" content=\"https:\/\/www.notibras.com\/site\/wp-content\/uploads\/2026\/03\/Foto-Sarah-Munck.jpeg\" \/>\n\t<meta property=\"og:image:width\" content=\"708\" \/>\n\t<meta property=\"og:image:height\" content=\"472\" \/>\n\t<meta property=\"og:image:type\" content=\"image\/jpeg\" \/>\n<meta name=\"author\" content=\"Eduardo Mart\u00ednez\" \/>\n<meta name=\"twitter:card\" content=\"summary_large_image\" \/>\n<meta name=\"twitter:creator\" content=\"@Notibras\" \/>\n<meta name=\"twitter:site\" content=\"@Notibras\" \/>\n<meta name=\"twitter:label1\" content=\"Escrito por\" \/>\n\t<meta name=\"twitter:data1\" content=\"Eduardo Mart\u00ednez\" \/>\n\t<meta name=\"twitter:label2\" content=\"Est. tempo de leitura\" \/>\n\t<meta name=\"twitter:data2\" content=\"2 minutos\" \/>\n<script type=\"application\/ld+json\" class=\"yoast-schema-graph\">{\"@context\":\"https:\/\/schema.org\",\"@graph\":[{\"@type\":\"Article\",\"@id\":\"https:\/\/www.notibras.com\/site\/uma-mulher-com-o-pe-no-chao\/#article\",\"isPartOf\":{\"@id\":\"https:\/\/www.notibras.com\/site\/uma-mulher-com-o-pe-no-chao\/\"},\"author\":{\"name\":\"Eduardo Mart\u00ednez\",\"@id\":\"https:\/\/www.notibras.com\/site\/#\/schema\/person\/5b7fabf2aedc3ada2105f03b22b4d3dd\"},\"headline\":\"Uma mulher com o p\u00e9 no ch\u00e3o\",\"datePublished\":\"2026-03-08T04:00:57+00:00\",\"mainEntityOfPage\":{\"@id\":\"https:\/\/www.notibras.com\/site\/uma-mulher-com-o-pe-no-chao\/\"},\"wordCount\":313,\"publisher\":{\"@id\":\"https:\/\/www.notibras.com\/site\/#organization\"},\"image\":{\"@id\":\"https:\/\/www.notibras.com\/site\/uma-mulher-com-o-pe-no-chao\/#primaryimage\"},\"thumbnailUrl\":\"https:\/\/www.notibras.com\/site\/wp-content\/uploads\/2026\/03\/Foto-Sarah-Munck.jpeg\",\"articleSection\":[\"Caf\u00e9 Liter\u00e1rio\"],\"inLanguage\":\"pt-BR\"},{\"@type\":\"WebPage\",\"@id\":\"https:\/\/www.notibras.com\/site\/uma-mulher-com-o-pe-no-chao\/\",\"url\":\"https:\/\/www.notibras.com\/site\/uma-mulher-com-o-pe-no-chao\/\",\"name\":\"Uma mulher com o p\u00e9 no ch\u00e3o - Notibras\",\"isPartOf\":{\"@id\":\"https:\/\/www.notibras.com\/site\/#website\"},\"primaryImageOfPage\":{\"@id\":\"https:\/\/www.notibras.com\/site\/uma-mulher-com-o-pe-no-chao\/#primaryimage\"},\"image\":{\"@id\":\"https:\/\/www.notibras.com\/site\/uma-mulher-com-o-pe-no-chao\/#primaryimage\"},\"thumbnailUrl\":\"https:\/\/www.notibras.com\/site\/wp-content\/uploads\/2026\/03\/Foto-Sarah-Munck.jpeg\",\"datePublished\":\"2026-03-08T04:00:57+00:00\",\"breadcrumb\":{\"@id\":\"https:\/\/www.notibras.com\/site\/uma-mulher-com-o-pe-no-chao\/#breadcrumb\"},\"inLanguage\":\"pt-BR\",\"potentialAction\":[{\"@type\":\"ReadAction\",\"target\":[\"https:\/\/www.notibras.com\/site\/uma-mulher-com-o-pe-no-chao\/\"]}]},{\"@type\":\"ImageObject\",\"inLanguage\":\"pt-BR\",\"@id\":\"https:\/\/www.notibras.com\/site\/uma-mulher-com-o-pe-no-chao\/#primaryimage\",\"url\":\"https:\/\/www.notibras.com\/site\/wp-content\/uploads\/2026\/03\/Foto-Sarah-Munck.jpeg\",\"contentUrl\":\"https:\/\/www.notibras.com\/site\/wp-content\/uploads\/2026\/03\/Foto-Sarah-Munck.jpeg\",\"width\":708,\"height\":472},{\"@type\":\"BreadcrumbList\",\"@id\":\"https:\/\/www.notibras.com\/site\/uma-mulher-com-o-pe-no-chao\/#breadcrumb\",\"itemListElement\":[{\"@type\":\"ListItem\",\"position\":1,\"name\":\"In\u00edcio\",\"item\":\"https:\/\/www.notibras.com\/site\/\"},{\"@type\":\"ListItem\",\"position\":2,\"name\":\"Uma mulher com o p\u00e9 no ch\u00e3o\"}]},{\"@type\":\"WebSite\",\"@id\":\"https:\/\/www.notibras.com\/site\/#website\",\"url\":\"https:\/\/www.notibras.com\/site\/\",\"name\":\"Notibras\",\"description\":\"Not\u00edcias de Bras\u00edlia, do Brasil e do Mundo\",\"publisher\":{\"@id\":\"https:\/\/www.notibras.com\/site\/#organization\"},\"potentialAction\":[{\"@type\":\"SearchAction\",\"target\":{\"@type\":\"EntryPoint\",\"urlTemplate\":\"https:\/\/www.notibras.com\/site\/?s={search_term_string}\"},\"query-input\":{\"@type\":\"PropertyValueSpecification\",\"valueRequired\":true,\"valueName\":\"search_term_string\"}}],\"inLanguage\":\"pt-BR\"},{\"@type\":\"Organization\",\"@id\":\"https:\/\/www.notibras.com\/site\/#organization\",\"name\":\"Grupo Notibras de Comunica\u00e7\u00e3o\",\"url\":\"https:\/\/www.notibras.com\/site\/\",\"logo\":{\"@type\":\"ImageObject\",\"inLanguage\":\"pt-BR\",\"@id\":\"https:\/\/www.notibras.com\/site\/#\/schema\/logo\/image\/\",\"url\":\"https:\/\/www.notibras.com\/site\/wp-content\/uploads\/2023\/01\/notibras23.png\",\"contentUrl\":\"https:\/\/www.notibras.com\/site\/wp-content\/uploads\/2023\/01\/notibras23.png\",\"width\":350,\"height\":87,\"caption\":\"Grupo Notibras de Comunica\u00e7\u00e3o\"},\"image\":{\"@id\":\"https:\/\/www.notibras.com\/site\/#\/schema\/logo\/image\/\"},\"sameAs\":[\"https:\/\/www.facebook.com\/notibras\/\",\"https:\/\/x.com\/Notibras\",\"https:\/\/www.instagram.com\/notibras\/\"]},{\"@type\":\"Person\",\"@id\":\"https:\/\/www.notibras.com\/site\/#\/schema\/person\/5b7fabf2aedc3ada2105f03b22b4d3dd\",\"name\":\"Eduardo Mart\u00ednez\",\"image\":{\"@type\":\"ImageObject\",\"inLanguage\":\"pt-BR\",\"@id\":\"https:\/\/secure.gravatar.com\/avatar\/7902f906289926289cbcda644b5197c796b893c6ffd7b9a536a42d290f7704a0?s=96&d=mm&r=g\",\"url\":\"https:\/\/secure.gravatar.com\/avatar\/7902f906289926289cbcda644b5197c796b893c6ffd7b9a536a42d290f7704a0?s=96&d=mm&r=g\",\"contentUrl\":\"https:\/\/secure.gravatar.com\/avatar\/7902f906289926289cbcda644b5197c796b893c6ffd7b9a536a42d290f7704a0?s=96&d=mm&r=g\",\"caption\":\"Eduardo Mart\u00ednez\"}}]}<\/script>\n<!-- \/ Yoast SEO plugin. -->","yoast_head_json":{"title":"Uma mulher com o p\u00e9 no ch\u00e3o - Notibras","robots":{"index":"index","follow":"follow","max-snippet":"max-snippet:-1","max-image-preview":"max-image-preview:large","max-video-preview":"max-video-preview:-1"},"canonical":"https:\/\/www.notibras.com\/site\/uma-mulher-com-o-pe-no-chao\/","og_locale":"pt_BR","og_type":"article","og_title":"Uma mulher com o p\u00e9 no ch\u00e3o - Notibras","og_description":"(Sarah Munck em di\u00e1logo com Cl\u00e1udia Sampaio) Voc\u00ea me fala de uma mulher com chap\u00e9u na cabe\u00e7a a esperar coisas invis\u00edveis apesar do mundo inteiro n\u00e3o caber ali e de ela se fazer maior que o mundo para ocup\u00e1-lo Eu vejo uma mulher desnuda com um p\u00e9 cravado no ch\u00e3o a domesticar presen\u00e7as onde surgem [&hellip;]","og_url":"https:\/\/www.notibras.com\/site\/uma-mulher-com-o-pe-no-chao\/","og_site_name":"Notibras","article_publisher":"https:\/\/www.facebook.com\/notibras\/","article_published_time":"2026-03-08T04:00:57+00:00","og_image":[{"width":708,"height":472,"url":"https:\/\/www.notibras.com\/site\/wp-content\/uploads\/2026\/03\/Foto-Sarah-Munck.jpeg","type":"image\/jpeg"}],"author":"Eduardo Mart\u00ednez","twitter_card":"summary_large_image","twitter_creator":"@Notibras","twitter_site":"@Notibras","twitter_misc":{"Escrito por":"Eduardo Mart\u00ednez","Est. tempo de leitura":"2 minutos"},"schema":{"@context":"https:\/\/schema.org","@graph":[{"@type":"Article","@id":"https:\/\/www.notibras.com\/site\/uma-mulher-com-o-pe-no-chao\/#article","isPartOf":{"@id":"https:\/\/www.notibras.com\/site\/uma-mulher-com-o-pe-no-chao\/"},"author":{"name":"Eduardo Mart\u00ednez","@id":"https:\/\/www.notibras.com\/site\/#\/schema\/person\/5b7fabf2aedc3ada2105f03b22b4d3dd"},"headline":"Uma mulher com o p\u00e9 no ch\u00e3o","datePublished":"2026-03-08T04:00:57+00:00","mainEntityOfPage":{"@id":"https:\/\/www.notibras.com\/site\/uma-mulher-com-o-pe-no-chao\/"},"wordCount":313,"publisher":{"@id":"https:\/\/www.notibras.com\/site\/#organization"},"image":{"@id":"https:\/\/www.notibras.com\/site\/uma-mulher-com-o-pe-no-chao\/#primaryimage"},"thumbnailUrl":"https:\/\/www.notibras.com\/site\/wp-content\/uploads\/2026\/03\/Foto-Sarah-Munck.jpeg","articleSection":["Caf\u00e9 Liter\u00e1rio"],"inLanguage":"pt-BR"},{"@type":"WebPage","@id":"https:\/\/www.notibras.com\/site\/uma-mulher-com-o-pe-no-chao\/","url":"https:\/\/www.notibras.com\/site\/uma-mulher-com-o-pe-no-chao\/","name":"Uma mulher com o p\u00e9 no ch\u00e3o - Notibras","isPartOf":{"@id":"https:\/\/www.notibras.com\/site\/#website"},"primaryImageOfPage":{"@id":"https:\/\/www.notibras.com\/site\/uma-mulher-com-o-pe-no-chao\/#primaryimage"},"image":{"@id":"https:\/\/www.notibras.com\/site\/uma-mulher-com-o-pe-no-chao\/#primaryimage"},"thumbnailUrl":"https:\/\/www.notibras.com\/site\/wp-content\/uploads\/2026\/03\/Foto-Sarah-Munck.jpeg","datePublished":"2026-03-08T04:00:57+00:00","breadcrumb":{"@id":"https:\/\/www.notibras.com\/site\/uma-mulher-com-o-pe-no-chao\/#breadcrumb"},"inLanguage":"pt-BR","potentialAction":[{"@type":"ReadAction","target":["https:\/\/www.notibras.com\/site\/uma-mulher-com-o-pe-no-chao\/"]}]},{"@type":"ImageObject","inLanguage":"pt-BR","@id":"https:\/\/www.notibras.com\/site\/uma-mulher-com-o-pe-no-chao\/#primaryimage","url":"https:\/\/www.notibras.com\/site\/wp-content\/uploads\/2026\/03\/Foto-Sarah-Munck.jpeg","contentUrl":"https:\/\/www.notibras.com\/site\/wp-content\/uploads\/2026\/03\/Foto-Sarah-Munck.jpeg","width":708,"height":472},{"@type":"BreadcrumbList","@id":"https:\/\/www.notibras.com\/site\/uma-mulher-com-o-pe-no-chao\/#breadcrumb","itemListElement":[{"@type":"ListItem","position":1,"name":"In\u00edcio","item":"https:\/\/www.notibras.com\/site\/"},{"@type":"ListItem","position":2,"name":"Uma mulher com o p\u00e9 no ch\u00e3o"}]},{"@type":"WebSite","@id":"https:\/\/www.notibras.com\/site\/#website","url":"https:\/\/www.notibras.com\/site\/","name":"Notibras","description":"Not\u00edcias de Bras\u00edlia, do Brasil e do Mundo","publisher":{"@id":"https:\/\/www.notibras.com\/site\/#organization"},"potentialAction":[{"@type":"SearchAction","target":{"@type":"EntryPoint","urlTemplate":"https:\/\/www.notibras.com\/site\/?s={search_term_string}"},"query-input":{"@type":"PropertyValueSpecification","valueRequired":true,"valueName":"search_term_string"}}],"inLanguage":"pt-BR"},{"@type":"Organization","@id":"https:\/\/www.notibras.com\/site\/#organization","name":"Grupo Notibras de Comunica\u00e7\u00e3o","url":"https:\/\/www.notibras.com\/site\/","logo":{"@type":"ImageObject","inLanguage":"pt-BR","@id":"https:\/\/www.notibras.com\/site\/#\/schema\/logo\/image\/","url":"https:\/\/www.notibras.com\/site\/wp-content\/uploads\/2023\/01\/notibras23.png","contentUrl":"https:\/\/www.notibras.com\/site\/wp-content\/uploads\/2023\/01\/notibras23.png","width":350,"height":87,"caption":"Grupo Notibras de Comunica\u00e7\u00e3o"},"image":{"@id":"https:\/\/www.notibras.com\/site\/#\/schema\/logo\/image\/"},"sameAs":["https:\/\/www.facebook.com\/notibras\/","https:\/\/x.com\/Notibras","https:\/\/www.instagram.com\/notibras\/"]},{"@type":"Person","@id":"https:\/\/www.notibras.com\/site\/#\/schema\/person\/5b7fabf2aedc3ada2105f03b22b4d3dd","name":"Eduardo Mart\u00ednez","image":{"@type":"ImageObject","inLanguage":"pt-BR","@id":"https:\/\/secure.gravatar.com\/avatar\/7902f906289926289cbcda644b5197c796b893c6ffd7b9a536a42d290f7704a0?s=96&d=mm&r=g","url":"https:\/\/secure.gravatar.com\/avatar\/7902f906289926289cbcda644b5197c796b893c6ffd7b9a536a42d290f7704a0?s=96&d=mm&r=g","contentUrl":"https:\/\/secure.gravatar.com\/avatar\/7902f906289926289cbcda644b5197c796b893c6ffd7b9a536a42d290f7704a0?s=96&d=mm&r=g","caption":"Eduardo Mart\u00ednez"}}]}},"amp_enabled":true,"_links":{"self":[{"href":"https:\/\/www.notibras.com\/site\/wp-json\/wp\/v2\/posts\/385773","targetHints":{"allow":["GET"]}}],"collection":[{"href":"https:\/\/www.notibras.com\/site\/wp-json\/wp\/v2\/posts"}],"about":[{"href":"https:\/\/www.notibras.com\/site\/wp-json\/wp\/v2\/types\/post"}],"author":[{"embeddable":true,"href":"https:\/\/www.notibras.com\/site\/wp-json\/wp\/v2\/users\/21"}],"replies":[{"embeddable":true,"href":"https:\/\/www.notibras.com\/site\/wp-json\/wp\/v2\/comments?post=385773"}],"version-history":[{"count":12,"href":"https:\/\/www.notibras.com\/site\/wp-json\/wp\/v2\/posts\/385773\/revisions"}],"predecessor-version":[{"id":386017,"href":"https:\/\/www.notibras.com\/site\/wp-json\/wp\/v2\/posts\/385773\/revisions\/386017"}],"wp:featuredmedia":[{"embeddable":true,"href":"https:\/\/www.notibras.com\/site\/wp-json\/wp\/v2\/media\/385776"}],"wp:attachment":[{"href":"https:\/\/www.notibras.com\/site\/wp-json\/wp\/v2\/media?parent=385773"}],"wp:term":[{"taxonomy":"category","embeddable":true,"href":"https:\/\/www.notibras.com\/site\/wp-json\/wp\/v2\/categories?post=385773"},{"taxonomy":"post_tag","embeddable":true,"href":"https:\/\/www.notibras.com\/site\/wp-json\/wp\/v2\/tags?post=385773"}],"curies":[{"name":"wp","href":"https:\/\/api.w.org\/{rel}","templated":true}]}}