{"id":385789,"date":"2026-03-06T02:00:52","date_gmt":"2026-03-06T05:00:52","guid":{"rendered":"https:\/\/www.notibras.com\/site\/?p=385789"},"modified":"2026-03-05T23:35:07","modified_gmt":"2026-03-06T02:35:07","slug":"o-risco-de-asfixia-financeira-e-o-futuro-do-psol-no-congresso","status":"publish","type":"post","link":"https:\/\/www.notibras.com\/site\/o-risco-de-asfixia-financeira-e-o-futuro-do-psol-no-congresso\/","title":{"rendered":"O risco de asfixia financeira e o futuro do PSOL no Congresso"},"content":{"rendered":"<p>A discuss\u00e3o sobre uma poss\u00edvel federa\u00e7\u00e3o com o Partido dos Trabalhadores tem agitado os debates internos no Partido Socialismo e Liberdade (PSOL). Nas redes sociais, diversos deputados e dirigentes t\u00eam se manifestado sobre o tema. A maioria se mostra contr\u00e1ria \u00e0 formaliza\u00e7\u00e3o de uma alian\u00e7a institucional com o PT, embora muitos desses mesmos parlamentares reconhe\u00e7am a import\u00e2ncia de apoiar a reelei\u00e7\u00e3o do presidente Lula em 2026. O debate revela tens\u00f5es antigas dentro do partido sobre identidade pol\u00edtica, autonomia e estrat\u00e9gia eleitoral.<\/p>\n<p>Na pr\u00e1tica, o PSOL muitas vezes mant\u00e9m uma posi\u00e7\u00e3o de independ\u00eancia em rela\u00e7\u00e3o ao governo federal. Em diversas vota\u00e7\u00f5es e debates no Congresso, o partido chega a se posicionar de forma cr\u00edtica, por vezes alinhando-se circunstancialmente com setores da oposi\u00e7\u00e3o em temas espec\u00edficos. Essa postura busca preservar a identidade program\u00e1tica da legenda, mas tamb\u00e9m levanta questionamentos sobre sua efic\u00e1cia eleitoral em um sistema pol\u00edtico cada vez mais pressionado por regras restritivas, como a cl\u00e1usula de barreira.<\/p>\n<p>Nesse contexto, uma eventual cis\u00e3o ou isolamento estrat\u00e9gico n\u00e3o parece particularmente inteligente. O PSOL depender\u00e1 da for\u00e7a eleitoral de nomes com grande capacidade de puxar votos, como Luiza Erundina e \u00c9rika Hilton, para alcan\u00e7ar o percentual m\u00ednimo exigido pela legisla\u00e7\u00e3o. Caso n\u00e3o atinja essa marca, o partido poder\u00e1 perder acesso ao fundo partid\u00e1rio e a outros recursos fundamentais para sua sobreviv\u00eancia institucional. Evidentemente, ningu\u00e9m no campo progressista torce para que isso aconte\u00e7a, mas, se acontecer, poder\u00e1 servir como uma li\u00e7\u00e3o pedag\u00f3gica sobre os limites do isolamento pol\u00edtico em um sistema eleitoral cada vez mais competitivo.<\/p>\n","protected":false},"excerpt":{"rendered":"<p>A discuss\u00e3o sobre uma poss\u00edvel federa\u00e7\u00e3o com o Partido dos Trabalhadores tem agitado os debates internos no Partido Socialismo e Liberdade (PSOL). Nas redes sociais, diversos deputados e dirigentes t\u00eam se manifestado sobre o tema. A maioria se mostra contr\u00e1ria \u00e0 formaliza\u00e7\u00e3o de uma alian\u00e7a institucional com o PT, embora muitos desses mesmos parlamentares reconhe\u00e7am [&hellip;]<\/p>\n","protected":false},"author":21,"featured_media":385790,"comment_status":"closed","ping_status":"closed","sticky":false,"template":"","format":"standard","meta":{"_acf_changed":false,"footnotes":""},"categories":[235],"tags":[],"class_list":["post-385789","post","type-post","status-publish","format-standard","has-post-thumbnail","hentry","category-dona-irene"],"acf":[],"yoast_head":"<!-- This site is optimized with the Yoast SEO plugin v27.2 - https:\/\/yoast.com\/product\/yoast-seo-wordpress\/ -->\n<title>O risco de asfixia financeira e o futuro do PSOL no Congresso - Notibras<\/title>\n<meta name=\"robots\" content=\"index, follow, max-snippet:-1, max-image-preview:large, max-video-preview:-1\" \/>\n<link rel=\"canonical\" href=\"https:\/\/www.notibras.com\/site\/o-risco-de-asfixia-financeira-e-o-futuro-do-psol-no-congresso\/\" \/>\n<meta property=\"og:locale\" content=\"pt_BR\" \/>\n<meta property=\"og:type\" content=\"article\" \/>\n<meta property=\"og:title\" content=\"O risco de asfixia financeira e o futuro do PSOL no Congresso - Notibras\" \/>\n<meta property=\"og:description\" content=\"A discuss\u00e3o sobre uma poss\u00edvel federa\u00e7\u00e3o com o Partido dos Trabalhadores tem agitado os debates internos no Partido Socialismo e Liberdade (PSOL). Nas redes sociais, diversos deputados e dirigentes t\u00eam se manifestado sobre o tema. A maioria se mostra contr\u00e1ria \u00e0 formaliza\u00e7\u00e3o de uma alian\u00e7a institucional com o PT, embora muitos desses mesmos parlamentares reconhe\u00e7am [&hellip;]\" \/>\n<meta property=\"og:url\" content=\"https:\/\/www.notibras.com\/site\/o-risco-de-asfixia-financeira-e-o-futuro-do-psol-no-congresso\/\" \/>\n<meta property=\"og:site_name\" content=\"Notibras\" \/>\n<meta property=\"article:publisher\" content=\"https:\/\/www.facebook.com\/notibras\/\" \/>\n<meta property=\"article:published_time\" content=\"2026-03-06T05:00:52+00:00\" \/>\n<meta property=\"og:image\" content=\"https:\/\/www.notibras.com\/site\/wp-content\/uploads\/2026\/03\/WhatsApp-Image-2026-03-05-at-23.33.55.jpeg\" \/>\n\t<meta property=\"og:image:width\" content=\"888\" \/>\n\t<meta property=\"og:image:height\" content=\"530\" \/>\n\t<meta property=\"og:image:type\" content=\"image\/jpeg\" \/>\n<meta name=\"author\" content=\"Eduardo Mart\u00ednez\" \/>\n<meta name=\"twitter:card\" content=\"summary_large_image\" \/>\n<meta name=\"twitter:creator\" content=\"@Notibras\" \/>\n<meta name=\"twitter:site\" content=\"@Notibras\" \/>\n<meta name=\"twitter:label1\" content=\"Escrito por\" \/>\n\t<meta name=\"twitter:data1\" content=\"Eduardo Mart\u00ednez\" \/>\n\t<meta name=\"twitter:label2\" content=\"Est. tempo de leitura\" \/>\n\t<meta name=\"twitter:data2\" content=\"2 minutos\" \/>\n<script type=\"application\/ld+json\" class=\"yoast-schema-graph\">{\"@context\":\"https:\/\/schema.org\",\"@graph\":[{\"@type\":\"Article\",\"@id\":\"https:\/\/www.notibras.com\/site\/o-risco-de-asfixia-financeira-e-o-futuro-do-psol-no-congresso\/#article\",\"isPartOf\":{\"@id\":\"https:\/\/www.notibras.com\/site\/o-risco-de-asfixia-financeira-e-o-futuro-do-psol-no-congresso\/\"},\"author\":{\"name\":\"Eduardo Mart\u00ednez\",\"@id\":\"https:\/\/www.notibras.com\/site\/#\/schema\/person\/5b7fabf2aedc3ada2105f03b22b4d3dd\"},\"headline\":\"O risco de asfixia financeira e o futuro do PSOL no Congresso\",\"datePublished\":\"2026-03-06T05:00:52+00:00\",\"mainEntityOfPage\":{\"@id\":\"https:\/\/www.notibras.com\/site\/o-risco-de-asfixia-financeira-e-o-futuro-do-psol-no-congresso\/\"},\"wordCount\":304,\"publisher\":{\"@id\":\"https:\/\/www.notibras.com\/site\/#organization\"},\"image\":{\"@id\":\"https:\/\/www.notibras.com\/site\/o-risco-de-asfixia-financeira-e-o-futuro-do-psol-no-congresso\/#primaryimage\"},\"thumbnailUrl\":\"https:\/\/www.notibras.com\/site\/wp-content\/uploads\/2026\/03\/WhatsApp-Image-2026-03-05-at-23.33.55.jpeg\",\"articleSection\":[\"Dona Irene\"],\"inLanguage\":\"pt-BR\"},{\"@type\":\"WebPage\",\"@id\":\"https:\/\/www.notibras.com\/site\/o-risco-de-asfixia-financeira-e-o-futuro-do-psol-no-congresso\/\",\"url\":\"https:\/\/www.notibras.com\/site\/o-risco-de-asfixia-financeira-e-o-futuro-do-psol-no-congresso\/\",\"name\":\"O risco de asfixia financeira e o futuro do PSOL no Congresso - Notibras\",\"isPartOf\":{\"@id\":\"https:\/\/www.notibras.com\/site\/#website\"},\"primaryImageOfPage\":{\"@id\":\"https:\/\/www.notibras.com\/site\/o-risco-de-asfixia-financeira-e-o-futuro-do-psol-no-congresso\/#primaryimage\"},\"image\":{\"@id\":\"https:\/\/www.notibras.com\/site\/o-risco-de-asfixia-financeira-e-o-futuro-do-psol-no-congresso\/#primaryimage\"},\"thumbnailUrl\":\"https:\/\/www.notibras.com\/site\/wp-content\/uploads\/2026\/03\/WhatsApp-Image-2026-03-05-at-23.33.55.jpeg\",\"datePublished\":\"2026-03-06T05:00:52+00:00\",\"breadcrumb\":{\"@id\":\"https:\/\/www.notibras.com\/site\/o-risco-de-asfixia-financeira-e-o-futuro-do-psol-no-congresso\/#breadcrumb\"},\"inLanguage\":\"pt-BR\",\"potentialAction\":[{\"@type\":\"ReadAction\",\"target\":[\"https:\/\/www.notibras.com\/site\/o-risco-de-asfixia-financeira-e-o-futuro-do-psol-no-congresso\/\"]}]},{\"@type\":\"ImageObject\",\"inLanguage\":\"pt-BR\",\"@id\":\"https:\/\/www.notibras.com\/site\/o-risco-de-asfixia-financeira-e-o-futuro-do-psol-no-congresso\/#primaryimage\",\"url\":\"https:\/\/www.notibras.com\/site\/wp-content\/uploads\/2026\/03\/WhatsApp-Image-2026-03-05-at-23.33.55.jpeg\",\"contentUrl\":\"https:\/\/www.notibras.com\/site\/wp-content\/uploads\/2026\/03\/WhatsApp-Image-2026-03-05-at-23.33.55.jpeg\",\"width\":888,\"height\":530},{\"@type\":\"BreadcrumbList\",\"@id\":\"https:\/\/www.notibras.com\/site\/o-risco-de-asfixia-financeira-e-o-futuro-do-psol-no-congresso\/#breadcrumb\",\"itemListElement\":[{\"@type\":\"ListItem\",\"position\":1,\"name\":\"In\u00edcio\",\"item\":\"https:\/\/www.notibras.com\/site\/\"},{\"@type\":\"ListItem\",\"position\":2,\"name\":\"O risco de asfixia financeira e o futuro do PSOL no Congresso\"}]},{\"@type\":\"WebSite\",\"@id\":\"https:\/\/www.notibras.com\/site\/#website\",\"url\":\"https:\/\/www.notibras.com\/site\/\",\"name\":\"Notibras\",\"description\":\"Not\u00edcias de Bras\u00edlia, do Brasil e do Mundo\",\"publisher\":{\"@id\":\"https:\/\/www.notibras.com\/site\/#organization\"},\"potentialAction\":[{\"@type\":\"SearchAction\",\"target\":{\"@type\":\"EntryPoint\",\"urlTemplate\":\"https:\/\/www.notibras.com\/site\/?s={search_term_string}\"},\"query-input\":{\"@type\":\"PropertyValueSpecification\",\"valueRequired\":true,\"valueName\":\"search_term_string\"}}],\"inLanguage\":\"pt-BR\"},{\"@type\":\"Organization\",\"@id\":\"https:\/\/www.notibras.com\/site\/#organization\",\"name\":\"Grupo Notibras de Comunica\u00e7\u00e3o\",\"url\":\"https:\/\/www.notibras.com\/site\/\",\"logo\":{\"@type\":\"ImageObject\",\"inLanguage\":\"pt-BR\",\"@id\":\"https:\/\/www.notibras.com\/site\/#\/schema\/logo\/image\/\",\"url\":\"https:\/\/www.notibras.com\/site\/wp-content\/uploads\/2023\/01\/notibras23.png\",\"contentUrl\":\"https:\/\/www.notibras.com\/site\/wp-content\/uploads\/2023\/01\/notibras23.png\",\"width\":350,\"height\":87,\"caption\":\"Grupo Notibras de Comunica\u00e7\u00e3o\"},\"image\":{\"@id\":\"https:\/\/www.notibras.com\/site\/#\/schema\/logo\/image\/\"},\"sameAs\":[\"https:\/\/www.facebook.com\/notibras\/\",\"https:\/\/x.com\/Notibras\",\"https:\/\/www.instagram.com\/notibras\/\"]},{\"@type\":\"Person\",\"@id\":\"https:\/\/www.notibras.com\/site\/#\/schema\/person\/5b7fabf2aedc3ada2105f03b22b4d3dd\",\"name\":\"Eduardo Mart\u00ednez\",\"image\":{\"@type\":\"ImageObject\",\"inLanguage\":\"pt-BR\",\"@id\":\"https:\/\/secure.gravatar.com\/avatar\/7902f906289926289cbcda644b5197c796b893c6ffd7b9a536a42d290f7704a0?s=96&d=mm&r=g\",\"url\":\"https:\/\/secure.gravatar.com\/avatar\/7902f906289926289cbcda644b5197c796b893c6ffd7b9a536a42d290f7704a0?s=96&d=mm&r=g\",\"contentUrl\":\"https:\/\/secure.gravatar.com\/avatar\/7902f906289926289cbcda644b5197c796b893c6ffd7b9a536a42d290f7704a0?s=96&d=mm&r=g\",\"caption\":\"Eduardo Mart\u00ednez\"}}]}<\/script>\n<!-- \/ Yoast SEO plugin. -->","yoast_head_json":{"title":"O risco de asfixia financeira e o futuro do PSOL no Congresso - Notibras","robots":{"index":"index","follow":"follow","max-snippet":"max-snippet:-1","max-image-preview":"max-image-preview:large","max-video-preview":"max-video-preview:-1"},"canonical":"https:\/\/www.notibras.com\/site\/o-risco-de-asfixia-financeira-e-o-futuro-do-psol-no-congresso\/","og_locale":"pt_BR","og_type":"article","og_title":"O risco de asfixia financeira e o futuro do PSOL no Congresso - Notibras","og_description":"A discuss\u00e3o sobre uma poss\u00edvel federa\u00e7\u00e3o com o Partido dos Trabalhadores tem agitado os debates internos no Partido Socialismo e Liberdade (PSOL). Nas redes sociais, diversos deputados e dirigentes t\u00eam se manifestado sobre o tema. A maioria se mostra contr\u00e1ria \u00e0 formaliza\u00e7\u00e3o de uma alian\u00e7a institucional com o PT, embora muitos desses mesmos parlamentares reconhe\u00e7am [&hellip;]","og_url":"https:\/\/www.notibras.com\/site\/o-risco-de-asfixia-financeira-e-o-futuro-do-psol-no-congresso\/","og_site_name":"Notibras","article_publisher":"https:\/\/www.facebook.com\/notibras\/","article_published_time":"2026-03-06T05:00:52+00:00","og_image":[{"width":888,"height":530,"url":"https:\/\/www.notibras.com\/site\/wp-content\/uploads\/2026\/03\/WhatsApp-Image-2026-03-05-at-23.33.55.jpeg","type":"image\/jpeg"}],"author":"Eduardo Mart\u00ednez","twitter_card":"summary_large_image","twitter_creator":"@Notibras","twitter_site":"@Notibras","twitter_misc":{"Escrito por":"Eduardo Mart\u00ednez","Est. tempo de leitura":"2 minutos"},"schema":{"@context":"https:\/\/schema.org","@graph":[{"@type":"Article","@id":"https:\/\/www.notibras.com\/site\/o-risco-de-asfixia-financeira-e-o-futuro-do-psol-no-congresso\/#article","isPartOf":{"@id":"https:\/\/www.notibras.com\/site\/o-risco-de-asfixia-financeira-e-o-futuro-do-psol-no-congresso\/"},"author":{"name":"Eduardo Mart\u00ednez","@id":"https:\/\/www.notibras.com\/site\/#\/schema\/person\/5b7fabf2aedc3ada2105f03b22b4d3dd"},"headline":"O risco de asfixia financeira e o futuro do PSOL no Congresso","datePublished":"2026-03-06T05:00:52+00:00","mainEntityOfPage":{"@id":"https:\/\/www.notibras.com\/site\/o-risco-de-asfixia-financeira-e-o-futuro-do-psol-no-congresso\/"},"wordCount":304,"publisher":{"@id":"https:\/\/www.notibras.com\/site\/#organization"},"image":{"@id":"https:\/\/www.notibras.com\/site\/o-risco-de-asfixia-financeira-e-o-futuro-do-psol-no-congresso\/#primaryimage"},"thumbnailUrl":"https:\/\/www.notibras.com\/site\/wp-content\/uploads\/2026\/03\/WhatsApp-Image-2026-03-05-at-23.33.55.jpeg","articleSection":["Dona Irene"],"inLanguage":"pt-BR"},{"@type":"WebPage","@id":"https:\/\/www.notibras.com\/site\/o-risco-de-asfixia-financeira-e-o-futuro-do-psol-no-congresso\/","url":"https:\/\/www.notibras.com\/site\/o-risco-de-asfixia-financeira-e-o-futuro-do-psol-no-congresso\/","name":"O risco de asfixia financeira e o futuro do PSOL no Congresso - Notibras","isPartOf":{"@id":"https:\/\/www.notibras.com\/site\/#website"},"primaryImageOfPage":{"@id":"https:\/\/www.notibras.com\/site\/o-risco-de-asfixia-financeira-e-o-futuro-do-psol-no-congresso\/#primaryimage"},"image":{"@id":"https:\/\/www.notibras.com\/site\/o-risco-de-asfixia-financeira-e-o-futuro-do-psol-no-congresso\/#primaryimage"},"thumbnailUrl":"https:\/\/www.notibras.com\/site\/wp-content\/uploads\/2026\/03\/WhatsApp-Image-2026-03-05-at-23.33.55.jpeg","datePublished":"2026-03-06T05:00:52+00:00","breadcrumb":{"@id":"https:\/\/www.notibras.com\/site\/o-risco-de-asfixia-financeira-e-o-futuro-do-psol-no-congresso\/#breadcrumb"},"inLanguage":"pt-BR","potentialAction":[{"@type":"ReadAction","target":["https:\/\/www.notibras.com\/site\/o-risco-de-asfixia-financeira-e-o-futuro-do-psol-no-congresso\/"]}]},{"@type":"ImageObject","inLanguage":"pt-BR","@id":"https:\/\/www.notibras.com\/site\/o-risco-de-asfixia-financeira-e-o-futuro-do-psol-no-congresso\/#primaryimage","url":"https:\/\/www.notibras.com\/site\/wp-content\/uploads\/2026\/03\/WhatsApp-Image-2026-03-05-at-23.33.55.jpeg","contentUrl":"https:\/\/www.notibras.com\/site\/wp-content\/uploads\/2026\/03\/WhatsApp-Image-2026-03-05-at-23.33.55.jpeg","width":888,"height":530},{"@type":"BreadcrumbList","@id":"https:\/\/www.notibras.com\/site\/o-risco-de-asfixia-financeira-e-o-futuro-do-psol-no-congresso\/#breadcrumb","itemListElement":[{"@type":"ListItem","position":1,"name":"In\u00edcio","item":"https:\/\/www.notibras.com\/site\/"},{"@type":"ListItem","position":2,"name":"O risco de asfixia financeira e o futuro do PSOL no Congresso"}]},{"@type":"WebSite","@id":"https:\/\/www.notibras.com\/site\/#website","url":"https:\/\/www.notibras.com\/site\/","name":"Notibras","description":"Not\u00edcias de Bras\u00edlia, do Brasil e do Mundo","publisher":{"@id":"https:\/\/www.notibras.com\/site\/#organization"},"potentialAction":[{"@type":"SearchAction","target":{"@type":"EntryPoint","urlTemplate":"https:\/\/www.notibras.com\/site\/?s={search_term_string}"},"query-input":{"@type":"PropertyValueSpecification","valueRequired":true,"valueName":"search_term_string"}}],"inLanguage":"pt-BR"},{"@type":"Organization","@id":"https:\/\/www.notibras.com\/site\/#organization","name":"Grupo Notibras de Comunica\u00e7\u00e3o","url":"https:\/\/www.notibras.com\/site\/","logo":{"@type":"ImageObject","inLanguage":"pt-BR","@id":"https:\/\/www.notibras.com\/site\/#\/schema\/logo\/image\/","url":"https:\/\/www.notibras.com\/site\/wp-content\/uploads\/2023\/01\/notibras23.png","contentUrl":"https:\/\/www.notibras.com\/site\/wp-content\/uploads\/2023\/01\/notibras23.png","width":350,"height":87,"caption":"Grupo Notibras de Comunica\u00e7\u00e3o"},"image":{"@id":"https:\/\/www.notibras.com\/site\/#\/schema\/logo\/image\/"},"sameAs":["https:\/\/www.facebook.com\/notibras\/","https:\/\/x.com\/Notibras","https:\/\/www.instagram.com\/notibras\/"]},{"@type":"Person","@id":"https:\/\/www.notibras.com\/site\/#\/schema\/person\/5b7fabf2aedc3ada2105f03b22b4d3dd","name":"Eduardo Mart\u00ednez","image":{"@type":"ImageObject","inLanguage":"pt-BR","@id":"https:\/\/secure.gravatar.com\/avatar\/7902f906289926289cbcda644b5197c796b893c6ffd7b9a536a42d290f7704a0?s=96&d=mm&r=g","url":"https:\/\/secure.gravatar.com\/avatar\/7902f906289926289cbcda644b5197c796b893c6ffd7b9a536a42d290f7704a0?s=96&d=mm&r=g","contentUrl":"https:\/\/secure.gravatar.com\/avatar\/7902f906289926289cbcda644b5197c796b893c6ffd7b9a536a42d290f7704a0?s=96&d=mm&r=g","caption":"Eduardo Mart\u00ednez"}}]}},"amp_enabled":true,"_links":{"self":[{"href":"https:\/\/www.notibras.com\/site\/wp-json\/wp\/v2\/posts\/385789","targetHints":{"allow":["GET"]}}],"collection":[{"href":"https:\/\/www.notibras.com\/site\/wp-json\/wp\/v2\/posts"}],"about":[{"href":"https:\/\/www.notibras.com\/site\/wp-json\/wp\/v2\/types\/post"}],"author":[{"embeddable":true,"href":"https:\/\/www.notibras.com\/site\/wp-json\/wp\/v2\/users\/21"}],"replies":[{"embeddable":true,"href":"https:\/\/www.notibras.com\/site\/wp-json\/wp\/v2\/comments?post=385789"}],"version-history":[{"count":3,"href":"https:\/\/www.notibras.com\/site\/wp-json\/wp\/v2\/posts\/385789\/revisions"}],"predecessor-version":[{"id":385793,"href":"https:\/\/www.notibras.com\/site\/wp-json\/wp\/v2\/posts\/385789\/revisions\/385793"}],"wp:featuredmedia":[{"embeddable":true,"href":"https:\/\/www.notibras.com\/site\/wp-json\/wp\/v2\/media\/385790"}],"wp:attachment":[{"href":"https:\/\/www.notibras.com\/site\/wp-json\/wp\/v2\/media?parent=385789"}],"wp:term":[{"taxonomy":"category","embeddable":true,"href":"https:\/\/www.notibras.com\/site\/wp-json\/wp\/v2\/categories?post=385789"},{"taxonomy":"post_tag","embeddable":true,"href":"https:\/\/www.notibras.com\/site\/wp-json\/wp\/v2\/tags?post=385789"}],"curies":[{"name":"wp","href":"https:\/\/api.w.org\/{rel}","templated":true}]}}