{"id":385796,"date":"2026-03-06T04:42:32","date_gmt":"2026-03-06T07:42:32","guid":{"rendered":"https:\/\/www.notibras.com\/site\/?p=385796"},"modified":"2026-03-06T04:42:32","modified_gmt":"2026-03-06T07:42:32","slug":"temer-so-entra-no-jogo-da-sucessao-como-gandula","status":"publish","type":"post","link":"https:\/\/www.notibras.com\/site\/temer-so-entra-no-jogo-da-sucessao-como-gandula\/","title":{"rendered":"Temer s\u00f3 entra no jogo da sucess\u00e3o como gandula"},"content":{"rendered":"<p>Seja de direita, de esquerda, de centro ou da ladeira abaixo, todos os pol\u00edticos brasileiros da atualidade s\u00e3o reflexo da sociedade. De forma mais objetiva, os pol\u00edticos ruins eleitos em um sistema democr\u00e1tico refletem o descompromisso do povo com seu pr\u00f3prio futuro. Antigo de casa, j\u00e1 n\u00e3o me assusto com a pol\u00edtica, mas cada vez mais morro de medo dos pol\u00edticos. Portanto, antes de cometer pequenos desvios mentais na hora de votar, \u00e9 fundamental que lembremos das grandes consequ\u00eancias. Fa\u00e7o isso desde a virada do s\u00e9culo.<\/p>\n<p>Com a serenidade dos cidad\u00e3os conscientes, sou daqueles que n\u00e3o encara o voto somente como um dever, mas sim como um ato de civismo e de cidadania. Quem vota bem, tem poder. Em outras palavras, voto n\u00e3o tem pre\u00e7o. Ele tem consequ\u00eancias. Ainda estamos bem distantes de alcan\u00e7ar o tempo da plenitude pol\u00edtica. Quando isso ocorrer, quem sabe nossos pol\u00edticos perceber\u00e3o que, acima das disputas pol\u00edticas, est\u00e3o os interesses da coletividade.<\/p>\n<p>Faz tempo que criei coragem para interpretar como fal\u00e1cia todos os discursos, textos e ensaios dedicados \u00e0 polariza\u00e7\u00e3o. De cara, tenho ojeriza pelo termo, cuja defini\u00e7\u00e3o \u00e9 t\u00e3o medonha que os que nele se precipitam dificilmente voltam. Dizem os mais s\u00e1bios, que eles aprendem a odiar o caminho de volta. Dito isso, assumo minha condi\u00e7\u00e3o et\u00e9rea de defensor de op\u00e7\u00f5es eleitorais, principalmente quando a disputa \u00e9 pela Presid\u00eancia da Rep\u00fablica.<\/p>\n<p>Embora tenha posi\u00e7\u00e3o definida desde o pleito de 2018, sinto saudades das elei\u00e7\u00f5es de 1989, 1994, 1998, 2002, 2006 e 2010, nas quais o leque de candidatos reais e candidatos fantasia era farto. Em 2016, Dilma Rousseff ganhou de A\u00e9cio Neves e de Marina Silva. Com o impeachment de Dilma no segundo mandato, assumiu o vice Michel Temer, que tamb\u00e9m fora vice em 2006. \u00c9 aqui que, de fato, come\u00e7a minha narrativa a respeito da ruindade pol\u00edtica de alguns de nossos atuais e antigos representantes.<\/p>\n<p>O antecessor do presidente em exerc\u00edcio dispensa coment\u00e1rios. Temer, ao contr\u00e1rio, merece todos. Ainda que seja \u00f3bvio o merecimento, prefiro comemorar sua recente decis\u00e3o de n\u00e3o concorrer ao Pal\u00e1cio do Planalto, de onde saiu sem deixar saudades. Tudo, menos Temer dentro de campo. No m\u00e1ximo como gandula na diagonal ou pegando bola atr\u00e1s do gol. N\u00e3o sei e n\u00e3o quero saber quem o teria convidado. Importante \u00e9 que ele declinou e fez feliz 213 milh\u00f5es de brasileiros e, qui\u00e7\u00e1, milhares de argentinos, venezuelanos e at\u00e9 troianos.<\/p>\n<p>A alega\u00e7\u00e3o de que havia um sentimento das bases do MDB pelo nome de Temer \u00e9 p\u00edfia, na medida que a legenda que j\u00e1 abrigou Ulysses Guimar\u00e3es, Roberto Cardoso Alves e Nelson Carneiro, entre outras lendas da pol\u00edtica, hoje n\u00e3o passa de um arremedo de partido. Fora Temer! E para sempre. Apesar de continuar torcendo pela terceira via, por enquanto me rendo \u00e0 impertin\u00eancia daqueles que acham que a pol\u00edtica nacional se limita a Luiz In\u00e1cio Lula da Silva e a Jair Bolsonaro ou a quem ele indicar. Talvez eu parta antes de me livrar de debates destemperados entre amigos, colegas, conhecidos e at\u00e9 mesmo no seio familiar. S\u00f3 n\u00e3o posso morrer imaginando Michel Temer de novo derrubando os que lhe deram vez e voz.<\/p>\n","protected":false},"excerpt":{"rendered":"<p>Seja de direita, de esquerda, de centro ou da ladeira abaixo, todos os pol\u00edticos brasileiros da atualidade s\u00e3o reflexo da sociedade. De forma mais objetiva, os pol\u00edticos ruins eleitos em um sistema democr\u00e1tico refletem o descompromisso do povo com seu pr\u00f3prio futuro. Antigo de casa, j\u00e1 n\u00e3o me assusto com a pol\u00edtica, mas cada vez [&hellip;]<\/p>\n","protected":false},"author":2,"featured_media":270748,"comment_status":"closed","ping_status":"closed","sticky":false,"template":"","format":"standard","meta":{"_acf_changed":false,"footnotes":""},"categories":[16],"tags":[],"class_list":["post-385796","post","type-post","status-publish","format-standard","has-post-thumbnail","hentry","category-brasil"],"acf":[],"yoast_head":"<!-- This site is optimized with the Yoast SEO plugin v27.2 - https:\/\/yoast.com\/product\/yoast-seo-wordpress\/ -->\n<title>Temer s\u00f3 entra no jogo da sucess\u00e3o como gandula - Notibras<\/title>\n<meta name=\"robots\" content=\"index, follow, max-snippet:-1, max-image-preview:large, max-video-preview:-1\" \/>\n<link rel=\"canonical\" href=\"https:\/\/www.notibras.com\/site\/temer-so-entra-no-jogo-da-sucessao-como-gandula\/\" \/>\n<meta property=\"og:locale\" content=\"pt_BR\" \/>\n<meta property=\"og:type\" content=\"article\" \/>\n<meta property=\"og:title\" content=\"Temer s\u00f3 entra no jogo da sucess\u00e3o como gandula - Notibras\" \/>\n<meta property=\"og:description\" content=\"Seja de direita, de esquerda, de centro ou da ladeira abaixo, todos os pol\u00edticos brasileiros da atualidade s\u00e3o reflexo da sociedade. De forma mais objetiva, os pol\u00edticos ruins eleitos em um sistema democr\u00e1tico refletem o descompromisso do povo com seu pr\u00f3prio futuro. Antigo de casa, j\u00e1 n\u00e3o me assusto com a pol\u00edtica, mas cada vez [&hellip;]\" \/>\n<meta property=\"og:url\" content=\"https:\/\/www.notibras.com\/site\/temer-so-entra-no-jogo-da-sucessao-como-gandula\/\" \/>\n<meta property=\"og:site_name\" content=\"Notibras\" \/>\n<meta property=\"article:publisher\" content=\"https:\/\/www.facebook.com\/notibras\/\" \/>\n<meta property=\"article:published_time\" content=\"2026-03-06T07:42:32+00:00\" \/>\n<meta property=\"og:image\" content=\"https:\/\/www.notibras.com\/site\/wp-content\/uploads\/2021\/09\/temer-fabio-rodrigo-pozzebom.jpg\" \/>\n\t<meta property=\"og:image:width\" content=\"770\" \/>\n\t<meta property=\"og:image:height\" content=\"513\" \/>\n\t<meta property=\"og:image:type\" content=\"image\/jpeg\" \/>\n<meta name=\"author\" content=\"Reda\u00e7\u00e3o\" \/>\n<meta name=\"twitter:card\" content=\"summary_large_image\" \/>\n<meta name=\"twitter:creator\" content=\"@Notibras\" \/>\n<meta name=\"twitter:site\" content=\"@Notibras\" \/>\n<meta name=\"twitter:label1\" content=\"Escrito por\" \/>\n\t<meta name=\"twitter:data1\" content=\"Reda\u00e7\u00e3o\" \/>\n\t<meta name=\"twitter:label2\" content=\"Est. tempo de leitura\" \/>\n\t<meta name=\"twitter:data2\" content=\"4 minutos\" \/>\n<script type=\"application\/ld+json\" class=\"yoast-schema-graph\">{\"@context\":\"https:\/\/schema.org\",\"@graph\":[{\"@type\":\"Article\",\"@id\":\"https:\/\/www.notibras.com\/site\/temer-so-entra-no-jogo-da-sucessao-como-gandula\/#article\",\"isPartOf\":{\"@id\":\"https:\/\/www.notibras.com\/site\/temer-so-entra-no-jogo-da-sucessao-como-gandula\/\"},\"author\":{\"name\":\"Reda\u00e7\u00e3o\",\"@id\":\"https:\/\/www.notibras.com\/site\/#\/schema\/person\/36ab0979449956132d3e5b517ea76ac8\"},\"headline\":\"Temer s\u00f3 entra no jogo da sucess\u00e3o como gandula\",\"datePublished\":\"2026-03-06T07:42:32+00:00\",\"mainEntityOfPage\":{\"@id\":\"https:\/\/www.notibras.com\/site\/temer-so-entra-no-jogo-da-sucessao-como-gandula\/\"},\"wordCount\":573,\"publisher\":{\"@id\":\"https:\/\/www.notibras.com\/site\/#organization\"},\"image\":{\"@id\":\"https:\/\/www.notibras.com\/site\/temer-so-entra-no-jogo-da-sucessao-como-gandula\/#primaryimage\"},\"thumbnailUrl\":\"https:\/\/www.notibras.com\/site\/wp-content\/uploads\/2021\/09\/temer-fabio-rodrigo-pozzebom.jpg\",\"articleSection\":[\"Brasil\"],\"inLanguage\":\"pt-BR\"},{\"@type\":\"WebPage\",\"@id\":\"https:\/\/www.notibras.com\/site\/temer-so-entra-no-jogo-da-sucessao-como-gandula\/\",\"url\":\"https:\/\/www.notibras.com\/site\/temer-so-entra-no-jogo-da-sucessao-como-gandula\/\",\"name\":\"Temer s\u00f3 entra no jogo da sucess\u00e3o como gandula - Notibras\",\"isPartOf\":{\"@id\":\"https:\/\/www.notibras.com\/site\/#website\"},\"primaryImageOfPage\":{\"@id\":\"https:\/\/www.notibras.com\/site\/temer-so-entra-no-jogo-da-sucessao-como-gandula\/#primaryimage\"},\"image\":{\"@id\":\"https:\/\/www.notibras.com\/site\/temer-so-entra-no-jogo-da-sucessao-como-gandula\/#primaryimage\"},\"thumbnailUrl\":\"https:\/\/www.notibras.com\/site\/wp-content\/uploads\/2021\/09\/temer-fabio-rodrigo-pozzebom.jpg\",\"datePublished\":\"2026-03-06T07:42:32+00:00\",\"breadcrumb\":{\"@id\":\"https:\/\/www.notibras.com\/site\/temer-so-entra-no-jogo-da-sucessao-como-gandula\/#breadcrumb\"},\"inLanguage\":\"pt-BR\",\"potentialAction\":[{\"@type\":\"ReadAction\",\"target\":[\"https:\/\/www.notibras.com\/site\/temer-so-entra-no-jogo-da-sucessao-como-gandula\/\"]}]},{\"@type\":\"ImageObject\",\"inLanguage\":\"pt-BR\",\"@id\":\"https:\/\/www.notibras.com\/site\/temer-so-entra-no-jogo-da-sucessao-como-gandula\/#primaryimage\",\"url\":\"https:\/\/www.notibras.com\/site\/wp-content\/uploads\/2021\/09\/temer-fabio-rodrigo-pozzebom.jpg\",\"contentUrl\":\"https:\/\/www.notibras.com\/site\/wp-content\/uploads\/2021\/09\/temer-fabio-rodrigo-pozzebom.jpg\",\"width\":770,\"height\":513},{\"@type\":\"BreadcrumbList\",\"@id\":\"https:\/\/www.notibras.com\/site\/temer-so-entra-no-jogo-da-sucessao-como-gandula\/#breadcrumb\",\"itemListElement\":[{\"@type\":\"ListItem\",\"position\":1,\"name\":\"In\u00edcio\",\"item\":\"https:\/\/www.notibras.com\/site\/\"},{\"@type\":\"ListItem\",\"position\":2,\"name\":\"Temer s\u00f3 entra no jogo da sucess\u00e3o como gandula\"}]},{\"@type\":\"WebSite\",\"@id\":\"https:\/\/www.notibras.com\/site\/#website\",\"url\":\"https:\/\/www.notibras.com\/site\/\",\"name\":\"Notibras\",\"description\":\"Not\u00edcias de Bras\u00edlia, do Brasil e do Mundo\",\"publisher\":{\"@id\":\"https:\/\/www.notibras.com\/site\/#organization\"},\"potentialAction\":[{\"@type\":\"SearchAction\",\"target\":{\"@type\":\"EntryPoint\",\"urlTemplate\":\"https:\/\/www.notibras.com\/site\/?s={search_term_string}\"},\"query-input\":{\"@type\":\"PropertyValueSpecification\",\"valueRequired\":true,\"valueName\":\"search_term_string\"}}],\"inLanguage\":\"pt-BR\"},{\"@type\":\"Organization\",\"@id\":\"https:\/\/www.notibras.com\/site\/#organization\",\"name\":\"Grupo Notibras de Comunica\u00e7\u00e3o\",\"url\":\"https:\/\/www.notibras.com\/site\/\",\"logo\":{\"@type\":\"ImageObject\",\"inLanguage\":\"pt-BR\",\"@id\":\"https:\/\/www.notibras.com\/site\/#\/schema\/logo\/image\/\",\"url\":\"https:\/\/www.notibras.com\/site\/wp-content\/uploads\/2023\/01\/notibras23.png\",\"contentUrl\":\"https:\/\/www.notibras.com\/site\/wp-content\/uploads\/2023\/01\/notibras23.png\",\"width\":350,\"height\":87,\"caption\":\"Grupo Notibras de Comunica\u00e7\u00e3o\"},\"image\":{\"@id\":\"https:\/\/www.notibras.com\/site\/#\/schema\/logo\/image\/\"},\"sameAs\":[\"https:\/\/www.facebook.com\/notibras\/\",\"https:\/\/x.com\/Notibras\",\"https:\/\/www.instagram.com\/notibras\/\"]},{\"@type\":\"Person\",\"@id\":\"https:\/\/www.notibras.com\/site\/#\/schema\/person\/36ab0979449956132d3e5b517ea76ac8\",\"name\":\"Reda\u00e7\u00e3o\",\"image\":{\"@type\":\"ImageObject\",\"inLanguage\":\"pt-BR\",\"@id\":\"https:\/\/secure.gravatar.com\/avatar\/e0a867bdedb85fd243eadf09663511f96fc81e0720a4a42581f334ad4303aa6b?s=96&d=mm&r=g\",\"url\":\"https:\/\/secure.gravatar.com\/avatar\/e0a867bdedb85fd243eadf09663511f96fc81e0720a4a42581f334ad4303aa6b?s=96&d=mm&r=g\",\"contentUrl\":\"https:\/\/secure.gravatar.com\/avatar\/e0a867bdedb85fd243eadf09663511f96fc81e0720a4a42581f334ad4303aa6b?s=96&d=mm&r=g\",\"caption\":\"Reda\u00e7\u00e3o\"}}]}<\/script>\n<!-- \/ Yoast SEO plugin. -->","yoast_head_json":{"title":"Temer s\u00f3 entra no jogo da sucess\u00e3o como gandula - Notibras","robots":{"index":"index","follow":"follow","max-snippet":"max-snippet:-1","max-image-preview":"max-image-preview:large","max-video-preview":"max-video-preview:-1"},"canonical":"https:\/\/www.notibras.com\/site\/temer-so-entra-no-jogo-da-sucessao-como-gandula\/","og_locale":"pt_BR","og_type":"article","og_title":"Temer s\u00f3 entra no jogo da sucess\u00e3o como gandula - Notibras","og_description":"Seja de direita, de esquerda, de centro ou da ladeira abaixo, todos os pol\u00edticos brasileiros da atualidade s\u00e3o reflexo da sociedade. De forma mais objetiva, os pol\u00edticos ruins eleitos em um sistema democr\u00e1tico refletem o descompromisso do povo com seu pr\u00f3prio futuro. Antigo de casa, j\u00e1 n\u00e3o me assusto com a pol\u00edtica, mas cada vez [&hellip;]","og_url":"https:\/\/www.notibras.com\/site\/temer-so-entra-no-jogo-da-sucessao-como-gandula\/","og_site_name":"Notibras","article_publisher":"https:\/\/www.facebook.com\/notibras\/","article_published_time":"2026-03-06T07:42:32+00:00","og_image":[{"width":770,"height":513,"url":"https:\/\/www.notibras.com\/site\/wp-content\/uploads\/2021\/09\/temer-fabio-rodrigo-pozzebom.jpg","type":"image\/jpeg"}],"author":"Reda\u00e7\u00e3o","twitter_card":"summary_large_image","twitter_creator":"@Notibras","twitter_site":"@Notibras","twitter_misc":{"Escrito por":"Reda\u00e7\u00e3o","Est. tempo de leitura":"4 minutos"},"schema":{"@context":"https:\/\/schema.org","@graph":[{"@type":"Article","@id":"https:\/\/www.notibras.com\/site\/temer-so-entra-no-jogo-da-sucessao-como-gandula\/#article","isPartOf":{"@id":"https:\/\/www.notibras.com\/site\/temer-so-entra-no-jogo-da-sucessao-como-gandula\/"},"author":{"name":"Reda\u00e7\u00e3o","@id":"https:\/\/www.notibras.com\/site\/#\/schema\/person\/36ab0979449956132d3e5b517ea76ac8"},"headline":"Temer s\u00f3 entra no jogo da sucess\u00e3o como gandula","datePublished":"2026-03-06T07:42:32+00:00","mainEntityOfPage":{"@id":"https:\/\/www.notibras.com\/site\/temer-so-entra-no-jogo-da-sucessao-como-gandula\/"},"wordCount":573,"publisher":{"@id":"https:\/\/www.notibras.com\/site\/#organization"},"image":{"@id":"https:\/\/www.notibras.com\/site\/temer-so-entra-no-jogo-da-sucessao-como-gandula\/#primaryimage"},"thumbnailUrl":"https:\/\/www.notibras.com\/site\/wp-content\/uploads\/2021\/09\/temer-fabio-rodrigo-pozzebom.jpg","articleSection":["Brasil"],"inLanguage":"pt-BR"},{"@type":"WebPage","@id":"https:\/\/www.notibras.com\/site\/temer-so-entra-no-jogo-da-sucessao-como-gandula\/","url":"https:\/\/www.notibras.com\/site\/temer-so-entra-no-jogo-da-sucessao-como-gandula\/","name":"Temer s\u00f3 entra no jogo da sucess\u00e3o como gandula - Notibras","isPartOf":{"@id":"https:\/\/www.notibras.com\/site\/#website"},"primaryImageOfPage":{"@id":"https:\/\/www.notibras.com\/site\/temer-so-entra-no-jogo-da-sucessao-como-gandula\/#primaryimage"},"image":{"@id":"https:\/\/www.notibras.com\/site\/temer-so-entra-no-jogo-da-sucessao-como-gandula\/#primaryimage"},"thumbnailUrl":"https:\/\/www.notibras.com\/site\/wp-content\/uploads\/2021\/09\/temer-fabio-rodrigo-pozzebom.jpg","datePublished":"2026-03-06T07:42:32+00:00","breadcrumb":{"@id":"https:\/\/www.notibras.com\/site\/temer-so-entra-no-jogo-da-sucessao-como-gandula\/#breadcrumb"},"inLanguage":"pt-BR","potentialAction":[{"@type":"ReadAction","target":["https:\/\/www.notibras.com\/site\/temer-so-entra-no-jogo-da-sucessao-como-gandula\/"]}]},{"@type":"ImageObject","inLanguage":"pt-BR","@id":"https:\/\/www.notibras.com\/site\/temer-so-entra-no-jogo-da-sucessao-como-gandula\/#primaryimage","url":"https:\/\/www.notibras.com\/site\/wp-content\/uploads\/2021\/09\/temer-fabio-rodrigo-pozzebom.jpg","contentUrl":"https:\/\/www.notibras.com\/site\/wp-content\/uploads\/2021\/09\/temer-fabio-rodrigo-pozzebom.jpg","width":770,"height":513},{"@type":"BreadcrumbList","@id":"https:\/\/www.notibras.com\/site\/temer-so-entra-no-jogo-da-sucessao-como-gandula\/#breadcrumb","itemListElement":[{"@type":"ListItem","position":1,"name":"In\u00edcio","item":"https:\/\/www.notibras.com\/site\/"},{"@type":"ListItem","position":2,"name":"Temer s\u00f3 entra no jogo da sucess\u00e3o como gandula"}]},{"@type":"WebSite","@id":"https:\/\/www.notibras.com\/site\/#website","url":"https:\/\/www.notibras.com\/site\/","name":"Notibras","description":"Not\u00edcias de Bras\u00edlia, do Brasil e do Mundo","publisher":{"@id":"https:\/\/www.notibras.com\/site\/#organization"},"potentialAction":[{"@type":"SearchAction","target":{"@type":"EntryPoint","urlTemplate":"https:\/\/www.notibras.com\/site\/?s={search_term_string}"},"query-input":{"@type":"PropertyValueSpecification","valueRequired":true,"valueName":"search_term_string"}}],"inLanguage":"pt-BR"},{"@type":"Organization","@id":"https:\/\/www.notibras.com\/site\/#organization","name":"Grupo Notibras de Comunica\u00e7\u00e3o","url":"https:\/\/www.notibras.com\/site\/","logo":{"@type":"ImageObject","inLanguage":"pt-BR","@id":"https:\/\/www.notibras.com\/site\/#\/schema\/logo\/image\/","url":"https:\/\/www.notibras.com\/site\/wp-content\/uploads\/2023\/01\/notibras23.png","contentUrl":"https:\/\/www.notibras.com\/site\/wp-content\/uploads\/2023\/01\/notibras23.png","width":350,"height":87,"caption":"Grupo Notibras de Comunica\u00e7\u00e3o"},"image":{"@id":"https:\/\/www.notibras.com\/site\/#\/schema\/logo\/image\/"},"sameAs":["https:\/\/www.facebook.com\/notibras\/","https:\/\/x.com\/Notibras","https:\/\/www.instagram.com\/notibras\/"]},{"@type":"Person","@id":"https:\/\/www.notibras.com\/site\/#\/schema\/person\/36ab0979449956132d3e5b517ea76ac8","name":"Reda\u00e7\u00e3o","image":{"@type":"ImageObject","inLanguage":"pt-BR","@id":"https:\/\/secure.gravatar.com\/avatar\/e0a867bdedb85fd243eadf09663511f96fc81e0720a4a42581f334ad4303aa6b?s=96&d=mm&r=g","url":"https:\/\/secure.gravatar.com\/avatar\/e0a867bdedb85fd243eadf09663511f96fc81e0720a4a42581f334ad4303aa6b?s=96&d=mm&r=g","contentUrl":"https:\/\/secure.gravatar.com\/avatar\/e0a867bdedb85fd243eadf09663511f96fc81e0720a4a42581f334ad4303aa6b?s=96&d=mm&r=g","caption":"Reda\u00e7\u00e3o"}}]}},"amp_enabled":true,"_links":{"self":[{"href":"https:\/\/www.notibras.com\/site\/wp-json\/wp\/v2\/posts\/385796","targetHints":{"allow":["GET"]}}],"collection":[{"href":"https:\/\/www.notibras.com\/site\/wp-json\/wp\/v2\/posts"}],"about":[{"href":"https:\/\/www.notibras.com\/site\/wp-json\/wp\/v2\/types\/post"}],"author":[{"embeddable":true,"href":"https:\/\/www.notibras.com\/site\/wp-json\/wp\/v2\/users\/2"}],"replies":[{"embeddable":true,"href":"https:\/\/www.notibras.com\/site\/wp-json\/wp\/v2\/comments?post=385796"}],"version-history":[{"count":1,"href":"https:\/\/www.notibras.com\/site\/wp-json\/wp\/v2\/posts\/385796\/revisions"}],"predecessor-version":[{"id":385797,"href":"https:\/\/www.notibras.com\/site\/wp-json\/wp\/v2\/posts\/385796\/revisions\/385797"}],"wp:featuredmedia":[{"embeddable":true,"href":"https:\/\/www.notibras.com\/site\/wp-json\/wp\/v2\/media\/270748"}],"wp:attachment":[{"href":"https:\/\/www.notibras.com\/site\/wp-json\/wp\/v2\/media?parent=385796"}],"wp:term":[{"taxonomy":"category","embeddable":true,"href":"https:\/\/www.notibras.com\/site\/wp-json\/wp\/v2\/categories?post=385796"},{"taxonomy":"post_tag","embeddable":true,"href":"https:\/\/www.notibras.com\/site\/wp-json\/wp\/v2\/tags?post=385796"}],"curies":[{"name":"wp","href":"https:\/\/api.w.org\/{rel}","templated":true}]}}