{"id":385798,"date":"2026-03-06T04:30:26","date_gmt":"2026-03-06T07:30:26","guid":{"rendered":"https:\/\/www.notibras.com\/site\/?p=385798"},"modified":"2026-03-06T04:46:39","modified_gmt":"2026-03-06T07:46:39","slug":"boa-ou-ruim-para-o-brasil-a-guerra-e-uma-paixao-indecente","status":"publish","type":"post","link":"https:\/\/www.notibras.com\/site\/boa-ou-ruim-para-o-brasil-a-guerra-e-uma-paixao-indecente\/","title":{"rendered":"Boa ou ruim para o Brasil, a guerra \u00e9 uma paix\u00e3o indecente"},"content":{"rendered":"<p>T\u00e3o ou mais angustiado do que correntista do Banco Regional de Bras\u00edlia, tenho assistido \u00e0s \u00faltimas invas\u00f5es determinadas pelo czar \u2013 ou seria imperador? \u2013 Donald Trump sem passionalismo, sem ideologias e cada vez mais convicto de que, acima da tirania sanguin\u00e1ria, o l\u00edder dos republicanos norte-americanos \u00e9 um Midas. Onde ele ataca tem petr\u00f3leo. Foi assim na Venezuela, \u00e9 assim no Ir\u00e3 e, antes deles, j\u00e1 foi assim no Iraque, na L\u00edbia, na S\u00edria, no Afeganist\u00e3o e na Palestina. Os EUA n\u00e3o invadiram, mas controlam os Emirados \u00c1rabes Unidos, a Ar\u00e1bia Saudita, o Catar e o Kuwait, todos largos produtores de petr\u00f3leo.<\/p>\n<p>Al\u00e9m de sortudo em rela\u00e7\u00e3o ao ouro negro, Trump \u00e9 um \u00f3timo roteirista de s\u00e9ries de guerra. Tanto isso \u00e9 verdade que, a cada novo cap\u00edtulo, a trama diab\u00f3lica cresce na prefer\u00eancia daqueles que, de frente para a TV, assistem a tudo como se estivessem procurando um novo assassino para Odete Roitman ou, quem sabe, uma justificativa para o fracassado golpe de 8 de janeiro de 2023. S\u00e3o os fulanos, beltranos e ciclanos que n\u00e3o est\u00e3o nem a\u00ed para a morte em massa de inocentes. Como tietes de Sat\u00e3 e de seu disc\u00edpulo israelense, esses tipos s\u00e3o aqueles que, no Brasil e no mundo, trabalham silenciosamente e atiram livremente em qualquer um que trabalhe por um futuro mais inclusivo.<\/p>\n<p>Do meu catre envolto pela paz, afirmo que o mais odioso de uma guerra \u00e9 a paix\u00e3o que se tem por ela. Infelizmente, somos vizinhos ou convivemos diariamente com numerosas pessoas que pensam dessa forma. Como dizem os pacificadores, quem quer a guerra est\u00e1 em guerra consigo. Provavelmente Trump n\u00e3o se olha no espelho, pois, se o fizer, certamente ser\u00e1 um homem morto. O mesmo presidente tem dito a aliados que os soldados estadunidenses s\u00e3o grandes guerreiros. Pura fal\u00e1cia de quem n\u00e3o tem coragem de lembrar que guerra n\u00e3o faz nenhum ser humano ficar maior ou menor.<\/p>\n<p>N\u00e3o aprecio, tampouco vibro com m\u00edsseis que acabam com esse ou com aquele bunker. Centenas de iranianos j\u00e1 viraram estat\u00edstica. Tamb\u00e9m est\u00e3o com Al\u00e1 algumas dezenas de judeus e americanos. Enquanto isso, os EUA vendem mais armas, o pre\u00e7o do petr\u00f3leo chega \u00e0 estratosfera, o d\u00f3lar sobe, as grandes economias claudicam, fam\u00edlias perdem suas casas e seus entes queridos, trabalhadores ficam sem emprego e crian\u00e7as sem escolas. \u00c9 cada vez mais atual aquela velha hist\u00f3ria de que, quando os ricos fazem a guerra, s\u00e3o sempre os pobres que morrem.<\/p>\n<p>Sou daqueles que t\u00eam certeza de que n\u00e3o h\u00e1 nada de bom na guerra, exceto o seu fim. Poucos sabem at\u00e9 onde ir\u00e1 a batalha entre EUA, Israel e Ir\u00e3. No entanto, embora tudo esteja sujeito a mudan\u00e7as nesse mundo de loucos, muitos acreditam que Trump e o Nobel da Paz definitivamente se perderam pelo caminho. Faz tempo que um n\u00e3o fala mais a l\u00edngua do outro. Na verdade, nunca falaram. Em lugar de vibrar ou de torcer, mesmo de longe, lamento que a hist\u00f3ria de uma cultura milenar como a do Ir\u00e3 tenha ido para o buraco. A barb\u00e1rie dos insanos l\u00edderes dos EUA j\u00e1 havia produzido isso no Jap\u00e3o e no Vietn\u00e3, entre outros pa\u00edses.<\/p>\n<p>N\u00e3o conhe\u00e7o a poetisa e artista pl\u00e1stica In\u00eaz Olud\u00e9, mas me associo \u00e0s suas lamenta\u00e7\u00f5es sobre a cumplicidade e o apoio expl\u00edcito de lideran\u00e7as pol\u00edticas, econ\u00f4micas e sociais do Ocidente, inclusive do Brasil, \u00e0s insanidades de Donald Trump e de Benjamin Netanyahu. A exemplo de Olud\u00ea, eu tamb\u00e9m vou chorar pelo fim do Ir\u00e3 como chorei por cada pa\u00eds agredido e cada semelhante morto pela sanha imperialista. Em recente artigo, a poetisa disse chorar principalmente pela humanidade que novamente perdeu o rumo e regrediu aos anos 40. Como brasileiro, n\u00e3o me interessa se um far\u00e1 bem e outro mal para o Brasil. Diante de mais um conflito indecente e incandescente, me basta saber que, independentemente dos motivos da guerra, a paz sempre ser\u00e1 mais\u00a0importante do que eles.<\/p>\n","protected":false},"excerpt":{"rendered":"<p>T\u00e3o ou mais angustiado do que correntista do Banco Regional de Bras\u00edlia, tenho assistido \u00e0s \u00faltimas invas\u00f5es determinadas pelo czar \u2013 ou seria imperador? \u2013 Donald Trump sem passionalismo, sem ideologias e cada vez mais convicto de que, acima da tirania sanguin\u00e1ria, o l\u00edder dos republicanos norte-americanos \u00e9 um Midas. Onde ele ataca tem petr\u00f3leo. [&hellip;]<\/p>\n","protected":false},"author":2,"featured_media":337664,"comment_status":"closed","ping_status":"closed","sticky":false,"template":"","format":"standard","meta":{"_acf_changed":false,"footnotes":""},"categories":[16],"tags":[],"class_list":["post-385798","post","type-post","status-publish","format-standard","has-post-thumbnail","hentry","category-brasil"],"acf":[],"yoast_head":"<!-- This site is optimized with the Yoast SEO plugin v27.2 - https:\/\/yoast.com\/product\/yoast-seo-wordpress\/ -->\n<title>Boa ou ruim para o Brasil, a guerra \u00e9 uma paix\u00e3o indecente - Notibras<\/title>\n<meta name=\"robots\" content=\"index, follow, max-snippet:-1, max-image-preview:large, max-video-preview:-1\" \/>\n<link rel=\"canonical\" href=\"https:\/\/www.notibras.com\/site\/boa-ou-ruim-para-o-brasil-a-guerra-e-uma-paixao-indecente\/\" \/>\n<meta property=\"og:locale\" content=\"pt_BR\" \/>\n<meta property=\"og:type\" content=\"article\" \/>\n<meta property=\"og:title\" content=\"Boa ou ruim para o Brasil, a guerra \u00e9 uma paix\u00e3o indecente - Notibras\" \/>\n<meta property=\"og:description\" content=\"T\u00e3o ou mais angustiado do que correntista do Banco Regional de Bras\u00edlia, tenho assistido \u00e0s \u00faltimas invas\u00f5es determinadas pelo czar \u2013 ou seria imperador? \u2013 Donald Trump sem passionalismo, sem ideologias e cada vez mais convicto de que, acima da tirania sanguin\u00e1ria, o l\u00edder dos republicanos norte-americanos \u00e9 um Midas. Onde ele ataca tem petr\u00f3leo. [&hellip;]\" \/>\n<meta property=\"og:url\" content=\"https:\/\/www.notibras.com\/site\/boa-ou-ruim-para-o-brasil-a-guerra-e-uma-paixao-indecente\/\" \/>\n<meta property=\"og:site_name\" content=\"Notibras\" \/>\n<meta property=\"article:publisher\" content=\"https:\/\/www.facebook.com\/notibras\/\" \/>\n<meta property=\"article:published_time\" content=\"2026-03-06T07:30:26+00:00\" \/>\n<meta property=\"article:modified_time\" content=\"2026-03-06T07:46:39+00:00\" \/>\n<meta property=\"og:image\" content=\"https:\/\/www.notibras.com\/site\/wp-content\/uploads\/2024\/09\/libanobrasileirosguerra.webp\" \/>\n\t<meta property=\"og:image:width\" content=\"1920\" \/>\n\t<meta property=\"og:image:height\" content=\"1080\" \/>\n\t<meta property=\"og:image:type\" content=\"image\/webp\" \/>\n<meta name=\"author\" content=\"Reda\u00e7\u00e3o\" \/>\n<meta name=\"twitter:card\" content=\"summary_large_image\" \/>\n<meta name=\"twitter:creator\" content=\"@Notibras\" \/>\n<meta name=\"twitter:site\" content=\"@Notibras\" \/>\n<meta name=\"twitter:label1\" content=\"Escrito por\" \/>\n\t<meta name=\"twitter:data1\" content=\"Reda\u00e7\u00e3o\" \/>\n\t<meta name=\"twitter:label2\" content=\"Est. tempo de leitura\" \/>\n\t<meta name=\"twitter:data2\" content=\"4 minutos\" \/>\n<script type=\"application\/ld+json\" class=\"yoast-schema-graph\">{\"@context\":\"https:\/\/schema.org\",\"@graph\":[{\"@type\":\"Article\",\"@id\":\"https:\/\/www.notibras.com\/site\/boa-ou-ruim-para-o-brasil-a-guerra-e-uma-paixao-indecente\/#article\",\"isPartOf\":{\"@id\":\"https:\/\/www.notibras.com\/site\/boa-ou-ruim-para-o-brasil-a-guerra-e-uma-paixao-indecente\/\"},\"author\":{\"name\":\"Reda\u00e7\u00e3o\",\"@id\":\"https:\/\/www.notibras.com\/site\/#\/schema\/person\/36ab0979449956132d3e5b517ea76ac8\"},\"headline\":\"Boa ou ruim para o Brasil, a guerra \u00e9 uma paix\u00e3o indecente\",\"datePublished\":\"2026-03-06T07:30:26+00:00\",\"dateModified\":\"2026-03-06T07:46:39+00:00\",\"mainEntityOfPage\":{\"@id\":\"https:\/\/www.notibras.com\/site\/boa-ou-ruim-para-o-brasil-a-guerra-e-uma-paixao-indecente\/\"},\"wordCount\":716,\"publisher\":{\"@id\":\"https:\/\/www.notibras.com\/site\/#organization\"},\"image\":{\"@id\":\"https:\/\/www.notibras.com\/site\/boa-ou-ruim-para-o-brasil-a-guerra-e-uma-paixao-indecente\/#primaryimage\"},\"thumbnailUrl\":\"https:\/\/www.notibras.com\/site\/wp-content\/uploads\/2024\/09\/libanobrasileirosguerra.webp\",\"articleSection\":[\"Brasil\"],\"inLanguage\":\"pt-BR\"},{\"@type\":\"WebPage\",\"@id\":\"https:\/\/www.notibras.com\/site\/boa-ou-ruim-para-o-brasil-a-guerra-e-uma-paixao-indecente\/\",\"url\":\"https:\/\/www.notibras.com\/site\/boa-ou-ruim-para-o-brasil-a-guerra-e-uma-paixao-indecente\/\",\"name\":\"Boa ou ruim para o Brasil, a guerra \u00e9 uma paix\u00e3o indecente - Notibras\",\"isPartOf\":{\"@id\":\"https:\/\/www.notibras.com\/site\/#website\"},\"primaryImageOfPage\":{\"@id\":\"https:\/\/www.notibras.com\/site\/boa-ou-ruim-para-o-brasil-a-guerra-e-uma-paixao-indecente\/#primaryimage\"},\"image\":{\"@id\":\"https:\/\/www.notibras.com\/site\/boa-ou-ruim-para-o-brasil-a-guerra-e-uma-paixao-indecente\/#primaryimage\"},\"thumbnailUrl\":\"https:\/\/www.notibras.com\/site\/wp-content\/uploads\/2024\/09\/libanobrasileirosguerra.webp\",\"datePublished\":\"2026-03-06T07:30:26+00:00\",\"dateModified\":\"2026-03-06T07:46:39+00:00\",\"breadcrumb\":{\"@id\":\"https:\/\/www.notibras.com\/site\/boa-ou-ruim-para-o-brasil-a-guerra-e-uma-paixao-indecente\/#breadcrumb\"},\"inLanguage\":\"pt-BR\",\"potentialAction\":[{\"@type\":\"ReadAction\",\"target\":[\"https:\/\/www.notibras.com\/site\/boa-ou-ruim-para-o-brasil-a-guerra-e-uma-paixao-indecente\/\"]}]},{\"@type\":\"ImageObject\",\"inLanguage\":\"pt-BR\",\"@id\":\"https:\/\/www.notibras.com\/site\/boa-ou-ruim-para-o-brasil-a-guerra-e-uma-paixao-indecente\/#primaryimage\",\"url\":\"https:\/\/www.notibras.com\/site\/wp-content\/uploads\/2024\/09\/libanobrasileirosguerra.webp\",\"contentUrl\":\"https:\/\/www.notibras.com\/site\/wp-content\/uploads\/2024\/09\/libanobrasileirosguerra.webp\",\"width\":1920,\"height\":1080},{\"@type\":\"BreadcrumbList\",\"@id\":\"https:\/\/www.notibras.com\/site\/boa-ou-ruim-para-o-brasil-a-guerra-e-uma-paixao-indecente\/#breadcrumb\",\"itemListElement\":[{\"@type\":\"ListItem\",\"position\":1,\"name\":\"In\u00edcio\",\"item\":\"https:\/\/www.notibras.com\/site\/\"},{\"@type\":\"ListItem\",\"position\":2,\"name\":\"Boa ou ruim para o Brasil, a guerra \u00e9 uma paix\u00e3o indecente\"}]},{\"@type\":\"WebSite\",\"@id\":\"https:\/\/www.notibras.com\/site\/#website\",\"url\":\"https:\/\/www.notibras.com\/site\/\",\"name\":\"Notibras\",\"description\":\"Not\u00edcias de Bras\u00edlia, do Brasil e do Mundo\",\"publisher\":{\"@id\":\"https:\/\/www.notibras.com\/site\/#organization\"},\"potentialAction\":[{\"@type\":\"SearchAction\",\"target\":{\"@type\":\"EntryPoint\",\"urlTemplate\":\"https:\/\/www.notibras.com\/site\/?s={search_term_string}\"},\"query-input\":{\"@type\":\"PropertyValueSpecification\",\"valueRequired\":true,\"valueName\":\"search_term_string\"}}],\"inLanguage\":\"pt-BR\"},{\"@type\":\"Organization\",\"@id\":\"https:\/\/www.notibras.com\/site\/#organization\",\"name\":\"Grupo Notibras de Comunica\u00e7\u00e3o\",\"url\":\"https:\/\/www.notibras.com\/site\/\",\"logo\":{\"@type\":\"ImageObject\",\"inLanguage\":\"pt-BR\",\"@id\":\"https:\/\/www.notibras.com\/site\/#\/schema\/logo\/image\/\",\"url\":\"https:\/\/www.notibras.com\/site\/wp-content\/uploads\/2023\/01\/notibras23.png\",\"contentUrl\":\"https:\/\/www.notibras.com\/site\/wp-content\/uploads\/2023\/01\/notibras23.png\",\"width\":350,\"height\":87,\"caption\":\"Grupo Notibras de Comunica\u00e7\u00e3o\"},\"image\":{\"@id\":\"https:\/\/www.notibras.com\/site\/#\/schema\/logo\/image\/\"},\"sameAs\":[\"https:\/\/www.facebook.com\/notibras\/\",\"https:\/\/x.com\/Notibras\",\"https:\/\/www.instagram.com\/notibras\/\"]},{\"@type\":\"Person\",\"@id\":\"https:\/\/www.notibras.com\/site\/#\/schema\/person\/36ab0979449956132d3e5b517ea76ac8\",\"name\":\"Reda\u00e7\u00e3o\",\"image\":{\"@type\":\"ImageObject\",\"inLanguage\":\"pt-BR\",\"@id\":\"https:\/\/secure.gravatar.com\/avatar\/e0a867bdedb85fd243eadf09663511f96fc81e0720a4a42581f334ad4303aa6b?s=96&d=mm&r=g\",\"url\":\"https:\/\/secure.gravatar.com\/avatar\/e0a867bdedb85fd243eadf09663511f96fc81e0720a4a42581f334ad4303aa6b?s=96&d=mm&r=g\",\"contentUrl\":\"https:\/\/secure.gravatar.com\/avatar\/e0a867bdedb85fd243eadf09663511f96fc81e0720a4a42581f334ad4303aa6b?s=96&d=mm&r=g\",\"caption\":\"Reda\u00e7\u00e3o\"}}]}<\/script>\n<!-- \/ Yoast SEO plugin. -->","yoast_head_json":{"title":"Boa ou ruim para o Brasil, a guerra \u00e9 uma paix\u00e3o indecente - Notibras","robots":{"index":"index","follow":"follow","max-snippet":"max-snippet:-1","max-image-preview":"max-image-preview:large","max-video-preview":"max-video-preview:-1"},"canonical":"https:\/\/www.notibras.com\/site\/boa-ou-ruim-para-o-brasil-a-guerra-e-uma-paixao-indecente\/","og_locale":"pt_BR","og_type":"article","og_title":"Boa ou ruim para o Brasil, a guerra \u00e9 uma paix\u00e3o indecente - Notibras","og_description":"T\u00e3o ou mais angustiado do que correntista do Banco Regional de Bras\u00edlia, tenho assistido \u00e0s \u00faltimas invas\u00f5es determinadas pelo czar \u2013 ou seria imperador? \u2013 Donald Trump sem passionalismo, sem ideologias e cada vez mais convicto de que, acima da tirania sanguin\u00e1ria, o l\u00edder dos republicanos norte-americanos \u00e9 um Midas. Onde ele ataca tem petr\u00f3leo. [&hellip;]","og_url":"https:\/\/www.notibras.com\/site\/boa-ou-ruim-para-o-brasil-a-guerra-e-uma-paixao-indecente\/","og_site_name":"Notibras","article_publisher":"https:\/\/www.facebook.com\/notibras\/","article_published_time":"2026-03-06T07:30:26+00:00","article_modified_time":"2026-03-06T07:46:39+00:00","og_image":[{"width":1920,"height":1080,"url":"https:\/\/www.notibras.com\/site\/wp-content\/uploads\/2024\/09\/libanobrasileirosguerra.webp","type":"image\/webp"}],"author":"Reda\u00e7\u00e3o","twitter_card":"summary_large_image","twitter_creator":"@Notibras","twitter_site":"@Notibras","twitter_misc":{"Escrito por":"Reda\u00e7\u00e3o","Est. tempo de leitura":"4 minutos"},"schema":{"@context":"https:\/\/schema.org","@graph":[{"@type":"Article","@id":"https:\/\/www.notibras.com\/site\/boa-ou-ruim-para-o-brasil-a-guerra-e-uma-paixao-indecente\/#article","isPartOf":{"@id":"https:\/\/www.notibras.com\/site\/boa-ou-ruim-para-o-brasil-a-guerra-e-uma-paixao-indecente\/"},"author":{"name":"Reda\u00e7\u00e3o","@id":"https:\/\/www.notibras.com\/site\/#\/schema\/person\/36ab0979449956132d3e5b517ea76ac8"},"headline":"Boa ou ruim para o Brasil, a guerra \u00e9 uma paix\u00e3o indecente","datePublished":"2026-03-06T07:30:26+00:00","dateModified":"2026-03-06T07:46:39+00:00","mainEntityOfPage":{"@id":"https:\/\/www.notibras.com\/site\/boa-ou-ruim-para-o-brasil-a-guerra-e-uma-paixao-indecente\/"},"wordCount":716,"publisher":{"@id":"https:\/\/www.notibras.com\/site\/#organization"},"image":{"@id":"https:\/\/www.notibras.com\/site\/boa-ou-ruim-para-o-brasil-a-guerra-e-uma-paixao-indecente\/#primaryimage"},"thumbnailUrl":"https:\/\/www.notibras.com\/site\/wp-content\/uploads\/2024\/09\/libanobrasileirosguerra.webp","articleSection":["Brasil"],"inLanguage":"pt-BR"},{"@type":"WebPage","@id":"https:\/\/www.notibras.com\/site\/boa-ou-ruim-para-o-brasil-a-guerra-e-uma-paixao-indecente\/","url":"https:\/\/www.notibras.com\/site\/boa-ou-ruim-para-o-brasil-a-guerra-e-uma-paixao-indecente\/","name":"Boa ou ruim para o Brasil, a guerra \u00e9 uma paix\u00e3o indecente - Notibras","isPartOf":{"@id":"https:\/\/www.notibras.com\/site\/#website"},"primaryImageOfPage":{"@id":"https:\/\/www.notibras.com\/site\/boa-ou-ruim-para-o-brasil-a-guerra-e-uma-paixao-indecente\/#primaryimage"},"image":{"@id":"https:\/\/www.notibras.com\/site\/boa-ou-ruim-para-o-brasil-a-guerra-e-uma-paixao-indecente\/#primaryimage"},"thumbnailUrl":"https:\/\/www.notibras.com\/site\/wp-content\/uploads\/2024\/09\/libanobrasileirosguerra.webp","datePublished":"2026-03-06T07:30:26+00:00","dateModified":"2026-03-06T07:46:39+00:00","breadcrumb":{"@id":"https:\/\/www.notibras.com\/site\/boa-ou-ruim-para-o-brasil-a-guerra-e-uma-paixao-indecente\/#breadcrumb"},"inLanguage":"pt-BR","potentialAction":[{"@type":"ReadAction","target":["https:\/\/www.notibras.com\/site\/boa-ou-ruim-para-o-brasil-a-guerra-e-uma-paixao-indecente\/"]}]},{"@type":"ImageObject","inLanguage":"pt-BR","@id":"https:\/\/www.notibras.com\/site\/boa-ou-ruim-para-o-brasil-a-guerra-e-uma-paixao-indecente\/#primaryimage","url":"https:\/\/www.notibras.com\/site\/wp-content\/uploads\/2024\/09\/libanobrasileirosguerra.webp","contentUrl":"https:\/\/www.notibras.com\/site\/wp-content\/uploads\/2024\/09\/libanobrasileirosguerra.webp","width":1920,"height":1080},{"@type":"BreadcrumbList","@id":"https:\/\/www.notibras.com\/site\/boa-ou-ruim-para-o-brasil-a-guerra-e-uma-paixao-indecente\/#breadcrumb","itemListElement":[{"@type":"ListItem","position":1,"name":"In\u00edcio","item":"https:\/\/www.notibras.com\/site\/"},{"@type":"ListItem","position":2,"name":"Boa ou ruim para o Brasil, a guerra \u00e9 uma paix\u00e3o indecente"}]},{"@type":"WebSite","@id":"https:\/\/www.notibras.com\/site\/#website","url":"https:\/\/www.notibras.com\/site\/","name":"Notibras","description":"Not\u00edcias de Bras\u00edlia, do Brasil e do Mundo","publisher":{"@id":"https:\/\/www.notibras.com\/site\/#organization"},"potentialAction":[{"@type":"SearchAction","target":{"@type":"EntryPoint","urlTemplate":"https:\/\/www.notibras.com\/site\/?s={search_term_string}"},"query-input":{"@type":"PropertyValueSpecification","valueRequired":true,"valueName":"search_term_string"}}],"inLanguage":"pt-BR"},{"@type":"Organization","@id":"https:\/\/www.notibras.com\/site\/#organization","name":"Grupo Notibras de Comunica\u00e7\u00e3o","url":"https:\/\/www.notibras.com\/site\/","logo":{"@type":"ImageObject","inLanguage":"pt-BR","@id":"https:\/\/www.notibras.com\/site\/#\/schema\/logo\/image\/","url":"https:\/\/www.notibras.com\/site\/wp-content\/uploads\/2023\/01\/notibras23.png","contentUrl":"https:\/\/www.notibras.com\/site\/wp-content\/uploads\/2023\/01\/notibras23.png","width":350,"height":87,"caption":"Grupo Notibras de Comunica\u00e7\u00e3o"},"image":{"@id":"https:\/\/www.notibras.com\/site\/#\/schema\/logo\/image\/"},"sameAs":["https:\/\/www.facebook.com\/notibras\/","https:\/\/x.com\/Notibras","https:\/\/www.instagram.com\/notibras\/"]},{"@type":"Person","@id":"https:\/\/www.notibras.com\/site\/#\/schema\/person\/36ab0979449956132d3e5b517ea76ac8","name":"Reda\u00e7\u00e3o","image":{"@type":"ImageObject","inLanguage":"pt-BR","@id":"https:\/\/secure.gravatar.com\/avatar\/e0a867bdedb85fd243eadf09663511f96fc81e0720a4a42581f334ad4303aa6b?s=96&d=mm&r=g","url":"https:\/\/secure.gravatar.com\/avatar\/e0a867bdedb85fd243eadf09663511f96fc81e0720a4a42581f334ad4303aa6b?s=96&d=mm&r=g","contentUrl":"https:\/\/secure.gravatar.com\/avatar\/e0a867bdedb85fd243eadf09663511f96fc81e0720a4a42581f334ad4303aa6b?s=96&d=mm&r=g","caption":"Reda\u00e7\u00e3o"}}]}},"amp_enabled":true,"_links":{"self":[{"href":"https:\/\/www.notibras.com\/site\/wp-json\/wp\/v2\/posts\/385798","targetHints":{"allow":["GET"]}}],"collection":[{"href":"https:\/\/www.notibras.com\/site\/wp-json\/wp\/v2\/posts"}],"about":[{"href":"https:\/\/www.notibras.com\/site\/wp-json\/wp\/v2\/types\/post"}],"author":[{"embeddable":true,"href":"https:\/\/www.notibras.com\/site\/wp-json\/wp\/v2\/users\/2"}],"replies":[{"embeddable":true,"href":"https:\/\/www.notibras.com\/site\/wp-json\/wp\/v2\/comments?post=385798"}],"version-history":[{"count":1,"href":"https:\/\/www.notibras.com\/site\/wp-json\/wp\/v2\/posts\/385798\/revisions"}],"predecessor-version":[{"id":385799,"href":"https:\/\/www.notibras.com\/site\/wp-json\/wp\/v2\/posts\/385798\/revisions\/385799"}],"wp:featuredmedia":[{"embeddable":true,"href":"https:\/\/www.notibras.com\/site\/wp-json\/wp\/v2\/media\/337664"}],"wp:attachment":[{"href":"https:\/\/www.notibras.com\/site\/wp-json\/wp\/v2\/media?parent=385798"}],"wp:term":[{"taxonomy":"category","embeddable":true,"href":"https:\/\/www.notibras.com\/site\/wp-json\/wp\/v2\/categories?post=385798"},{"taxonomy":"post_tag","embeddable":true,"href":"https:\/\/www.notibras.com\/site\/wp-json\/wp\/v2\/tags?post=385798"}],"curies":[{"name":"wp","href":"https:\/\/api.w.org\/{rel}","templated":true}]}}