{"id":385800,"date":"2026-03-06T00:50:40","date_gmt":"2026-03-06T03:50:40","guid":{"rendered":"https:\/\/www.notibras.com\/site\/?p=385800"},"modified":"2026-03-06T04:52:36","modified_gmt":"2026-03-06T07:52:36","slug":"programacao-infantil-de-marco-traz-classicos-magia-e-superaventuras","status":"publish","type":"post","link":"https:\/\/www.notibras.com\/site\/programacao-infantil-de-marco-traz-classicos-magia-e-superaventuras\/","title":{"rendered":"Programa\u00e7\u00e3o Infantil de mar\u00e7o traz cl\u00e1ssicos, magia e superaventuras"},"content":{"rendered":"<p>Mar\u00e7o ser\u00e1 um m\u00eas de muita imagina\u00e7\u00e3o, encanto e divers\u00e3o no Terra\u00e7o Shopping. Pensada especialmente para o p\u00fablico infantil, a programa\u00e7\u00e3o acontece todos os s\u00e1bados e domingos, sempre \u00e0s 16h, na Pra\u00e7a Central, com espet\u00e1culos gratuitos que convidam toda a fam\u00edlia a viver tardes de cultura, lazer e boas hist\u00f3rias.<\/p>\n<p>Ao longo do m\u00eas, o p\u00fablico poder\u00e1 assistir a montagens que passeiam por grandes cl\u00e1ssicos da literatura, contos de fadas, hist\u00f3rias contempor\u00e2neas e atra\u00e7\u00f5es interativas, reunindo teatro, m\u00fasica, humor e aventura em um ambiente acolhedor.<\/p>\n<p>A agenda come\u00e7a no domingo, 1\u00ba de mar\u00e7o, com a Cia Starte apresentando \u201cO Pequeno Pr\u00edncipe\u201d. Vindo do asteroide B-612, o pequeno viajante percorre diferentes planetas at\u00e9 chegar \u00e0 Terra, onde encontra o narrador no deserto do Saara. Uma narrativa sens\u00edvel sobre amizade, descobertas e aquilo que realmente importa.<\/p>\n<p>No dia 7 de mar\u00e7o, a Cia Oja Lai\u00f3 leva ao palco \u201cRapunzel\u201d, contando a jornada da princesa de longos cabelos dourados que sonha em conhecer o Festival das Lanternas. Mantida em uma torre por Gothel, Rapunzel v\u00ea sua vida mudar ao conhecer Flynn Ryder, iniciando uma aventura repleta de emo\u00e7\u00e3o, m\u00fasica e descobertas.<\/p>\n<p>J\u00e1 no domingo, 8 de mar\u00e7o, o cl\u00e1ssico \u201cBranca de Neve\u201d promete encantar crian\u00e7as e adultos com a hist\u00f3ria da princesa que foge da rainha invejosa e encontra abrigo com os sete an\u00f5es, em um conto atemporal sobre coragem e esperan\u00e7a.<\/p>\n<p>No dia 14, a Cia F\u00e1bula apresenta \u201cA Roupa Nova do Rei Zez\u00e3o\u201d, uma divertida com\u00e9dia que mistura palha\u00e7aria e teatro f\u00edsico para narrar a hist\u00f3ria de um rei vaidoso enganado por um alfaiate esperto.<\/p>\n<p>A programa\u00e7\u00e3o segue no dia 15 com \u201cQuarteto Fant\u00e1stico\u201d, da Cia Starte. Ap\u00f3s uma miss\u00e3o espacial, quatro amigos retornam com poderes extraordin\u00e1rios e precisam aprender que o verdadeiro hero\u00edsmo nasce do trabalho em equipe.<\/p>\n<p>No dia 21, a divers\u00e3o toma conta da Pra\u00e7a Central com a anima\u00e7\u00e3o dos Irm\u00e3os Bros, em uma tarde repleta de brincadeiras, m\u00fasica e intera\u00e7\u00e3o com o p\u00fablico, promovida pela Happy Dream.<\/p>\n<p>J\u00e1 no domingo, 22 de mar\u00e7o, entram em cena as Guerreiras do K-pop. A pe\u00e7a acompanha um grupo de jovens artistas que sonham em conquistar os palcos, mas precisam enfrentar inseguran\u00e7as, rivalidades e desafios emocionais. Quando uma grande amea\u00e7a surge, elas ter\u00e3o que escolher entre competir ou unir for\u00e7as.<\/p>\n<p>Encerrando os s\u00e1bados do m\u00eas, no dia 28, Tio Andr\u00e9 apresenta um Show de M\u00e1gicas interativo, com a participa\u00e7\u00e3o ativa das crian\u00e7as, garantindo risadas e surpresas para todas as idades.<\/p>\n<p>No domingo, 29 de mar\u00e7o, a Cia Starte fecha a programa\u00e7\u00e3o com \u201cJo\u00e3o e Maria\u201d. Perdidos em uma floresta misteriosa, os irm\u00e3os enfrentam desafios e encontram uma tentadora casa feita de doces. Para escapar da astuta bruxa, precisar\u00e3o usar intelig\u00eancia, uni\u00e3o e coragem.<\/p>\n<p><strong>Servi\u00e7o<\/strong><br \/>\nTardes no Terra\u00e7o<br \/>\nS\u00e1bados e domingos, \u00e0s 16h<br \/>\nPra\u00e7a Central \u2013 Terra\u00e7o Shopping<\/p>\n<p><strong>Programa\u00e7\u00e3o<\/strong><br \/>\n07\/03 \u2013 Rapunzel, com Oja Lai\u00f3<br \/>\n08\/03 \u2013 Branca de Neve, com a Cia Starte<br \/>\n14\/03 \u2013 A Roupa Nova do Rei Zez\u00e3o, com a Cia F\u00e1bula<br \/>\n15\/03 \u2013 Quarteto Fant\u00e1stico, com a Cia Starte<br \/>\n21\/03 \u2013 Anima\u00e7\u00e3o com Irm\u00e3os Bros, com Happy Dream<br \/>\n22\/03 \u2013 Guerreiras do K-pop, com a Cia Starte<br \/>\n28\/03 \u2013 Show de M\u00e1gicas, com Tio Andr\u00e9<br \/>\n29\/03 \u2013 Jo\u00e3o e Maria, com a Cia Starte<\/p>\n","protected":false},"excerpt":{"rendered":"<p>Mar\u00e7o ser\u00e1 um m\u00eas de muita imagina\u00e7\u00e3o, encanto e divers\u00e3o no Terra\u00e7o Shopping. Pensada especialmente para o p\u00fablico infantil, a programa\u00e7\u00e3o acontece todos os s\u00e1bados e domingos, sempre \u00e0s 16h, na Pra\u00e7a Central, com espet\u00e1culos gratuitos que convidam toda a fam\u00edlia a viver tardes de cultura, lazer e boas hist\u00f3rias. Ao longo do m\u00eas, o [&hellip;]<\/p>\n","protected":false},"author":2,"featured_media":385801,"comment_status":"closed","ping_status":"closed","sticky":false,"template":"","format":"standard","meta":{"_acf_changed":false,"footnotes":""},"categories":[155],"tags":[],"class_list":["post-385800","post","type-post","status-publish","format-standard","has-post-thumbnail","hentry","category-leitura-vip"],"acf":[],"yoast_head":"<!-- This site is optimized with the Yoast SEO plugin v27.2 - https:\/\/yoast.com\/product\/yoast-seo-wordpress\/ -->\n<title>Programa\u00e7\u00e3o Infantil de mar\u00e7o traz cl\u00e1ssicos, magia e superaventuras - Notibras<\/title>\n<meta name=\"robots\" content=\"index, follow, max-snippet:-1, max-image-preview:large, max-video-preview:-1\" \/>\n<link rel=\"canonical\" href=\"https:\/\/www.notibras.com\/site\/programacao-infantil-de-marco-traz-classicos-magia-e-superaventuras\/\" \/>\n<meta property=\"og:locale\" content=\"pt_BR\" \/>\n<meta property=\"og:type\" content=\"article\" \/>\n<meta property=\"og:title\" content=\"Programa\u00e7\u00e3o Infantil de mar\u00e7o traz cl\u00e1ssicos, magia e superaventuras - Notibras\" \/>\n<meta property=\"og:description\" content=\"Mar\u00e7o ser\u00e1 um m\u00eas de muita imagina\u00e7\u00e3o, encanto e divers\u00e3o no Terra\u00e7o Shopping. Pensada especialmente para o p\u00fablico infantil, a programa\u00e7\u00e3o acontece todos os s\u00e1bados e domingos, sempre \u00e0s 16h, na Pra\u00e7a Central, com espet\u00e1culos gratuitos que convidam toda a fam\u00edlia a viver tardes de cultura, lazer e boas hist\u00f3rias. Ao longo do m\u00eas, o [&hellip;]\" \/>\n<meta property=\"og:url\" content=\"https:\/\/www.notibras.com\/site\/programacao-infantil-de-marco-traz-classicos-magia-e-superaventuras\/\" \/>\n<meta property=\"og:site_name\" content=\"Notibras\" \/>\n<meta property=\"article:publisher\" content=\"https:\/\/www.facebook.com\/notibras\/\" \/>\n<meta property=\"article:published_time\" content=\"2026-03-06T03:50:40+00:00\" \/>\n<meta property=\"article:modified_time\" content=\"2026-03-06T07:52:36+00:00\" \/>\n<meta property=\"og:image\" content=\"https:\/\/www.notibras.com\/site\/wp-content\/uploads\/2026\/03\/unnamed-57.jpg\" \/>\n\t<meta property=\"og:image:width\" content=\"1080\" \/>\n\t<meta property=\"og:image:height\" content=\"1080\" \/>\n\t<meta property=\"og:image:type\" content=\"image\/jpeg\" \/>\n<meta name=\"author\" content=\"Reda\u00e7\u00e3o\" \/>\n<meta name=\"twitter:card\" content=\"summary_large_image\" \/>\n<meta name=\"twitter:creator\" content=\"@Notibras\" \/>\n<meta name=\"twitter:site\" content=\"@Notibras\" \/>\n<meta name=\"twitter:label1\" content=\"Escrito por\" \/>\n\t<meta name=\"twitter:data1\" content=\"Reda\u00e7\u00e3o\" \/>\n\t<meta name=\"twitter:label2\" content=\"Est. tempo de leitura\" \/>\n\t<meta name=\"twitter:data2\" content=\"4 minutos\" \/>\n<script type=\"application\/ld+json\" class=\"yoast-schema-graph\">{\"@context\":\"https:\/\/schema.org\",\"@graph\":[{\"@type\":\"Article\",\"@id\":\"https:\/\/www.notibras.com\/site\/programacao-infantil-de-marco-traz-classicos-magia-e-superaventuras\/#article\",\"isPartOf\":{\"@id\":\"https:\/\/www.notibras.com\/site\/programacao-infantil-de-marco-traz-classicos-magia-e-superaventuras\/\"},\"author\":{\"name\":\"Reda\u00e7\u00e3o\",\"@id\":\"https:\/\/www.notibras.com\/site\/#\/schema\/person\/36ab0979449956132d3e5b517ea76ac8\"},\"headline\":\"Programa\u00e7\u00e3o Infantil de mar\u00e7o traz cl\u00e1ssicos, magia e superaventuras\",\"datePublished\":\"2026-03-06T03:50:40+00:00\",\"dateModified\":\"2026-03-06T07:52:36+00:00\",\"mainEntityOfPage\":{\"@id\":\"https:\/\/www.notibras.com\/site\/programacao-infantil-de-marco-traz-classicos-magia-e-superaventuras\/\"},\"wordCount\":604,\"publisher\":{\"@id\":\"https:\/\/www.notibras.com\/site\/#organization\"},\"image\":{\"@id\":\"https:\/\/www.notibras.com\/site\/programacao-infantil-de-marco-traz-classicos-magia-e-superaventuras\/#primaryimage\"},\"thumbnailUrl\":\"https:\/\/www.notibras.com\/site\/wp-content\/uploads\/2026\/03\/unnamed-57.jpg\",\"articleSection\":[\"Leitura Vip\"],\"inLanguage\":\"pt-BR\"},{\"@type\":\"WebPage\",\"@id\":\"https:\/\/www.notibras.com\/site\/programacao-infantil-de-marco-traz-classicos-magia-e-superaventuras\/\",\"url\":\"https:\/\/www.notibras.com\/site\/programacao-infantil-de-marco-traz-classicos-magia-e-superaventuras\/\",\"name\":\"Programa\u00e7\u00e3o Infantil de mar\u00e7o traz cl\u00e1ssicos, magia e superaventuras - Notibras\",\"isPartOf\":{\"@id\":\"https:\/\/www.notibras.com\/site\/#website\"},\"primaryImageOfPage\":{\"@id\":\"https:\/\/www.notibras.com\/site\/programacao-infantil-de-marco-traz-classicos-magia-e-superaventuras\/#primaryimage\"},\"image\":{\"@id\":\"https:\/\/www.notibras.com\/site\/programacao-infantil-de-marco-traz-classicos-magia-e-superaventuras\/#primaryimage\"},\"thumbnailUrl\":\"https:\/\/www.notibras.com\/site\/wp-content\/uploads\/2026\/03\/unnamed-57.jpg\",\"datePublished\":\"2026-03-06T03:50:40+00:00\",\"dateModified\":\"2026-03-06T07:52:36+00:00\",\"breadcrumb\":{\"@id\":\"https:\/\/www.notibras.com\/site\/programacao-infantil-de-marco-traz-classicos-magia-e-superaventuras\/#breadcrumb\"},\"inLanguage\":\"pt-BR\",\"potentialAction\":[{\"@type\":\"ReadAction\",\"target\":[\"https:\/\/www.notibras.com\/site\/programacao-infantil-de-marco-traz-classicos-magia-e-superaventuras\/\"]}]},{\"@type\":\"ImageObject\",\"inLanguage\":\"pt-BR\",\"@id\":\"https:\/\/www.notibras.com\/site\/programacao-infantil-de-marco-traz-classicos-magia-e-superaventuras\/#primaryimage\",\"url\":\"https:\/\/www.notibras.com\/site\/wp-content\/uploads\/2026\/03\/unnamed-57.jpg\",\"contentUrl\":\"https:\/\/www.notibras.com\/site\/wp-content\/uploads\/2026\/03\/unnamed-57.jpg\",\"width\":1080,\"height\":1080},{\"@type\":\"BreadcrumbList\",\"@id\":\"https:\/\/www.notibras.com\/site\/programacao-infantil-de-marco-traz-classicos-magia-e-superaventuras\/#breadcrumb\",\"itemListElement\":[{\"@type\":\"ListItem\",\"position\":1,\"name\":\"In\u00edcio\",\"item\":\"https:\/\/www.notibras.com\/site\/\"},{\"@type\":\"ListItem\",\"position\":2,\"name\":\"Programa\u00e7\u00e3o Infantil de mar\u00e7o traz cl\u00e1ssicos, magia e superaventuras\"}]},{\"@type\":\"WebSite\",\"@id\":\"https:\/\/www.notibras.com\/site\/#website\",\"url\":\"https:\/\/www.notibras.com\/site\/\",\"name\":\"Notibras\",\"description\":\"Not\u00edcias de Bras\u00edlia, do Brasil e do Mundo\",\"publisher\":{\"@id\":\"https:\/\/www.notibras.com\/site\/#organization\"},\"potentialAction\":[{\"@type\":\"SearchAction\",\"target\":{\"@type\":\"EntryPoint\",\"urlTemplate\":\"https:\/\/www.notibras.com\/site\/?s={search_term_string}\"},\"query-input\":{\"@type\":\"PropertyValueSpecification\",\"valueRequired\":true,\"valueName\":\"search_term_string\"}}],\"inLanguage\":\"pt-BR\"},{\"@type\":\"Organization\",\"@id\":\"https:\/\/www.notibras.com\/site\/#organization\",\"name\":\"Grupo Notibras de Comunica\u00e7\u00e3o\",\"url\":\"https:\/\/www.notibras.com\/site\/\",\"logo\":{\"@type\":\"ImageObject\",\"inLanguage\":\"pt-BR\",\"@id\":\"https:\/\/www.notibras.com\/site\/#\/schema\/logo\/image\/\",\"url\":\"https:\/\/www.notibras.com\/site\/wp-content\/uploads\/2023\/01\/notibras23.png\",\"contentUrl\":\"https:\/\/www.notibras.com\/site\/wp-content\/uploads\/2023\/01\/notibras23.png\",\"width\":350,\"height\":87,\"caption\":\"Grupo Notibras de Comunica\u00e7\u00e3o\"},\"image\":{\"@id\":\"https:\/\/www.notibras.com\/site\/#\/schema\/logo\/image\/\"},\"sameAs\":[\"https:\/\/www.facebook.com\/notibras\/\",\"https:\/\/x.com\/Notibras\",\"https:\/\/www.instagram.com\/notibras\/\"]},{\"@type\":\"Person\",\"@id\":\"https:\/\/www.notibras.com\/site\/#\/schema\/person\/36ab0979449956132d3e5b517ea76ac8\",\"name\":\"Reda\u00e7\u00e3o\",\"image\":{\"@type\":\"ImageObject\",\"inLanguage\":\"pt-BR\",\"@id\":\"https:\/\/secure.gravatar.com\/avatar\/e0a867bdedb85fd243eadf09663511f96fc81e0720a4a42581f334ad4303aa6b?s=96&d=mm&r=g\",\"url\":\"https:\/\/secure.gravatar.com\/avatar\/e0a867bdedb85fd243eadf09663511f96fc81e0720a4a42581f334ad4303aa6b?s=96&d=mm&r=g\",\"contentUrl\":\"https:\/\/secure.gravatar.com\/avatar\/e0a867bdedb85fd243eadf09663511f96fc81e0720a4a42581f334ad4303aa6b?s=96&d=mm&r=g\",\"caption\":\"Reda\u00e7\u00e3o\"}}]}<\/script>\n<!-- \/ Yoast SEO plugin. -->","yoast_head_json":{"title":"Programa\u00e7\u00e3o Infantil de mar\u00e7o traz cl\u00e1ssicos, magia e superaventuras - Notibras","robots":{"index":"index","follow":"follow","max-snippet":"max-snippet:-1","max-image-preview":"max-image-preview:large","max-video-preview":"max-video-preview:-1"},"canonical":"https:\/\/www.notibras.com\/site\/programacao-infantil-de-marco-traz-classicos-magia-e-superaventuras\/","og_locale":"pt_BR","og_type":"article","og_title":"Programa\u00e7\u00e3o Infantil de mar\u00e7o traz cl\u00e1ssicos, magia e superaventuras - Notibras","og_description":"Mar\u00e7o ser\u00e1 um m\u00eas de muita imagina\u00e7\u00e3o, encanto e divers\u00e3o no Terra\u00e7o Shopping. Pensada especialmente para o p\u00fablico infantil, a programa\u00e7\u00e3o acontece todos os s\u00e1bados e domingos, sempre \u00e0s 16h, na Pra\u00e7a Central, com espet\u00e1culos gratuitos que convidam toda a fam\u00edlia a viver tardes de cultura, lazer e boas hist\u00f3rias. Ao longo do m\u00eas, o [&hellip;]","og_url":"https:\/\/www.notibras.com\/site\/programacao-infantil-de-marco-traz-classicos-magia-e-superaventuras\/","og_site_name":"Notibras","article_publisher":"https:\/\/www.facebook.com\/notibras\/","article_published_time":"2026-03-06T03:50:40+00:00","article_modified_time":"2026-03-06T07:52:36+00:00","og_image":[{"width":1080,"height":1080,"url":"https:\/\/www.notibras.com\/site\/wp-content\/uploads\/2026\/03\/unnamed-57.jpg","type":"image\/jpeg"}],"author":"Reda\u00e7\u00e3o","twitter_card":"summary_large_image","twitter_creator":"@Notibras","twitter_site":"@Notibras","twitter_misc":{"Escrito por":"Reda\u00e7\u00e3o","Est. tempo de leitura":"4 minutos"},"schema":{"@context":"https:\/\/schema.org","@graph":[{"@type":"Article","@id":"https:\/\/www.notibras.com\/site\/programacao-infantil-de-marco-traz-classicos-magia-e-superaventuras\/#article","isPartOf":{"@id":"https:\/\/www.notibras.com\/site\/programacao-infantil-de-marco-traz-classicos-magia-e-superaventuras\/"},"author":{"name":"Reda\u00e7\u00e3o","@id":"https:\/\/www.notibras.com\/site\/#\/schema\/person\/36ab0979449956132d3e5b517ea76ac8"},"headline":"Programa\u00e7\u00e3o Infantil de mar\u00e7o traz cl\u00e1ssicos, magia e superaventuras","datePublished":"2026-03-06T03:50:40+00:00","dateModified":"2026-03-06T07:52:36+00:00","mainEntityOfPage":{"@id":"https:\/\/www.notibras.com\/site\/programacao-infantil-de-marco-traz-classicos-magia-e-superaventuras\/"},"wordCount":604,"publisher":{"@id":"https:\/\/www.notibras.com\/site\/#organization"},"image":{"@id":"https:\/\/www.notibras.com\/site\/programacao-infantil-de-marco-traz-classicos-magia-e-superaventuras\/#primaryimage"},"thumbnailUrl":"https:\/\/www.notibras.com\/site\/wp-content\/uploads\/2026\/03\/unnamed-57.jpg","articleSection":["Leitura Vip"],"inLanguage":"pt-BR"},{"@type":"WebPage","@id":"https:\/\/www.notibras.com\/site\/programacao-infantil-de-marco-traz-classicos-magia-e-superaventuras\/","url":"https:\/\/www.notibras.com\/site\/programacao-infantil-de-marco-traz-classicos-magia-e-superaventuras\/","name":"Programa\u00e7\u00e3o Infantil de mar\u00e7o traz cl\u00e1ssicos, magia e superaventuras - Notibras","isPartOf":{"@id":"https:\/\/www.notibras.com\/site\/#website"},"primaryImageOfPage":{"@id":"https:\/\/www.notibras.com\/site\/programacao-infantil-de-marco-traz-classicos-magia-e-superaventuras\/#primaryimage"},"image":{"@id":"https:\/\/www.notibras.com\/site\/programacao-infantil-de-marco-traz-classicos-magia-e-superaventuras\/#primaryimage"},"thumbnailUrl":"https:\/\/www.notibras.com\/site\/wp-content\/uploads\/2026\/03\/unnamed-57.jpg","datePublished":"2026-03-06T03:50:40+00:00","dateModified":"2026-03-06T07:52:36+00:00","breadcrumb":{"@id":"https:\/\/www.notibras.com\/site\/programacao-infantil-de-marco-traz-classicos-magia-e-superaventuras\/#breadcrumb"},"inLanguage":"pt-BR","potentialAction":[{"@type":"ReadAction","target":["https:\/\/www.notibras.com\/site\/programacao-infantil-de-marco-traz-classicos-magia-e-superaventuras\/"]}]},{"@type":"ImageObject","inLanguage":"pt-BR","@id":"https:\/\/www.notibras.com\/site\/programacao-infantil-de-marco-traz-classicos-magia-e-superaventuras\/#primaryimage","url":"https:\/\/www.notibras.com\/site\/wp-content\/uploads\/2026\/03\/unnamed-57.jpg","contentUrl":"https:\/\/www.notibras.com\/site\/wp-content\/uploads\/2026\/03\/unnamed-57.jpg","width":1080,"height":1080},{"@type":"BreadcrumbList","@id":"https:\/\/www.notibras.com\/site\/programacao-infantil-de-marco-traz-classicos-magia-e-superaventuras\/#breadcrumb","itemListElement":[{"@type":"ListItem","position":1,"name":"In\u00edcio","item":"https:\/\/www.notibras.com\/site\/"},{"@type":"ListItem","position":2,"name":"Programa\u00e7\u00e3o Infantil de mar\u00e7o traz cl\u00e1ssicos, magia e superaventuras"}]},{"@type":"WebSite","@id":"https:\/\/www.notibras.com\/site\/#website","url":"https:\/\/www.notibras.com\/site\/","name":"Notibras","description":"Not\u00edcias de Bras\u00edlia, do Brasil e do Mundo","publisher":{"@id":"https:\/\/www.notibras.com\/site\/#organization"},"potentialAction":[{"@type":"SearchAction","target":{"@type":"EntryPoint","urlTemplate":"https:\/\/www.notibras.com\/site\/?s={search_term_string}"},"query-input":{"@type":"PropertyValueSpecification","valueRequired":true,"valueName":"search_term_string"}}],"inLanguage":"pt-BR"},{"@type":"Organization","@id":"https:\/\/www.notibras.com\/site\/#organization","name":"Grupo Notibras de Comunica\u00e7\u00e3o","url":"https:\/\/www.notibras.com\/site\/","logo":{"@type":"ImageObject","inLanguage":"pt-BR","@id":"https:\/\/www.notibras.com\/site\/#\/schema\/logo\/image\/","url":"https:\/\/www.notibras.com\/site\/wp-content\/uploads\/2023\/01\/notibras23.png","contentUrl":"https:\/\/www.notibras.com\/site\/wp-content\/uploads\/2023\/01\/notibras23.png","width":350,"height":87,"caption":"Grupo Notibras de Comunica\u00e7\u00e3o"},"image":{"@id":"https:\/\/www.notibras.com\/site\/#\/schema\/logo\/image\/"},"sameAs":["https:\/\/www.facebook.com\/notibras\/","https:\/\/x.com\/Notibras","https:\/\/www.instagram.com\/notibras\/"]},{"@type":"Person","@id":"https:\/\/www.notibras.com\/site\/#\/schema\/person\/36ab0979449956132d3e5b517ea76ac8","name":"Reda\u00e7\u00e3o","image":{"@type":"ImageObject","inLanguage":"pt-BR","@id":"https:\/\/secure.gravatar.com\/avatar\/e0a867bdedb85fd243eadf09663511f96fc81e0720a4a42581f334ad4303aa6b?s=96&d=mm&r=g","url":"https:\/\/secure.gravatar.com\/avatar\/e0a867bdedb85fd243eadf09663511f96fc81e0720a4a42581f334ad4303aa6b?s=96&d=mm&r=g","contentUrl":"https:\/\/secure.gravatar.com\/avatar\/e0a867bdedb85fd243eadf09663511f96fc81e0720a4a42581f334ad4303aa6b?s=96&d=mm&r=g","caption":"Reda\u00e7\u00e3o"}}]}},"amp_enabled":true,"_links":{"self":[{"href":"https:\/\/www.notibras.com\/site\/wp-json\/wp\/v2\/posts\/385800","targetHints":{"allow":["GET"]}}],"collection":[{"href":"https:\/\/www.notibras.com\/site\/wp-json\/wp\/v2\/posts"}],"about":[{"href":"https:\/\/www.notibras.com\/site\/wp-json\/wp\/v2\/types\/post"}],"author":[{"embeddable":true,"href":"https:\/\/www.notibras.com\/site\/wp-json\/wp\/v2\/users\/2"}],"replies":[{"embeddable":true,"href":"https:\/\/www.notibras.com\/site\/wp-json\/wp\/v2\/comments?post=385800"}],"version-history":[{"count":1,"href":"https:\/\/www.notibras.com\/site\/wp-json\/wp\/v2\/posts\/385800\/revisions"}],"predecessor-version":[{"id":385802,"href":"https:\/\/www.notibras.com\/site\/wp-json\/wp\/v2\/posts\/385800\/revisions\/385802"}],"wp:featuredmedia":[{"embeddable":true,"href":"https:\/\/www.notibras.com\/site\/wp-json\/wp\/v2\/media\/385801"}],"wp:attachment":[{"href":"https:\/\/www.notibras.com\/site\/wp-json\/wp\/v2\/media?parent=385800"}],"wp:term":[{"taxonomy":"category","embeddable":true,"href":"https:\/\/www.notibras.com\/site\/wp-json\/wp\/v2\/categories?post=385800"},{"taxonomy":"post_tag","embeddable":true,"href":"https:\/\/www.notibras.com\/site\/wp-json\/wp\/v2\/tags?post=385800"}],"curies":[{"name":"wp","href":"https:\/\/api.w.org\/{rel}","templated":true}]}}